{"id":13488,"date":"2016-05-26T13:01:35","date_gmt":"2016-05-26T10:01:35","guid":{"rendered":"http:\/\/btv.md\/?p=13488"},"modified":"2016-05-26T13:01:35","modified_gmt":"2016-05-26T10:01:35","slug":"guvernul-moldovei-a-confirmat-interzicerea-exportului-de-masa-lemnoasa","status":"publish","type":"post","link":"https:\/\/www.btv.md\/ro\/guvernul-moldovei-a-confirmat-interzicerea-exportului-de-masa-lemnoasa\/","title":{"rendered":"GUVERNUL MOLDOVEI A CONFIRMAT INTERZICEREA EXPORTULUI DE MAS\u0102  LEMNOAS\u0102"},"content":{"rendered":"<p><strong>Guvernul Moldovei a confirmat interzicerea exportului de mas\u0103 lemnoas\u0103 \u00eentr-o \u00eencercare de a opri distrugerea p\u0103durilor \u021b\u0103rii inclusiv prin defri\u0219\u0103ri ilegale, scrie <a href=\"http:\/\/www.europalibera.org\/a\/27757416.html\" target=\"_blank\">europalibera<\/a> , citat de Radio Chi\u0219in\u0103u. <\/strong><\/p>\n<p>Men\u021bion\u0103m c\u0103 guvernul a aprobat miercuri, 25 mai \u00een mod repetat moratoriul pe o perioad\u0103 nedeterminat\u0103 propus de Ministerul Mediului. El fusese aprobat deja \u00een aprilie, dar Ministerul Economiei a cerut atunci rediscutarea lui, pentru a \u00eenl\u0103tura neclarit\u0103\u021bi legate de re-exportul lemnului. Moldova este unul din cei mai mari exportatori de lemn \u00een raport cu suprafa\u021ba sa \u0219i \u00een acela\u0219i timp una din \u021b\u0103rile europene cele mai lipsite de p\u0103duri. <\/p>\n<p>Mi\u0219carea Ecologist\u0103 din Moldova a salutat interzicerea exporturilor \u0219i a avertizat c\u0103 noile m\u0103suri trebuie aplicate riguros.<\/p>\n","protected":false},"excerpt":{"rendered":"<p>Guvernul Moldovei a confirmat interzicerea exportului de mas\u0103 lemnoas\u0103 \u00eentr-o \u00eencercare de a opri distrugerea p\u0103durilor \u021b\u0103rii inclusiv prin defri\u0219\u0103ri ilegale, scrie europalibera , citat de Radio Chi\u0219in\u0103u. Men\u021bion\u0103m c\u0103 guvernul a aprobat miercuri, 25 mai \u00een mod repetat moratoriul pe o perioad\u0103 nedeterminat\u0103 propus de Ministerul Mediului. El fusese aprobat deja \u00een aprilie, dar [&hellip;]<\/p>\n","protected":false},"author":4,"featured_media":13489,"comment_status":"closed","ping_status":"closed","sticky":false,"template":"","format":"standard","meta":{"footnotes":""},"categories":[6369],"tags":[],"class_list":["post-13488","post","type-post","status-publish","format-standard","has-post-thumbnail","hentry","category-economie-ro"],"yoast_head":"<!-- This site is optimized with the Yoast SEO plugin v27.4 - https:\/\/yoast.com\/product\/yoast-seo-wordpress\/ -->\n<title>GUVERNUL MOLDOVEI A CONFIRMAT INTERZICEREA EXPORTULUI DE MAS\u0102 LEMNOAS\u0102  - BTV<\/title>\n<meta name=\"robots\" content=\"index, follow, max-snippet:-1, max-image-preview:large, max-video-preview:-1\" \/>\n<link rel=\"canonical\" href=\"https:\/\/www.btv.md\/ro\/guvernul-moldovei-a-confirmat-interzicerea-exportului-de-masa-lemnoasa\/\" \/>\n<meta property=\"og:locale\" content=\"ro_RO\" \/>\n<meta property=\"og:type\" content=\"article\" \/>\n<meta property=\"og:title\" content=\"GUVERNUL MOLDOVEI A CONFIRMAT INTERZICEREA EXPORTULUI DE MAS\u0102 LEMNOAS\u0102  - BTV\" \/>\n<meta property=\"og:description\" content=\"Guvernul Moldovei a confirmat interzicerea exportului de mas\u0103 lemnoas\u0103 \u00eentr-o \u00eencercare de a opri distrugerea p\u0103durilor \u021b\u0103rii inclusiv prin defri\u0219\u0103ri ilegale, scrie europalibera , citat de Radio Chi\u0219in\u0103u. Men\u021bion\u0103m c\u0103 guvernul a aprobat miercuri, 25 mai \u00een mod repetat moratoriul pe o perioad\u0103 nedeterminat\u0103 propus de Ministerul Mediului. El fusese aprobat deja \u00een aprilie, dar [&hellip;]\" \/>\n<meta property=\"og:url\" content=\"https:\/\/www.btv.md\/ro\/guvernul-moldovei-a-confirmat-interzicerea-exportului-de-masa-lemnoasa\/\" \/>\n<meta property=\"og:site_name\" content=\"BTV\" \/>\n<meta property=\"article:publisher\" content=\"https:\/\/www.facebook.com\/btvmoldova\/\" \/>\n<meta property=\"article:published_time\" content=\"2016-05-26T10:01:35+00:00\" \/>\n<meta property=\"og:image\" content=\"https:\/\/www.btv.md\/wp-content\/uploads\/2016\/05\/masa-lemnoasa.jpg\" \/>\n\t<meta property=\"og:image:width\" content=\"925\" \/>\n\t<meta property=\"og:image:height\" content=\"611\" \/>\n\t<meta property=\"og:image:type\" content=\"image\/jpeg\" \/>\n<meta name=\"author\" content=\"admin\" \/>\n<meta name=\"twitter:label1\" content=\"Scris de\" \/>\n\t<meta name=\"twitter:data1\" content=\"admin\" \/>\n\t<meta name=\"twitter:label2\" content=\"Timp estimat pentru citire\" \/>\n\t<meta name=\"twitter:data2\" content=\"1 minut\" \/>\n<script type=\"application\/ld+json\" class=\"yoast-schema-graph\">{\"@context\":\"https:\\\/\\\/schema.org\",\"@graph\":[{\"@type\":\"Article\",\"@id\":\"https:\\\/\\\/www.btv.md\\\/ro\\\/guvernul-moldovei-a-confirmat-interzicerea-exportului-de-masa-lemnoasa\\\/#article\",\"isPartOf\":{\"@id\":\"https:\\\/\\\/www.btv.md\\\/ro\\\/guvernul-moldovei-a-confirmat-interzicerea-exportului-de-masa-lemnoasa\\\/\"},\"author\":{\"name\":\"admin\",\"@id\":\"https:\\\/\\\/www.btv.md\\\/#\\\/schema\\\/person\\\/8fadce81561b3ce2c34c46dadc4ccbf2\"},\"headline\":\"GUVERNUL MOLDOVEI A CONFIRMAT INTERZICEREA EXPORTULUI DE MAS\u0102 LEMNOAS\u0102\",\"datePublished\":\"2016-05-26T10:01:35+00:00\",\"mainEntityOfPage\":{\"@id\":\"https:\\\/\\\/www.btv.md\\\/ro\\\/guvernul-moldovei-a-confirmat-interzicerea-exportului-de-masa-lemnoasa\\\/\"},\"wordCount\":135,\"image\":{\"@id\":\"https:\\\/\\\/www.btv.md\\\/ro\\\/guvernul-moldovei-a-confirmat-interzicerea-exportului-de-masa-lemnoasa\\\/#primaryimage\"},\"thumbnailUrl\":\"https:\\\/\\\/www.btv.md\\\/wp-content\\\/uploads\\\/2016\\\/05\\\/masa-lemnoasa.jpg\",\"articleSection\":[\"Economie\"],\"inLanguage\":\"ro-RO\"},{\"@type\":\"WebPage\",\"@id\":\"https:\\\/\\\/www.btv.md\\\/ro\\\/guvernul-moldovei-a-confirmat-interzicerea-exportului-de-masa-lemnoasa\\\/\",\"url\":\"https:\\\/\\\/www.btv.md\\\/ro\\\/guvernul-moldovei-a-confirmat-interzicerea-exportului-de-masa-lemnoasa\\\/\",\"name\":\"GUVERNUL MOLDOVEI A CONFIRMAT INTERZICEREA EXPORTULUI DE MAS\u0102 LEMNOAS\u0102 - BTV\",\"isPartOf\":{\"@id\":\"https:\\\/\\\/www.btv.md\\\/#website\"},\"primaryImageOfPage\":{\"@id\":\"https:\\\/\\\/www.btv.md\\\/ro\\\/guvernul-moldovei-a-confirmat-interzicerea-exportului-de-masa-lemnoasa\\\/#primaryimage\"},\"image\":{\"@id\":\"https:\\\/\\\/www.btv.md\\\/ro\\\/guvernul-moldovei-a-confirmat-interzicerea-exportului-de-masa-lemnoasa\\\/#primaryimage\"},\"thumbnailUrl\":\"https:\\\/\\\/www.btv.md\\\/wp-content\\\/uploads\\\/2016\\\/05\\\/masa-lemnoasa.jpg\",\"datePublished\":\"2016-05-26T10:01:35+00:00\",\"author\":{\"@id\":\"https:\\\/\\\/www.btv.md\\\/#\\\/schema\\\/person\\\/8fadce81561b3ce2c34c46dadc4ccbf2\"},\"inLanguage\":\"ro-RO\",\"potentialAction\":[{\"@type\":\"ReadAction\",\"target\":[\"https:\\\/\\\/www.btv.md\\\/ro\\\/guvernul-moldovei-a-confirmat-interzicerea-exportului-de-masa-lemnoasa\\\/\"]}]},{\"@type\":\"ImageObject\",\"inLanguage\":\"ro-RO\",\"@id\":\"https:\\\/\\\/www.btv.md\\\/ro\\\/guvernul-moldovei-a-confirmat-interzicerea-exportului-de-masa-lemnoasa\\\/#primaryimage\",\"url\":\"https:\\\/\\\/www.btv.md\\\/wp-content\\\/uploads\\\/2016\\\/05\\\/masa-lemnoasa.jpg\",\"contentUrl\":\"https:\\\/\\\/www.btv.md\\\/wp-content\\\/uploads\\\/2016\\\/05\\\/masa-lemnoasa.jpg\",\"width\":925,\"height\":611},{\"@type\":\"WebSite\",\"@id\":\"https:\\\/\\\/www.btv.md\\\/#website\",\"url\":\"https:\\\/\\\/www.btv.md\\\/\",\"name\":\"BTV\",\"description\":\"\u0411\u0435\u043b\u044c\u0446\u043a\u043e\u0435 \u0442\u0435\u043b\u0435\u0432\u0438\u0434\u0435\u043d\u0438\u0435\",\"potentialAction\":[{\"@type\":\"SearchAction\",\"target\":{\"@type\":\"EntryPoint\",\"urlTemplate\":\"https:\\\/\\\/www.btv.md\\\/?s={search_term_string}\"},\"query-input\":{\"@type\":\"PropertyValueSpecification\",\"valueRequired\":true,\"valueName\":\"search_term_string\"}}],\"inLanguage\":\"ro-RO\"},{\"@type\":\"Person\",\"@id\":\"https:\\\/\\\/www.btv.md\\\/#\\\/schema\\\/person\\\/8fadce81561b3ce2c34c46dadc4ccbf2\",\"name\":\"admin\"}]}<\/script>\n<!-- \/ Yoast SEO plugin. -->","yoast_head_json":{"title":"GUVERNUL MOLDOVEI A CONFIRMAT INTERZICEREA EXPORTULUI DE MAS\u0102 LEMNOAS\u0102  - BTV","robots":{"index":"index","follow":"follow","max-snippet":"max-snippet:-1","max-image-preview":"max-image-preview:large","max-video-preview":"max-video-preview:-1"},"canonical":"https:\/\/www.btv.md\/ro\/guvernul-moldovei-a-confirmat-interzicerea-exportului-de-masa-lemnoasa\/","og_locale":"ro_RO","og_type":"article","og_title":"GUVERNUL MOLDOVEI A CONFIRMAT INTERZICEREA EXPORTULUI DE MAS\u0102 LEMNOAS\u0102  - BTV","og_description":"Guvernul Moldovei a confirmat interzicerea exportului de mas\u0103 lemnoas\u0103 \u00eentr-o \u00eencercare de a opri distrugerea p\u0103durilor \u021b\u0103rii inclusiv prin defri\u0219\u0103ri ilegale, scrie europalibera , citat de Radio Chi\u0219in\u0103u. Men\u021bion\u0103m c\u0103 guvernul a aprobat miercuri, 25 mai \u00een mod repetat moratoriul pe o perioad\u0103 nedeterminat\u0103 propus de Ministerul Mediului. El fusese aprobat deja \u00een aprilie, dar [&hellip;]","og_url":"https:\/\/www.btv.md\/ro\/guvernul-moldovei-a-confirmat-interzicerea-exportului-de-masa-lemnoasa\/","og_site_name":"BTV","article_publisher":"https:\/\/www.facebook.com\/btvmoldova\/","article_published_time":"2016-05-26T10:01:35+00:00","og_image":[{"width":925,"height":611,"url":"https:\/\/www.btv.md\/wp-content\/uploads\/2016\/05\/masa-lemnoasa.jpg","type":"image\/jpeg"}],"author":"admin","twitter_misc":{"Scris de":"admin","Timp estimat pentru citire":"1 minut"},"schema":{"@context":"https:\/\/schema.org","@graph":[{"@type":"Article","@id":"https:\/\/www.btv.md\/ro\/guvernul-moldovei-a-confirmat-interzicerea-exportului-de-masa-lemnoasa\/#article","isPartOf":{"@id":"https:\/\/www.btv.md\/ro\/guvernul-moldovei-a-confirmat-interzicerea-exportului-de-masa-lemnoasa\/"},"author":{"name":"admin","@id":"https:\/\/www.btv.md\/#\/schema\/person\/8fadce81561b3ce2c34c46dadc4ccbf2"},"headline":"GUVERNUL MOLDOVEI A CONFIRMAT INTERZICEREA EXPORTULUI DE MAS\u0102 LEMNOAS\u0102","datePublished":"2016-05-26T10:01:35+00:00","mainEntityOfPage":{"@id":"https:\/\/www.btv.md\/ro\/guvernul-moldovei-a-confirmat-interzicerea-exportului-de-masa-lemnoasa\/"},"wordCount":135,"image":{"@id":"https:\/\/www.btv.md\/ro\/guvernul-moldovei-a-confirmat-interzicerea-exportului-de-masa-lemnoasa\/#primaryimage"},"thumbnailUrl":"https:\/\/www.btv.md\/wp-content\/uploads\/2016\/05\/masa-lemnoasa.jpg","articleSection":["Economie"],"inLanguage":"ro-RO"},{"@type":"WebPage","@id":"https:\/\/www.btv.md\/ro\/guvernul-moldovei-a-confirmat-interzicerea-exportului-de-masa-lemnoasa\/","url":"https:\/\/www.btv.md\/ro\/guvernul-moldovei-a-confirmat-interzicerea-exportului-de-masa-lemnoasa\/","name":"GUVERNUL MOLDOVEI A CONFIRMAT INTERZICEREA EXPORTULUI DE MAS\u0102 LEMNOAS\u0102 - BTV","isPartOf":{"@id":"https:\/\/www.btv.md\/#website"},"primaryImageOfPage":{"@id":"https:\/\/www.btv.md\/ro\/guvernul-moldovei-a-confirmat-interzicerea-exportului-de-masa-lemnoasa\/#primaryimage"},"image":{"@id":"https:\/\/www.btv.md\/ro\/guvernul-moldovei-a-confirmat-interzicerea-exportului-de-masa-lemnoasa\/#primaryimage"},"thumbnailUrl":"https:\/\/www.btv.md\/wp-content\/uploads\/2016\/05\/masa-lemnoasa.jpg","datePublished":"2016-05-26T10:01:35+00:00","author":{"@id":"https:\/\/www.btv.md\/#\/schema\/person\/8fadce81561b3ce2c34c46dadc4ccbf2"},"inLanguage":"ro-RO","potentialAction":[{"@type":"ReadAction","target":["https:\/\/www.btv.md\/ro\/guvernul-moldovei-a-confirmat-interzicerea-exportului-de-masa-lemnoasa\/"]}]},{"@type":"ImageObject","inLanguage":"ro-RO","@id":"https:\/\/www.btv.md\/ro\/guvernul-moldovei-a-confirmat-interzicerea-exportului-de-masa-lemnoasa\/#primaryimage","url":"https:\/\/www.btv.md\/wp-content\/uploads\/2016\/05\/masa-lemnoasa.jpg","contentUrl":"https:\/\/www.btv.md\/wp-content\/uploads\/2016\/05\/masa-lemnoasa.jpg","width":925,"height":611},{"@type":"WebSite","@id":"https:\/\/www.btv.md\/#website","url":"https:\/\/www.btv.md\/","name":"BTV","description":"\u0411\u0435\u043b\u044c\u0446\u043a\u043e\u0435 \u0442\u0435\u043b\u0435\u0432\u0438\u0434\u0435\u043d\u0438\u0435","potentialAction":[{"@type":"SearchAction","target":{"@type":"EntryPoint","urlTemplate":"https:\/\/www.btv.md\/?s={search_term_string}"},"query-input":{"@type":"PropertyValueSpecification","valueRequired":true,"valueName":"search_term_string"}}],"inLanguage":"ro-RO"},{"@type":"Person","@id":"https:\/\/www.btv.md\/#\/schema\/person\/8fadce81561b3ce2c34c46dadc4ccbf2","name":"admin"}]}},"_links":{"self":[{"href":"https:\/\/www.btv.md\/ro\/wp-json\/wp\/v2\/posts\/13488","targetHints":{"allow":["GET"]}}],"collection":[{"href":"https:\/\/www.btv.md\/ro\/wp-json\/wp\/v2\/posts"}],"about":[{"href":"https:\/\/www.btv.md\/ro\/wp-json\/wp\/v2\/types\/post"}],"author":[{"embeddable":true,"href":"https:\/\/www.btv.md\/ro\/wp-json\/wp\/v2\/users\/4"}],"replies":[{"embeddable":true,"href":"https:\/\/www.btv.md\/ro\/wp-json\/wp\/v2\/comments?post=13488"}],"version-history":[{"count":0,"href":"https:\/\/www.btv.md\/ro\/wp-json\/wp\/v2\/posts\/13488\/revisions"}],"wp:featuredmedia":[{"embeddable":true,"href":"https:\/\/www.btv.md\/ro\/wp-json\/wp\/v2\/media\/13489"}],"wp:attachment":[{"href":"https:\/\/www.btv.md\/ro\/wp-json\/wp\/v2\/media?parent=13488"}],"wp:term":[{"taxonomy":"category","embeddable":true,"href":"https:\/\/www.btv.md\/ro\/wp-json\/wp\/v2\/categories?post=13488"},{"taxonomy":"post_tag","embeddable":true,"href":"https:\/\/www.btv.md\/ro\/wp-json\/wp\/v2\/tags?post=13488"}],"curies":[{"name":"wp","href":"https:\/\/api.w.org\/{rel}","templated":true}]}}