{"id":13491,"date":"2016-05-26T13:04:20","date_gmt":"2016-05-26T10:04:20","guid":{"rendered":"http:\/\/btv.md\/?p=13491"},"modified":"2016-05-26T18:41:50","modified_gmt":"2016-05-26T15:41:50","slug":"viceprimarul-capitalei-retinut-de-cna","status":"publish","type":"post","link":"https:\/\/www.btv.md\/ro\/viceprimarul-capitalei-retinut-de-cna\/","title":{"rendered":"VICEPRIMARUL CAPITALEI, RE\u021aINUT  DE CNA"},"content":{"rendered":"<p><strong>Viceprimarul Vlad Cote\u021b \u0219i directorul adjunct al Direc\u021biei de arhitectur\u0103 \u0219i urbanism a prim\u0103riei capitalei, Radu Blaj, au fost re\u021binu\u021bi miercuri, 25 mai, pentru 72 de ore, de ofi\u021berii CNA, noteaz\u0103 <a href=\"http:\/\/www.radiochisinau.md\/viceprimarul_capitalei_retinut_de_cna-33821\" target=\"_blank\">radiochisinau.md<\/a>.<\/strong><\/p>\n<p>Func\u021bionarii sunt b\u0103nui\u021bi c\u0103 ar fi luat mit\u0103 pentru urgentarea perfect\u0103rii \u0219i eliber\u0103rii actelor pentru privatizarea \u00eenc\u0103perilor nelocuibile, pentru schimbarea statutului unor terenuri \u0219i pentru recep\u021bia final\u0103 a unor obiective.<\/p>\n<p>Al\u0103turi de cei doi au mai fost re\u021binu\u021bi un inspector principal din cadrul Inspec\u021biei de Stat \u00een Construc\u021bii \u0219i dou\u0103 peroane fizice \u2013 intermediari ai actelor de corup\u021bie depistate de ofi\u021berii CNA. Viceprimarul Vlad Cote\u021b este \u00een prezent internat la spitalul de urgen\u021b\u0103 \u0219i medicii urmeaz\u0103 s\u0103 decid\u0103 dac\u0103 acesta are nevoie de \u00eengrijiri \u00een sta\u021bionar sau dac\u0103 va fi transferat la un spital din penitenciar.<\/p>\n<p>Procurorii urmeaz\u0103 s\u0103 decid\u0103 dac\u0103 le vor \u00eenainta \u00eenvinuirea \u0219i dac\u0103 vor cere cercetarea celor re\u021binu\u021bi \u00een stare de arest.<\/p>\n<p>Ast\u0103zi au mai fost efectuate12 perchezi\u021bii la domiciliile, birourile \u0219i automobilele celor re\u021binu\u021bi, fiind intentate 10 dosare penale pentru dare \u0219i luare de mit\u0103, trafic de influen\u021b\u0103 \u0219i dep\u0103\u0219irea atribu\u021biilor de serviciu. Suma maxim\u0103 a mitei pe care ar fi primit-o persoanele ce de\u021bin func\u021bie public\u0103 ar fi de 12 mii de euro,dar nu este unica, a declarat \u0219eful direc\u021bie de urm\u0103rire penal\u0103 a CNA, Bogdan Zumbreanu.<\/p>\n","protected":false},"excerpt":{"rendered":"<p>Viceprimarul Vlad Cote\u021b \u0219i directorul adjunct al Direc\u021biei de arhitectur\u0103 \u0219i urbanism a prim\u0103riei capitalei, Radu Blaj, au fost re\u021binu\u021bi miercuri, 25 mai, pentru 72 de ore, de ofi\u021berii CNA, noteaz\u0103 radiochisinau.md. Func\u021bionarii sunt b\u0103nui\u021bi c\u0103 ar fi luat mit\u0103 pentru urgentarea perfect\u0103rii \u0219i eliber\u0103rii actelor pentru privatizarea \u00eenc\u0103perilor nelocuibile, pentru schimbarea statutului unor terenuri [&hellip;]<\/p>\n","protected":false},"author":4,"featured_media":13492,"comment_status":"closed","ping_status":"closed","sticky":false,"template":"","format":"standard","meta":{"footnotes":""},"categories":[6351],"tags":[],"class_list":["post-13491","post","type-post","status-publish","format-standard","has-post-thumbnail","hentry","category-incidente"],"yoast_head":"<!-- This site is optimized with the Yoast SEO plugin v27.4 - https:\/\/yoast.com\/product\/yoast-seo-wordpress\/ -->\n<title>VICEPRIMARUL CAPITALEI, RE\u021aINUT DE CNA - BTV<\/title>\n<meta name=\"robots\" content=\"index, follow, max-snippet:-1, max-image-preview:large, max-video-preview:-1\" \/>\n<link rel=\"canonical\" href=\"https:\/\/www.btv.md\/ro\/viceprimarul-capitalei-retinut-de-cna\/\" \/>\n<meta property=\"og:locale\" content=\"ro_RO\" \/>\n<meta property=\"og:type\" content=\"article\" \/>\n<meta property=\"og:title\" content=\"VICEPRIMARUL CAPITALEI, RE\u021aINUT DE CNA - BTV\" \/>\n<meta property=\"og:description\" content=\"Viceprimarul Vlad Cote\u021b \u0219i directorul adjunct al Direc\u021biei de arhitectur\u0103 \u0219i urbanism a prim\u0103riei capitalei, Radu Blaj, au fost re\u021binu\u021bi miercuri, 25 mai, pentru 72 de ore, de ofi\u021berii CNA, noteaz\u0103 radiochisinau.md. Func\u021bionarii sunt b\u0103nui\u021bi c\u0103 ar fi luat mit\u0103 pentru urgentarea perfect\u0103rii \u0219i eliber\u0103rii actelor pentru privatizarea \u00eenc\u0103perilor nelocuibile, pentru schimbarea statutului unor terenuri [&hellip;]\" \/>\n<meta property=\"og:url\" content=\"https:\/\/www.btv.md\/ro\/viceprimarul-capitalei-retinut-de-cna\/\" \/>\n<meta property=\"og:site_name\" content=\"BTV\" \/>\n<meta property=\"article:publisher\" content=\"https:\/\/www.facebook.com\/btvmoldova\/\" \/>\n<meta property=\"article:published_time\" content=\"2016-05-26T10:04:20+00:00\" \/>\n<meta property=\"article:modified_time\" content=\"2016-05-26T15:41:50+00:00\" \/>\n<meta property=\"og:image\" content=\"https:\/\/www.btv.md\/wp-content\/uploads\/2016\/05\/perchezitii_cna-550x300.jpg\" \/>\n\t<meta property=\"og:image:width\" content=\"550\" \/>\n\t<meta property=\"og:image:height\" content=\"300\" \/>\n\t<meta property=\"og:image:type\" content=\"image\/jpeg\" \/>\n<meta name=\"author\" content=\"admin\" \/>\n<meta name=\"twitter:label1\" content=\"Scris de\" \/>\n\t<meta name=\"twitter:data1\" content=\"admin\" \/>\n\t<meta name=\"twitter:label2\" content=\"Timp estimat pentru citire\" \/>\n\t<meta name=\"twitter:data2\" content=\"1 minut\" \/>\n<script type=\"application\/ld+json\" class=\"yoast-schema-graph\">{\"@context\":\"https:\\\/\\\/schema.org\",\"@graph\":[{\"@type\":\"Article\",\"@id\":\"https:\\\/\\\/www.btv.md\\\/ro\\\/viceprimarul-capitalei-retinut-de-cna\\\/#article\",\"isPartOf\":{\"@id\":\"https:\\\/\\\/www.btv.md\\\/ro\\\/viceprimarul-capitalei-retinut-de-cna\\\/\"},\"author\":{\"name\":\"admin\",\"@id\":\"https:\\\/\\\/www.btv.md\\\/#\\\/schema\\\/person\\\/8fadce81561b3ce2c34c46dadc4ccbf2\"},\"headline\":\"VICEPRIMARUL CAPITALEI, RE\u021aINUT DE CNA\",\"datePublished\":\"2016-05-26T10:04:20+00:00\",\"dateModified\":\"2016-05-26T15:41:50+00:00\",\"mainEntityOfPage\":{\"@id\":\"https:\\\/\\\/www.btv.md\\\/ro\\\/viceprimarul-capitalei-retinut-de-cna\\\/\"},\"wordCount\":250,\"image\":{\"@id\":\"https:\\\/\\\/www.btv.md\\\/ro\\\/viceprimarul-capitalei-retinut-de-cna\\\/#primaryimage\"},\"thumbnailUrl\":\"https:\\\/\\\/www.btv.md\\\/wp-content\\\/uploads\\\/2016\\\/05\\\/perchezitii_cna-550x300.jpg\",\"articleSection\":[\"Incidente\"],\"inLanguage\":\"ro-RO\"},{\"@type\":\"WebPage\",\"@id\":\"https:\\\/\\\/www.btv.md\\\/ro\\\/viceprimarul-capitalei-retinut-de-cna\\\/\",\"url\":\"https:\\\/\\\/www.btv.md\\\/ro\\\/viceprimarul-capitalei-retinut-de-cna\\\/\",\"name\":\"VICEPRIMARUL CAPITALEI, RE\u021aINUT DE CNA - BTV\",\"isPartOf\":{\"@id\":\"https:\\\/\\\/www.btv.md\\\/#website\"},\"primaryImageOfPage\":{\"@id\":\"https:\\\/\\\/www.btv.md\\\/ro\\\/viceprimarul-capitalei-retinut-de-cna\\\/#primaryimage\"},\"image\":{\"@id\":\"https:\\\/\\\/www.btv.md\\\/ro\\\/viceprimarul-capitalei-retinut-de-cna\\\/#primaryimage\"},\"thumbnailUrl\":\"https:\\\/\\\/www.btv.md\\\/wp-content\\\/uploads\\\/2016\\\/05\\\/perchezitii_cna-550x300.jpg\",\"datePublished\":\"2016-05-26T10:04:20+00:00\",\"dateModified\":\"2016-05-26T15:41:50+00:00\",\"author\":{\"@id\":\"https:\\\/\\\/www.btv.md\\\/#\\\/schema\\\/person\\\/8fadce81561b3ce2c34c46dadc4ccbf2\"},\"inLanguage\":\"ro-RO\",\"potentialAction\":[{\"@type\":\"ReadAction\",\"target\":[\"https:\\\/\\\/www.btv.md\\\/ro\\\/viceprimarul-capitalei-retinut-de-cna\\\/\"]}]},{\"@type\":\"ImageObject\",\"inLanguage\":\"ro-RO\",\"@id\":\"https:\\\/\\\/www.btv.md\\\/ro\\\/viceprimarul-capitalei-retinut-de-cna\\\/#primaryimage\",\"url\":\"https:\\\/\\\/www.btv.md\\\/wp-content\\\/uploads\\\/2016\\\/05\\\/perchezitii_cna-550x300.jpg\",\"contentUrl\":\"https:\\\/\\\/www.btv.md\\\/wp-content\\\/uploads\\\/2016\\\/05\\\/perchezitii_cna-550x300.jpg\",\"width\":550,\"height\":300},{\"@type\":\"WebSite\",\"@id\":\"https:\\\/\\\/www.btv.md\\\/#website\",\"url\":\"https:\\\/\\\/www.btv.md\\\/\",\"name\":\"BTV\",\"description\":\"\u0411\u0435\u043b\u044c\u0446\u043a\u043e\u0435 \u0442\u0435\u043b\u0435\u0432\u0438\u0434\u0435\u043d\u0438\u0435\",\"potentialAction\":[{\"@type\":\"SearchAction\",\"target\":{\"@type\":\"EntryPoint\",\"urlTemplate\":\"https:\\\/\\\/www.btv.md\\\/?s={search_term_string}\"},\"query-input\":{\"@type\":\"PropertyValueSpecification\",\"valueRequired\":true,\"valueName\":\"search_term_string\"}}],\"inLanguage\":\"ro-RO\"},{\"@type\":\"Person\",\"@id\":\"https:\\\/\\\/www.btv.md\\\/#\\\/schema\\\/person\\\/8fadce81561b3ce2c34c46dadc4ccbf2\",\"name\":\"admin\"}]}<\/script>\n<!-- \/ Yoast SEO plugin. -->","yoast_head_json":{"title":"VICEPRIMARUL CAPITALEI, RE\u021aINUT DE CNA - BTV","robots":{"index":"index","follow":"follow","max-snippet":"max-snippet:-1","max-image-preview":"max-image-preview:large","max-video-preview":"max-video-preview:-1"},"canonical":"https:\/\/www.btv.md\/ro\/viceprimarul-capitalei-retinut-de-cna\/","og_locale":"ro_RO","og_type":"article","og_title":"VICEPRIMARUL CAPITALEI, RE\u021aINUT DE CNA - BTV","og_description":"Viceprimarul Vlad Cote\u021b \u0219i directorul adjunct al Direc\u021biei de arhitectur\u0103 \u0219i urbanism a prim\u0103riei capitalei, Radu Blaj, au fost re\u021binu\u021bi miercuri, 25 mai, pentru 72 de ore, de ofi\u021berii CNA, noteaz\u0103 radiochisinau.md. Func\u021bionarii sunt b\u0103nui\u021bi c\u0103 ar fi luat mit\u0103 pentru urgentarea perfect\u0103rii \u0219i eliber\u0103rii actelor pentru privatizarea \u00eenc\u0103perilor nelocuibile, pentru schimbarea statutului unor terenuri [&hellip;]","og_url":"https:\/\/www.btv.md\/ro\/viceprimarul-capitalei-retinut-de-cna\/","og_site_name":"BTV","article_publisher":"https:\/\/www.facebook.com\/btvmoldova\/","article_published_time":"2016-05-26T10:04:20+00:00","article_modified_time":"2016-05-26T15:41:50+00:00","og_image":[{"width":550,"height":300,"url":"https:\/\/www.btv.md\/wp-content\/uploads\/2016\/05\/perchezitii_cna-550x300.jpg","type":"image\/jpeg"}],"author":"admin","twitter_misc":{"Scris de":"admin","Timp estimat pentru citire":"1 minut"},"schema":{"@context":"https:\/\/schema.org","@graph":[{"@type":"Article","@id":"https:\/\/www.btv.md\/ro\/viceprimarul-capitalei-retinut-de-cna\/#article","isPartOf":{"@id":"https:\/\/www.btv.md\/ro\/viceprimarul-capitalei-retinut-de-cna\/"},"author":{"name":"admin","@id":"https:\/\/www.btv.md\/#\/schema\/person\/8fadce81561b3ce2c34c46dadc4ccbf2"},"headline":"VICEPRIMARUL CAPITALEI, RE\u021aINUT DE CNA","datePublished":"2016-05-26T10:04:20+00:00","dateModified":"2016-05-26T15:41:50+00:00","mainEntityOfPage":{"@id":"https:\/\/www.btv.md\/ro\/viceprimarul-capitalei-retinut-de-cna\/"},"wordCount":250,"image":{"@id":"https:\/\/www.btv.md\/ro\/viceprimarul-capitalei-retinut-de-cna\/#primaryimage"},"thumbnailUrl":"https:\/\/www.btv.md\/wp-content\/uploads\/2016\/05\/perchezitii_cna-550x300.jpg","articleSection":["Incidente"],"inLanguage":"ro-RO"},{"@type":"WebPage","@id":"https:\/\/www.btv.md\/ro\/viceprimarul-capitalei-retinut-de-cna\/","url":"https:\/\/www.btv.md\/ro\/viceprimarul-capitalei-retinut-de-cna\/","name":"VICEPRIMARUL CAPITALEI, RE\u021aINUT DE CNA - BTV","isPartOf":{"@id":"https:\/\/www.btv.md\/#website"},"primaryImageOfPage":{"@id":"https:\/\/www.btv.md\/ro\/viceprimarul-capitalei-retinut-de-cna\/#primaryimage"},"image":{"@id":"https:\/\/www.btv.md\/ro\/viceprimarul-capitalei-retinut-de-cna\/#primaryimage"},"thumbnailUrl":"https:\/\/www.btv.md\/wp-content\/uploads\/2016\/05\/perchezitii_cna-550x300.jpg","datePublished":"2016-05-26T10:04:20+00:00","dateModified":"2016-05-26T15:41:50+00:00","author":{"@id":"https:\/\/www.btv.md\/#\/schema\/person\/8fadce81561b3ce2c34c46dadc4ccbf2"},"inLanguage":"ro-RO","potentialAction":[{"@type":"ReadAction","target":["https:\/\/www.btv.md\/ro\/viceprimarul-capitalei-retinut-de-cna\/"]}]},{"@type":"ImageObject","inLanguage":"ro-RO","@id":"https:\/\/www.btv.md\/ro\/viceprimarul-capitalei-retinut-de-cna\/#primaryimage","url":"https:\/\/www.btv.md\/wp-content\/uploads\/2016\/05\/perchezitii_cna-550x300.jpg","contentUrl":"https:\/\/www.btv.md\/wp-content\/uploads\/2016\/05\/perchezitii_cna-550x300.jpg","width":550,"height":300},{"@type":"WebSite","@id":"https:\/\/www.btv.md\/#website","url":"https:\/\/www.btv.md\/","name":"BTV","description":"\u0411\u0435\u043b\u044c\u0446\u043a\u043e\u0435 \u0442\u0435\u043b\u0435\u0432\u0438\u0434\u0435\u043d\u0438\u0435","potentialAction":[{"@type":"SearchAction","target":{"@type":"EntryPoint","urlTemplate":"https:\/\/www.btv.md\/?s={search_term_string}"},"query-input":{"@type":"PropertyValueSpecification","valueRequired":true,"valueName":"search_term_string"}}],"inLanguage":"ro-RO"},{"@type":"Person","@id":"https:\/\/www.btv.md\/#\/schema\/person\/8fadce81561b3ce2c34c46dadc4ccbf2","name":"admin"}]}},"_links":{"self":[{"href":"https:\/\/www.btv.md\/ro\/wp-json\/wp\/v2\/posts\/13491","targetHints":{"allow":["GET"]}}],"collection":[{"href":"https:\/\/www.btv.md\/ro\/wp-json\/wp\/v2\/posts"}],"about":[{"href":"https:\/\/www.btv.md\/ro\/wp-json\/wp\/v2\/types\/post"}],"author":[{"embeddable":true,"href":"https:\/\/www.btv.md\/ro\/wp-json\/wp\/v2\/users\/4"}],"replies":[{"embeddable":true,"href":"https:\/\/www.btv.md\/ro\/wp-json\/wp\/v2\/comments?post=13491"}],"version-history":[{"count":0,"href":"https:\/\/www.btv.md\/ro\/wp-json\/wp\/v2\/posts\/13491\/revisions"}],"wp:featuredmedia":[{"embeddable":true,"href":"https:\/\/www.btv.md\/ro\/wp-json\/wp\/v2\/media\/13492"}],"wp:attachment":[{"href":"https:\/\/www.btv.md\/ro\/wp-json\/wp\/v2\/media?parent=13491"}],"wp:term":[{"taxonomy":"category","embeddable":true,"href":"https:\/\/www.btv.md\/ro\/wp-json\/wp\/v2\/categories?post=13491"},{"taxonomy":"post_tag","embeddable":true,"href":"https:\/\/www.btv.md\/ro\/wp-json\/wp\/v2\/tags?post=13491"}],"curies":[{"name":"wp","href":"https:\/\/api.w.org\/{rel}","templated":true}]}}