{"id":13494,"date":"2016-05-26T13:06:56","date_gmt":"2016-05-26T10:06:56","guid":{"rendered":"http:\/\/btv.md\/?p=13494"},"modified":"2016-05-26T13:06:56","modified_gmt":"2016-05-26T10:06:56","slug":"amenzi-pentru-pasagerii-nedisciplinati","status":"publish","type":"post","link":"https:\/\/www.btv.md\/ro\/amenzi-pentru-pasagerii-nedisciplinati\/","title":{"rendered":"AMENZI PENTRU PASAGERII NEDISCIPLINA\u021aI"},"content":{"rendered":"<p><strong>Pasagerii care vor urca sau cobor\u00ee din mersul vehiculului, vor c\u0103l\u0103tori pe sc\u0103rile sau acoperi\u0219ul vagoanelor de tren sau vor arunca de\u0219euri pe geamul unit\u0103\u021bii de transport ar putea fi sanc\u021biona\u021bi . O decizie \u00een acest sens a fost avizat\u0103, miercuri  25 mai,  de c\u0103tre membrii Executivului, scrie <a href=\"http:\/\/www.realitatea.md\/amenzi-pentru-pasagerii-nedisciplinati--cei-care-arunca-deseuri-pe-geam-sau-coboara-din-mers--ar-putea-fi-sanctionati_39665.html\" target=\"_blank\">realitatea.md<\/a>.<\/strong><\/p>\n<p>Proiectul de Lege prevede \u0219i sanc\u021bionarea pasagerilor care vor opri trenul neautorizat \u0219i f\u0103r\u0103 motive intemeiate sau vor c\u0103l\u0103tori \u00eentr-un tren marfar. <\/p>\n<p>Avizul aprobat de c\u0103tre Guvern urmeaz\u0103 a fi prezentat Parlamentului.<\/p>\n<p>Proiectul de Lege cu privire la modificarea \u0219i completarea Codului Contraven\u021bional a fost \u00eenaintat cu titlu de ini\u021biativ\u0103 legislativ\u0103 de c\u0103tre un grup de deputa\u021bi la data de 10 martie 2016.<\/p>\n<p>Potrivit acestui proiect de Lege, amenzi ar putea primi \u0219i \u0219oferii care arunc\u0103 mucuri de \u021bigar\u0103 pe geamul ma\u0219inii. <\/p>\n<p>Ace\u0219tia ar putea fi pedepsi\u021bi cu o amend\u0103 de la 600 la 1000 de lei, sau cu munc\u0103 \u00een folosul comunit\u0103\u021bii de la 40 la 60 de ore.<\/p>\n","protected":false},"excerpt":{"rendered":"<p>Pasagerii care vor urca sau cobor\u00ee din mersul vehiculului, vor c\u0103l\u0103tori pe sc\u0103rile sau acoperi\u0219ul vagoanelor de tren sau vor arunca de\u0219euri pe geamul unit\u0103\u021bii de transport ar putea fi sanc\u021biona\u021bi . O decizie \u00een acest sens a fost avizat\u0103, miercuri 25 mai, de c\u0103tre membrii Executivului, scrie realitatea.md. Proiectul de Lege prevede \u0219i sanc\u021bionarea [&hellip;]<\/p>\n","protected":false},"author":4,"featured_media":13495,"comment_status":"closed","ping_status":"closed","sticky":false,"template":"","format":"standard","meta":{"footnotes":""},"categories":[6349],"tags":[],"class_list":["post-13494","post","type-post","status-publish","format-standard","has-post-thumbnail","hentry","category-social"],"yoast_head":"<!-- This site is optimized with the Yoast SEO plugin v27.4 - https:\/\/yoast.com\/product\/yoast-seo-wordpress\/ -->\n<title>AMENZI PENTRU PASAGERII NEDISCIPLINA\u021aI - BTV<\/title>\n<meta name=\"robots\" content=\"index, follow, max-snippet:-1, max-image-preview:large, max-video-preview:-1\" \/>\n<link rel=\"canonical\" href=\"https:\/\/www.btv.md\/ro\/amenzi-pentru-pasagerii-nedisciplinati\/\" \/>\n<meta property=\"og:locale\" content=\"ro_RO\" \/>\n<meta property=\"og:type\" content=\"article\" \/>\n<meta property=\"og:title\" content=\"AMENZI PENTRU PASAGERII NEDISCIPLINA\u021aI - BTV\" \/>\n<meta property=\"og:description\" content=\"Pasagerii care vor urca sau cobor\u00ee din mersul vehiculului, vor c\u0103l\u0103tori pe sc\u0103rile sau acoperi\u0219ul vagoanelor de tren sau vor arunca de\u0219euri pe geamul unit\u0103\u021bii de transport ar putea fi sanc\u021biona\u021bi . O decizie \u00een acest sens a fost avizat\u0103, miercuri 25 mai, de c\u0103tre membrii Executivului, scrie realitatea.md. Proiectul de Lege prevede \u0219i sanc\u021bionarea [&hellip;]\" \/>\n<meta property=\"og:url\" content=\"https:\/\/www.btv.md\/ro\/amenzi-pentru-pasagerii-nedisciplinati\/\" \/>\n<meta property=\"og:site_name\" content=\"BTV\" \/>\n<meta property=\"article:publisher\" content=\"https:\/\/www.facebook.com\/btvmoldova\/\" \/>\n<meta property=\"article:published_time\" content=\"2016-05-26T10:06:56+00:00\" \/>\n<meta property=\"og:image\" content=\"https:\/\/www.btv.md\/wp-content\/uploads\/2016\/05\/big-sanctiuni-dure-pentru-participantii-nedisciplinati-in-trafic.jpg\" \/>\n\t<meta property=\"og:image:width\" content=\"530\" \/>\n\t<meta property=\"og:image:height\" content=\"339\" \/>\n\t<meta property=\"og:image:type\" content=\"image\/jpeg\" \/>\n<meta name=\"author\" content=\"admin\" \/>\n<meta name=\"twitter:label1\" content=\"Scris de\" \/>\n\t<meta name=\"twitter:data1\" content=\"admin\" \/>\n\t<meta name=\"twitter:label2\" content=\"Timp estimat pentru citire\" \/>\n\t<meta name=\"twitter:data2\" content=\"1 minut\" \/>\n<script type=\"application\/ld+json\" class=\"yoast-schema-graph\">{\"@context\":\"https:\\\/\\\/schema.org\",\"@graph\":[{\"@type\":\"Article\",\"@id\":\"https:\\\/\\\/www.btv.md\\\/ro\\\/amenzi-pentru-pasagerii-nedisciplinati\\\/#article\",\"isPartOf\":{\"@id\":\"https:\\\/\\\/www.btv.md\\\/ro\\\/amenzi-pentru-pasagerii-nedisciplinati\\\/\"},\"author\":{\"name\":\"admin\",\"@id\":\"https:\\\/\\\/www.btv.md\\\/#\\\/schema\\\/person\\\/8fadce81561b3ce2c34c46dadc4ccbf2\"},\"headline\":\"AMENZI PENTRU PASAGERII NEDISCIPLINA\u021aI\",\"datePublished\":\"2016-05-26T10:06:56+00:00\",\"mainEntityOfPage\":{\"@id\":\"https:\\\/\\\/www.btv.md\\\/ro\\\/amenzi-pentru-pasagerii-nedisciplinati\\\/\"},\"wordCount\":179,\"image\":{\"@id\":\"https:\\\/\\\/www.btv.md\\\/ro\\\/amenzi-pentru-pasagerii-nedisciplinati\\\/#primaryimage\"},\"thumbnailUrl\":\"https:\\\/\\\/www.btv.md\\\/wp-content\\\/uploads\\\/2016\\\/05\\\/big-sanctiuni-dure-pentru-participantii-nedisciplinati-in-trafic.jpg\",\"articleSection\":[\"Social\"],\"inLanguage\":\"ro-RO\"},{\"@type\":\"WebPage\",\"@id\":\"https:\\\/\\\/www.btv.md\\\/ro\\\/amenzi-pentru-pasagerii-nedisciplinati\\\/\",\"url\":\"https:\\\/\\\/www.btv.md\\\/ro\\\/amenzi-pentru-pasagerii-nedisciplinati\\\/\",\"name\":\"AMENZI PENTRU PASAGERII NEDISCIPLINA\u021aI - BTV\",\"isPartOf\":{\"@id\":\"https:\\\/\\\/www.btv.md\\\/#website\"},\"primaryImageOfPage\":{\"@id\":\"https:\\\/\\\/www.btv.md\\\/ro\\\/amenzi-pentru-pasagerii-nedisciplinati\\\/#primaryimage\"},\"image\":{\"@id\":\"https:\\\/\\\/www.btv.md\\\/ro\\\/amenzi-pentru-pasagerii-nedisciplinati\\\/#primaryimage\"},\"thumbnailUrl\":\"https:\\\/\\\/www.btv.md\\\/wp-content\\\/uploads\\\/2016\\\/05\\\/big-sanctiuni-dure-pentru-participantii-nedisciplinati-in-trafic.jpg\",\"datePublished\":\"2016-05-26T10:06:56+00:00\",\"author\":{\"@id\":\"https:\\\/\\\/www.btv.md\\\/#\\\/schema\\\/person\\\/8fadce81561b3ce2c34c46dadc4ccbf2\"},\"inLanguage\":\"ro-RO\",\"potentialAction\":[{\"@type\":\"ReadAction\",\"target\":[\"https:\\\/\\\/www.btv.md\\\/ro\\\/amenzi-pentru-pasagerii-nedisciplinati\\\/\"]}]},{\"@type\":\"ImageObject\",\"inLanguage\":\"ro-RO\",\"@id\":\"https:\\\/\\\/www.btv.md\\\/ro\\\/amenzi-pentru-pasagerii-nedisciplinati\\\/#primaryimage\",\"url\":\"https:\\\/\\\/www.btv.md\\\/wp-content\\\/uploads\\\/2016\\\/05\\\/big-sanctiuni-dure-pentru-participantii-nedisciplinati-in-trafic.jpg\",\"contentUrl\":\"https:\\\/\\\/www.btv.md\\\/wp-content\\\/uploads\\\/2016\\\/05\\\/big-sanctiuni-dure-pentru-participantii-nedisciplinati-in-trafic.jpg\",\"width\":530,\"height\":339},{\"@type\":\"WebSite\",\"@id\":\"https:\\\/\\\/www.btv.md\\\/#website\",\"url\":\"https:\\\/\\\/www.btv.md\\\/\",\"name\":\"BTV\",\"description\":\"\u0411\u0435\u043b\u044c\u0446\u043a\u043e\u0435 \u0442\u0435\u043b\u0435\u0432\u0438\u0434\u0435\u043d\u0438\u0435\",\"potentialAction\":[{\"@type\":\"SearchAction\",\"target\":{\"@type\":\"EntryPoint\",\"urlTemplate\":\"https:\\\/\\\/www.btv.md\\\/?s={search_term_string}\"},\"query-input\":{\"@type\":\"PropertyValueSpecification\",\"valueRequired\":true,\"valueName\":\"search_term_string\"}}],\"inLanguage\":\"ro-RO\"},{\"@type\":\"Person\",\"@id\":\"https:\\\/\\\/www.btv.md\\\/#\\\/schema\\\/person\\\/8fadce81561b3ce2c34c46dadc4ccbf2\",\"name\":\"admin\"}]}<\/script>\n<!-- \/ Yoast SEO plugin. -->","yoast_head_json":{"title":"AMENZI PENTRU PASAGERII NEDISCIPLINA\u021aI - BTV","robots":{"index":"index","follow":"follow","max-snippet":"max-snippet:-1","max-image-preview":"max-image-preview:large","max-video-preview":"max-video-preview:-1"},"canonical":"https:\/\/www.btv.md\/ro\/amenzi-pentru-pasagerii-nedisciplinati\/","og_locale":"ro_RO","og_type":"article","og_title":"AMENZI PENTRU PASAGERII NEDISCIPLINA\u021aI - BTV","og_description":"Pasagerii care vor urca sau cobor\u00ee din mersul vehiculului, vor c\u0103l\u0103tori pe sc\u0103rile sau acoperi\u0219ul vagoanelor de tren sau vor arunca de\u0219euri pe geamul unit\u0103\u021bii de transport ar putea fi sanc\u021biona\u021bi . O decizie \u00een acest sens a fost avizat\u0103, miercuri 25 mai, de c\u0103tre membrii Executivului, scrie realitatea.md. Proiectul de Lege prevede \u0219i sanc\u021bionarea [&hellip;]","og_url":"https:\/\/www.btv.md\/ro\/amenzi-pentru-pasagerii-nedisciplinati\/","og_site_name":"BTV","article_publisher":"https:\/\/www.facebook.com\/btvmoldova\/","article_published_time":"2016-05-26T10:06:56+00:00","og_image":[{"width":530,"height":339,"url":"https:\/\/www.btv.md\/wp-content\/uploads\/2016\/05\/big-sanctiuni-dure-pentru-participantii-nedisciplinati-in-trafic.jpg","type":"image\/jpeg"}],"author":"admin","twitter_misc":{"Scris de":"admin","Timp estimat pentru citire":"1 minut"},"schema":{"@context":"https:\/\/schema.org","@graph":[{"@type":"Article","@id":"https:\/\/www.btv.md\/ro\/amenzi-pentru-pasagerii-nedisciplinati\/#article","isPartOf":{"@id":"https:\/\/www.btv.md\/ro\/amenzi-pentru-pasagerii-nedisciplinati\/"},"author":{"name":"admin","@id":"https:\/\/www.btv.md\/#\/schema\/person\/8fadce81561b3ce2c34c46dadc4ccbf2"},"headline":"AMENZI PENTRU PASAGERII NEDISCIPLINA\u021aI","datePublished":"2016-05-26T10:06:56+00:00","mainEntityOfPage":{"@id":"https:\/\/www.btv.md\/ro\/amenzi-pentru-pasagerii-nedisciplinati\/"},"wordCount":179,"image":{"@id":"https:\/\/www.btv.md\/ro\/amenzi-pentru-pasagerii-nedisciplinati\/#primaryimage"},"thumbnailUrl":"https:\/\/www.btv.md\/wp-content\/uploads\/2016\/05\/big-sanctiuni-dure-pentru-participantii-nedisciplinati-in-trafic.jpg","articleSection":["Social"],"inLanguage":"ro-RO"},{"@type":"WebPage","@id":"https:\/\/www.btv.md\/ro\/amenzi-pentru-pasagerii-nedisciplinati\/","url":"https:\/\/www.btv.md\/ro\/amenzi-pentru-pasagerii-nedisciplinati\/","name":"AMENZI PENTRU PASAGERII NEDISCIPLINA\u021aI - BTV","isPartOf":{"@id":"https:\/\/www.btv.md\/#website"},"primaryImageOfPage":{"@id":"https:\/\/www.btv.md\/ro\/amenzi-pentru-pasagerii-nedisciplinati\/#primaryimage"},"image":{"@id":"https:\/\/www.btv.md\/ro\/amenzi-pentru-pasagerii-nedisciplinati\/#primaryimage"},"thumbnailUrl":"https:\/\/www.btv.md\/wp-content\/uploads\/2016\/05\/big-sanctiuni-dure-pentru-participantii-nedisciplinati-in-trafic.jpg","datePublished":"2016-05-26T10:06:56+00:00","author":{"@id":"https:\/\/www.btv.md\/#\/schema\/person\/8fadce81561b3ce2c34c46dadc4ccbf2"},"inLanguage":"ro-RO","potentialAction":[{"@type":"ReadAction","target":["https:\/\/www.btv.md\/ro\/amenzi-pentru-pasagerii-nedisciplinati\/"]}]},{"@type":"ImageObject","inLanguage":"ro-RO","@id":"https:\/\/www.btv.md\/ro\/amenzi-pentru-pasagerii-nedisciplinati\/#primaryimage","url":"https:\/\/www.btv.md\/wp-content\/uploads\/2016\/05\/big-sanctiuni-dure-pentru-participantii-nedisciplinati-in-trafic.jpg","contentUrl":"https:\/\/www.btv.md\/wp-content\/uploads\/2016\/05\/big-sanctiuni-dure-pentru-participantii-nedisciplinati-in-trafic.jpg","width":530,"height":339},{"@type":"WebSite","@id":"https:\/\/www.btv.md\/#website","url":"https:\/\/www.btv.md\/","name":"BTV","description":"\u0411\u0435\u043b\u044c\u0446\u043a\u043e\u0435 \u0442\u0435\u043b\u0435\u0432\u0438\u0434\u0435\u043d\u0438\u0435","potentialAction":[{"@type":"SearchAction","target":{"@type":"EntryPoint","urlTemplate":"https:\/\/www.btv.md\/?s={search_term_string}"},"query-input":{"@type":"PropertyValueSpecification","valueRequired":true,"valueName":"search_term_string"}}],"inLanguage":"ro-RO"},{"@type":"Person","@id":"https:\/\/www.btv.md\/#\/schema\/person\/8fadce81561b3ce2c34c46dadc4ccbf2","name":"admin"}]}},"_links":{"self":[{"href":"https:\/\/www.btv.md\/ro\/wp-json\/wp\/v2\/posts\/13494","targetHints":{"allow":["GET"]}}],"collection":[{"href":"https:\/\/www.btv.md\/ro\/wp-json\/wp\/v2\/posts"}],"about":[{"href":"https:\/\/www.btv.md\/ro\/wp-json\/wp\/v2\/types\/post"}],"author":[{"embeddable":true,"href":"https:\/\/www.btv.md\/ro\/wp-json\/wp\/v2\/users\/4"}],"replies":[{"embeddable":true,"href":"https:\/\/www.btv.md\/ro\/wp-json\/wp\/v2\/comments?post=13494"}],"version-history":[{"count":0,"href":"https:\/\/www.btv.md\/ro\/wp-json\/wp\/v2\/posts\/13494\/revisions"}],"wp:featuredmedia":[{"embeddable":true,"href":"https:\/\/www.btv.md\/ro\/wp-json\/wp\/v2\/media\/13495"}],"wp:attachment":[{"href":"https:\/\/www.btv.md\/ro\/wp-json\/wp\/v2\/media?parent=13494"}],"wp:term":[{"taxonomy":"category","embeddable":true,"href":"https:\/\/www.btv.md\/ro\/wp-json\/wp\/v2\/categories?post=13494"},{"taxonomy":"post_tag","embeddable":true,"href":"https:\/\/www.btv.md\/ro\/wp-json\/wp\/v2\/tags?post=13494"}],"curies":[{"name":"wp","href":"https:\/\/api.w.org\/{rel}","templated":true}]}}