{"id":13497,"date":"2016-05-26T13:19:08","date_gmt":"2016-05-26T10:19:08","guid":{"rendered":"http:\/\/btv.md\/?p=13497"},"modified":"2016-05-26T13:19:08","modified_gmt":"2016-05-26T10:19:08","slug":"violurile-de-la-internatul-psihoneurologic-din-balti-fara-sentinta","status":"publish","type":"post","link":"https:\/\/www.btv.md\/ro\/violurile-de-la-internatul-psihoneurologic-din-balti-fara-sentinta\/","title":{"rendered":"VIOLURILE  DE  LA  INTERNATUL  PSIHONEUROLOGIC  DIN  B\u0102L\u021aI, F\u0102R\u0102 SENTIN\u021a\u0102"},"content":{"rendered":"<p><strong>Pe 25 mai, a avut loc \u0219edin\u021ba final\u0103 \u00een dosarul violurilor de la Internatul Psihoneurologic din B\u0103l\u0163i. Acest caz a ap\u0103rut \u00een aten\u021bia public\u0103 \u00een februarie 2013, c\u00e2nd o beneficiar\u0103 a internatului \u0219i-a sunat rudele, anun\u021b\u00e2ndu-le c\u0103 a fost violat\u0103, noteaz\u0103 <a href=\"http:\/\/www.zdg.md\/video\/video-violurile-de-la-internatul-psihoneurologic-din-balti-sentinta-amanata\" target=\"_blank\">ziarul de gard\u0103<\/a>.<\/strong><\/p>\n<p>Atunci, la fa\u0163a locului, s-a deplasat grupul operativ al Comisariatului de poli\u021bie \u0219i procurori din B\u0103l\u021bi, recep\u021bion\u00e2nd pl\u00e2ngerea victimei, care a anun\u021bat c\u0103 ar fi fost violat\u0103 de medicul care o trateaz\u0103. Fiind supus\u0103 unei expertize psihiatrice, femeia a fost calificat\u0103 ca fiind responsabil\u0103, fapt care a servit drept temei pentru ini\u021bierea unei cauze penale \u00een baza art. 171 Cod Penal al R. Moldova \u201eViol\u201d. Ulterior, \u00een timpul investiga\u021biilor, au fost identificate \u0219i alte victime, \u00een total, 16.<\/p>\n<p>Pe 25 mai, la Judec\u0103toria din B\u0103l\u021bi a avut loc ultima \u0219edin\u021b\u0103 pe acest dosar, dup\u0103 cum se anun\u021base \u00een prealabil. La proces a fost prezent inculpatul Stanislav Florea, precum \u0219i avocatele ambelor p\u0103r\u021bi. Procurora Cristina Rimari a cerut pentru inculpatul \u00eenvinuit de viol 15 ani priva\u021biune de libertate. \u0218edin\u021ba s-a desf\u0103\u0219urat cu u\u0219ile \u00eenchise. \u00cens\u0103, \u201es-au am\u00e2nat replicile \u0219i sentin\u021ba p\u00e2n\u0103 pe data de 22 august\u201d, a spus la ie\u0219ire avocata Violeta Ga\u0219i\u021boi.<\/p>\n<p>Jurnali\u0219tii nu au reu\u0219it s\u0103 discute cu inculpatul. Accesul la el a fost stopat de avocata acestuia, Angela Procopciuc. Aceasta a \u021binut s\u0103 declare c\u0103 \u201edl Florea permanent s-a declarat nevinovat. Solicit\u0103 achitarea pe toate capetele de cerere pe motivul lipsei elementelor constitutive ale componentei de infrac\u021biune \u0219i din motiv c\u0103 unele infrac\u021biuni sunt \u00eenvinuite din anii \u02bc88, \u02bc90, \u02bc93, c\u00e2nd exista un alt cod penal \u0219i o alt\u0103 r\u0103spundere\u201d, a spus aceasta. <\/p>\n<p>Amintim c\u0103, pe 28 februarie 2013, a fost pornit\u0103 cauza penal\u0103 de \u00eenvinuire a lui Stanislav Florea, conform art. 171, alin 2 (a) CP (vio\u00aclul s\u0103v\u00e2r\u00ac\u0219it de c\u0103tre o persoan\u0103 care anterior a s\u0103v\u00e2r\u0219it un viol) \u015fi art. 172 alin. 1 CP (ac\u0163iuni violente cu caracter sexual). 16 beneficiare ale internatului \u00eel acuz\u0103 pe medicul terapeut de viol.<\/p>\n","protected":false},"excerpt":{"rendered":"<p>Pe 25 mai, a avut loc \u0219edin\u021ba final\u0103 \u00een dosarul violurilor de la Internatul Psihoneurologic din B\u0103l\u0163i. Acest caz a ap\u0103rut \u00een aten\u021bia public\u0103 \u00een februarie 2013, c\u00e2nd o beneficiar\u0103 a internatului \u0219i-a sunat rudele, anun\u021b\u00e2ndu-le c\u0103 a fost violat\u0103, noteaz\u0103 ziarul de gard\u0103. Atunci, la fa\u0163a locului, s-a deplasat grupul operativ al Comisariatului de [&hellip;]<\/p>\n","protected":false},"author":4,"featured_media":13498,"comment_status":"closed","ping_status":"closed","sticky":false,"template":"","format":"standard","meta":{"footnotes":""},"categories":[6351],"tags":[],"class_list":["post-13497","post","type-post","status-publish","format-standard","has-post-thumbnail","hentry","category-incidente"],"yoast_head":"<!-- This site is optimized with the Yoast SEO plugin v27.4 - https:\/\/yoast.com\/product\/yoast-seo-wordpress\/ -->\n<title>VIOLURILE DE LA INTERNATUL PSIHONEUROLOGIC DIN B\u0102L\u021aI, F\u0102R\u0102 SENTIN\u021a\u0102 - BTV<\/title>\n<meta name=\"robots\" content=\"index, follow, max-snippet:-1, max-image-preview:large, max-video-preview:-1\" \/>\n<link rel=\"canonical\" href=\"https:\/\/www.btv.md\/ro\/violurile-de-la-internatul-psihoneurologic-din-balti-fara-sentinta\/\" \/>\n<meta property=\"og:locale\" content=\"ro_RO\" \/>\n<meta property=\"og:type\" content=\"article\" \/>\n<meta property=\"og:title\" content=\"VIOLURILE DE LA INTERNATUL PSIHONEUROLOGIC DIN B\u0102L\u021aI, F\u0102R\u0102 SENTIN\u021a\u0102 - BTV\" \/>\n<meta property=\"og:description\" content=\"Pe 25 mai, a avut loc \u0219edin\u021ba final\u0103 \u00een dosarul violurilor de la Internatul Psihoneurologic din B\u0103l\u0163i. Acest caz a ap\u0103rut \u00een aten\u021bia public\u0103 \u00een februarie 2013, c\u00e2nd o beneficiar\u0103 a internatului \u0219i-a sunat rudele, anun\u021b\u00e2ndu-le c\u0103 a fost violat\u0103, noteaz\u0103 ziarul de gard\u0103. Atunci, la fa\u0163a locului, s-a deplasat grupul operativ al Comisariatului de [&hellip;]\" \/>\n<meta property=\"og:url\" content=\"https:\/\/www.btv.md\/ro\/violurile-de-la-internatul-psihoneurologic-din-balti-fara-sentinta\/\" \/>\n<meta property=\"og:site_name\" content=\"BTV\" \/>\n<meta property=\"article:publisher\" content=\"https:\/\/www.facebook.com\/btvmoldova\/\" \/>\n<meta property=\"article:published_time\" content=\"2016-05-26T10:19:08+00:00\" \/>\n<meta property=\"og:image\" content=\"https:\/\/www.btv.md\/wp-content\/uploads\/2016\/05\/o-judecatorie-specializata-va-fi-lichidata-si-alta-va-fi-formata-14027.jpg\" \/>\n\t<meta property=\"og:image:width\" content=\"1200\" \/>\n\t<meta property=\"og:image:height\" content=\"674\" \/>\n\t<meta property=\"og:image:type\" content=\"image\/jpeg\" \/>\n<meta name=\"author\" content=\"admin\" \/>\n<meta name=\"twitter:label1\" content=\"Scris de\" \/>\n\t<meta name=\"twitter:data1\" content=\"admin\" \/>\n\t<meta name=\"twitter:label2\" content=\"Timp estimat pentru citire\" \/>\n\t<meta name=\"twitter:data2\" content=\"2 minute\" \/>\n<script type=\"application\/ld+json\" class=\"yoast-schema-graph\">{\"@context\":\"https:\\\/\\\/schema.org\",\"@graph\":[{\"@type\":\"Article\",\"@id\":\"https:\\\/\\\/www.btv.md\\\/ro\\\/violurile-de-la-internatul-psihoneurologic-din-balti-fara-sentinta\\\/#article\",\"isPartOf\":{\"@id\":\"https:\\\/\\\/www.btv.md\\\/ro\\\/violurile-de-la-internatul-psihoneurologic-din-balti-fara-sentinta\\\/\"},\"author\":{\"name\":\"admin\",\"@id\":\"https:\\\/\\\/www.btv.md\\\/#\\\/schema\\\/person\\\/8fadce81561b3ce2c34c46dadc4ccbf2\"},\"headline\":\"VIOLURILE DE LA INTERNATUL PSIHONEUROLOGIC DIN B\u0102L\u021aI, F\u0102R\u0102 SENTIN\u021a\u0102\",\"datePublished\":\"2016-05-26T10:19:08+00:00\",\"mainEntityOfPage\":{\"@id\":\"https:\\\/\\\/www.btv.md\\\/ro\\\/violurile-de-la-internatul-psihoneurologic-din-balti-fara-sentinta\\\/\"},\"wordCount\":370,\"image\":{\"@id\":\"https:\\\/\\\/www.btv.md\\\/ro\\\/violurile-de-la-internatul-psihoneurologic-din-balti-fara-sentinta\\\/#primaryimage\"},\"thumbnailUrl\":\"https:\\\/\\\/www.btv.md\\\/wp-content\\\/uploads\\\/2016\\\/05\\\/o-judecatorie-specializata-va-fi-lichidata-si-alta-va-fi-formata-14027.jpg\",\"articleSection\":[\"Incidente\"],\"inLanguage\":\"ro-RO\"},{\"@type\":\"WebPage\",\"@id\":\"https:\\\/\\\/www.btv.md\\\/ro\\\/violurile-de-la-internatul-psihoneurologic-din-balti-fara-sentinta\\\/\",\"url\":\"https:\\\/\\\/www.btv.md\\\/ro\\\/violurile-de-la-internatul-psihoneurologic-din-balti-fara-sentinta\\\/\",\"name\":\"VIOLURILE DE LA INTERNATUL PSIHONEUROLOGIC DIN B\u0102L\u021aI, F\u0102R\u0102 SENTIN\u021a\u0102 - BTV\",\"isPartOf\":{\"@id\":\"https:\\\/\\\/www.btv.md\\\/#website\"},\"primaryImageOfPage\":{\"@id\":\"https:\\\/\\\/www.btv.md\\\/ro\\\/violurile-de-la-internatul-psihoneurologic-din-balti-fara-sentinta\\\/#primaryimage\"},\"image\":{\"@id\":\"https:\\\/\\\/www.btv.md\\\/ro\\\/violurile-de-la-internatul-psihoneurologic-din-balti-fara-sentinta\\\/#primaryimage\"},\"thumbnailUrl\":\"https:\\\/\\\/www.btv.md\\\/wp-content\\\/uploads\\\/2016\\\/05\\\/o-judecatorie-specializata-va-fi-lichidata-si-alta-va-fi-formata-14027.jpg\",\"datePublished\":\"2016-05-26T10:19:08+00:00\",\"author\":{\"@id\":\"https:\\\/\\\/www.btv.md\\\/#\\\/schema\\\/person\\\/8fadce81561b3ce2c34c46dadc4ccbf2\"},\"inLanguage\":\"ro-RO\",\"potentialAction\":[{\"@type\":\"ReadAction\",\"target\":[\"https:\\\/\\\/www.btv.md\\\/ro\\\/violurile-de-la-internatul-psihoneurologic-din-balti-fara-sentinta\\\/\"]}]},{\"@type\":\"ImageObject\",\"inLanguage\":\"ro-RO\",\"@id\":\"https:\\\/\\\/www.btv.md\\\/ro\\\/violurile-de-la-internatul-psihoneurologic-din-balti-fara-sentinta\\\/#primaryimage\",\"url\":\"https:\\\/\\\/www.btv.md\\\/wp-content\\\/uploads\\\/2016\\\/05\\\/o-judecatorie-specializata-va-fi-lichidata-si-alta-va-fi-formata-14027.jpg\",\"contentUrl\":\"https:\\\/\\\/www.btv.md\\\/wp-content\\\/uploads\\\/2016\\\/05\\\/o-judecatorie-specializata-va-fi-lichidata-si-alta-va-fi-formata-14027.jpg\",\"width\":1200,\"height\":674},{\"@type\":\"WebSite\",\"@id\":\"https:\\\/\\\/www.btv.md\\\/#website\",\"url\":\"https:\\\/\\\/www.btv.md\\\/\",\"name\":\"BTV\",\"description\":\"\u0411\u0435\u043b\u044c\u0446\u043a\u043e\u0435 \u0442\u0435\u043b\u0435\u0432\u0438\u0434\u0435\u043d\u0438\u0435\",\"potentialAction\":[{\"@type\":\"SearchAction\",\"target\":{\"@type\":\"EntryPoint\",\"urlTemplate\":\"https:\\\/\\\/www.btv.md\\\/?s={search_term_string}\"},\"query-input\":{\"@type\":\"PropertyValueSpecification\",\"valueRequired\":true,\"valueName\":\"search_term_string\"}}],\"inLanguage\":\"ro-RO\"},{\"@type\":\"Person\",\"@id\":\"https:\\\/\\\/www.btv.md\\\/#\\\/schema\\\/person\\\/8fadce81561b3ce2c34c46dadc4ccbf2\",\"name\":\"admin\"}]}<\/script>\n<!-- \/ Yoast SEO plugin. -->","yoast_head_json":{"title":"VIOLURILE DE LA INTERNATUL PSIHONEUROLOGIC DIN B\u0102L\u021aI, F\u0102R\u0102 SENTIN\u021a\u0102 - BTV","robots":{"index":"index","follow":"follow","max-snippet":"max-snippet:-1","max-image-preview":"max-image-preview:large","max-video-preview":"max-video-preview:-1"},"canonical":"https:\/\/www.btv.md\/ro\/violurile-de-la-internatul-psihoneurologic-din-balti-fara-sentinta\/","og_locale":"ro_RO","og_type":"article","og_title":"VIOLURILE DE LA INTERNATUL PSIHONEUROLOGIC DIN B\u0102L\u021aI, F\u0102R\u0102 SENTIN\u021a\u0102 - BTV","og_description":"Pe 25 mai, a avut loc \u0219edin\u021ba final\u0103 \u00een dosarul violurilor de la Internatul Psihoneurologic din B\u0103l\u0163i. Acest caz a ap\u0103rut \u00een aten\u021bia public\u0103 \u00een februarie 2013, c\u00e2nd o beneficiar\u0103 a internatului \u0219i-a sunat rudele, anun\u021b\u00e2ndu-le c\u0103 a fost violat\u0103, noteaz\u0103 ziarul de gard\u0103. Atunci, la fa\u0163a locului, s-a deplasat grupul operativ al Comisariatului de [&hellip;]","og_url":"https:\/\/www.btv.md\/ro\/violurile-de-la-internatul-psihoneurologic-din-balti-fara-sentinta\/","og_site_name":"BTV","article_publisher":"https:\/\/www.facebook.com\/btvmoldova\/","article_published_time":"2016-05-26T10:19:08+00:00","og_image":[{"width":1200,"height":674,"url":"https:\/\/www.btv.md\/wp-content\/uploads\/2016\/05\/o-judecatorie-specializata-va-fi-lichidata-si-alta-va-fi-formata-14027.jpg","type":"image\/jpeg"}],"author":"admin","twitter_misc":{"Scris de":"admin","Timp estimat pentru citire":"2 minute"},"schema":{"@context":"https:\/\/schema.org","@graph":[{"@type":"Article","@id":"https:\/\/www.btv.md\/ro\/violurile-de-la-internatul-psihoneurologic-din-balti-fara-sentinta\/#article","isPartOf":{"@id":"https:\/\/www.btv.md\/ro\/violurile-de-la-internatul-psihoneurologic-din-balti-fara-sentinta\/"},"author":{"name":"admin","@id":"https:\/\/www.btv.md\/#\/schema\/person\/8fadce81561b3ce2c34c46dadc4ccbf2"},"headline":"VIOLURILE DE LA INTERNATUL PSIHONEUROLOGIC DIN B\u0102L\u021aI, F\u0102R\u0102 SENTIN\u021a\u0102","datePublished":"2016-05-26T10:19:08+00:00","mainEntityOfPage":{"@id":"https:\/\/www.btv.md\/ro\/violurile-de-la-internatul-psihoneurologic-din-balti-fara-sentinta\/"},"wordCount":370,"image":{"@id":"https:\/\/www.btv.md\/ro\/violurile-de-la-internatul-psihoneurologic-din-balti-fara-sentinta\/#primaryimage"},"thumbnailUrl":"https:\/\/www.btv.md\/wp-content\/uploads\/2016\/05\/o-judecatorie-specializata-va-fi-lichidata-si-alta-va-fi-formata-14027.jpg","articleSection":["Incidente"],"inLanguage":"ro-RO"},{"@type":"WebPage","@id":"https:\/\/www.btv.md\/ro\/violurile-de-la-internatul-psihoneurologic-din-balti-fara-sentinta\/","url":"https:\/\/www.btv.md\/ro\/violurile-de-la-internatul-psihoneurologic-din-balti-fara-sentinta\/","name":"VIOLURILE DE LA INTERNATUL PSIHONEUROLOGIC DIN B\u0102L\u021aI, F\u0102R\u0102 SENTIN\u021a\u0102 - BTV","isPartOf":{"@id":"https:\/\/www.btv.md\/#website"},"primaryImageOfPage":{"@id":"https:\/\/www.btv.md\/ro\/violurile-de-la-internatul-psihoneurologic-din-balti-fara-sentinta\/#primaryimage"},"image":{"@id":"https:\/\/www.btv.md\/ro\/violurile-de-la-internatul-psihoneurologic-din-balti-fara-sentinta\/#primaryimage"},"thumbnailUrl":"https:\/\/www.btv.md\/wp-content\/uploads\/2016\/05\/o-judecatorie-specializata-va-fi-lichidata-si-alta-va-fi-formata-14027.jpg","datePublished":"2016-05-26T10:19:08+00:00","author":{"@id":"https:\/\/www.btv.md\/#\/schema\/person\/8fadce81561b3ce2c34c46dadc4ccbf2"},"inLanguage":"ro-RO","potentialAction":[{"@type":"ReadAction","target":["https:\/\/www.btv.md\/ro\/violurile-de-la-internatul-psihoneurologic-din-balti-fara-sentinta\/"]}]},{"@type":"ImageObject","inLanguage":"ro-RO","@id":"https:\/\/www.btv.md\/ro\/violurile-de-la-internatul-psihoneurologic-din-balti-fara-sentinta\/#primaryimage","url":"https:\/\/www.btv.md\/wp-content\/uploads\/2016\/05\/o-judecatorie-specializata-va-fi-lichidata-si-alta-va-fi-formata-14027.jpg","contentUrl":"https:\/\/www.btv.md\/wp-content\/uploads\/2016\/05\/o-judecatorie-specializata-va-fi-lichidata-si-alta-va-fi-formata-14027.jpg","width":1200,"height":674},{"@type":"WebSite","@id":"https:\/\/www.btv.md\/#website","url":"https:\/\/www.btv.md\/","name":"BTV","description":"\u0411\u0435\u043b\u044c\u0446\u043a\u043e\u0435 \u0442\u0435\u043b\u0435\u0432\u0438\u0434\u0435\u043d\u0438\u0435","potentialAction":[{"@type":"SearchAction","target":{"@type":"EntryPoint","urlTemplate":"https:\/\/www.btv.md\/?s={search_term_string}"},"query-input":{"@type":"PropertyValueSpecification","valueRequired":true,"valueName":"search_term_string"}}],"inLanguage":"ro-RO"},{"@type":"Person","@id":"https:\/\/www.btv.md\/#\/schema\/person\/8fadce81561b3ce2c34c46dadc4ccbf2","name":"admin"}]}},"_links":{"self":[{"href":"https:\/\/www.btv.md\/ro\/wp-json\/wp\/v2\/posts\/13497","targetHints":{"allow":["GET"]}}],"collection":[{"href":"https:\/\/www.btv.md\/ro\/wp-json\/wp\/v2\/posts"}],"about":[{"href":"https:\/\/www.btv.md\/ro\/wp-json\/wp\/v2\/types\/post"}],"author":[{"embeddable":true,"href":"https:\/\/www.btv.md\/ro\/wp-json\/wp\/v2\/users\/4"}],"replies":[{"embeddable":true,"href":"https:\/\/www.btv.md\/ro\/wp-json\/wp\/v2\/comments?post=13497"}],"version-history":[{"count":0,"href":"https:\/\/www.btv.md\/ro\/wp-json\/wp\/v2\/posts\/13497\/revisions"}],"wp:featuredmedia":[{"embeddable":true,"href":"https:\/\/www.btv.md\/ro\/wp-json\/wp\/v2\/media\/13498"}],"wp:attachment":[{"href":"https:\/\/www.btv.md\/ro\/wp-json\/wp\/v2\/media?parent=13497"}],"wp:term":[{"taxonomy":"category","embeddable":true,"href":"https:\/\/www.btv.md\/ro\/wp-json\/wp\/v2\/categories?post=13497"},{"taxonomy":"post_tag","embeddable":true,"href":"https:\/\/www.btv.md\/ro\/wp-json\/wp\/v2\/tags?post=13497"}],"curies":[{"name":"wp","href":"https:\/\/api.w.org\/{rel}","templated":true}]}}