{"id":13500,"date":"2016-05-26T13:22:05","date_gmt":"2016-05-26T10:22:05","guid":{"rendered":"http:\/\/btv.md\/?p=13500"},"modified":"2016-05-26T18:52:10","modified_gmt":"2016-05-26T15:52:10","slug":"procurorul-anticoruptie-pana-la-1-august-sor-ar-putea-fi-trimis-in-judecata","status":"publish","type":"post","link":"https:\/\/www.btv.md\/ro\/procurorul-anticoruptie-pana-la-1-august-sor-ar-putea-fi-trimis-in-judecata\/","title":{"rendered":"PROCURORUL ANTICORUP\u021aIE: P\u00c2N\u0102 LA 1 AUGUST \u0218OR AR PUTEA FI TRIMIS \u00ceN JUDECAT\u0102"},"content":{"rendered":"<p><strong>Noul \u0219ef al Procuraturii Anticorup\u021bie, Viorel Morari, anun\u021b\u0103 c\u0103 \u00een cel mai scurt timp vor fi intentate dosare de corup\u021bie pe numele unor persoane importante din diferite partide, noteaz\u0103 <a href=\"http:\/\/independent.md\/procurorul-anticoruptie-pana-la-1-august-ilan-sor-ar-putea-fi-trimis-in-judecata\/#.V0a2N-S4LIU\" target=\"_blank\">independent.md<\/a>.<\/strong><\/p>\n<p>Potrivit lui Morari, p\u00e2n\u0103 la 1 august vor apare dosare anticorup\u021bie cu nume grele, iar dosarul Ilan \u0218or ar putea fi trimis \u00een judecat\u0103. Declara\u021bii \u00een acest sens au fost f\u0103cute \u00een cadrul Clubului de pres\u0103 al jurnali\u015ftilor de investiga\u0163ie, organizat de c\u0103tre Centrul de Investiga\u0163ii Jurnalistice, transmite IPN.<\/p>\n<p>\u201e<em>Vor ap\u0103rea dosare cu nume grele din diferite partide p\u00e2n\u0103 la 1 august 2016. Totodat\u0103, acum analizez dosarele pe care le avem \u015fi voi face tot posibilul ca aceste dosar s\u0103 fie trimise \u00een judecat\u0103, inclusiv dosarul Ilan \u015eor<\/em>\u201d, a spus Morari.<\/p>\n<p>\u00cen alt\u0103 ordine de idei, \u0219eful Procuraturii Anticorup\u021bie a mai declarat c\u0103 p\u00e2n\u0103 la 1 august urmeaz\u0103 s\u0103 fie f\u0103cut\u0103 o reevaluare a cadrelor, iar cei care nu corespuns criteriilor de integritate ar urma s\u0103 fie elibera\u021bi din func\u021bii.<br \/>\nTotodat\u0103, el spune c\u0103 num\u0103rul procurorilor angaja\u021bi \u00een cadrul acestei institu\u021bii urmeaz\u0103 s\u0103 creasc\u0103 de la 32, c\u00e2\u021bi sunt \u00een prezent, p\u00e2n\u0103 la 50.<\/p>\n<p>Viorel Morari a spus c\u0103 a decis s\u0103 vin\u0103 la \u015fefia Procuraturii Anticorup\u0163ie pentru c\u0103 se simte vinovat de cele ce se \u00eent\u00e2mpl\u0103 \u015fi promite schimb\u0103ri p\u00e2n\u0103 la 1 august 2016, \u00een caz contrar \u00ee\u015fi va da demisia. <\/p>\n","protected":false},"excerpt":{"rendered":"<p>Noul \u0219ef al Procuraturii Anticorup\u021bie, Viorel Morari, anun\u021b\u0103 c\u0103 \u00een cel mai scurt timp vor fi intentate dosare de corup\u021bie pe numele unor persoane importante din diferite partide, noteaz\u0103 independent.md. Potrivit lui Morari, p\u00e2n\u0103 la 1 august vor apare dosare anticorup\u021bie cu nume grele, iar dosarul Ilan \u0218or ar putea fi trimis \u00een judecat\u0103. Declara\u021bii [&hellip;]<\/p>\n","protected":false},"author":4,"featured_media":13501,"comment_status":"closed","ping_status":"closed","sticky":false,"template":"","format":"standard","meta":{"footnotes":""},"categories":[6368],"tags":[],"class_list":["post-13500","post","type-post","status-publish","format-standard","has-post-thumbnail","hentry","category-politica-ro"],"yoast_head":"<!-- This site is optimized with the Yoast SEO plugin v27.4 - https:\/\/yoast.com\/product\/yoast-seo-wordpress\/ -->\n<title>PROCURORUL ANTICORUP\u021aIE: P\u00c2N\u0102 LA 1 AUGUST \u0218OR AR PUTEA FI TRIMIS \u00ceN JUDECAT\u0102 - BTV<\/title>\n<meta name=\"robots\" content=\"index, follow, max-snippet:-1, max-image-preview:large, max-video-preview:-1\" \/>\n<link rel=\"canonical\" href=\"https:\/\/www.btv.md\/ro\/procurorul-anticoruptie-pana-la-1-august-sor-ar-putea-fi-trimis-in-judecata\/\" \/>\n<meta property=\"og:locale\" content=\"ro_RO\" \/>\n<meta property=\"og:type\" content=\"article\" \/>\n<meta property=\"og:title\" content=\"PROCURORUL ANTICORUP\u021aIE: P\u00c2N\u0102 LA 1 AUGUST \u0218OR AR PUTEA FI TRIMIS \u00ceN JUDECAT\u0102 - BTV\" \/>\n<meta property=\"og:description\" content=\"Noul \u0219ef al Procuraturii Anticorup\u021bie, Viorel Morari, anun\u021b\u0103 c\u0103 \u00een cel mai scurt timp vor fi intentate dosare de corup\u021bie pe numele unor persoane importante din diferite partide, noteaz\u0103 independent.md. Potrivit lui Morari, p\u00e2n\u0103 la 1 august vor apare dosare anticorup\u021bie cu nume grele, iar dosarul Ilan \u0218or ar putea fi trimis \u00een judecat\u0103. Declara\u021bii [&hellip;]\" \/>\n<meta property=\"og:url\" content=\"https:\/\/www.btv.md\/ro\/procurorul-anticoruptie-pana-la-1-august-sor-ar-putea-fi-trimis-in-judecata\/\" \/>\n<meta property=\"og:site_name\" content=\"BTV\" \/>\n<meta property=\"article:publisher\" content=\"https:\/\/www.facebook.com\/btvmoldova\/\" \/>\n<meta property=\"article:published_time\" content=\"2016-05-26T10:22:05+00:00\" \/>\n<meta property=\"article:modified_time\" content=\"2016-05-26T15:52:10+00:00\" \/>\n<meta property=\"og:image\" content=\"https:\/\/www.btv.md\/wp-content\/uploads\/2016\/05\/morari-640x478.jpg\" \/>\n\t<meta property=\"og:image:width\" content=\"637\" \/>\n\t<meta property=\"og:image:height\" content=\"419\" \/>\n\t<meta property=\"og:image:type\" content=\"image\/jpeg\" \/>\n<meta name=\"author\" content=\"admin\" \/>\n<meta name=\"twitter:label1\" content=\"Scris de\" \/>\n\t<meta name=\"twitter:data1\" content=\"admin\" \/>\n\t<meta name=\"twitter:label2\" content=\"Timp estimat pentru citire\" \/>\n\t<meta name=\"twitter:data2\" content=\"1 minut\" \/>\n<script type=\"application\/ld+json\" class=\"yoast-schema-graph\">{\"@context\":\"https:\\\/\\\/schema.org\",\"@graph\":[{\"@type\":\"Article\",\"@id\":\"https:\\\/\\\/www.btv.md\\\/ro\\\/procurorul-anticoruptie-pana-la-1-august-sor-ar-putea-fi-trimis-in-judecata\\\/#article\",\"isPartOf\":{\"@id\":\"https:\\\/\\\/www.btv.md\\\/ro\\\/procurorul-anticoruptie-pana-la-1-august-sor-ar-putea-fi-trimis-in-judecata\\\/\"},\"author\":{\"name\":\"admin\",\"@id\":\"https:\\\/\\\/www.btv.md\\\/#\\\/schema\\\/person\\\/8fadce81561b3ce2c34c46dadc4ccbf2\"},\"headline\":\"PROCURORUL ANTICORUP\u021aIE: P\u00c2N\u0102 LA 1 AUGUST \u0218OR AR PUTEA FI TRIMIS \u00ceN JUDECAT\u0102\",\"datePublished\":\"2016-05-26T10:22:05+00:00\",\"dateModified\":\"2016-05-26T15:52:10+00:00\",\"mainEntityOfPage\":{\"@id\":\"https:\\\/\\\/www.btv.md\\\/ro\\\/procurorul-anticoruptie-pana-la-1-august-sor-ar-putea-fi-trimis-in-judecata\\\/\"},\"wordCount\":255,\"image\":{\"@id\":\"https:\\\/\\\/www.btv.md\\\/ro\\\/procurorul-anticoruptie-pana-la-1-august-sor-ar-putea-fi-trimis-in-judecata\\\/#primaryimage\"},\"thumbnailUrl\":\"https:\\\/\\\/www.btv.md\\\/wp-content\\\/uploads\\\/2016\\\/05\\\/morari-640x478.jpg\",\"articleSection\":[\"Politic\u0103\"],\"inLanguage\":\"ro-RO\"},{\"@type\":\"WebPage\",\"@id\":\"https:\\\/\\\/www.btv.md\\\/ro\\\/procurorul-anticoruptie-pana-la-1-august-sor-ar-putea-fi-trimis-in-judecata\\\/\",\"url\":\"https:\\\/\\\/www.btv.md\\\/ro\\\/procurorul-anticoruptie-pana-la-1-august-sor-ar-putea-fi-trimis-in-judecata\\\/\",\"name\":\"PROCURORUL ANTICORUP\u021aIE: P\u00c2N\u0102 LA 1 AUGUST \u0218OR AR PUTEA FI TRIMIS \u00ceN JUDECAT\u0102 - BTV\",\"isPartOf\":{\"@id\":\"https:\\\/\\\/www.btv.md\\\/#website\"},\"primaryImageOfPage\":{\"@id\":\"https:\\\/\\\/www.btv.md\\\/ro\\\/procurorul-anticoruptie-pana-la-1-august-sor-ar-putea-fi-trimis-in-judecata\\\/#primaryimage\"},\"image\":{\"@id\":\"https:\\\/\\\/www.btv.md\\\/ro\\\/procurorul-anticoruptie-pana-la-1-august-sor-ar-putea-fi-trimis-in-judecata\\\/#primaryimage\"},\"thumbnailUrl\":\"https:\\\/\\\/www.btv.md\\\/wp-content\\\/uploads\\\/2016\\\/05\\\/morari-640x478.jpg\",\"datePublished\":\"2016-05-26T10:22:05+00:00\",\"dateModified\":\"2016-05-26T15:52:10+00:00\",\"author\":{\"@id\":\"https:\\\/\\\/www.btv.md\\\/#\\\/schema\\\/person\\\/8fadce81561b3ce2c34c46dadc4ccbf2\"},\"inLanguage\":\"ro-RO\",\"potentialAction\":[{\"@type\":\"ReadAction\",\"target\":[\"https:\\\/\\\/www.btv.md\\\/ro\\\/procurorul-anticoruptie-pana-la-1-august-sor-ar-putea-fi-trimis-in-judecata\\\/\"]}]},{\"@type\":\"ImageObject\",\"inLanguage\":\"ro-RO\",\"@id\":\"https:\\\/\\\/www.btv.md\\\/ro\\\/procurorul-anticoruptie-pana-la-1-august-sor-ar-putea-fi-trimis-in-judecata\\\/#primaryimage\",\"url\":\"https:\\\/\\\/www.btv.md\\\/wp-content\\\/uploads\\\/2016\\\/05\\\/morari-640x478.jpg\",\"contentUrl\":\"https:\\\/\\\/www.btv.md\\\/wp-content\\\/uploads\\\/2016\\\/05\\\/morari-640x478.jpg\",\"width\":637,\"height\":419},{\"@type\":\"WebSite\",\"@id\":\"https:\\\/\\\/www.btv.md\\\/#website\",\"url\":\"https:\\\/\\\/www.btv.md\\\/\",\"name\":\"BTV\",\"description\":\"\u0411\u0435\u043b\u044c\u0446\u043a\u043e\u0435 \u0442\u0435\u043b\u0435\u0432\u0438\u0434\u0435\u043d\u0438\u0435\",\"potentialAction\":[{\"@type\":\"SearchAction\",\"target\":{\"@type\":\"EntryPoint\",\"urlTemplate\":\"https:\\\/\\\/www.btv.md\\\/?s={search_term_string}\"},\"query-input\":{\"@type\":\"PropertyValueSpecification\",\"valueRequired\":true,\"valueName\":\"search_term_string\"}}],\"inLanguage\":\"ro-RO\"},{\"@type\":\"Person\",\"@id\":\"https:\\\/\\\/www.btv.md\\\/#\\\/schema\\\/person\\\/8fadce81561b3ce2c34c46dadc4ccbf2\",\"name\":\"admin\"}]}<\/script>\n<!-- \/ Yoast SEO plugin. -->","yoast_head_json":{"title":"PROCURORUL ANTICORUP\u021aIE: P\u00c2N\u0102 LA 1 AUGUST \u0218OR AR PUTEA FI TRIMIS \u00ceN JUDECAT\u0102 - BTV","robots":{"index":"index","follow":"follow","max-snippet":"max-snippet:-1","max-image-preview":"max-image-preview:large","max-video-preview":"max-video-preview:-1"},"canonical":"https:\/\/www.btv.md\/ro\/procurorul-anticoruptie-pana-la-1-august-sor-ar-putea-fi-trimis-in-judecata\/","og_locale":"ro_RO","og_type":"article","og_title":"PROCURORUL ANTICORUP\u021aIE: P\u00c2N\u0102 LA 1 AUGUST \u0218OR AR PUTEA FI TRIMIS \u00ceN JUDECAT\u0102 - BTV","og_description":"Noul \u0219ef al Procuraturii Anticorup\u021bie, Viorel Morari, anun\u021b\u0103 c\u0103 \u00een cel mai scurt timp vor fi intentate dosare de corup\u021bie pe numele unor persoane importante din diferite partide, noteaz\u0103 independent.md. Potrivit lui Morari, p\u00e2n\u0103 la 1 august vor apare dosare anticorup\u021bie cu nume grele, iar dosarul Ilan \u0218or ar putea fi trimis \u00een judecat\u0103. Declara\u021bii [&hellip;]","og_url":"https:\/\/www.btv.md\/ro\/procurorul-anticoruptie-pana-la-1-august-sor-ar-putea-fi-trimis-in-judecata\/","og_site_name":"BTV","article_publisher":"https:\/\/www.facebook.com\/btvmoldova\/","article_published_time":"2016-05-26T10:22:05+00:00","article_modified_time":"2016-05-26T15:52:10+00:00","og_image":[{"width":637,"height":419,"url":"https:\/\/www.btv.md\/wp-content\/uploads\/2016\/05\/morari-640x478.jpg","type":"image\/jpeg"}],"author":"admin","twitter_misc":{"Scris de":"admin","Timp estimat pentru citire":"1 minut"},"schema":{"@context":"https:\/\/schema.org","@graph":[{"@type":"Article","@id":"https:\/\/www.btv.md\/ro\/procurorul-anticoruptie-pana-la-1-august-sor-ar-putea-fi-trimis-in-judecata\/#article","isPartOf":{"@id":"https:\/\/www.btv.md\/ro\/procurorul-anticoruptie-pana-la-1-august-sor-ar-putea-fi-trimis-in-judecata\/"},"author":{"name":"admin","@id":"https:\/\/www.btv.md\/#\/schema\/person\/8fadce81561b3ce2c34c46dadc4ccbf2"},"headline":"PROCURORUL ANTICORUP\u021aIE: P\u00c2N\u0102 LA 1 AUGUST \u0218OR AR PUTEA FI TRIMIS \u00ceN JUDECAT\u0102","datePublished":"2016-05-26T10:22:05+00:00","dateModified":"2016-05-26T15:52:10+00:00","mainEntityOfPage":{"@id":"https:\/\/www.btv.md\/ro\/procurorul-anticoruptie-pana-la-1-august-sor-ar-putea-fi-trimis-in-judecata\/"},"wordCount":255,"image":{"@id":"https:\/\/www.btv.md\/ro\/procurorul-anticoruptie-pana-la-1-august-sor-ar-putea-fi-trimis-in-judecata\/#primaryimage"},"thumbnailUrl":"https:\/\/www.btv.md\/wp-content\/uploads\/2016\/05\/morari-640x478.jpg","articleSection":["Politic\u0103"],"inLanguage":"ro-RO"},{"@type":"WebPage","@id":"https:\/\/www.btv.md\/ro\/procurorul-anticoruptie-pana-la-1-august-sor-ar-putea-fi-trimis-in-judecata\/","url":"https:\/\/www.btv.md\/ro\/procurorul-anticoruptie-pana-la-1-august-sor-ar-putea-fi-trimis-in-judecata\/","name":"PROCURORUL ANTICORUP\u021aIE: P\u00c2N\u0102 LA 1 AUGUST \u0218OR AR PUTEA FI TRIMIS \u00ceN JUDECAT\u0102 - BTV","isPartOf":{"@id":"https:\/\/www.btv.md\/#website"},"primaryImageOfPage":{"@id":"https:\/\/www.btv.md\/ro\/procurorul-anticoruptie-pana-la-1-august-sor-ar-putea-fi-trimis-in-judecata\/#primaryimage"},"image":{"@id":"https:\/\/www.btv.md\/ro\/procurorul-anticoruptie-pana-la-1-august-sor-ar-putea-fi-trimis-in-judecata\/#primaryimage"},"thumbnailUrl":"https:\/\/www.btv.md\/wp-content\/uploads\/2016\/05\/morari-640x478.jpg","datePublished":"2016-05-26T10:22:05+00:00","dateModified":"2016-05-26T15:52:10+00:00","author":{"@id":"https:\/\/www.btv.md\/#\/schema\/person\/8fadce81561b3ce2c34c46dadc4ccbf2"},"inLanguage":"ro-RO","potentialAction":[{"@type":"ReadAction","target":["https:\/\/www.btv.md\/ro\/procurorul-anticoruptie-pana-la-1-august-sor-ar-putea-fi-trimis-in-judecata\/"]}]},{"@type":"ImageObject","inLanguage":"ro-RO","@id":"https:\/\/www.btv.md\/ro\/procurorul-anticoruptie-pana-la-1-august-sor-ar-putea-fi-trimis-in-judecata\/#primaryimage","url":"https:\/\/www.btv.md\/wp-content\/uploads\/2016\/05\/morari-640x478.jpg","contentUrl":"https:\/\/www.btv.md\/wp-content\/uploads\/2016\/05\/morari-640x478.jpg","width":637,"height":419},{"@type":"WebSite","@id":"https:\/\/www.btv.md\/#website","url":"https:\/\/www.btv.md\/","name":"BTV","description":"\u0411\u0435\u043b\u044c\u0446\u043a\u043e\u0435 \u0442\u0435\u043b\u0435\u0432\u0438\u0434\u0435\u043d\u0438\u0435","potentialAction":[{"@type":"SearchAction","target":{"@type":"EntryPoint","urlTemplate":"https:\/\/www.btv.md\/?s={search_term_string}"},"query-input":{"@type":"PropertyValueSpecification","valueRequired":true,"valueName":"search_term_string"}}],"inLanguage":"ro-RO"},{"@type":"Person","@id":"https:\/\/www.btv.md\/#\/schema\/person\/8fadce81561b3ce2c34c46dadc4ccbf2","name":"admin"}]}},"_links":{"self":[{"href":"https:\/\/www.btv.md\/ro\/wp-json\/wp\/v2\/posts\/13500","targetHints":{"allow":["GET"]}}],"collection":[{"href":"https:\/\/www.btv.md\/ro\/wp-json\/wp\/v2\/posts"}],"about":[{"href":"https:\/\/www.btv.md\/ro\/wp-json\/wp\/v2\/types\/post"}],"author":[{"embeddable":true,"href":"https:\/\/www.btv.md\/ro\/wp-json\/wp\/v2\/users\/4"}],"replies":[{"embeddable":true,"href":"https:\/\/www.btv.md\/ro\/wp-json\/wp\/v2\/comments?post=13500"}],"version-history":[{"count":0,"href":"https:\/\/www.btv.md\/ro\/wp-json\/wp\/v2\/posts\/13500\/revisions"}],"wp:featuredmedia":[{"embeddable":true,"href":"https:\/\/www.btv.md\/ro\/wp-json\/wp\/v2\/media\/13501"}],"wp:attachment":[{"href":"https:\/\/www.btv.md\/ro\/wp-json\/wp\/v2\/media?parent=13500"}],"wp:term":[{"taxonomy":"category","embeddable":true,"href":"https:\/\/www.btv.md\/ro\/wp-json\/wp\/v2\/categories?post=13500"},{"taxonomy":"post_tag","embeddable":true,"href":"https:\/\/www.btv.md\/ro\/wp-json\/wp\/v2\/tags?post=13500"}],"curies":[{"name":"wp","href":"https:\/\/api.w.org\/{rel}","templated":true}]}}