{"id":136096,"date":"2021-07-11T12:21:33","date_gmt":"2021-07-11T09:21:33","guid":{"rendered":"https:\/\/www.btv.md\/?p=136096"},"modified":"2021-07-11T12:21:33","modified_gmt":"2021-07-11T09:21:33","slug":"un-barbat-din-balti-care-a-votat-pentru-partidul-sor-a-fotografiat-buletinul-de-vot","status":"publish","type":"post","link":"https:\/\/www.btv.md\/ro\/un-barbat-din-balti-care-a-votat-pentru-partidul-sor-a-fotografiat-buletinul-de-vot\/","title":{"rendered":"Un b\u0103rbat din B\u0103l\u021bi, care a votat pentru partidul ,,\u0218OR\u201d a fotografiat buletinul de vot"},"content":{"rendered":"<p><strong>\u00cen municipiul B\u0103l\u021bi a fost \u00eenregistrat\u0103 o \u00eenc\u0103lcare \u00een desf\u0103\u0219urarea alegerilor parlamentare. Un locuitor al municipiului B\u0103l\u021bi, care a votat pentru partidul ,,\u0218or\u201d \u00a0a fotografiat buletinul de vot. Ulterior, membrii Comisiei Electorale l-au obligat s\u0103 \u0219tearg\u0103 fotografia. Men\u021bion\u0103m c\u0103 regulamentul CEC interzice, ca aleg\u0103torii s\u0103 fac\u0103 fotogravii buletinelor de vot. \u00a0<\/strong><\/p>\n<p>P\u00e2n\u0103 la aceast\u0103 or\u0103, au votat cel pu\u021bin 19 mii de b\u0103l\u021beni. Datele au fost prezentate de c\u0103tre Comisia electoral\u0103 de circumscrip\u021bie B\u0103l\u021bi la ora 12:00. Astfel, prezen\u021ba la vot \u00een municipiul B\u0103l\u021bi este de circa 19 % .<\/p>\n<p>Cele mai active sunt persoanele v\u00e2rstnice. Circa la sut\u0103 dintre b\u0103l\u021benii, care au votat p\u00e2n\u0103 acum, au v\u00eersta cuprins\u0103 \u00eentre 56-70 de ani. Iar cei mai pasivi sunt tinerii, dintre care doar pu\u021bin peste 5 % au ie\u0219it s\u0103-\u0219i exercite dreptul la vot.<\/p>\n<p>Totodat\u0103 Comisia Electoral\u0103 Central\u0103 precizeaz\u0103 c\u0103 p\u00e2n\u0103 acum \u0219i-au exprimat dreptul de vot\u00a0 567601 de oameni \u00a0. Adic\u0103 prezen\u021ba la vot p\u00e2n\u0103 la ora 12:00 este de circa 21%. Cele mai active sunt femeile, cu un coeficient de 53 %, iar b\u0103rba\u021bii cu o prezen\u021b\u0103 de 47%. Tinerii r\u0103m\u00e2n \u00een continuare pasivi, doar 4,81% dintre ace\u0219tea s-au prezentat p\u00e2n\u0103 acum la vot. \u00cen str\u0103in\u0103tate se \u00eenregistreaz\u0103 o mobilizare f\u0103r\u0103 precedent. Moldovenii au f\u0103cut cozi la sec\u021biile de votare din str\u0103in\u0103tate, \u00eenc\u0103 din primele ore ale dimine\u021bii. P\u00e2n\u0103 acum au reu\u0219it s\u0103 voteze peste 73 de mii.<\/p>\n","protected":false},"excerpt":{"rendered":"<p>\u00cen municipiul B\u0103l\u021bi a fost \u00eenregistrat\u0103 o \u00eenc\u0103lcare \u00een desf\u0103\u0219urarea alegerilor parlamentare. Un locuitor al municipiului B\u0103l\u021bi, care a votat pentru partidul ,,\u0218or\u201d \u00a0a fotografiat buletinul de vot. Ulterior, membrii Comisiei Electorale l-au obligat s\u0103 \u0219tearg\u0103 fotografia. Men\u021bion\u0103m c\u0103 regulamentul CEC interzice, ca aleg\u0103torii s\u0103 fac\u0103 fotogravii buletinelor de vot. \u00a0 P\u00e2n\u0103 la aceast\u0103 or\u0103, [&hellip;]<\/p>\n","protected":false},"author":4,"featured_media":136097,"comment_status":"closed","ping_status":"closed","sticky":false,"template":"","format":"standard","meta":{"footnotes":""},"categories":[27535,6368],"tags":[27560,27561,6810],"class_list":["post-136096","post","type-post","status-publish","format-standard","has-post-thumbnail","hentry","category-anticipate-2021","category-politica-ro","tag-care-a-votat-pentru-partidul","tag-sor-a-fotografiat-buletinul-de-vot","tag-un-barbat-din-balti"],"yoast_head":"<!-- This site is optimized with the Yoast SEO plugin v27.4 - https:\/\/yoast.com\/product\/yoast-seo-wordpress\/ -->\n<title>Un b\u0103rbat din B\u0103l\u021bi, care a votat pentru partidul ,,\u0218OR\u201d a fotografiat buletinul de vot - BTV<\/title>\n<meta name=\"robots\" content=\"index, follow, max-snippet:-1, max-image-preview:large, max-video-preview:-1\" \/>\n<link rel=\"canonical\" href=\"https:\/\/www.btv.md\/ro\/un-barbat-din-balti-care-a-votat-pentru-partidul-sor-a-fotografiat-buletinul-de-vot\/\" \/>\n<meta property=\"og:locale\" content=\"ro_RO\" \/>\n<meta property=\"og:type\" content=\"article\" \/>\n<meta property=\"og:title\" content=\"Un b\u0103rbat din B\u0103l\u021bi, care a votat pentru partidul ,,\u0218OR\u201d a fotografiat buletinul de vot - BTV\" \/>\n<meta property=\"og:description\" content=\"\u00cen municipiul B\u0103l\u021bi a fost \u00eenregistrat\u0103 o \u00eenc\u0103lcare \u00een desf\u0103\u0219urarea alegerilor parlamentare. Un locuitor al municipiului B\u0103l\u021bi, care a votat pentru partidul ,,\u0218or\u201d \u00a0a fotografiat buletinul de vot. Ulterior, membrii Comisiei Electorale l-au obligat s\u0103 \u0219tearg\u0103 fotografia. Men\u021bion\u0103m c\u0103 regulamentul CEC interzice, ca aleg\u0103torii s\u0103 fac\u0103 fotogravii buletinelor de vot. \u00a0 P\u00e2n\u0103 la aceast\u0103 or\u0103, [&hellip;]\" \/>\n<meta property=\"og:url\" content=\"https:\/\/www.btv.md\/ro\/un-barbat-din-balti-care-a-votat-pentru-partidul-sor-a-fotografiat-buletinul-de-vot\/\" \/>\n<meta property=\"og:site_name\" content=\"BTV\" \/>\n<meta property=\"article:publisher\" content=\"https:\/\/www.facebook.com\/btvmoldova\/\" \/>\n<meta property=\"article:published_time\" content=\"2021-07-11T09:21:33+00:00\" \/>\n<meta property=\"og:image\" content=\"https:\/\/www.btv.md\/wp-content\/uploads\/2021\/07\/peste-61-000-de-moldoveni-au-stricat-buletinele-de-vot-pe-circumscriptiile-uninominale-cati-bani-a-costat-votul-de-protest-55024-1551880072-920x518-1624371315snvktnd.jpeg\" \/>\n\t<meta property=\"og:image:width\" content=\"700\" \/>\n\t<meta property=\"og:image:height\" content=\"394\" \/>\n\t<meta property=\"og:image:type\" content=\"image\/jpeg\" \/>\n<meta name=\"author\" content=\"admin\" \/>\n<meta name=\"twitter:label1\" content=\"Scris de\" \/>\n\t<meta name=\"twitter:data1\" content=\"admin\" \/>\n\t<meta name=\"twitter:label2\" content=\"Timp estimat pentru citire\" \/>\n\t<meta name=\"twitter:data2\" content=\"1 minut\" \/>\n<script type=\"application\/ld+json\" class=\"yoast-schema-graph\">{\"@context\":\"https:\\\/\\\/schema.org\",\"@graph\":[{\"@type\":\"Article\",\"@id\":\"https:\\\/\\\/www.btv.md\\\/ro\\\/un-barbat-din-balti-care-a-votat-pentru-partidul-sor-a-fotografiat-buletinul-de-vot\\\/#article\",\"isPartOf\":{\"@id\":\"https:\\\/\\\/www.btv.md\\\/ro\\\/un-barbat-din-balti-care-a-votat-pentru-partidul-sor-a-fotografiat-buletinul-de-vot\\\/\"},\"author\":{\"name\":\"admin\",\"@id\":\"https:\\\/\\\/www.btv.md\\\/#\\\/schema\\\/person\\\/8fadce81561b3ce2c34c46dadc4ccbf2\"},\"headline\":\"Un b\u0103rbat din B\u0103l\u021bi, care a votat pentru partidul ,,\u0218OR\u201d a fotografiat buletinul de vot\",\"datePublished\":\"2021-07-11T09:21:33+00:00\",\"mainEntityOfPage\":{\"@id\":\"https:\\\/\\\/www.btv.md\\\/ro\\\/un-barbat-din-balti-care-a-votat-pentru-partidul-sor-a-fotografiat-buletinul-de-vot\\\/\"},\"wordCount\":278,\"image\":{\"@id\":\"https:\\\/\\\/www.btv.md\\\/ro\\\/un-barbat-din-balti-care-a-votat-pentru-partidul-sor-a-fotografiat-buletinul-de-vot\\\/#primaryimage\"},\"thumbnailUrl\":\"https:\\\/\\\/www.btv.md\\\/wp-content\\\/uploads\\\/2021\\\/07\\\/peste-61-000-de-moldoveni-au-stricat-buletinele-de-vot-pe-circumscriptiile-uninominale-cati-bani-a-costat-votul-de-protest-55024-1551880072-920x518-1624371315snvktnd.jpeg\",\"keywords\":[\"care a votat pentru partidul\",\"\u0218OR\u201d a fotografiat buletinul de vot\",\"UN B\u0102RBAT DIN B\u0102L\u021aI\"],\"articleSection\":[\"Anticipate 2021\",\"Politic\u0103\"],\"inLanguage\":\"ro-RO\"},{\"@type\":\"WebPage\",\"@id\":\"https:\\\/\\\/www.btv.md\\\/ro\\\/un-barbat-din-balti-care-a-votat-pentru-partidul-sor-a-fotografiat-buletinul-de-vot\\\/\",\"url\":\"https:\\\/\\\/www.btv.md\\\/ro\\\/un-barbat-din-balti-care-a-votat-pentru-partidul-sor-a-fotografiat-buletinul-de-vot\\\/\",\"name\":\"Un b\u0103rbat din B\u0103l\u021bi, care a votat pentru partidul ,,\u0218OR\u201d a fotografiat buletinul de vot - BTV\",\"isPartOf\":{\"@id\":\"https:\\\/\\\/www.btv.md\\\/#website\"},\"primaryImageOfPage\":{\"@id\":\"https:\\\/\\\/www.btv.md\\\/ro\\\/un-barbat-din-balti-care-a-votat-pentru-partidul-sor-a-fotografiat-buletinul-de-vot\\\/#primaryimage\"},\"image\":{\"@id\":\"https:\\\/\\\/www.btv.md\\\/ro\\\/un-barbat-din-balti-care-a-votat-pentru-partidul-sor-a-fotografiat-buletinul-de-vot\\\/#primaryimage\"},\"thumbnailUrl\":\"https:\\\/\\\/www.btv.md\\\/wp-content\\\/uploads\\\/2021\\\/07\\\/peste-61-000-de-moldoveni-au-stricat-buletinele-de-vot-pe-circumscriptiile-uninominale-cati-bani-a-costat-votul-de-protest-55024-1551880072-920x518-1624371315snvktnd.jpeg\",\"datePublished\":\"2021-07-11T09:21:33+00:00\",\"author\":{\"@id\":\"https:\\\/\\\/www.btv.md\\\/#\\\/schema\\\/person\\\/8fadce81561b3ce2c34c46dadc4ccbf2\"},\"inLanguage\":\"ro-RO\",\"potentialAction\":[{\"@type\":\"ReadAction\",\"target\":[\"https:\\\/\\\/www.btv.md\\\/ro\\\/un-barbat-din-balti-care-a-votat-pentru-partidul-sor-a-fotografiat-buletinul-de-vot\\\/\"]}]},{\"@type\":\"ImageObject\",\"inLanguage\":\"ro-RO\",\"@id\":\"https:\\\/\\\/www.btv.md\\\/ro\\\/un-barbat-din-balti-care-a-votat-pentru-partidul-sor-a-fotografiat-buletinul-de-vot\\\/#primaryimage\",\"url\":\"https:\\\/\\\/www.btv.md\\\/wp-content\\\/uploads\\\/2021\\\/07\\\/peste-61-000-de-moldoveni-au-stricat-buletinele-de-vot-pe-circumscriptiile-uninominale-cati-bani-a-costat-votul-de-protest-55024-1551880072-920x518-1624371315snvktnd.jpeg\",\"contentUrl\":\"https:\\\/\\\/www.btv.md\\\/wp-content\\\/uploads\\\/2021\\\/07\\\/peste-61-000-de-moldoveni-au-stricat-buletinele-de-vot-pe-circumscriptiile-uninominale-cati-bani-a-costat-votul-de-protest-55024-1551880072-920x518-1624371315snvktnd.jpeg\",\"width\":700,\"height\":394},{\"@type\":\"WebSite\",\"@id\":\"https:\\\/\\\/www.btv.md\\\/#website\",\"url\":\"https:\\\/\\\/www.btv.md\\\/\",\"name\":\"BTV\",\"description\":\"\u0411\u0435\u043b\u044c\u0446\u043a\u043e\u0435 \u0442\u0435\u043b\u0435\u0432\u0438\u0434\u0435\u043d\u0438\u0435\",\"potentialAction\":[{\"@type\":\"SearchAction\",\"target\":{\"@type\":\"EntryPoint\",\"urlTemplate\":\"https:\\\/\\\/www.btv.md\\\/?s={search_term_string}\"},\"query-input\":{\"@type\":\"PropertyValueSpecification\",\"valueRequired\":true,\"valueName\":\"search_term_string\"}}],\"inLanguage\":\"ro-RO\"},{\"@type\":\"Person\",\"@id\":\"https:\\\/\\\/www.btv.md\\\/#\\\/schema\\\/person\\\/8fadce81561b3ce2c34c46dadc4ccbf2\",\"name\":\"admin\"}]}<\/script>\n<!-- \/ Yoast SEO plugin. -->","yoast_head_json":{"title":"Un b\u0103rbat din B\u0103l\u021bi, care a votat pentru partidul ,,\u0218OR\u201d a fotografiat buletinul de vot - BTV","robots":{"index":"index","follow":"follow","max-snippet":"max-snippet:-1","max-image-preview":"max-image-preview:large","max-video-preview":"max-video-preview:-1"},"canonical":"https:\/\/www.btv.md\/ro\/un-barbat-din-balti-care-a-votat-pentru-partidul-sor-a-fotografiat-buletinul-de-vot\/","og_locale":"ro_RO","og_type":"article","og_title":"Un b\u0103rbat din B\u0103l\u021bi, care a votat pentru partidul ,,\u0218OR\u201d a fotografiat buletinul de vot - BTV","og_description":"\u00cen municipiul B\u0103l\u021bi a fost \u00eenregistrat\u0103 o \u00eenc\u0103lcare \u00een desf\u0103\u0219urarea alegerilor parlamentare. Un locuitor al municipiului B\u0103l\u021bi, care a votat pentru partidul ,,\u0218or\u201d \u00a0a fotografiat buletinul de vot. Ulterior, membrii Comisiei Electorale l-au obligat s\u0103 \u0219tearg\u0103 fotografia. Men\u021bion\u0103m c\u0103 regulamentul CEC interzice, ca aleg\u0103torii s\u0103 fac\u0103 fotogravii buletinelor de vot. \u00a0 P\u00e2n\u0103 la aceast\u0103 or\u0103, [&hellip;]","og_url":"https:\/\/www.btv.md\/ro\/un-barbat-din-balti-care-a-votat-pentru-partidul-sor-a-fotografiat-buletinul-de-vot\/","og_site_name":"BTV","article_publisher":"https:\/\/www.facebook.com\/btvmoldova\/","article_published_time":"2021-07-11T09:21:33+00:00","og_image":[{"width":700,"height":394,"url":"https:\/\/www.btv.md\/wp-content\/uploads\/2021\/07\/peste-61-000-de-moldoveni-au-stricat-buletinele-de-vot-pe-circumscriptiile-uninominale-cati-bani-a-costat-votul-de-protest-55024-1551880072-920x518-1624371315snvktnd.jpeg","type":"image\/jpeg"}],"author":"admin","twitter_misc":{"Scris de":"admin","Timp estimat pentru citire":"1 minut"},"schema":{"@context":"https:\/\/schema.org","@graph":[{"@type":"Article","@id":"https:\/\/www.btv.md\/ro\/un-barbat-din-balti-care-a-votat-pentru-partidul-sor-a-fotografiat-buletinul-de-vot\/#article","isPartOf":{"@id":"https:\/\/www.btv.md\/ro\/un-barbat-din-balti-care-a-votat-pentru-partidul-sor-a-fotografiat-buletinul-de-vot\/"},"author":{"name":"admin","@id":"https:\/\/www.btv.md\/#\/schema\/person\/8fadce81561b3ce2c34c46dadc4ccbf2"},"headline":"Un b\u0103rbat din B\u0103l\u021bi, care a votat pentru partidul ,,\u0218OR\u201d a fotografiat buletinul de vot","datePublished":"2021-07-11T09:21:33+00:00","mainEntityOfPage":{"@id":"https:\/\/www.btv.md\/ro\/un-barbat-din-balti-care-a-votat-pentru-partidul-sor-a-fotografiat-buletinul-de-vot\/"},"wordCount":278,"image":{"@id":"https:\/\/www.btv.md\/ro\/un-barbat-din-balti-care-a-votat-pentru-partidul-sor-a-fotografiat-buletinul-de-vot\/#primaryimage"},"thumbnailUrl":"https:\/\/www.btv.md\/wp-content\/uploads\/2021\/07\/peste-61-000-de-moldoveni-au-stricat-buletinele-de-vot-pe-circumscriptiile-uninominale-cati-bani-a-costat-votul-de-protest-55024-1551880072-920x518-1624371315snvktnd.jpeg","keywords":["care a votat pentru partidul","\u0218OR\u201d a fotografiat buletinul de vot","UN B\u0102RBAT DIN B\u0102L\u021aI"],"articleSection":["Anticipate 2021","Politic\u0103"],"inLanguage":"ro-RO"},{"@type":"WebPage","@id":"https:\/\/www.btv.md\/ro\/un-barbat-din-balti-care-a-votat-pentru-partidul-sor-a-fotografiat-buletinul-de-vot\/","url":"https:\/\/www.btv.md\/ro\/un-barbat-din-balti-care-a-votat-pentru-partidul-sor-a-fotografiat-buletinul-de-vot\/","name":"Un b\u0103rbat din B\u0103l\u021bi, care a votat pentru partidul ,,\u0218OR\u201d a fotografiat buletinul de vot - BTV","isPartOf":{"@id":"https:\/\/www.btv.md\/#website"},"primaryImageOfPage":{"@id":"https:\/\/www.btv.md\/ro\/un-barbat-din-balti-care-a-votat-pentru-partidul-sor-a-fotografiat-buletinul-de-vot\/#primaryimage"},"image":{"@id":"https:\/\/www.btv.md\/ro\/un-barbat-din-balti-care-a-votat-pentru-partidul-sor-a-fotografiat-buletinul-de-vot\/#primaryimage"},"thumbnailUrl":"https:\/\/www.btv.md\/wp-content\/uploads\/2021\/07\/peste-61-000-de-moldoveni-au-stricat-buletinele-de-vot-pe-circumscriptiile-uninominale-cati-bani-a-costat-votul-de-protest-55024-1551880072-920x518-1624371315snvktnd.jpeg","datePublished":"2021-07-11T09:21:33+00:00","author":{"@id":"https:\/\/www.btv.md\/#\/schema\/person\/8fadce81561b3ce2c34c46dadc4ccbf2"},"inLanguage":"ro-RO","potentialAction":[{"@type":"ReadAction","target":["https:\/\/www.btv.md\/ro\/un-barbat-din-balti-care-a-votat-pentru-partidul-sor-a-fotografiat-buletinul-de-vot\/"]}]},{"@type":"ImageObject","inLanguage":"ro-RO","@id":"https:\/\/www.btv.md\/ro\/un-barbat-din-balti-care-a-votat-pentru-partidul-sor-a-fotografiat-buletinul-de-vot\/#primaryimage","url":"https:\/\/www.btv.md\/wp-content\/uploads\/2021\/07\/peste-61-000-de-moldoveni-au-stricat-buletinele-de-vot-pe-circumscriptiile-uninominale-cati-bani-a-costat-votul-de-protest-55024-1551880072-920x518-1624371315snvktnd.jpeg","contentUrl":"https:\/\/www.btv.md\/wp-content\/uploads\/2021\/07\/peste-61-000-de-moldoveni-au-stricat-buletinele-de-vot-pe-circumscriptiile-uninominale-cati-bani-a-costat-votul-de-protest-55024-1551880072-920x518-1624371315snvktnd.jpeg","width":700,"height":394},{"@type":"WebSite","@id":"https:\/\/www.btv.md\/#website","url":"https:\/\/www.btv.md\/","name":"BTV","description":"\u0411\u0435\u043b\u044c\u0446\u043a\u043e\u0435 \u0442\u0435\u043b\u0435\u0432\u0438\u0434\u0435\u043d\u0438\u0435","potentialAction":[{"@type":"SearchAction","target":{"@type":"EntryPoint","urlTemplate":"https:\/\/www.btv.md\/?s={search_term_string}"},"query-input":{"@type":"PropertyValueSpecification","valueRequired":true,"valueName":"search_term_string"}}],"inLanguage":"ro-RO"},{"@type":"Person","@id":"https:\/\/www.btv.md\/#\/schema\/person\/8fadce81561b3ce2c34c46dadc4ccbf2","name":"admin"}]}},"_links":{"self":[{"href":"https:\/\/www.btv.md\/ro\/wp-json\/wp\/v2\/posts\/136096","targetHints":{"allow":["GET"]}}],"collection":[{"href":"https:\/\/www.btv.md\/ro\/wp-json\/wp\/v2\/posts"}],"about":[{"href":"https:\/\/www.btv.md\/ro\/wp-json\/wp\/v2\/types\/post"}],"author":[{"embeddable":true,"href":"https:\/\/www.btv.md\/ro\/wp-json\/wp\/v2\/users\/4"}],"replies":[{"embeddable":true,"href":"https:\/\/www.btv.md\/ro\/wp-json\/wp\/v2\/comments?post=136096"}],"version-history":[{"count":0,"href":"https:\/\/www.btv.md\/ro\/wp-json\/wp\/v2\/posts\/136096\/revisions"}],"wp:featuredmedia":[{"embeddable":true,"href":"https:\/\/www.btv.md\/ro\/wp-json\/wp\/v2\/media\/136097"}],"wp:attachment":[{"href":"https:\/\/www.btv.md\/ro\/wp-json\/wp\/v2\/media?parent=136096"}],"wp:term":[{"taxonomy":"category","embeddable":true,"href":"https:\/\/www.btv.md\/ro\/wp-json\/wp\/v2\/categories?post=136096"},{"taxonomy":"post_tag","embeddable":true,"href":"https:\/\/www.btv.md\/ro\/wp-json\/wp\/v2\/tags?post=136096"}],"curies":[{"name":"wp","href":"https:\/\/api.w.org\/{rel}","templated":true}]}}