{"id":136136,"date":"2021-07-11T13:45:12","date_gmt":"2021-07-11T10:45:12","guid":{"rendered":"https:\/\/www.btv.md\/?p=136136"},"modified":"2021-07-11T13:45:12","modified_gmt":"2021-07-11T10:45:12","slug":"transport-organizat-la-moscova","status":"publish","type":"post","link":"https:\/\/www.btv.md\/ro\/transport-organizat-la-moscova\/","title":{"rendered":"Transport organizat la Moscova"},"content":{"rendered":"<p><strong>Angaja\u021bii moldoveni ai unei uzine din Rusia ar fi transporta\u021bi organizat la sec\u021biile de vot. Cel pu\u021bin asta sus\u021bine un cititor tv8.md care ne-a transmis imaginile video. Potrivit lui, cazul a avut loc ast\u0103zi, la uzina Ermolino din regiunea Kaluga, scrie <a href=\"https:\/\/tv8.md\/2021\/07\/11\/video-inca-un-caz-de-transportare-organizata-a-alegatorilor-inregistrat-in-rusia\/\">tv8.md<\/a>.<\/strong><\/p>\n<p><iframe title=\"Transport organizat la o uzin\u0103 din Rusia\" width=\"1170\" height=\"658\" data-src=\"https:\/\/www.youtube.com\/embed\/EgmiownfnfM?wmode=transparent&amp;rel=0&amp;feature=oembed\" frameborder=\"0\" allow=\"accelerometer; autoplay; clipboard-write; encrypted-media; gyroscope; picture-in-picture\" allowfullscreen src=\"data:image\/svg+xml;base64,PHN2ZyB3aWR0aD0iMSIgaGVpZ2h0PSIxIiB4bWxucz0iaHR0cDovL3d3dy53My5vcmcvMjAwMC9zdmciPjwvc3ZnPg==\" class=\"lazyload\" data-load-mode=\"1\"><\/iframe><\/p>\n<p>Un caz similar ne-a fost raportat \u0219i dintr-o suburbie a Moscovei, Federa\u021bia Rus\u0103. Acolo mai mul\u021bi cet\u0103\u021beni, de asemenea, sunt adu\u0219i organizat la sec\u021bia de vot.Autorul imaginilor sus\u021bine c\u0103 transportarea ar fi monitorizat\u0103 de c\u0103tre un b\u0103rbat, iar oamenii urca\u021bi \u00een autocar sunt scri\u0219i pe o list\u0103.<\/p>\n<p>Foto: tv8.md.<\/p>\n","protected":false},"excerpt":{"rendered":"<p>Angaja\u021bii moldoveni ai unei uzine din Rusia ar fi transporta\u021bi organizat la sec\u021biile de vot. Cel pu\u021bin asta sus\u021bine un cititor tv8.md care ne-a transmis imaginile video. Potrivit lui, cazul a avut loc ast\u0103zi, la uzina Ermolino din regiunea Kaluga, scrie tv8.md. Un caz similar ne-a fost raportat \u0219i dintr-o suburbie a Moscovei, Federa\u021bia Rus\u0103. [&hellip;]<\/p>\n","protected":false},"author":4,"featured_media":136137,"comment_status":"closed","ping_status":"closed","sticky":false,"template":"","format":"standard","meta":{"footnotes":""},"categories":[27535,6368],"tags":[27566],"class_list":["post-136136","post","type-post","status-publish","format-standard","has-post-thumbnail","hentry","category-anticipate-2021","category-politica-ro","tag-transport-organizat-la-moscova"],"yoast_head":"<!-- This site is optimized with the Yoast SEO plugin v27.4 - https:\/\/yoast.com\/product\/yoast-seo-wordpress\/ -->\n<title>Transport organizat la Moscova - BTV<\/title>\n<meta name=\"robots\" content=\"index, follow, max-snippet:-1, max-image-preview:large, max-video-preview:-1\" \/>\n<link rel=\"canonical\" href=\"https:\/\/www.btv.md\/ro\/transport-organizat-la-moscova\/\" \/>\n<meta property=\"og:locale\" content=\"ro_RO\" \/>\n<meta property=\"og:type\" content=\"article\" \/>\n<meta property=\"og:title\" content=\"Transport organizat la Moscova - BTV\" \/>\n<meta property=\"og:description\" content=\"Angaja\u021bii moldoveni ai unei uzine din Rusia ar fi transporta\u021bi organizat la sec\u021biile de vot. Cel pu\u021bin asta sus\u021bine un cititor tv8.md care ne-a transmis imaginile video. Potrivit lui, cazul a avut loc ast\u0103zi, la uzina Ermolino din regiunea Kaluga, scrie tv8.md. Un caz similar ne-a fost raportat \u0219i dintr-o suburbie a Moscovei, Federa\u021bia Rus\u0103. [&hellip;]\" \/>\n<meta property=\"og:url\" content=\"https:\/\/www.btv.md\/ro\/transport-organizat-la-moscova\/\" \/>\n<meta property=\"og:site_name\" content=\"BTV\" \/>\n<meta property=\"article:publisher\" content=\"https:\/\/www.facebook.com\/btvmoldova\/\" \/>\n<meta property=\"article:published_time\" content=\"2021-07-11T10:45:12+00:00\" \/>\n<meta property=\"og:image\" content=\"https:\/\/www.btv.md\/wp-content\/uploads\/2021\/07\/podv.jpg\" \/>\n\t<meta property=\"og:image:width\" content=\"2559\" \/>\n\t<meta property=\"og:image:height\" content=\"1173\" \/>\n\t<meta property=\"og:image:type\" content=\"image\/jpeg\" \/>\n<meta name=\"author\" content=\"admin\" \/>\n<meta name=\"twitter:label1\" content=\"Scris de\" \/>\n\t<meta name=\"twitter:data1\" content=\"admin\" \/>\n\t<meta name=\"twitter:label2\" content=\"Timp estimat pentru citire\" \/>\n\t<meta name=\"twitter:data2\" content=\"1 minut\" \/>\n<script type=\"application\/ld+json\" class=\"yoast-schema-graph\">{\"@context\":\"https:\\\/\\\/schema.org\",\"@graph\":[{\"@type\":\"Article\",\"@id\":\"https:\\\/\\\/www.btv.md\\\/ro\\\/transport-organizat-la-moscova\\\/#article\",\"isPartOf\":{\"@id\":\"https:\\\/\\\/www.btv.md\\\/ro\\\/transport-organizat-la-moscova\\\/\"},\"author\":{\"name\":\"admin\",\"@id\":\"https:\\\/\\\/www.btv.md\\\/#\\\/schema\\\/person\\\/8fadce81561b3ce2c34c46dadc4ccbf2\"},\"headline\":\"Transport organizat la Moscova\",\"datePublished\":\"2021-07-11T10:45:12+00:00\",\"mainEntityOfPage\":{\"@id\":\"https:\\\/\\\/www.btv.md\\\/ro\\\/transport-organizat-la-moscova\\\/\"},\"wordCount\":119,\"image\":{\"@id\":\"https:\\\/\\\/www.btv.md\\\/ro\\\/transport-organizat-la-moscova\\\/#primaryimage\"},\"thumbnailUrl\":\"https:\\\/\\\/www.btv.md\\\/wp-content\\\/uploads\\\/2021\\\/07\\\/podv.jpg\",\"keywords\":[\"Transport organizat la Moscova\"],\"articleSection\":[\"Anticipate 2021\",\"Politic\u0103\"],\"inLanguage\":\"ro-RO\"},{\"@type\":\"WebPage\",\"@id\":\"https:\\\/\\\/www.btv.md\\\/ro\\\/transport-organizat-la-moscova\\\/\",\"url\":\"https:\\\/\\\/www.btv.md\\\/ro\\\/transport-organizat-la-moscova\\\/\",\"name\":\"Transport organizat la Moscova - BTV\",\"isPartOf\":{\"@id\":\"https:\\\/\\\/www.btv.md\\\/#website\"},\"primaryImageOfPage\":{\"@id\":\"https:\\\/\\\/www.btv.md\\\/ro\\\/transport-organizat-la-moscova\\\/#primaryimage\"},\"image\":{\"@id\":\"https:\\\/\\\/www.btv.md\\\/ro\\\/transport-organizat-la-moscova\\\/#primaryimage\"},\"thumbnailUrl\":\"https:\\\/\\\/www.btv.md\\\/wp-content\\\/uploads\\\/2021\\\/07\\\/podv.jpg\",\"datePublished\":\"2021-07-11T10:45:12+00:00\",\"author\":{\"@id\":\"https:\\\/\\\/www.btv.md\\\/#\\\/schema\\\/person\\\/8fadce81561b3ce2c34c46dadc4ccbf2\"},\"inLanguage\":\"ro-RO\",\"potentialAction\":[{\"@type\":\"ReadAction\",\"target\":[\"https:\\\/\\\/www.btv.md\\\/ro\\\/transport-organizat-la-moscova\\\/\"]}]},{\"@type\":\"ImageObject\",\"inLanguage\":\"ro-RO\",\"@id\":\"https:\\\/\\\/www.btv.md\\\/ro\\\/transport-organizat-la-moscova\\\/#primaryimage\",\"url\":\"https:\\\/\\\/www.btv.md\\\/wp-content\\\/uploads\\\/2021\\\/07\\\/podv.jpg\",\"contentUrl\":\"https:\\\/\\\/www.btv.md\\\/wp-content\\\/uploads\\\/2021\\\/07\\\/podv.jpg\",\"width\":2559,\"height\":1173},{\"@type\":\"WebSite\",\"@id\":\"https:\\\/\\\/www.btv.md\\\/#website\",\"url\":\"https:\\\/\\\/www.btv.md\\\/\",\"name\":\"BTV\",\"description\":\"\u0411\u0435\u043b\u044c\u0446\u043a\u043e\u0435 \u0442\u0435\u043b\u0435\u0432\u0438\u0434\u0435\u043d\u0438\u0435\",\"potentialAction\":[{\"@type\":\"SearchAction\",\"target\":{\"@type\":\"EntryPoint\",\"urlTemplate\":\"https:\\\/\\\/www.btv.md\\\/?s={search_term_string}\"},\"query-input\":{\"@type\":\"PropertyValueSpecification\",\"valueRequired\":true,\"valueName\":\"search_term_string\"}}],\"inLanguage\":\"ro-RO\"},{\"@type\":\"Person\",\"@id\":\"https:\\\/\\\/www.btv.md\\\/#\\\/schema\\\/person\\\/8fadce81561b3ce2c34c46dadc4ccbf2\",\"name\":\"admin\"}]}<\/script>\n<!-- \/ Yoast SEO plugin. -->","yoast_head_json":{"title":"Transport organizat la Moscova - BTV","robots":{"index":"index","follow":"follow","max-snippet":"max-snippet:-1","max-image-preview":"max-image-preview:large","max-video-preview":"max-video-preview:-1"},"canonical":"https:\/\/www.btv.md\/ro\/transport-organizat-la-moscova\/","og_locale":"ro_RO","og_type":"article","og_title":"Transport organizat la Moscova - BTV","og_description":"Angaja\u021bii moldoveni ai unei uzine din Rusia ar fi transporta\u021bi organizat la sec\u021biile de vot. Cel pu\u021bin asta sus\u021bine un cititor tv8.md care ne-a transmis imaginile video. Potrivit lui, cazul a avut loc ast\u0103zi, la uzina Ermolino din regiunea Kaluga, scrie tv8.md. Un caz similar ne-a fost raportat \u0219i dintr-o suburbie a Moscovei, Federa\u021bia Rus\u0103. [&hellip;]","og_url":"https:\/\/www.btv.md\/ro\/transport-organizat-la-moscova\/","og_site_name":"BTV","article_publisher":"https:\/\/www.facebook.com\/btvmoldova\/","article_published_time":"2021-07-11T10:45:12+00:00","og_image":[{"width":2559,"height":1173,"url":"https:\/\/www.btv.md\/wp-content\/uploads\/2021\/07\/podv.jpg","type":"image\/jpeg"}],"author":"admin","twitter_misc":{"Scris de":"admin","Timp estimat pentru citire":"1 minut"},"schema":{"@context":"https:\/\/schema.org","@graph":[{"@type":"Article","@id":"https:\/\/www.btv.md\/ro\/transport-organizat-la-moscova\/#article","isPartOf":{"@id":"https:\/\/www.btv.md\/ro\/transport-organizat-la-moscova\/"},"author":{"name":"admin","@id":"https:\/\/www.btv.md\/#\/schema\/person\/8fadce81561b3ce2c34c46dadc4ccbf2"},"headline":"Transport organizat la Moscova","datePublished":"2021-07-11T10:45:12+00:00","mainEntityOfPage":{"@id":"https:\/\/www.btv.md\/ro\/transport-organizat-la-moscova\/"},"wordCount":119,"image":{"@id":"https:\/\/www.btv.md\/ro\/transport-organizat-la-moscova\/#primaryimage"},"thumbnailUrl":"https:\/\/www.btv.md\/wp-content\/uploads\/2021\/07\/podv.jpg","keywords":["Transport organizat la Moscova"],"articleSection":["Anticipate 2021","Politic\u0103"],"inLanguage":"ro-RO"},{"@type":"WebPage","@id":"https:\/\/www.btv.md\/ro\/transport-organizat-la-moscova\/","url":"https:\/\/www.btv.md\/ro\/transport-organizat-la-moscova\/","name":"Transport organizat la Moscova - BTV","isPartOf":{"@id":"https:\/\/www.btv.md\/#website"},"primaryImageOfPage":{"@id":"https:\/\/www.btv.md\/ro\/transport-organizat-la-moscova\/#primaryimage"},"image":{"@id":"https:\/\/www.btv.md\/ro\/transport-organizat-la-moscova\/#primaryimage"},"thumbnailUrl":"https:\/\/www.btv.md\/wp-content\/uploads\/2021\/07\/podv.jpg","datePublished":"2021-07-11T10:45:12+00:00","author":{"@id":"https:\/\/www.btv.md\/#\/schema\/person\/8fadce81561b3ce2c34c46dadc4ccbf2"},"inLanguage":"ro-RO","potentialAction":[{"@type":"ReadAction","target":["https:\/\/www.btv.md\/ro\/transport-organizat-la-moscova\/"]}]},{"@type":"ImageObject","inLanguage":"ro-RO","@id":"https:\/\/www.btv.md\/ro\/transport-organizat-la-moscova\/#primaryimage","url":"https:\/\/www.btv.md\/wp-content\/uploads\/2021\/07\/podv.jpg","contentUrl":"https:\/\/www.btv.md\/wp-content\/uploads\/2021\/07\/podv.jpg","width":2559,"height":1173},{"@type":"WebSite","@id":"https:\/\/www.btv.md\/#website","url":"https:\/\/www.btv.md\/","name":"BTV","description":"\u0411\u0435\u043b\u044c\u0446\u043a\u043e\u0435 \u0442\u0435\u043b\u0435\u0432\u0438\u0434\u0435\u043d\u0438\u0435","potentialAction":[{"@type":"SearchAction","target":{"@type":"EntryPoint","urlTemplate":"https:\/\/www.btv.md\/?s={search_term_string}"},"query-input":{"@type":"PropertyValueSpecification","valueRequired":true,"valueName":"search_term_string"}}],"inLanguage":"ro-RO"},{"@type":"Person","@id":"https:\/\/www.btv.md\/#\/schema\/person\/8fadce81561b3ce2c34c46dadc4ccbf2","name":"admin"}]}},"_links":{"self":[{"href":"https:\/\/www.btv.md\/ro\/wp-json\/wp\/v2\/posts\/136136","targetHints":{"allow":["GET"]}}],"collection":[{"href":"https:\/\/www.btv.md\/ro\/wp-json\/wp\/v2\/posts"}],"about":[{"href":"https:\/\/www.btv.md\/ro\/wp-json\/wp\/v2\/types\/post"}],"author":[{"embeddable":true,"href":"https:\/\/www.btv.md\/ro\/wp-json\/wp\/v2\/users\/4"}],"replies":[{"embeddable":true,"href":"https:\/\/www.btv.md\/ro\/wp-json\/wp\/v2\/comments?post=136136"}],"version-history":[{"count":0,"href":"https:\/\/www.btv.md\/ro\/wp-json\/wp\/v2\/posts\/136136\/revisions"}],"wp:featuredmedia":[{"embeddable":true,"href":"https:\/\/www.btv.md\/ro\/wp-json\/wp\/v2\/media\/136137"}],"wp:attachment":[{"href":"https:\/\/www.btv.md\/ro\/wp-json\/wp\/v2\/media?parent=136136"}],"wp:term":[{"taxonomy":"category","embeddable":true,"href":"https:\/\/www.btv.md\/ro\/wp-json\/wp\/v2\/categories?post=136136"},{"taxonomy":"post_tag","embeddable":true,"href":"https:\/\/www.btv.md\/ro\/wp-json\/wp\/v2\/tags?post=136136"}],"curies":[{"name":"wp","href":"https:\/\/api.w.org\/{rel}","templated":true}]}}