{"id":136331,"date":"2021-07-12T13:04:16","date_gmt":"2021-07-12T10:04:16","guid":{"rendered":"https:\/\/www.btv.md\/?p=136331"},"modified":"2021-07-12T13:04:16","modified_gmt":"2021-07-12T10:04:16","slug":"primaria-chisinau-va-organiza-pe-17-iulie-a-doua-vaccinare-cu-serul-sputnik","status":"publish","type":"post","link":"https:\/\/www.btv.md\/ro\/primaria-chisinau-va-organiza-pe-17-iulie-a-doua-vaccinare-cu-serul-sputnik\/","title":{"rendered":"Prim\u0103ria Chi\u0219in\u0103u va organiza pe 17 iulie a doua vaccinare cu serul Sputnik"},"content":{"rendered":"<div class=\"normal-text\">\n<p><strong>Prim\u0103ria Chi\u0219in\u0103u va organiza s\u00e2mb\u0103t\u0103, 17 iulie, la Palatul Republicii, rapelul cu vaccinul Sputnik, transmite <a href=\"https:\/\/www.moldpres.md\/news\/2021\/07\/12\/21004980\">MOLDPRES<\/a>.<\/strong><\/p>\n<p>Primarul Ion Ceban a declarat ast\u0103zi, la \u0219edin\u021ba on-line a serviciilor municipale c\u0103 a doua imunizare cu serul Sputnik, pentru cei circa 4 000 de locuitori ai municipiului Chi\u0219in\u0103u care s-au vaccinat la Maratonul desf\u0103\u0219urat pe data de 26 iunie, va avea loc s\u00e2mb\u0103t\u0103, 17 iulie, \u00een aceea\u0219i loca\u021bie.<\/p>\n<p>Edilul a ad\u0103ugat c\u0103 prim\u0103ria dispune de suficiente doze de vaccin anticoronavirus \u0219i c\u0103 dore\u0219te s\u0103 imunizeze \u00een propor\u021bie de 80 la sut\u0103 cadrele didactice care activeaz\u0103 \u00een institu\u021biile municipale de \u00eenv\u0103\u021b\u0103m\u00e2nt.<\/p>\n<p>La Maratonul de vaccinare organizat de prim\u0103rie pe data de 26 iunie au fost imuniza\u021bi circa 4 000 de chi\u0219in\u0103uieni.<\/p>\n<\/div>\n<div class=\"slider-common-cont\">\n<div class=\"navigation\">\n<div data-jcarousel=\"true\"><\/div>\n<div class=\"carousel carousel-navigation\" data-jcarousel=\"true\">Foto: Moldpres<\/div>\n<\/div>\n<\/div>\n","protected":false},"excerpt":{"rendered":"<p>Prim\u0103ria Chi\u0219in\u0103u va organiza s\u00e2mb\u0103t\u0103, 17 iulie, la Palatul Republicii, rapelul cu vaccinul Sputnik, transmite MOLDPRES. Primarul Ion Ceban a declarat ast\u0103zi, la \u0219edin\u021ba on-line a serviciilor municipale c\u0103 a doua imunizare cu serul Sputnik, pentru cei circa 4 000 de locuitori ai municipiului Chi\u0219in\u0103u care s-au vaccinat la Maratonul desf\u0103\u0219urat pe data de 26 [&hellip;]<\/p>\n","protected":false},"author":4,"featured_media":136328,"comment_status":"closed","ping_status":"closed","sticky":false,"template":"","format":"standard","meta":{"footnotes":""},"categories":[6349],"tags":[27613],"class_list":["post-136331","post","type-post","status-publish","format-standard","has-post-thumbnail","hentry","category-social","tag-primaria-chisinau-va-organiza-pe-17-iulie-a-doua-vaccinare-cu-serul-sputnik"],"yoast_head":"<!-- This site is optimized with the Yoast SEO plugin v27.4 - https:\/\/yoast.com\/product\/yoast-seo-wordpress\/ -->\n<title>Prim\u0103ria Chi\u0219in\u0103u va organiza pe 17 iulie a doua vaccinare cu serul Sputnik - BTV<\/title>\n<meta name=\"robots\" content=\"index, follow, max-snippet:-1, max-image-preview:large, max-video-preview:-1\" \/>\n<link rel=\"canonical\" href=\"https:\/\/www.btv.md\/ro\/primaria-chisinau-va-organiza-pe-17-iulie-a-doua-vaccinare-cu-serul-sputnik\/\" \/>\n<meta property=\"og:locale\" content=\"ro_RO\" \/>\n<meta property=\"og:type\" content=\"article\" \/>\n<meta property=\"og:title\" content=\"Prim\u0103ria Chi\u0219in\u0103u va organiza pe 17 iulie a doua vaccinare cu serul Sputnik - BTV\" \/>\n<meta property=\"og:description\" content=\"Prim\u0103ria Chi\u0219in\u0103u va organiza s\u00e2mb\u0103t\u0103, 17 iulie, la Palatul Republicii, rapelul cu vaccinul Sputnik, transmite MOLDPRES. Primarul Ion Ceban a declarat ast\u0103zi, la \u0219edin\u021ba on-line a serviciilor municipale c\u0103 a doua imunizare cu serul Sputnik, pentru cei circa 4 000 de locuitori ai municipiului Chi\u0219in\u0103u care s-au vaccinat la Maratonul desf\u0103\u0219urat pe data de 26 [&hellip;]\" \/>\n<meta property=\"og:url\" content=\"https:\/\/www.btv.md\/ro\/primaria-chisinau-va-organiza-pe-17-iulie-a-doua-vaccinare-cu-serul-sputnik\/\" \/>\n<meta property=\"og:site_name\" content=\"BTV\" \/>\n<meta property=\"article:publisher\" content=\"https:\/\/www.facebook.com\/btvmoldova\/\" \/>\n<meta property=\"article:published_time\" content=\"2021-07-12T10:04:16+00:00\" \/>\n<meta property=\"og:image\" content=\"https:\/\/www.btv.md\/wp-content\/uploads\/2021\/07\/21004980_big1626078450.jpg\" \/>\n\t<meta property=\"og:image:width\" content=\"700\" \/>\n\t<meta property=\"og:image:height\" content=\"466\" \/>\n\t<meta property=\"og:image:type\" content=\"image\/jpeg\" \/>\n<meta name=\"author\" content=\"admin\" \/>\n<meta name=\"twitter:label1\" content=\"Scris de\" \/>\n\t<meta name=\"twitter:data1\" content=\"admin\" \/>\n\t<meta name=\"twitter:label2\" content=\"Timp estimat pentru citire\" \/>\n\t<meta name=\"twitter:data2\" content=\"1 minut\" \/>\n<script type=\"application\/ld+json\" class=\"yoast-schema-graph\">{\"@context\":\"https:\\\/\\\/schema.org\",\"@graph\":[{\"@type\":\"Article\",\"@id\":\"https:\\\/\\\/www.btv.md\\\/ro\\\/primaria-chisinau-va-organiza-pe-17-iulie-a-doua-vaccinare-cu-serul-sputnik\\\/#article\",\"isPartOf\":{\"@id\":\"https:\\\/\\\/www.btv.md\\\/ro\\\/primaria-chisinau-va-organiza-pe-17-iulie-a-doua-vaccinare-cu-serul-sputnik\\\/\"},\"author\":{\"name\":\"admin\",\"@id\":\"https:\\\/\\\/www.btv.md\\\/#\\\/schema\\\/person\\\/8fadce81561b3ce2c34c46dadc4ccbf2\"},\"headline\":\"Prim\u0103ria Chi\u0219in\u0103u va organiza pe 17 iulie a doua vaccinare cu serul Sputnik\",\"datePublished\":\"2021-07-12T10:04:16+00:00\",\"mainEntityOfPage\":{\"@id\":\"https:\\\/\\\/www.btv.md\\\/ro\\\/primaria-chisinau-va-organiza-pe-17-iulie-a-doua-vaccinare-cu-serul-sputnik\\\/\"},\"wordCount\":150,\"image\":{\"@id\":\"https:\\\/\\\/www.btv.md\\\/ro\\\/primaria-chisinau-va-organiza-pe-17-iulie-a-doua-vaccinare-cu-serul-sputnik\\\/#primaryimage\"},\"thumbnailUrl\":\"https:\\\/\\\/www.btv.md\\\/wp-content\\\/uploads\\\/2021\\\/07\\\/21004980_big1626078450.jpg\",\"keywords\":[\"Prim\u0103ria Chi\u0219in\u0103u va organiza pe 17 iulie a doua vaccinare cu serul Sputnik\"],\"articleSection\":[\"Social\"],\"inLanguage\":\"ro-RO\"},{\"@type\":\"WebPage\",\"@id\":\"https:\\\/\\\/www.btv.md\\\/ro\\\/primaria-chisinau-va-organiza-pe-17-iulie-a-doua-vaccinare-cu-serul-sputnik\\\/\",\"url\":\"https:\\\/\\\/www.btv.md\\\/ro\\\/primaria-chisinau-va-organiza-pe-17-iulie-a-doua-vaccinare-cu-serul-sputnik\\\/\",\"name\":\"Prim\u0103ria Chi\u0219in\u0103u va organiza pe 17 iulie a doua vaccinare cu serul Sputnik - BTV\",\"isPartOf\":{\"@id\":\"https:\\\/\\\/www.btv.md\\\/#website\"},\"primaryImageOfPage\":{\"@id\":\"https:\\\/\\\/www.btv.md\\\/ro\\\/primaria-chisinau-va-organiza-pe-17-iulie-a-doua-vaccinare-cu-serul-sputnik\\\/#primaryimage\"},\"image\":{\"@id\":\"https:\\\/\\\/www.btv.md\\\/ro\\\/primaria-chisinau-va-organiza-pe-17-iulie-a-doua-vaccinare-cu-serul-sputnik\\\/#primaryimage\"},\"thumbnailUrl\":\"https:\\\/\\\/www.btv.md\\\/wp-content\\\/uploads\\\/2021\\\/07\\\/21004980_big1626078450.jpg\",\"datePublished\":\"2021-07-12T10:04:16+00:00\",\"author\":{\"@id\":\"https:\\\/\\\/www.btv.md\\\/#\\\/schema\\\/person\\\/8fadce81561b3ce2c34c46dadc4ccbf2\"},\"inLanguage\":\"ro-RO\",\"potentialAction\":[{\"@type\":\"ReadAction\",\"target\":[\"https:\\\/\\\/www.btv.md\\\/ro\\\/primaria-chisinau-va-organiza-pe-17-iulie-a-doua-vaccinare-cu-serul-sputnik\\\/\"]}]},{\"@type\":\"ImageObject\",\"inLanguage\":\"ro-RO\",\"@id\":\"https:\\\/\\\/www.btv.md\\\/ro\\\/primaria-chisinau-va-organiza-pe-17-iulie-a-doua-vaccinare-cu-serul-sputnik\\\/#primaryimage\",\"url\":\"https:\\\/\\\/www.btv.md\\\/wp-content\\\/uploads\\\/2021\\\/07\\\/21004980_big1626078450.jpg\",\"contentUrl\":\"https:\\\/\\\/www.btv.md\\\/wp-content\\\/uploads\\\/2021\\\/07\\\/21004980_big1626078450.jpg\",\"width\":700,\"height\":466},{\"@type\":\"WebSite\",\"@id\":\"https:\\\/\\\/www.btv.md\\\/#website\",\"url\":\"https:\\\/\\\/www.btv.md\\\/\",\"name\":\"BTV\",\"description\":\"\u0411\u0435\u043b\u044c\u0446\u043a\u043e\u0435 \u0442\u0435\u043b\u0435\u0432\u0438\u0434\u0435\u043d\u0438\u0435\",\"potentialAction\":[{\"@type\":\"SearchAction\",\"target\":{\"@type\":\"EntryPoint\",\"urlTemplate\":\"https:\\\/\\\/www.btv.md\\\/?s={search_term_string}\"},\"query-input\":{\"@type\":\"PropertyValueSpecification\",\"valueRequired\":true,\"valueName\":\"search_term_string\"}}],\"inLanguage\":\"ro-RO\"},{\"@type\":\"Person\",\"@id\":\"https:\\\/\\\/www.btv.md\\\/#\\\/schema\\\/person\\\/8fadce81561b3ce2c34c46dadc4ccbf2\",\"name\":\"admin\"}]}<\/script>\n<!-- \/ Yoast SEO plugin. -->","yoast_head_json":{"title":"Prim\u0103ria Chi\u0219in\u0103u va organiza pe 17 iulie a doua vaccinare cu serul Sputnik - BTV","robots":{"index":"index","follow":"follow","max-snippet":"max-snippet:-1","max-image-preview":"max-image-preview:large","max-video-preview":"max-video-preview:-1"},"canonical":"https:\/\/www.btv.md\/ro\/primaria-chisinau-va-organiza-pe-17-iulie-a-doua-vaccinare-cu-serul-sputnik\/","og_locale":"ro_RO","og_type":"article","og_title":"Prim\u0103ria Chi\u0219in\u0103u va organiza pe 17 iulie a doua vaccinare cu serul Sputnik - BTV","og_description":"Prim\u0103ria Chi\u0219in\u0103u va organiza s\u00e2mb\u0103t\u0103, 17 iulie, la Palatul Republicii, rapelul cu vaccinul Sputnik, transmite MOLDPRES. Primarul Ion Ceban a declarat ast\u0103zi, la \u0219edin\u021ba on-line a serviciilor municipale c\u0103 a doua imunizare cu serul Sputnik, pentru cei circa 4 000 de locuitori ai municipiului Chi\u0219in\u0103u care s-au vaccinat la Maratonul desf\u0103\u0219urat pe data de 26 [&hellip;]","og_url":"https:\/\/www.btv.md\/ro\/primaria-chisinau-va-organiza-pe-17-iulie-a-doua-vaccinare-cu-serul-sputnik\/","og_site_name":"BTV","article_publisher":"https:\/\/www.facebook.com\/btvmoldova\/","article_published_time":"2021-07-12T10:04:16+00:00","og_image":[{"width":700,"height":466,"url":"https:\/\/www.btv.md\/wp-content\/uploads\/2021\/07\/21004980_big1626078450.jpg","type":"image\/jpeg"}],"author":"admin","twitter_misc":{"Scris de":"admin","Timp estimat pentru citire":"1 minut"},"schema":{"@context":"https:\/\/schema.org","@graph":[{"@type":"Article","@id":"https:\/\/www.btv.md\/ro\/primaria-chisinau-va-organiza-pe-17-iulie-a-doua-vaccinare-cu-serul-sputnik\/#article","isPartOf":{"@id":"https:\/\/www.btv.md\/ro\/primaria-chisinau-va-organiza-pe-17-iulie-a-doua-vaccinare-cu-serul-sputnik\/"},"author":{"name":"admin","@id":"https:\/\/www.btv.md\/#\/schema\/person\/8fadce81561b3ce2c34c46dadc4ccbf2"},"headline":"Prim\u0103ria Chi\u0219in\u0103u va organiza pe 17 iulie a doua vaccinare cu serul Sputnik","datePublished":"2021-07-12T10:04:16+00:00","mainEntityOfPage":{"@id":"https:\/\/www.btv.md\/ro\/primaria-chisinau-va-organiza-pe-17-iulie-a-doua-vaccinare-cu-serul-sputnik\/"},"wordCount":150,"image":{"@id":"https:\/\/www.btv.md\/ro\/primaria-chisinau-va-organiza-pe-17-iulie-a-doua-vaccinare-cu-serul-sputnik\/#primaryimage"},"thumbnailUrl":"https:\/\/www.btv.md\/wp-content\/uploads\/2021\/07\/21004980_big1626078450.jpg","keywords":["Prim\u0103ria Chi\u0219in\u0103u va organiza pe 17 iulie a doua vaccinare cu serul Sputnik"],"articleSection":["Social"],"inLanguage":"ro-RO"},{"@type":"WebPage","@id":"https:\/\/www.btv.md\/ro\/primaria-chisinau-va-organiza-pe-17-iulie-a-doua-vaccinare-cu-serul-sputnik\/","url":"https:\/\/www.btv.md\/ro\/primaria-chisinau-va-organiza-pe-17-iulie-a-doua-vaccinare-cu-serul-sputnik\/","name":"Prim\u0103ria Chi\u0219in\u0103u va organiza pe 17 iulie a doua vaccinare cu serul Sputnik - BTV","isPartOf":{"@id":"https:\/\/www.btv.md\/#website"},"primaryImageOfPage":{"@id":"https:\/\/www.btv.md\/ro\/primaria-chisinau-va-organiza-pe-17-iulie-a-doua-vaccinare-cu-serul-sputnik\/#primaryimage"},"image":{"@id":"https:\/\/www.btv.md\/ro\/primaria-chisinau-va-organiza-pe-17-iulie-a-doua-vaccinare-cu-serul-sputnik\/#primaryimage"},"thumbnailUrl":"https:\/\/www.btv.md\/wp-content\/uploads\/2021\/07\/21004980_big1626078450.jpg","datePublished":"2021-07-12T10:04:16+00:00","author":{"@id":"https:\/\/www.btv.md\/#\/schema\/person\/8fadce81561b3ce2c34c46dadc4ccbf2"},"inLanguage":"ro-RO","potentialAction":[{"@type":"ReadAction","target":["https:\/\/www.btv.md\/ro\/primaria-chisinau-va-organiza-pe-17-iulie-a-doua-vaccinare-cu-serul-sputnik\/"]}]},{"@type":"ImageObject","inLanguage":"ro-RO","@id":"https:\/\/www.btv.md\/ro\/primaria-chisinau-va-organiza-pe-17-iulie-a-doua-vaccinare-cu-serul-sputnik\/#primaryimage","url":"https:\/\/www.btv.md\/wp-content\/uploads\/2021\/07\/21004980_big1626078450.jpg","contentUrl":"https:\/\/www.btv.md\/wp-content\/uploads\/2021\/07\/21004980_big1626078450.jpg","width":700,"height":466},{"@type":"WebSite","@id":"https:\/\/www.btv.md\/#website","url":"https:\/\/www.btv.md\/","name":"BTV","description":"\u0411\u0435\u043b\u044c\u0446\u043a\u043e\u0435 \u0442\u0435\u043b\u0435\u0432\u0438\u0434\u0435\u043d\u0438\u0435","potentialAction":[{"@type":"SearchAction","target":{"@type":"EntryPoint","urlTemplate":"https:\/\/www.btv.md\/?s={search_term_string}"},"query-input":{"@type":"PropertyValueSpecification","valueRequired":true,"valueName":"search_term_string"}}],"inLanguage":"ro-RO"},{"@type":"Person","@id":"https:\/\/www.btv.md\/#\/schema\/person\/8fadce81561b3ce2c34c46dadc4ccbf2","name":"admin"}]}},"_links":{"self":[{"href":"https:\/\/www.btv.md\/ro\/wp-json\/wp\/v2\/posts\/136331","targetHints":{"allow":["GET"]}}],"collection":[{"href":"https:\/\/www.btv.md\/ro\/wp-json\/wp\/v2\/posts"}],"about":[{"href":"https:\/\/www.btv.md\/ro\/wp-json\/wp\/v2\/types\/post"}],"author":[{"embeddable":true,"href":"https:\/\/www.btv.md\/ro\/wp-json\/wp\/v2\/users\/4"}],"replies":[{"embeddable":true,"href":"https:\/\/www.btv.md\/ro\/wp-json\/wp\/v2\/comments?post=136331"}],"version-history":[{"count":0,"href":"https:\/\/www.btv.md\/ro\/wp-json\/wp\/v2\/posts\/136331\/revisions"}],"wp:featuredmedia":[{"embeddable":true,"href":"https:\/\/www.btv.md\/ro\/wp-json\/wp\/v2\/media\/136328"}],"wp:attachment":[{"href":"https:\/\/www.btv.md\/ro\/wp-json\/wp\/v2\/media?parent=136331"}],"wp:term":[{"taxonomy":"category","embeddable":true,"href":"https:\/\/www.btv.md\/ro\/wp-json\/wp\/v2\/categories?post=136331"},{"taxonomy":"post_tag","embeddable":true,"href":"https:\/\/www.btv.md\/ro\/wp-json\/wp\/v2\/tags?post=136331"}],"curies":[{"name":"wp","href":"https:\/\/api.w.org\/{rel}","templated":true}]}}