{"id":136333,"date":"2021-07-12T13:06:52","date_gmt":"2021-07-12T10:06:52","guid":{"rendered":"https:\/\/www.btv.md\/?p=136333"},"modified":"2021-07-12T13:06:52","modified_gmt":"2021-07-12T10:06:52","slug":"comandantul-misiunii-sua-nato-din-afganistan-isi-da-demisia-dupa-retragerea-trupelor","status":"publish","type":"post","link":"https:\/\/www.btv.md\/ro\/comandantul-misiunii-sua-nato-din-afganistan-isi-da-demisia-dupa-retragerea-trupelor\/","title":{"rendered":"Comandantul misiunii SUA-NATO din Afganistan \u00ee\u0219i d\u0103 demisia dup\u0103 retragerea trupelor"},"content":{"rendered":"<p data-index=\"1\"><strong>\u0218eful trupelor americane \u0219i NATO din Afganistan, generalul Austin &#8222;Scott&#8221; Miller, \u00ee\u0219i va anun\u021ba luni demisia din aceast\u0103 pozi\u021bie, \u00eentr-un gest simbolic care va marca sf\u00e2r\u0219itul retragerii militare din aceast\u0103 \u021bar\u0103, scrie\u00a0NBC News, cit\u00e2nd oficiali din Departamentul american al Ap\u0103r\u0103rii. El avertiza recent c\u0103, dup\u0103 retragerea trupelor str\u0103ine din Afganistan, \u021bara se poate \u00eendrepta c\u0103tre un r\u0103zboi civil, transmite <a href=\"https:\/\/www.digi24.ro\/stiri\/externe\/mapamond\/comandantul-misiunii-sua-nato-din-afganistan-isi-da-demisia-dupa-retragerea-trupelor-1594959\">digi24.ro<\/a>.<\/strong><\/p>\n<p data-index=\"2\">Generalul Austin &#8222;Scott&#8221; Miller este la comanda trupelor coali\u021biei din Afganistan din august 2018, mai mult dec\u00e2t oricare din predecesorii s\u0103i.<\/p>\n<p data-index=\"3\">El \u00eei va preda comanda for\u021belor SUA din Afganistan \u0219efului Comandamentului Central SUA, generalul de marin\u0103\u00a0Frank McKenzie. Ca \u0219ef al Comandamentului Central, acesta are deja autoritate asupra Afganistanului \u0219i a altor \u021b\u0103ri vecine \u0219i va continua s\u0103 lucreze de la cartierul general din Tampa, Florida, \u0219i de la cel din baza aerian\u0103 Al Udeid din Doha, Qatar.<\/p>\n<p data-index=\"4\">Administra\u021bia Biden a anun\u021bat \u00een aprilie c\u0103 trupele SUA se vor retrage din Afganistan p\u00e2n\u0103 pe 11 septembrie, \u00eens\u0103 acest lucru s-a petrecut mult mai repede.<\/p>\n<p data-index=\"5\">Statele Unite aveau \u00eentre 2.500 \u0219i 3.500 de militari \u00een Afganistan c\u00e2nd a fost anun\u021bat\u0103 retragerea, iar peste 90% din personal \u0219i echipamentul militar au p\u0103r\u0103sit \u021bara p\u00e2n\u0103 la \u00eenceputul lunii iulie.<\/p>\n<p data-index=\"6\">Dup\u0103 \u00eencheierea oficial\u0103 a misiunii militare pe 31 august, SUA va men\u021bine circa 650 de militari \u00een Kabul, pentru a asigura securitatea ambasadei, \u0219i alte c\u00e2teva sute pentru securitatea aeroportului interna\u021bional Hamid Karzai International.<\/p>\n<p data-index=\"7\">Generalul Miller este a\u0219teptat s\u0103 se pensioneze, au spus trei oficiali cita\u021bi de NBC.<\/p>\n<p data-index=\"8\">El avertiza la sf\u00e2r\u0219itul lunii iunie c\u0103 Afganistanul risc\u0103 s\u0103 alunece \u00eentr-un\u00a0r\u0103zboi civil dup\u0103 retragerea trupelor str\u0103ine.<\/p>\n<p data-index=\"9\">&#8222;R\u0103zboiul civil este cu siguran\u021b\u0103 o cale care se \u00eentrevede dac\u0103 lucrurile continu\u0103 \u00een direc\u021bia \u00een care se desf\u0103\u0219oar\u0103 acum. \u00centreaga lume ar trebui s\u0103 fie \u00eengrijorat\u0103&#8221;, a ad\u0103ugat el.<\/p>\n<p data-index=\"10\">Miller i-a acuzat pe talibani c\u0103 nu reduc violen\u021bele, a\u0219a cum s-au \u00een\u021beles \u00een cadrul acordului cu SUA.<\/p>\n<p data-index=\"10\">Foto: digi24.ro.<\/p>\n","protected":false},"excerpt":{"rendered":"<p>\u0218eful trupelor americane \u0219i NATO din Afganistan, generalul Austin &#8222;Scott&#8221; Miller, \u00ee\u0219i va anun\u021ba luni demisia din aceast\u0103 pozi\u021bie, \u00eentr-un gest simbolic care va marca sf\u00e2r\u0219itul retragerii militare din aceast\u0103 \u021bar\u0103, scrie\u00a0NBC News, cit\u00e2nd oficiali din Departamentul american al Ap\u0103r\u0103rii. El avertiza recent c\u0103, dup\u0103 retragerea trupelor str\u0103ine din Afganistan, \u021bara se poate \u00eendrepta c\u0103tre [&hellip;]<\/p>\n","protected":false},"author":4,"featured_media":136334,"comment_status":"closed","ping_status":"closed","sticky":false,"template":"","format":"standard","meta":{"footnotes":""},"categories":[6349],"tags":[27614],"class_list":["post-136333","post","type-post","status-publish","format-standard","has-post-thumbnail","hentry","category-social","tag-comandantul-misiunii-sua-nato-din-afganistan-isi-da-demisia-dupa-retragerea-trupelor"],"yoast_head":"<!-- This site is optimized with the Yoast SEO plugin v27.4 - https:\/\/yoast.com\/product\/yoast-seo-wordpress\/ -->\n<title>Comandantul misiunii SUA-NATO din Afganistan \u00ee\u0219i d\u0103 demisia dup\u0103 retragerea trupelor - BTV<\/title>\n<meta name=\"robots\" content=\"index, follow, max-snippet:-1, max-image-preview:large, max-video-preview:-1\" \/>\n<link rel=\"canonical\" href=\"https:\/\/www.btv.md\/ro\/comandantul-misiunii-sua-nato-din-afganistan-isi-da-demisia-dupa-retragerea-trupelor\/\" \/>\n<meta property=\"og:locale\" content=\"ro_RO\" \/>\n<meta property=\"og:type\" content=\"article\" \/>\n<meta property=\"og:title\" content=\"Comandantul misiunii SUA-NATO din Afganistan \u00ee\u0219i d\u0103 demisia dup\u0103 retragerea trupelor - BTV\" \/>\n<meta property=\"og:description\" content=\"\u0218eful trupelor americane \u0219i NATO din Afganistan, generalul Austin &#8222;Scott&#8221; Miller, \u00ee\u0219i va anun\u021ba luni demisia din aceast\u0103 pozi\u021bie, \u00eentr-un gest simbolic care va marca sf\u00e2r\u0219itul retragerii militare din aceast\u0103 \u021bar\u0103, scrie\u00a0NBC News, cit\u00e2nd oficiali din Departamentul american al Ap\u0103r\u0103rii. El avertiza recent c\u0103, dup\u0103 retragerea trupelor str\u0103ine din Afganistan, \u021bara se poate \u00eendrepta c\u0103tre [&hellip;]\" \/>\n<meta property=\"og:url\" content=\"https:\/\/www.btv.md\/ro\/comandantul-misiunii-sua-nato-din-afganistan-isi-da-demisia-dupa-retragerea-trupelor\/\" \/>\n<meta property=\"og:site_name\" content=\"BTV\" \/>\n<meta property=\"article:publisher\" content=\"https:\/\/www.facebook.com\/btvmoldova\/\" \/>\n<meta property=\"article:published_time\" content=\"2021-07-12T10:06:52+00:00\" \/>\n<meta property=\"og:image\" content=\"https:\/\/www.btv.md\/wp-content\/uploads\/2021\/07\/ad1km2m4zmy5zdvkodflyjy5ngi5nmyxyzu2njzlytjlmw.thumb_.jpg\" \/>\n\t<meta property=\"og:image:width\" content=\"780\" \/>\n\t<meta property=\"og:image:height\" content=\"440\" \/>\n\t<meta property=\"og:image:type\" content=\"image\/jpeg\" \/>\n<meta name=\"author\" content=\"admin\" \/>\n<meta name=\"twitter:label1\" content=\"Scris de\" \/>\n\t<meta name=\"twitter:data1\" content=\"admin\" \/>\n\t<meta name=\"twitter:label2\" content=\"Timp estimat pentru citire\" \/>\n\t<meta name=\"twitter:data2\" content=\"2 minute\" \/>\n<script type=\"application\/ld+json\" class=\"yoast-schema-graph\">{\"@context\":\"https:\\\/\\\/schema.org\",\"@graph\":[{\"@type\":\"Article\",\"@id\":\"https:\\\/\\\/www.btv.md\\\/ro\\\/comandantul-misiunii-sua-nato-din-afganistan-isi-da-demisia-dupa-retragerea-trupelor\\\/#article\",\"isPartOf\":{\"@id\":\"https:\\\/\\\/www.btv.md\\\/ro\\\/comandantul-misiunii-sua-nato-din-afganistan-isi-da-demisia-dupa-retragerea-trupelor\\\/\"},\"author\":{\"name\":\"admin\",\"@id\":\"https:\\\/\\\/www.btv.md\\\/#\\\/schema\\\/person\\\/8fadce81561b3ce2c34c46dadc4ccbf2\"},\"headline\":\"Comandantul misiunii SUA-NATO din Afganistan \u00ee\u0219i d\u0103 demisia dup\u0103 retragerea trupelor\",\"datePublished\":\"2021-07-12T10:06:52+00:00\",\"mainEntityOfPage\":{\"@id\":\"https:\\\/\\\/www.btv.md\\\/ro\\\/comandantul-misiunii-sua-nato-din-afganistan-isi-da-demisia-dupa-retragerea-trupelor\\\/\"},\"wordCount\":358,\"image\":{\"@id\":\"https:\\\/\\\/www.btv.md\\\/ro\\\/comandantul-misiunii-sua-nato-din-afganistan-isi-da-demisia-dupa-retragerea-trupelor\\\/#primaryimage\"},\"thumbnailUrl\":\"https:\\\/\\\/www.btv.md\\\/wp-content\\\/uploads\\\/2021\\\/07\\\/ad1km2m4zmy5zdvkodflyjy5ngi5nmyxyzu2njzlytjlmw.thumb_.jpg\",\"keywords\":[\"Comandantul misiunii SUA-NATO din Afganistan \u00ee\u0219i d\u0103 demisia dup\u0103 retragerea trupelor\"],\"articleSection\":[\"Social\"],\"inLanguage\":\"ro-RO\"},{\"@type\":\"WebPage\",\"@id\":\"https:\\\/\\\/www.btv.md\\\/ro\\\/comandantul-misiunii-sua-nato-din-afganistan-isi-da-demisia-dupa-retragerea-trupelor\\\/\",\"url\":\"https:\\\/\\\/www.btv.md\\\/ro\\\/comandantul-misiunii-sua-nato-din-afganistan-isi-da-demisia-dupa-retragerea-trupelor\\\/\",\"name\":\"Comandantul misiunii SUA-NATO din Afganistan \u00ee\u0219i d\u0103 demisia dup\u0103 retragerea trupelor - BTV\",\"isPartOf\":{\"@id\":\"https:\\\/\\\/www.btv.md\\\/#website\"},\"primaryImageOfPage\":{\"@id\":\"https:\\\/\\\/www.btv.md\\\/ro\\\/comandantul-misiunii-sua-nato-din-afganistan-isi-da-demisia-dupa-retragerea-trupelor\\\/#primaryimage\"},\"image\":{\"@id\":\"https:\\\/\\\/www.btv.md\\\/ro\\\/comandantul-misiunii-sua-nato-din-afganistan-isi-da-demisia-dupa-retragerea-trupelor\\\/#primaryimage\"},\"thumbnailUrl\":\"https:\\\/\\\/www.btv.md\\\/wp-content\\\/uploads\\\/2021\\\/07\\\/ad1km2m4zmy5zdvkodflyjy5ngi5nmyxyzu2njzlytjlmw.thumb_.jpg\",\"datePublished\":\"2021-07-12T10:06:52+00:00\",\"author\":{\"@id\":\"https:\\\/\\\/www.btv.md\\\/#\\\/schema\\\/person\\\/8fadce81561b3ce2c34c46dadc4ccbf2\"},\"inLanguage\":\"ro-RO\",\"potentialAction\":[{\"@type\":\"ReadAction\",\"target\":[\"https:\\\/\\\/www.btv.md\\\/ro\\\/comandantul-misiunii-sua-nato-din-afganistan-isi-da-demisia-dupa-retragerea-trupelor\\\/\"]}]},{\"@type\":\"ImageObject\",\"inLanguage\":\"ro-RO\",\"@id\":\"https:\\\/\\\/www.btv.md\\\/ro\\\/comandantul-misiunii-sua-nato-din-afganistan-isi-da-demisia-dupa-retragerea-trupelor\\\/#primaryimage\",\"url\":\"https:\\\/\\\/www.btv.md\\\/wp-content\\\/uploads\\\/2021\\\/07\\\/ad1km2m4zmy5zdvkodflyjy5ngi5nmyxyzu2njzlytjlmw.thumb_.jpg\",\"contentUrl\":\"https:\\\/\\\/www.btv.md\\\/wp-content\\\/uploads\\\/2021\\\/07\\\/ad1km2m4zmy5zdvkodflyjy5ngi5nmyxyzu2njzlytjlmw.thumb_.jpg\",\"width\":780,\"height\":440},{\"@type\":\"WebSite\",\"@id\":\"https:\\\/\\\/www.btv.md\\\/#website\",\"url\":\"https:\\\/\\\/www.btv.md\\\/\",\"name\":\"BTV\",\"description\":\"\u0411\u0435\u043b\u044c\u0446\u043a\u043e\u0435 \u0442\u0435\u043b\u0435\u0432\u0438\u0434\u0435\u043d\u0438\u0435\",\"potentialAction\":[{\"@type\":\"SearchAction\",\"target\":{\"@type\":\"EntryPoint\",\"urlTemplate\":\"https:\\\/\\\/www.btv.md\\\/?s={search_term_string}\"},\"query-input\":{\"@type\":\"PropertyValueSpecification\",\"valueRequired\":true,\"valueName\":\"search_term_string\"}}],\"inLanguage\":\"ro-RO\"},{\"@type\":\"Person\",\"@id\":\"https:\\\/\\\/www.btv.md\\\/#\\\/schema\\\/person\\\/8fadce81561b3ce2c34c46dadc4ccbf2\",\"name\":\"admin\"}]}<\/script>\n<!-- \/ Yoast SEO plugin. -->","yoast_head_json":{"title":"Comandantul misiunii SUA-NATO din Afganistan \u00ee\u0219i d\u0103 demisia dup\u0103 retragerea trupelor - BTV","robots":{"index":"index","follow":"follow","max-snippet":"max-snippet:-1","max-image-preview":"max-image-preview:large","max-video-preview":"max-video-preview:-1"},"canonical":"https:\/\/www.btv.md\/ro\/comandantul-misiunii-sua-nato-din-afganistan-isi-da-demisia-dupa-retragerea-trupelor\/","og_locale":"ro_RO","og_type":"article","og_title":"Comandantul misiunii SUA-NATO din Afganistan \u00ee\u0219i d\u0103 demisia dup\u0103 retragerea trupelor - BTV","og_description":"\u0218eful trupelor americane \u0219i NATO din Afganistan, generalul Austin &#8222;Scott&#8221; Miller, \u00ee\u0219i va anun\u021ba luni demisia din aceast\u0103 pozi\u021bie, \u00eentr-un gest simbolic care va marca sf\u00e2r\u0219itul retragerii militare din aceast\u0103 \u021bar\u0103, scrie\u00a0NBC News, cit\u00e2nd oficiali din Departamentul american al Ap\u0103r\u0103rii. El avertiza recent c\u0103, dup\u0103 retragerea trupelor str\u0103ine din Afganistan, \u021bara se poate \u00eendrepta c\u0103tre [&hellip;]","og_url":"https:\/\/www.btv.md\/ro\/comandantul-misiunii-sua-nato-din-afganistan-isi-da-demisia-dupa-retragerea-trupelor\/","og_site_name":"BTV","article_publisher":"https:\/\/www.facebook.com\/btvmoldova\/","article_published_time":"2021-07-12T10:06:52+00:00","og_image":[{"width":780,"height":440,"url":"https:\/\/www.btv.md\/wp-content\/uploads\/2021\/07\/ad1km2m4zmy5zdvkodflyjy5ngi5nmyxyzu2njzlytjlmw.thumb_.jpg","type":"image\/jpeg"}],"author":"admin","twitter_misc":{"Scris de":"admin","Timp estimat pentru citire":"2 minute"},"schema":{"@context":"https:\/\/schema.org","@graph":[{"@type":"Article","@id":"https:\/\/www.btv.md\/ro\/comandantul-misiunii-sua-nato-din-afganistan-isi-da-demisia-dupa-retragerea-trupelor\/#article","isPartOf":{"@id":"https:\/\/www.btv.md\/ro\/comandantul-misiunii-sua-nato-din-afganistan-isi-da-demisia-dupa-retragerea-trupelor\/"},"author":{"name":"admin","@id":"https:\/\/www.btv.md\/#\/schema\/person\/8fadce81561b3ce2c34c46dadc4ccbf2"},"headline":"Comandantul misiunii SUA-NATO din Afganistan \u00ee\u0219i d\u0103 demisia dup\u0103 retragerea trupelor","datePublished":"2021-07-12T10:06:52+00:00","mainEntityOfPage":{"@id":"https:\/\/www.btv.md\/ro\/comandantul-misiunii-sua-nato-din-afganistan-isi-da-demisia-dupa-retragerea-trupelor\/"},"wordCount":358,"image":{"@id":"https:\/\/www.btv.md\/ro\/comandantul-misiunii-sua-nato-din-afganistan-isi-da-demisia-dupa-retragerea-trupelor\/#primaryimage"},"thumbnailUrl":"https:\/\/www.btv.md\/wp-content\/uploads\/2021\/07\/ad1km2m4zmy5zdvkodflyjy5ngi5nmyxyzu2njzlytjlmw.thumb_.jpg","keywords":["Comandantul misiunii SUA-NATO din Afganistan \u00ee\u0219i d\u0103 demisia dup\u0103 retragerea trupelor"],"articleSection":["Social"],"inLanguage":"ro-RO"},{"@type":"WebPage","@id":"https:\/\/www.btv.md\/ro\/comandantul-misiunii-sua-nato-din-afganistan-isi-da-demisia-dupa-retragerea-trupelor\/","url":"https:\/\/www.btv.md\/ro\/comandantul-misiunii-sua-nato-din-afganistan-isi-da-demisia-dupa-retragerea-trupelor\/","name":"Comandantul misiunii SUA-NATO din Afganistan \u00ee\u0219i d\u0103 demisia dup\u0103 retragerea trupelor - BTV","isPartOf":{"@id":"https:\/\/www.btv.md\/#website"},"primaryImageOfPage":{"@id":"https:\/\/www.btv.md\/ro\/comandantul-misiunii-sua-nato-din-afganistan-isi-da-demisia-dupa-retragerea-trupelor\/#primaryimage"},"image":{"@id":"https:\/\/www.btv.md\/ro\/comandantul-misiunii-sua-nato-din-afganistan-isi-da-demisia-dupa-retragerea-trupelor\/#primaryimage"},"thumbnailUrl":"https:\/\/www.btv.md\/wp-content\/uploads\/2021\/07\/ad1km2m4zmy5zdvkodflyjy5ngi5nmyxyzu2njzlytjlmw.thumb_.jpg","datePublished":"2021-07-12T10:06:52+00:00","author":{"@id":"https:\/\/www.btv.md\/#\/schema\/person\/8fadce81561b3ce2c34c46dadc4ccbf2"},"inLanguage":"ro-RO","potentialAction":[{"@type":"ReadAction","target":["https:\/\/www.btv.md\/ro\/comandantul-misiunii-sua-nato-din-afganistan-isi-da-demisia-dupa-retragerea-trupelor\/"]}]},{"@type":"ImageObject","inLanguage":"ro-RO","@id":"https:\/\/www.btv.md\/ro\/comandantul-misiunii-sua-nato-din-afganistan-isi-da-demisia-dupa-retragerea-trupelor\/#primaryimage","url":"https:\/\/www.btv.md\/wp-content\/uploads\/2021\/07\/ad1km2m4zmy5zdvkodflyjy5ngi5nmyxyzu2njzlytjlmw.thumb_.jpg","contentUrl":"https:\/\/www.btv.md\/wp-content\/uploads\/2021\/07\/ad1km2m4zmy5zdvkodflyjy5ngi5nmyxyzu2njzlytjlmw.thumb_.jpg","width":780,"height":440},{"@type":"WebSite","@id":"https:\/\/www.btv.md\/#website","url":"https:\/\/www.btv.md\/","name":"BTV","description":"\u0411\u0435\u043b\u044c\u0446\u043a\u043e\u0435 \u0442\u0435\u043b\u0435\u0432\u0438\u0434\u0435\u043d\u0438\u0435","potentialAction":[{"@type":"SearchAction","target":{"@type":"EntryPoint","urlTemplate":"https:\/\/www.btv.md\/?s={search_term_string}"},"query-input":{"@type":"PropertyValueSpecification","valueRequired":true,"valueName":"search_term_string"}}],"inLanguage":"ro-RO"},{"@type":"Person","@id":"https:\/\/www.btv.md\/#\/schema\/person\/8fadce81561b3ce2c34c46dadc4ccbf2","name":"admin"}]}},"_links":{"self":[{"href":"https:\/\/www.btv.md\/ro\/wp-json\/wp\/v2\/posts\/136333","targetHints":{"allow":["GET"]}}],"collection":[{"href":"https:\/\/www.btv.md\/ro\/wp-json\/wp\/v2\/posts"}],"about":[{"href":"https:\/\/www.btv.md\/ro\/wp-json\/wp\/v2\/types\/post"}],"author":[{"embeddable":true,"href":"https:\/\/www.btv.md\/ro\/wp-json\/wp\/v2\/users\/4"}],"replies":[{"embeddable":true,"href":"https:\/\/www.btv.md\/ro\/wp-json\/wp\/v2\/comments?post=136333"}],"version-history":[{"count":0,"href":"https:\/\/www.btv.md\/ro\/wp-json\/wp\/v2\/posts\/136333\/revisions"}],"wp:featuredmedia":[{"embeddable":true,"href":"https:\/\/www.btv.md\/ro\/wp-json\/wp\/v2\/media\/136334"}],"wp:attachment":[{"href":"https:\/\/www.btv.md\/ro\/wp-json\/wp\/v2\/media?parent=136333"}],"wp:term":[{"taxonomy":"category","embeddable":true,"href":"https:\/\/www.btv.md\/ro\/wp-json\/wp\/v2\/categories?post=136333"},{"taxonomy":"post_tag","embeddable":true,"href":"https:\/\/www.btv.md\/ro\/wp-json\/wp\/v2\/tags?post=136333"}],"curies":[{"name":"wp","href":"https:\/\/api.w.org\/{rel}","templated":true}]}}