{"id":136337,"date":"2021-07-12T13:09:07","date_gmt":"2021-07-12T10:09:07","guid":{"rendered":"https:\/\/www.btv.md\/?p=136337"},"modified":"2021-07-12T13:09:07","modified_gmt":"2021-07-12T10:09:07","slug":"ce-arata-numaratoarea-paralela-a-voturilor-comparativ-cu-datele-cec","status":"publish","type":"post","link":"https:\/\/www.btv.md\/ro\/ce-arata-numaratoarea-paralela-a-voturilor-comparativ-cu-datele-cec\/","title":{"rendered":"Ce arat\u0103 num\u0103r\u0103toarea paralel\u0103 a voturilor comparativ cu datele CEC"},"content":{"rendered":"<p><strong>Cifra este comparabil\u0103 cu datele CEC la nivel na\u021bional, f\u0103r\u0103 diaspora \u0219i st\u00e2nga Nistrului \u2013 47,94%, dar \u0219i fa\u021b\u0103 de datele totale ale CEC dup\u0103 prelucrarea a 99,86% din procesele verbale \u2013 52,72%, transmite\u00a0<a href=\"https:\/\/stiri.md\/article\/politica\/ce-arata-numaratoarea-paralela-a-voturilor-comparativ-cu-datele-cec\">\u0218tiri.md<\/a>.<\/strong><\/p>\n<p>Potrivit num\u0103r\u0103rii paralele a voturilor de c\u0103tre Promo-LEX, Blocul electoral al Comuni\u0219tilor \u0219i Sociali\u0219tilor a acumulat 30,11%. Datele CEC la nivel na\u021bional, f\u0103r\u0103 diaspora \u0219i st\u00e2nga Nistrului, arat\u0103 pentru BeCS rezultatul de 30,63% voturi.<\/p>\n<p>Partidul Politic \u0218or a acumulat, \u00een urma num\u0103r\u0103rii paralele a voturilor, 5,83% voturi, \u00een timp ce datele CEC la nivel na\u021bional, f\u0103r\u0103 diaspora \u0219i st\u00e2nga Nistrului, arat\u0103 6,61% voturi.<\/p>\n<p>Nu a acumulat suficiente voturi pentru a ajunge \u00een Parlament Blocul electoral \u201eRenato Usat\u00eei\u201d. Num\u0103rarea paralel\u0103 a voturilor arat\u0103 3,13% \u00een favoarea acestuia, fa\u021b\u0103 de datele CEC la nivel na\u021bional, f\u0103r\u0103 diaspora \u0219i st\u00e2nga Nistrului \u2013 4,38 %.<\/p>\n<p>\u0218i Partidul Politic Platforma Demnitate \u0219i Adev\u0103r a r\u0103mas \u00een afara Parlamentului. Num\u0103rarea paralel\u0103 a voturilor de c\u0103tre Promo-LEX arat\u0103 c\u0103 2,46% din cet\u0103\u021beni au votat \u00een favoarea forma\u021biunii, date practic identice cu cele ale CEC la nivel na\u021bional, f\u0103r\u0103 diaspora \u0219i st\u00e2nga Nistrului \u2013 2,45%.<\/p>\n<p>Dup\u0103 prelucrarea a 2147 din \u00a0procesele verbale, PAS intr\u0103 \u00een Parlament cu 63 de mandate, BeCS \u2013 32 de mandate, iar Partidul Politic \u0218or \u2013 6 mandate.<\/p>\n<p><a href=\"https:\/\/i.simpalsmedia.com\/point.md\/news\/thumbnails\/large\/32db93718c9f59bd889674947e2b1aeb.jpg\" target=\"_blank\" rel=\"noopener\"><img decoding=\"async\" class=\"fr-fil fr-dib lazyload\" data-src=\"https:\/\/i.simpalsmedia.com\/point.md\/news\/thumbnails\/large\/32db93718c9f59bd889674947e2b1aeb.jpg\" src=\"data:image\/svg+xml;base64,PHN2ZyB3aWR0aD0iMSIgaGVpZ2h0PSIxIiB4bWxucz0iaHR0cDovL3d3dy53My5vcmcvMjAwMC9zdmciPjwvc3ZnPg==\" \/><\/a><\/p>\n<p>Foto: \u0218tiri.md.<\/p>\n","protected":false},"excerpt":{"rendered":"<p>Cifra este comparabil\u0103 cu datele CEC la nivel na\u021bional, f\u0103r\u0103 diaspora \u0219i st\u00e2nga Nistrului \u2013 47,94%, dar \u0219i fa\u021b\u0103 de datele totale ale CEC dup\u0103 prelucrarea a 99,86% din procesele verbale \u2013 52,72%, transmite\u00a0\u0218tiri.md. Potrivit num\u0103r\u0103rii paralele a voturilor de c\u0103tre Promo-LEX, Blocul electoral al Comuni\u0219tilor \u0219i Sociali\u0219tilor a acumulat 30,11%. Datele CEC la nivel [&hellip;]<\/p>\n","protected":false},"author":4,"featured_media":136338,"comment_status":"closed","ping_status":"closed","sticky":false,"template":"","format":"standard","meta":{"footnotes":""},"categories":[27535,6368],"tags":[27615],"class_list":["post-136337","post","type-post","status-publish","format-standard","has-post-thumbnail","hentry","category-anticipate-2021","category-politica-ro","tag-ce-arata-numaratoarea-paralela-a-voturilor-comparativ-cu-datele-cec"],"yoast_head":"<!-- This site is optimized with the Yoast SEO plugin v27.4 - https:\/\/yoast.com\/product\/yoast-seo-wordpress\/ -->\n<title>Ce arat\u0103 num\u0103r\u0103toarea paralel\u0103 a voturilor comparativ cu datele CEC - BTV<\/title>\n<meta name=\"robots\" content=\"index, follow, max-snippet:-1, max-image-preview:large, max-video-preview:-1\" \/>\n<link rel=\"canonical\" href=\"https:\/\/www.btv.md\/ro\/ce-arata-numaratoarea-paralela-a-voturilor-comparativ-cu-datele-cec\/\" \/>\n<meta property=\"og:locale\" content=\"ro_RO\" \/>\n<meta property=\"og:type\" content=\"article\" \/>\n<meta property=\"og:title\" content=\"Ce arat\u0103 num\u0103r\u0103toarea paralel\u0103 a voturilor comparativ cu datele CEC - BTV\" \/>\n<meta property=\"og:description\" content=\"Cifra este comparabil\u0103 cu datele CEC la nivel na\u021bional, f\u0103r\u0103 diaspora \u0219i st\u00e2nga Nistrului \u2013 47,94%, dar \u0219i fa\u021b\u0103 de datele totale ale CEC dup\u0103 prelucrarea a 99,86% din procesele verbale \u2013 52,72%, transmite\u00a0\u0218tiri.md. Potrivit num\u0103r\u0103rii paralele a voturilor de c\u0103tre Promo-LEX, Blocul electoral al Comuni\u0219tilor \u0219i Sociali\u0219tilor a acumulat 30,11%. Datele CEC la nivel [&hellip;]\" \/>\n<meta property=\"og:url\" content=\"https:\/\/www.btv.md\/ro\/ce-arata-numaratoarea-paralela-a-voturilor-comparativ-cu-datele-cec\/\" \/>\n<meta property=\"og:site_name\" content=\"BTV\" \/>\n<meta property=\"article:publisher\" content=\"https:\/\/www.facebook.com\/btvmoldova\/\" \/>\n<meta property=\"article:published_time\" content=\"2021-07-12T10:09:07+00:00\" \/>\n<meta property=\"og:image\" content=\"https:\/\/www.btv.md\/wp-content\/uploads\/2021\/07\/f5dbfcc528ba562fe96c0a212fb52476.jpg\" \/>\n\t<meta property=\"og:image:width\" content=\"809\" \/>\n\t<meta property=\"og:image:height\" content=\"456\" \/>\n\t<meta property=\"og:image:type\" content=\"image\/jpeg\" \/>\n<meta name=\"author\" content=\"admin\" \/>\n<meta name=\"twitter:label1\" content=\"Scris de\" \/>\n\t<meta name=\"twitter:data1\" content=\"admin\" \/>\n\t<meta name=\"twitter:label2\" content=\"Timp estimat pentru citire\" \/>\n\t<meta name=\"twitter:data2\" content=\"2 minute\" \/>\n<script type=\"application\/ld+json\" class=\"yoast-schema-graph\">{\"@context\":\"https:\\\/\\\/schema.org\",\"@graph\":[{\"@type\":\"Article\",\"@id\":\"https:\\\/\\\/www.btv.md\\\/ro\\\/ce-arata-numaratoarea-paralela-a-voturilor-comparativ-cu-datele-cec\\\/#article\",\"isPartOf\":{\"@id\":\"https:\\\/\\\/www.btv.md\\\/ro\\\/ce-arata-numaratoarea-paralela-a-voturilor-comparativ-cu-datele-cec\\\/\"},\"author\":{\"name\":\"admin\",\"@id\":\"https:\\\/\\\/www.btv.md\\\/#\\\/schema\\\/person\\\/8fadce81561b3ce2c34c46dadc4ccbf2\"},\"headline\":\"Ce arat\u0103 num\u0103r\u0103toarea paralel\u0103 a voturilor comparativ cu datele CEC\",\"datePublished\":\"2021-07-12T10:09:07+00:00\",\"mainEntityOfPage\":{\"@id\":\"https:\\\/\\\/www.btv.md\\\/ro\\\/ce-arata-numaratoarea-paralela-a-voturilor-comparativ-cu-datele-cec\\\/\"},\"wordCount\":233,\"image\":{\"@id\":\"https:\\\/\\\/www.btv.md\\\/ro\\\/ce-arata-numaratoarea-paralela-a-voturilor-comparativ-cu-datele-cec\\\/#primaryimage\"},\"thumbnailUrl\":\"https:\\\/\\\/www.btv.md\\\/wp-content\\\/uploads\\\/2021\\\/07\\\/f5dbfcc528ba562fe96c0a212fb52476.jpg\",\"keywords\":[\"Ce arat\u0103 num\u0103r\u0103toarea paralel\u0103 a voturilor comparativ cu datele CEC\"],\"articleSection\":[\"Anticipate 2021\",\"Politic\u0103\"],\"inLanguage\":\"ro-RO\"},{\"@type\":\"WebPage\",\"@id\":\"https:\\\/\\\/www.btv.md\\\/ro\\\/ce-arata-numaratoarea-paralela-a-voturilor-comparativ-cu-datele-cec\\\/\",\"url\":\"https:\\\/\\\/www.btv.md\\\/ro\\\/ce-arata-numaratoarea-paralela-a-voturilor-comparativ-cu-datele-cec\\\/\",\"name\":\"Ce arat\u0103 num\u0103r\u0103toarea paralel\u0103 a voturilor comparativ cu datele CEC - BTV\",\"isPartOf\":{\"@id\":\"https:\\\/\\\/www.btv.md\\\/#website\"},\"primaryImageOfPage\":{\"@id\":\"https:\\\/\\\/www.btv.md\\\/ro\\\/ce-arata-numaratoarea-paralela-a-voturilor-comparativ-cu-datele-cec\\\/#primaryimage\"},\"image\":{\"@id\":\"https:\\\/\\\/www.btv.md\\\/ro\\\/ce-arata-numaratoarea-paralela-a-voturilor-comparativ-cu-datele-cec\\\/#primaryimage\"},\"thumbnailUrl\":\"https:\\\/\\\/www.btv.md\\\/wp-content\\\/uploads\\\/2021\\\/07\\\/f5dbfcc528ba562fe96c0a212fb52476.jpg\",\"datePublished\":\"2021-07-12T10:09:07+00:00\",\"author\":{\"@id\":\"https:\\\/\\\/www.btv.md\\\/#\\\/schema\\\/person\\\/8fadce81561b3ce2c34c46dadc4ccbf2\"},\"inLanguage\":\"ro-RO\",\"potentialAction\":[{\"@type\":\"ReadAction\",\"target\":[\"https:\\\/\\\/www.btv.md\\\/ro\\\/ce-arata-numaratoarea-paralela-a-voturilor-comparativ-cu-datele-cec\\\/\"]}]},{\"@type\":\"ImageObject\",\"inLanguage\":\"ro-RO\",\"@id\":\"https:\\\/\\\/www.btv.md\\\/ro\\\/ce-arata-numaratoarea-paralela-a-voturilor-comparativ-cu-datele-cec\\\/#primaryimage\",\"url\":\"https:\\\/\\\/www.btv.md\\\/wp-content\\\/uploads\\\/2021\\\/07\\\/f5dbfcc528ba562fe96c0a212fb52476.jpg\",\"contentUrl\":\"https:\\\/\\\/www.btv.md\\\/wp-content\\\/uploads\\\/2021\\\/07\\\/f5dbfcc528ba562fe96c0a212fb52476.jpg\",\"width\":809,\"height\":456},{\"@type\":\"WebSite\",\"@id\":\"https:\\\/\\\/www.btv.md\\\/#website\",\"url\":\"https:\\\/\\\/www.btv.md\\\/\",\"name\":\"BTV\",\"description\":\"\u0411\u0435\u043b\u044c\u0446\u043a\u043e\u0435 \u0442\u0435\u043b\u0435\u0432\u0438\u0434\u0435\u043d\u0438\u0435\",\"potentialAction\":[{\"@type\":\"SearchAction\",\"target\":{\"@type\":\"EntryPoint\",\"urlTemplate\":\"https:\\\/\\\/www.btv.md\\\/?s={search_term_string}\"},\"query-input\":{\"@type\":\"PropertyValueSpecification\",\"valueRequired\":true,\"valueName\":\"search_term_string\"}}],\"inLanguage\":\"ro-RO\"},{\"@type\":\"Person\",\"@id\":\"https:\\\/\\\/www.btv.md\\\/#\\\/schema\\\/person\\\/8fadce81561b3ce2c34c46dadc4ccbf2\",\"name\":\"admin\"}]}<\/script>\n<!-- \/ Yoast SEO plugin. -->","yoast_head_json":{"title":"Ce arat\u0103 num\u0103r\u0103toarea paralel\u0103 a voturilor comparativ cu datele CEC - BTV","robots":{"index":"index","follow":"follow","max-snippet":"max-snippet:-1","max-image-preview":"max-image-preview:large","max-video-preview":"max-video-preview:-1"},"canonical":"https:\/\/www.btv.md\/ro\/ce-arata-numaratoarea-paralela-a-voturilor-comparativ-cu-datele-cec\/","og_locale":"ro_RO","og_type":"article","og_title":"Ce arat\u0103 num\u0103r\u0103toarea paralel\u0103 a voturilor comparativ cu datele CEC - BTV","og_description":"Cifra este comparabil\u0103 cu datele CEC la nivel na\u021bional, f\u0103r\u0103 diaspora \u0219i st\u00e2nga Nistrului \u2013 47,94%, dar \u0219i fa\u021b\u0103 de datele totale ale CEC dup\u0103 prelucrarea a 99,86% din procesele verbale \u2013 52,72%, transmite\u00a0\u0218tiri.md. Potrivit num\u0103r\u0103rii paralele a voturilor de c\u0103tre Promo-LEX, Blocul electoral al Comuni\u0219tilor \u0219i Sociali\u0219tilor a acumulat 30,11%. Datele CEC la nivel [&hellip;]","og_url":"https:\/\/www.btv.md\/ro\/ce-arata-numaratoarea-paralela-a-voturilor-comparativ-cu-datele-cec\/","og_site_name":"BTV","article_publisher":"https:\/\/www.facebook.com\/btvmoldova\/","article_published_time":"2021-07-12T10:09:07+00:00","og_image":[{"width":809,"height":456,"url":"https:\/\/www.btv.md\/wp-content\/uploads\/2021\/07\/f5dbfcc528ba562fe96c0a212fb52476.jpg","type":"image\/jpeg"}],"author":"admin","twitter_misc":{"Scris de":"admin","Timp estimat pentru citire":"2 minute"},"schema":{"@context":"https:\/\/schema.org","@graph":[{"@type":"Article","@id":"https:\/\/www.btv.md\/ro\/ce-arata-numaratoarea-paralela-a-voturilor-comparativ-cu-datele-cec\/#article","isPartOf":{"@id":"https:\/\/www.btv.md\/ro\/ce-arata-numaratoarea-paralela-a-voturilor-comparativ-cu-datele-cec\/"},"author":{"name":"admin","@id":"https:\/\/www.btv.md\/#\/schema\/person\/8fadce81561b3ce2c34c46dadc4ccbf2"},"headline":"Ce arat\u0103 num\u0103r\u0103toarea paralel\u0103 a voturilor comparativ cu datele CEC","datePublished":"2021-07-12T10:09:07+00:00","mainEntityOfPage":{"@id":"https:\/\/www.btv.md\/ro\/ce-arata-numaratoarea-paralela-a-voturilor-comparativ-cu-datele-cec\/"},"wordCount":233,"image":{"@id":"https:\/\/www.btv.md\/ro\/ce-arata-numaratoarea-paralela-a-voturilor-comparativ-cu-datele-cec\/#primaryimage"},"thumbnailUrl":"https:\/\/www.btv.md\/wp-content\/uploads\/2021\/07\/f5dbfcc528ba562fe96c0a212fb52476.jpg","keywords":["Ce arat\u0103 num\u0103r\u0103toarea paralel\u0103 a voturilor comparativ cu datele CEC"],"articleSection":["Anticipate 2021","Politic\u0103"],"inLanguage":"ro-RO"},{"@type":"WebPage","@id":"https:\/\/www.btv.md\/ro\/ce-arata-numaratoarea-paralela-a-voturilor-comparativ-cu-datele-cec\/","url":"https:\/\/www.btv.md\/ro\/ce-arata-numaratoarea-paralela-a-voturilor-comparativ-cu-datele-cec\/","name":"Ce arat\u0103 num\u0103r\u0103toarea paralel\u0103 a voturilor comparativ cu datele CEC - BTV","isPartOf":{"@id":"https:\/\/www.btv.md\/#website"},"primaryImageOfPage":{"@id":"https:\/\/www.btv.md\/ro\/ce-arata-numaratoarea-paralela-a-voturilor-comparativ-cu-datele-cec\/#primaryimage"},"image":{"@id":"https:\/\/www.btv.md\/ro\/ce-arata-numaratoarea-paralela-a-voturilor-comparativ-cu-datele-cec\/#primaryimage"},"thumbnailUrl":"https:\/\/www.btv.md\/wp-content\/uploads\/2021\/07\/f5dbfcc528ba562fe96c0a212fb52476.jpg","datePublished":"2021-07-12T10:09:07+00:00","author":{"@id":"https:\/\/www.btv.md\/#\/schema\/person\/8fadce81561b3ce2c34c46dadc4ccbf2"},"inLanguage":"ro-RO","potentialAction":[{"@type":"ReadAction","target":["https:\/\/www.btv.md\/ro\/ce-arata-numaratoarea-paralela-a-voturilor-comparativ-cu-datele-cec\/"]}]},{"@type":"ImageObject","inLanguage":"ro-RO","@id":"https:\/\/www.btv.md\/ro\/ce-arata-numaratoarea-paralela-a-voturilor-comparativ-cu-datele-cec\/#primaryimage","url":"https:\/\/www.btv.md\/wp-content\/uploads\/2021\/07\/f5dbfcc528ba562fe96c0a212fb52476.jpg","contentUrl":"https:\/\/www.btv.md\/wp-content\/uploads\/2021\/07\/f5dbfcc528ba562fe96c0a212fb52476.jpg","width":809,"height":456},{"@type":"WebSite","@id":"https:\/\/www.btv.md\/#website","url":"https:\/\/www.btv.md\/","name":"BTV","description":"\u0411\u0435\u043b\u044c\u0446\u043a\u043e\u0435 \u0442\u0435\u043b\u0435\u0432\u0438\u0434\u0435\u043d\u0438\u0435","potentialAction":[{"@type":"SearchAction","target":{"@type":"EntryPoint","urlTemplate":"https:\/\/www.btv.md\/?s={search_term_string}"},"query-input":{"@type":"PropertyValueSpecification","valueRequired":true,"valueName":"search_term_string"}}],"inLanguage":"ro-RO"},{"@type":"Person","@id":"https:\/\/www.btv.md\/#\/schema\/person\/8fadce81561b3ce2c34c46dadc4ccbf2","name":"admin"}]}},"_links":{"self":[{"href":"https:\/\/www.btv.md\/ro\/wp-json\/wp\/v2\/posts\/136337","targetHints":{"allow":["GET"]}}],"collection":[{"href":"https:\/\/www.btv.md\/ro\/wp-json\/wp\/v2\/posts"}],"about":[{"href":"https:\/\/www.btv.md\/ro\/wp-json\/wp\/v2\/types\/post"}],"author":[{"embeddable":true,"href":"https:\/\/www.btv.md\/ro\/wp-json\/wp\/v2\/users\/4"}],"replies":[{"embeddable":true,"href":"https:\/\/www.btv.md\/ro\/wp-json\/wp\/v2\/comments?post=136337"}],"version-history":[{"count":0,"href":"https:\/\/www.btv.md\/ro\/wp-json\/wp\/v2\/posts\/136337\/revisions"}],"wp:featuredmedia":[{"embeddable":true,"href":"https:\/\/www.btv.md\/ro\/wp-json\/wp\/v2\/media\/136338"}],"wp:attachment":[{"href":"https:\/\/www.btv.md\/ro\/wp-json\/wp\/v2\/media?parent=136337"}],"wp:term":[{"taxonomy":"category","embeddable":true,"href":"https:\/\/www.btv.md\/ro\/wp-json\/wp\/v2\/categories?post=136337"},{"taxonomy":"post_tag","embeddable":true,"href":"https:\/\/www.btv.md\/ro\/wp-json\/wp\/v2\/tags?post=136337"}],"curies":[{"name":"wp","href":"https:\/\/api.w.org\/{rel}","templated":true}]}}