{"id":13634,"date":"2016-05-30T10:35:00","date_gmt":"2016-05-30T07:35:00","guid":{"rendered":"http:\/\/btv.md\/?p=13634"},"modified":"2016-05-30T10:35:00","modified_gmt":"2016-05-30T07:35:00","slug":"atentat-terorist-intr-un-fan-club-din-irak","status":"publish","type":"post","link":"https:\/\/www.btv.md\/ro\/atentat-terorist-intr-un-fan-club-din-irak\/","title":{"rendered":"ATENTAT  TERORIST  \u00ceNTR-UN  FAN  CLUB  DIN  IRAK"},"content":{"rendered":"<p><strong>12 suporteri ai echipei Real Madrid, uci\u0219i \u00een timp ce urm\u0103reau finala UCL.<\/strong><br \/>\nUn nou atentat terorist \u00eempotriva unui fan club Real Madrid a avut loc \u00een Irak. Cel pu\u0163in 12 suporteri ai echipei spaniole au fost uci\u015fi chiar \u00een timp ce urm\u0103reau finala Ligii Campionilor.<\/p>\n<p>Potrivit cotidianului AS, care \u00eel citeaz\u0103 pe liderul fan clubului Real Madrid din Irak, patru b\u0103rba\u0163i \u00eenarma\u0163i au p\u0103truns \u00een localul \u00een care oamenii urm\u0103reau meciul \u015fi au \u00eenceput s\u0103 trag\u0103 la \u00eent\u00e2mplare chiar \u00eenainte de executarea loviturilor de departajare de la 11 metri.<\/p>\n<p>Atacul terorist a avut loc \u00een Baakouba, localitate situat\u0103 la 50 de kilometri de capitala irakian\u0103 Bagdad \u015fi nu a fost revendicat deocamdat\u0103.<\/p>\n<p>Este pentru a doua oar\u0103 \u00een mai pu\u0163in de trei s\u0103pt\u0103m\u00e2ni c\u00e2nd fani ai forma\u0163iei madrilene sunt viza\u0163i de terori\u015fti \u00een Irak. Pe 13 mai, \u00eentr-un atac similar, 16 fani Real Madrid au murit \u015fi al\u0163i 20 au fost r\u0103ni\u0163i de jihadi\u015fti.<\/p>\n<p>Pre\u015fedintele clubului spaniol a dedicat victoria din finala Ligii Campionilor memoriei suporterilor uci\u015fi pe 13 mai. <\/p>\n<p><a href=\"http:\/\/www.digi24.ro\/\" target=\"_blank\">digi24.ro<\/a><\/p>\n","protected":false},"excerpt":{"rendered":"<p>12 suporteri ai echipei Real Madrid, uci\u0219i \u00een timp ce urm\u0103reau finala UCL. Un nou atentat terorist \u00eempotriva unui fan club Real Madrid a avut loc \u00een Irak. Cel pu\u0163in 12 suporteri ai echipei spaniole au fost uci\u015fi chiar \u00een timp ce urm\u0103reau finala Ligii Campionilor. Potrivit cotidianului AS, care \u00eel citeaz\u0103 pe liderul fan [&hellip;]<\/p>\n","protected":false},"author":4,"featured_media":13635,"comment_status":"closed","ping_status":"closed","sticky":false,"template":"","format":"standard","meta":{"footnotes":""},"categories":[6354],"tags":[],"class_list":["post-13634","post","type-post","status-publish","format-standard","has-post-thumbnail","hentry","category-externe-ro"],"yoast_head":"<!-- This site is optimized with the Yoast SEO plugin v27.4 - https:\/\/yoast.com\/product\/yoast-seo-wordpress\/ -->\n<title>ATENTAT TERORIST \u00ceNTR-UN FAN CLUB DIN IRAK - BTV<\/title>\n<meta name=\"robots\" content=\"index, follow, max-snippet:-1, max-image-preview:large, max-video-preview:-1\" \/>\n<link rel=\"canonical\" href=\"https:\/\/www.btv.md\/ro\/atentat-terorist-intr-un-fan-club-din-irak\/\" \/>\n<meta property=\"og:locale\" content=\"ro_RO\" \/>\n<meta property=\"og:type\" content=\"article\" \/>\n<meta property=\"og:title\" content=\"ATENTAT TERORIST \u00ceNTR-UN FAN CLUB DIN IRAK - BTV\" \/>\n<meta property=\"og:description\" content=\"12 suporteri ai echipei Real Madrid, uci\u0219i \u00een timp ce urm\u0103reau finala UCL. Un nou atentat terorist \u00eempotriva unui fan club Real Madrid a avut loc \u00een Irak. Cel pu\u0163in 12 suporteri ai echipei spaniole au fost uci\u015fi chiar \u00een timp ce urm\u0103reau finala Ligii Campionilor. Potrivit cotidianului AS, care \u00eel citeaz\u0103 pe liderul fan [&hellip;]\" \/>\n<meta property=\"og:url\" content=\"https:\/\/www.btv.md\/ro\/atentat-terorist-intr-un-fan-club-din-irak\/\" \/>\n<meta property=\"og:site_name\" content=\"BTV\" \/>\n<meta property=\"article:publisher\" content=\"https:\/\/www.facebook.com\/btvmoldova\/\" \/>\n<meta property=\"article:published_time\" content=\"2016-05-30T07:35:00+00:00\" \/>\n<meta property=\"og:image\" content=\"https:\/\/www.btv.md\/wp-content\/uploads\/2016\/05\/real-madrid-fans-by-IntangibleArts.jpg\" \/>\n\t<meta property=\"og:image:width\" content=\"1024\" \/>\n\t<meta property=\"og:image:height\" content=\"682\" \/>\n\t<meta property=\"og:image:type\" content=\"image\/jpeg\" \/>\n<meta name=\"author\" content=\"admin\" \/>\n<meta name=\"twitter:label1\" content=\"Scris de\" \/>\n\t<meta name=\"twitter:data1\" content=\"admin\" \/>\n\t<meta name=\"twitter:label2\" content=\"Timp estimat pentru citire\" \/>\n\t<meta name=\"twitter:data2\" content=\"1 minut\" \/>\n<script type=\"application\/ld+json\" class=\"yoast-schema-graph\">{\"@context\":\"https:\\\/\\\/schema.org\",\"@graph\":[{\"@type\":\"Article\",\"@id\":\"https:\\\/\\\/www.btv.md\\\/ro\\\/atentat-terorist-intr-un-fan-club-din-irak\\\/#article\",\"isPartOf\":{\"@id\":\"https:\\\/\\\/www.btv.md\\\/ro\\\/atentat-terorist-intr-un-fan-club-din-irak\\\/\"},\"author\":{\"name\":\"admin\",\"@id\":\"https:\\\/\\\/www.btv.md\\\/#\\\/schema\\\/person\\\/8fadce81561b3ce2c34c46dadc4ccbf2\"},\"headline\":\"ATENTAT TERORIST \u00ceNTR-UN FAN CLUB DIN IRAK\",\"datePublished\":\"2016-05-30T07:35:00+00:00\",\"mainEntityOfPage\":{\"@id\":\"https:\\\/\\\/www.btv.md\\\/ro\\\/atentat-terorist-intr-un-fan-club-din-irak\\\/\"},\"wordCount\":197,\"image\":{\"@id\":\"https:\\\/\\\/www.btv.md\\\/ro\\\/atentat-terorist-intr-un-fan-club-din-irak\\\/#primaryimage\"},\"thumbnailUrl\":\"https:\\\/\\\/www.btv.md\\\/wp-content\\\/uploads\\\/2016\\\/05\\\/real-madrid-fans-by-IntangibleArts.jpg\",\"articleSection\":[\"Externe\"],\"inLanguage\":\"ro-RO\"},{\"@type\":\"WebPage\",\"@id\":\"https:\\\/\\\/www.btv.md\\\/ro\\\/atentat-terorist-intr-un-fan-club-din-irak\\\/\",\"url\":\"https:\\\/\\\/www.btv.md\\\/ro\\\/atentat-terorist-intr-un-fan-club-din-irak\\\/\",\"name\":\"ATENTAT TERORIST \u00ceNTR-UN FAN CLUB DIN IRAK - BTV\",\"isPartOf\":{\"@id\":\"https:\\\/\\\/www.btv.md\\\/#website\"},\"primaryImageOfPage\":{\"@id\":\"https:\\\/\\\/www.btv.md\\\/ro\\\/atentat-terorist-intr-un-fan-club-din-irak\\\/#primaryimage\"},\"image\":{\"@id\":\"https:\\\/\\\/www.btv.md\\\/ro\\\/atentat-terorist-intr-un-fan-club-din-irak\\\/#primaryimage\"},\"thumbnailUrl\":\"https:\\\/\\\/www.btv.md\\\/wp-content\\\/uploads\\\/2016\\\/05\\\/real-madrid-fans-by-IntangibleArts.jpg\",\"datePublished\":\"2016-05-30T07:35:00+00:00\",\"author\":{\"@id\":\"https:\\\/\\\/www.btv.md\\\/#\\\/schema\\\/person\\\/8fadce81561b3ce2c34c46dadc4ccbf2\"},\"inLanguage\":\"ro-RO\",\"potentialAction\":[{\"@type\":\"ReadAction\",\"target\":[\"https:\\\/\\\/www.btv.md\\\/ro\\\/atentat-terorist-intr-un-fan-club-din-irak\\\/\"]}]},{\"@type\":\"ImageObject\",\"inLanguage\":\"ro-RO\",\"@id\":\"https:\\\/\\\/www.btv.md\\\/ro\\\/atentat-terorist-intr-un-fan-club-din-irak\\\/#primaryimage\",\"url\":\"https:\\\/\\\/www.btv.md\\\/wp-content\\\/uploads\\\/2016\\\/05\\\/real-madrid-fans-by-IntangibleArts.jpg\",\"contentUrl\":\"https:\\\/\\\/www.btv.md\\\/wp-content\\\/uploads\\\/2016\\\/05\\\/real-madrid-fans-by-IntangibleArts.jpg\",\"width\":1024,\"height\":682},{\"@type\":\"WebSite\",\"@id\":\"https:\\\/\\\/www.btv.md\\\/#website\",\"url\":\"https:\\\/\\\/www.btv.md\\\/\",\"name\":\"BTV\",\"description\":\"\u0411\u0435\u043b\u044c\u0446\u043a\u043e\u0435 \u0442\u0435\u043b\u0435\u0432\u0438\u0434\u0435\u043d\u0438\u0435\",\"potentialAction\":[{\"@type\":\"SearchAction\",\"target\":{\"@type\":\"EntryPoint\",\"urlTemplate\":\"https:\\\/\\\/www.btv.md\\\/?s={search_term_string}\"},\"query-input\":{\"@type\":\"PropertyValueSpecification\",\"valueRequired\":true,\"valueName\":\"search_term_string\"}}],\"inLanguage\":\"ro-RO\"},{\"@type\":\"Person\",\"@id\":\"https:\\\/\\\/www.btv.md\\\/#\\\/schema\\\/person\\\/8fadce81561b3ce2c34c46dadc4ccbf2\",\"name\":\"admin\"}]}<\/script>\n<!-- \/ Yoast SEO plugin. -->","yoast_head_json":{"title":"ATENTAT TERORIST \u00ceNTR-UN FAN CLUB DIN IRAK - BTV","robots":{"index":"index","follow":"follow","max-snippet":"max-snippet:-1","max-image-preview":"max-image-preview:large","max-video-preview":"max-video-preview:-1"},"canonical":"https:\/\/www.btv.md\/ro\/atentat-terorist-intr-un-fan-club-din-irak\/","og_locale":"ro_RO","og_type":"article","og_title":"ATENTAT TERORIST \u00ceNTR-UN FAN CLUB DIN IRAK - BTV","og_description":"12 suporteri ai echipei Real Madrid, uci\u0219i \u00een timp ce urm\u0103reau finala UCL. Un nou atentat terorist \u00eempotriva unui fan club Real Madrid a avut loc \u00een Irak. Cel pu\u0163in 12 suporteri ai echipei spaniole au fost uci\u015fi chiar \u00een timp ce urm\u0103reau finala Ligii Campionilor. Potrivit cotidianului AS, care \u00eel citeaz\u0103 pe liderul fan [&hellip;]","og_url":"https:\/\/www.btv.md\/ro\/atentat-terorist-intr-un-fan-club-din-irak\/","og_site_name":"BTV","article_publisher":"https:\/\/www.facebook.com\/btvmoldova\/","article_published_time":"2016-05-30T07:35:00+00:00","og_image":[{"width":1024,"height":682,"url":"https:\/\/www.btv.md\/wp-content\/uploads\/2016\/05\/real-madrid-fans-by-IntangibleArts.jpg","type":"image\/jpeg"}],"author":"admin","twitter_misc":{"Scris de":"admin","Timp estimat pentru citire":"1 minut"},"schema":{"@context":"https:\/\/schema.org","@graph":[{"@type":"Article","@id":"https:\/\/www.btv.md\/ro\/atentat-terorist-intr-un-fan-club-din-irak\/#article","isPartOf":{"@id":"https:\/\/www.btv.md\/ro\/atentat-terorist-intr-un-fan-club-din-irak\/"},"author":{"name":"admin","@id":"https:\/\/www.btv.md\/#\/schema\/person\/8fadce81561b3ce2c34c46dadc4ccbf2"},"headline":"ATENTAT TERORIST \u00ceNTR-UN FAN CLUB DIN IRAK","datePublished":"2016-05-30T07:35:00+00:00","mainEntityOfPage":{"@id":"https:\/\/www.btv.md\/ro\/atentat-terorist-intr-un-fan-club-din-irak\/"},"wordCount":197,"image":{"@id":"https:\/\/www.btv.md\/ro\/atentat-terorist-intr-un-fan-club-din-irak\/#primaryimage"},"thumbnailUrl":"https:\/\/www.btv.md\/wp-content\/uploads\/2016\/05\/real-madrid-fans-by-IntangibleArts.jpg","articleSection":["Externe"],"inLanguage":"ro-RO"},{"@type":"WebPage","@id":"https:\/\/www.btv.md\/ro\/atentat-terorist-intr-un-fan-club-din-irak\/","url":"https:\/\/www.btv.md\/ro\/atentat-terorist-intr-un-fan-club-din-irak\/","name":"ATENTAT TERORIST \u00ceNTR-UN FAN CLUB DIN IRAK - BTV","isPartOf":{"@id":"https:\/\/www.btv.md\/#website"},"primaryImageOfPage":{"@id":"https:\/\/www.btv.md\/ro\/atentat-terorist-intr-un-fan-club-din-irak\/#primaryimage"},"image":{"@id":"https:\/\/www.btv.md\/ro\/atentat-terorist-intr-un-fan-club-din-irak\/#primaryimage"},"thumbnailUrl":"https:\/\/www.btv.md\/wp-content\/uploads\/2016\/05\/real-madrid-fans-by-IntangibleArts.jpg","datePublished":"2016-05-30T07:35:00+00:00","author":{"@id":"https:\/\/www.btv.md\/#\/schema\/person\/8fadce81561b3ce2c34c46dadc4ccbf2"},"inLanguage":"ro-RO","potentialAction":[{"@type":"ReadAction","target":["https:\/\/www.btv.md\/ro\/atentat-terorist-intr-un-fan-club-din-irak\/"]}]},{"@type":"ImageObject","inLanguage":"ro-RO","@id":"https:\/\/www.btv.md\/ro\/atentat-terorist-intr-un-fan-club-din-irak\/#primaryimage","url":"https:\/\/www.btv.md\/wp-content\/uploads\/2016\/05\/real-madrid-fans-by-IntangibleArts.jpg","contentUrl":"https:\/\/www.btv.md\/wp-content\/uploads\/2016\/05\/real-madrid-fans-by-IntangibleArts.jpg","width":1024,"height":682},{"@type":"WebSite","@id":"https:\/\/www.btv.md\/#website","url":"https:\/\/www.btv.md\/","name":"BTV","description":"\u0411\u0435\u043b\u044c\u0446\u043a\u043e\u0435 \u0442\u0435\u043b\u0435\u0432\u0438\u0434\u0435\u043d\u0438\u0435","potentialAction":[{"@type":"SearchAction","target":{"@type":"EntryPoint","urlTemplate":"https:\/\/www.btv.md\/?s={search_term_string}"},"query-input":{"@type":"PropertyValueSpecification","valueRequired":true,"valueName":"search_term_string"}}],"inLanguage":"ro-RO"},{"@type":"Person","@id":"https:\/\/www.btv.md\/#\/schema\/person\/8fadce81561b3ce2c34c46dadc4ccbf2","name":"admin"}]}},"_links":{"self":[{"href":"https:\/\/www.btv.md\/ro\/wp-json\/wp\/v2\/posts\/13634","targetHints":{"allow":["GET"]}}],"collection":[{"href":"https:\/\/www.btv.md\/ro\/wp-json\/wp\/v2\/posts"}],"about":[{"href":"https:\/\/www.btv.md\/ro\/wp-json\/wp\/v2\/types\/post"}],"author":[{"embeddable":true,"href":"https:\/\/www.btv.md\/ro\/wp-json\/wp\/v2\/users\/4"}],"replies":[{"embeddable":true,"href":"https:\/\/www.btv.md\/ro\/wp-json\/wp\/v2\/comments?post=13634"}],"version-history":[{"count":0,"href":"https:\/\/www.btv.md\/ro\/wp-json\/wp\/v2\/posts\/13634\/revisions"}],"wp:featuredmedia":[{"embeddable":true,"href":"https:\/\/www.btv.md\/ro\/wp-json\/wp\/v2\/media\/13635"}],"wp:attachment":[{"href":"https:\/\/www.btv.md\/ro\/wp-json\/wp\/v2\/media?parent=13634"}],"wp:term":[{"taxonomy":"category","embeddable":true,"href":"https:\/\/www.btv.md\/ro\/wp-json\/wp\/v2\/categories?post=13634"},{"taxonomy":"post_tag","embeddable":true,"href":"https:\/\/www.btv.md\/ro\/wp-json\/wp\/v2\/tags?post=13634"}],"curies":[{"name":"wp","href":"https:\/\/api.w.org\/{rel}","templated":true}]}}