{"id":136364,"date":"2021-07-12T14:34:03","date_gmt":"2021-07-12T11:34:03","guid":{"rendered":"https:\/\/www.btv.md\/?p=136364"},"modified":"2021-07-12T14:34:03","modified_gmt":"2021-07-12T11:34:03","slug":"rezultate-finale-pas-obtine-majoritatea-becs-si-sor-vor-fi-in-opozitie","status":"publish","type":"post","link":"https:\/\/www.btv.md\/ro\/rezultate-finale-pas-obtine-majoritatea-becs-si-sor-vor-fi-in-opozitie\/","title":{"rendered":"Rezultate finale: PAS ob\u021bine majoritatea. BECS \u0219i \u0218OR vor fi \u00een opozi\u021bie"},"content":{"rendered":"<p class=\"p1\"><strong>Cel pu\u021bin asta arat\u0103 rezultatele prezentate de Comisia Electoral\u0103 Central\u0103 (CEC) dup\u0103 procesarea a 100% de buletine de voturi, transmite\u00a0<a href=\"https:\/\/stiri.md\/article\/politica\/rezultate-finale-pas-obtine-majoritatea-becs-si-sor-vor-fi-in-opozitie\">\u0218tiri.md<\/a>.<\/strong><\/p>\n<p class=\"p1\">Astfel, PAS a acumulat 52,80%, BECS &#8211; 27,17% \u0219i PP \u0218or &#8211; 5,74%.<\/p>\n<p>Partidul Ac\u021biune \u0219i Solidaritate (PAS) ar lua 63 de mandate de deputat \u00een viitorul Parlament.<\/p>\n<p>Pe locul 2 cu cel mai mare num\u0103r de deputa\u021bi, \u00een Parlament intr\u0103 Blocul Electoral al comuni\u0219tilor \u0219i Sociali\u0219tilor, cu 32 de mandate, dup\u0103 ce au ob\u021binut 27,36% din voturile cet\u0103\u021benilor.<\/p>\n<p>BECS este urmat de Partidul Politic \u201e\u0218or\u201d, care ar putea intra \u00een Legislativ cu \u0219ase mandate, cu trei candida\u021bi mai pu\u021bin dec\u00e2t la scrutinul precedent.<\/p>\n<p>Celelalte partide au ob\u021binut scoruri sub pragul electoral.<\/p>\n<p><img decoding=\"async\" class=\"fr-fil fr-dib lazyload\" data-src=\"https:\/\/i.simpalsmedia.com\/point.md\/news\/thumbnails\/large\/4479e9140920ec1f3931e373661361a8.png\" src=\"data:image\/svg+xml;base64,PHN2ZyB3aWR0aD0iMSIgaGVpZ2h0PSIxIiB4bWxucz0iaHR0cDovL3d3dy53My5vcmcvMjAwMC9zdmciPjwvc3ZnPg==\" \/><\/p>\n<p>Comisia Electoral\u0103 Central\u0103 va totaliza rezultatele alegerilor parlamentare anticipate din 11 iulie \u00een cel mult 5 zile de la primirea tuturor proceselor verbale de la sec\u0163iile de votare.<\/p>\n<p class=\"p1\">Ulterior, aceste date vor fi transmise Cur\u0163ii Constitu\u0163ionale, care, la r\u00e2ndul s\u0103u, are la dispozi\u0163ie 5 zile pentru examinarea datelor \u015fi expunerea asupra valid\u0103rii rezultatelor scrutinului \u015fi a mandatelor deputa\u0163ilor ale\u015fi.<\/p>\n<p class=\"p1\">Acest lucru trebuie s\u0103 se \u00eent\u00e2mple dup\u0103 solu\u0163ionarea tuturor contesta\u021biilor depuse de concuren\u0163ii electorali \u00een decurs de 3 zile dup\u0103 adoptarea hot\u0103r\u00e2rilor CEC.<\/p>\n<p class=\"p1\">Potrivit articolului 63 al Constitu\u0163iei, Parlamentul se \u00eentrune\u015fte, la convocarea pre\u015fedintelui Republicii Moldova, \u00een cel mult 30 de zile de la alegeri.<\/p>\n<p class=\"p1\">Proiectele de legi sau propunerile legislative \u00eenscrise pe ordinea de zi a Legislativului precedent vor fi transmise spre examinare noii legislaturi.<\/p>\n<p class=\"p1\">\u0218tiri.md\u00a0reaminte\u0219te c\u0103, pentru acest scrutin, CEC a \u00eenregistrat 23 de concuren\u021bi electorali: 20 de partide politice, dou\u0103 blocuri electorale \u0219i un candidat independent.<\/p>\n<p class=\"p1\">La urne au fost a\u0219tepta\u021bi peste 3 milioane de votan\u021bi. Pentru validarea rezultatelor alegerilor, este necesar\u0103 participarea la scrutin a 1\/3 din num\u0103rul de persoane \u00eenscrise \u00een listele electorale,\u00a0<span class=\"s1\">fapt \u00eemplinit \u00een jurul orei 15:00.<\/span><\/p>\n<p class=\"p1\"><span class=\"s1\">Foto: \u0218tiri.md.<\/span><\/p>\n","protected":false},"excerpt":{"rendered":"<p>Cel pu\u021bin asta arat\u0103 rezultatele prezentate de Comisia Electoral\u0103 Central\u0103 (CEC) dup\u0103 procesarea a 100% de buletine de voturi, transmite\u00a0\u0218tiri.md. Astfel, PAS a acumulat 52,80%, BECS &#8211; 27,17% \u0219i PP \u0218or &#8211; 5,74%. Partidul Ac\u021biune \u0219i Solidaritate (PAS) ar lua 63 de mandate de deputat \u00een viitorul Parlament. Pe locul 2 cu cel mai mare [&hellip;]<\/p>\n","protected":false},"author":4,"featured_media":136365,"comment_status":"closed","ping_status":"closed","sticky":false,"template":"","format":"standard","meta":{"footnotes":""},"categories":[27535,6368],"tags":[27622],"class_list":["post-136364","post","type-post","status-publish","format-standard","has-post-thumbnail","hentry","category-anticipate-2021","category-politica-ro","tag-rezultate-finale-pas-obtine-majoritatea-becs-si-sor-vor-fi-in-opozitie"],"yoast_head":"<!-- This site is optimized with the Yoast SEO plugin v27.4 - https:\/\/yoast.com\/product\/yoast-seo-wordpress\/ -->\n<title>Rezultate finale: PAS ob\u021bine majoritatea. BECS \u0219i \u0218OR vor fi \u00een opozi\u021bie - BTV<\/title>\n<meta name=\"robots\" content=\"index, follow, max-snippet:-1, max-image-preview:large, max-video-preview:-1\" \/>\n<link rel=\"canonical\" href=\"https:\/\/www.btv.md\/ro\/rezultate-finale-pas-obtine-majoritatea-becs-si-sor-vor-fi-in-opozitie\/\" \/>\n<meta property=\"og:locale\" content=\"ro_RO\" \/>\n<meta property=\"og:type\" content=\"article\" \/>\n<meta property=\"og:title\" content=\"Rezultate finale: PAS ob\u021bine majoritatea. BECS \u0219i \u0218OR vor fi \u00een opozi\u021bie - BTV\" \/>\n<meta property=\"og:description\" content=\"Cel pu\u021bin asta arat\u0103 rezultatele prezentate de Comisia Electoral\u0103 Central\u0103 (CEC) dup\u0103 procesarea a 100% de buletine de voturi, transmite\u00a0\u0218tiri.md. Astfel, PAS a acumulat 52,80%, BECS &#8211; 27,17% \u0219i PP \u0218or &#8211; 5,74%. Partidul Ac\u021biune \u0219i Solidaritate (PAS) ar lua 63 de mandate de deputat \u00een viitorul Parlament. Pe locul 2 cu cel mai mare [&hellip;]\" \/>\n<meta property=\"og:url\" content=\"https:\/\/www.btv.md\/ro\/rezultate-finale-pas-obtine-majoritatea-becs-si-sor-vor-fi-in-opozitie\/\" \/>\n<meta property=\"og:site_name\" content=\"BTV\" \/>\n<meta property=\"article:publisher\" content=\"https:\/\/www.facebook.com\/btvmoldova\/\" \/>\n<meta property=\"article:published_time\" content=\"2021-07-12T11:34:03+00:00\" \/>\n<meta property=\"og:image\" content=\"https:\/\/www.btv.md\/wp-content\/uploads\/2021\/07\/5fe5018d7150b2c91938ec3841a13d43.jpg\" \/>\n\t<meta property=\"og:image:width\" content=\"809\" \/>\n\t<meta property=\"og:image:height\" content=\"456\" \/>\n\t<meta property=\"og:image:type\" content=\"image\/jpeg\" \/>\n<meta name=\"author\" content=\"admin\" \/>\n<meta name=\"twitter:label1\" content=\"Scris de\" \/>\n\t<meta name=\"twitter:data1\" content=\"admin\" \/>\n\t<meta name=\"twitter:label2\" content=\"Timp estimat pentru citire\" \/>\n\t<meta name=\"twitter:data2\" content=\"2 minute\" \/>\n<script type=\"application\/ld+json\" class=\"yoast-schema-graph\">{\"@context\":\"https:\\\/\\\/schema.org\",\"@graph\":[{\"@type\":\"Article\",\"@id\":\"https:\\\/\\\/www.btv.md\\\/ro\\\/rezultate-finale-pas-obtine-majoritatea-becs-si-sor-vor-fi-in-opozitie\\\/#article\",\"isPartOf\":{\"@id\":\"https:\\\/\\\/www.btv.md\\\/ro\\\/rezultate-finale-pas-obtine-majoritatea-becs-si-sor-vor-fi-in-opozitie\\\/\"},\"author\":{\"name\":\"admin\",\"@id\":\"https:\\\/\\\/www.btv.md\\\/#\\\/schema\\\/person\\\/8fadce81561b3ce2c34c46dadc4ccbf2\"},\"headline\":\"Rezultate finale: PAS ob\u021bine majoritatea. BECS \u0219i \u0218OR vor fi \u00een opozi\u021bie\",\"datePublished\":\"2021-07-12T11:34:03+00:00\",\"mainEntityOfPage\":{\"@id\":\"https:\\\/\\\/www.btv.md\\\/ro\\\/rezultate-finale-pas-obtine-majoritatea-becs-si-sor-vor-fi-in-opozitie\\\/\"},\"wordCount\":333,\"image\":{\"@id\":\"https:\\\/\\\/www.btv.md\\\/ro\\\/rezultate-finale-pas-obtine-majoritatea-becs-si-sor-vor-fi-in-opozitie\\\/#primaryimage\"},\"thumbnailUrl\":\"https:\\\/\\\/www.btv.md\\\/wp-content\\\/uploads\\\/2021\\\/07\\\/5fe5018d7150b2c91938ec3841a13d43.jpg\",\"keywords\":[\"Rezultate finale: PAS ob\u021bine majoritatea. BECS \u0219i \u0218OR vor fi \u00een opozi\u021bie\"],\"articleSection\":[\"Anticipate 2021\",\"Politic\u0103\"],\"inLanguage\":\"ro-RO\"},{\"@type\":\"WebPage\",\"@id\":\"https:\\\/\\\/www.btv.md\\\/ro\\\/rezultate-finale-pas-obtine-majoritatea-becs-si-sor-vor-fi-in-opozitie\\\/\",\"url\":\"https:\\\/\\\/www.btv.md\\\/ro\\\/rezultate-finale-pas-obtine-majoritatea-becs-si-sor-vor-fi-in-opozitie\\\/\",\"name\":\"Rezultate finale: PAS ob\u021bine majoritatea. BECS \u0219i \u0218OR vor fi \u00een opozi\u021bie - BTV\",\"isPartOf\":{\"@id\":\"https:\\\/\\\/www.btv.md\\\/#website\"},\"primaryImageOfPage\":{\"@id\":\"https:\\\/\\\/www.btv.md\\\/ro\\\/rezultate-finale-pas-obtine-majoritatea-becs-si-sor-vor-fi-in-opozitie\\\/#primaryimage\"},\"image\":{\"@id\":\"https:\\\/\\\/www.btv.md\\\/ro\\\/rezultate-finale-pas-obtine-majoritatea-becs-si-sor-vor-fi-in-opozitie\\\/#primaryimage\"},\"thumbnailUrl\":\"https:\\\/\\\/www.btv.md\\\/wp-content\\\/uploads\\\/2021\\\/07\\\/5fe5018d7150b2c91938ec3841a13d43.jpg\",\"datePublished\":\"2021-07-12T11:34:03+00:00\",\"author\":{\"@id\":\"https:\\\/\\\/www.btv.md\\\/#\\\/schema\\\/person\\\/8fadce81561b3ce2c34c46dadc4ccbf2\"},\"inLanguage\":\"ro-RO\",\"potentialAction\":[{\"@type\":\"ReadAction\",\"target\":[\"https:\\\/\\\/www.btv.md\\\/ro\\\/rezultate-finale-pas-obtine-majoritatea-becs-si-sor-vor-fi-in-opozitie\\\/\"]}]},{\"@type\":\"ImageObject\",\"inLanguage\":\"ro-RO\",\"@id\":\"https:\\\/\\\/www.btv.md\\\/ro\\\/rezultate-finale-pas-obtine-majoritatea-becs-si-sor-vor-fi-in-opozitie\\\/#primaryimage\",\"url\":\"https:\\\/\\\/www.btv.md\\\/wp-content\\\/uploads\\\/2021\\\/07\\\/5fe5018d7150b2c91938ec3841a13d43.jpg\",\"contentUrl\":\"https:\\\/\\\/www.btv.md\\\/wp-content\\\/uploads\\\/2021\\\/07\\\/5fe5018d7150b2c91938ec3841a13d43.jpg\",\"width\":809,\"height\":456},{\"@type\":\"WebSite\",\"@id\":\"https:\\\/\\\/www.btv.md\\\/#website\",\"url\":\"https:\\\/\\\/www.btv.md\\\/\",\"name\":\"BTV\",\"description\":\"\u0411\u0435\u043b\u044c\u0446\u043a\u043e\u0435 \u0442\u0435\u043b\u0435\u0432\u0438\u0434\u0435\u043d\u0438\u0435\",\"potentialAction\":[{\"@type\":\"SearchAction\",\"target\":{\"@type\":\"EntryPoint\",\"urlTemplate\":\"https:\\\/\\\/www.btv.md\\\/?s={search_term_string}\"},\"query-input\":{\"@type\":\"PropertyValueSpecification\",\"valueRequired\":true,\"valueName\":\"search_term_string\"}}],\"inLanguage\":\"ro-RO\"},{\"@type\":\"Person\",\"@id\":\"https:\\\/\\\/www.btv.md\\\/#\\\/schema\\\/person\\\/8fadce81561b3ce2c34c46dadc4ccbf2\",\"name\":\"admin\"}]}<\/script>\n<!-- \/ Yoast SEO plugin. -->","yoast_head_json":{"title":"Rezultate finale: PAS ob\u021bine majoritatea. BECS \u0219i \u0218OR vor fi \u00een opozi\u021bie - BTV","robots":{"index":"index","follow":"follow","max-snippet":"max-snippet:-1","max-image-preview":"max-image-preview:large","max-video-preview":"max-video-preview:-1"},"canonical":"https:\/\/www.btv.md\/ro\/rezultate-finale-pas-obtine-majoritatea-becs-si-sor-vor-fi-in-opozitie\/","og_locale":"ro_RO","og_type":"article","og_title":"Rezultate finale: PAS ob\u021bine majoritatea. BECS \u0219i \u0218OR vor fi \u00een opozi\u021bie - BTV","og_description":"Cel pu\u021bin asta arat\u0103 rezultatele prezentate de Comisia Electoral\u0103 Central\u0103 (CEC) dup\u0103 procesarea a 100% de buletine de voturi, transmite\u00a0\u0218tiri.md. Astfel, PAS a acumulat 52,80%, BECS &#8211; 27,17% \u0219i PP \u0218or &#8211; 5,74%. Partidul Ac\u021biune \u0219i Solidaritate (PAS) ar lua 63 de mandate de deputat \u00een viitorul Parlament. Pe locul 2 cu cel mai mare [&hellip;]","og_url":"https:\/\/www.btv.md\/ro\/rezultate-finale-pas-obtine-majoritatea-becs-si-sor-vor-fi-in-opozitie\/","og_site_name":"BTV","article_publisher":"https:\/\/www.facebook.com\/btvmoldova\/","article_published_time":"2021-07-12T11:34:03+00:00","og_image":[{"width":809,"height":456,"url":"https:\/\/www.btv.md\/wp-content\/uploads\/2021\/07\/5fe5018d7150b2c91938ec3841a13d43.jpg","type":"image\/jpeg"}],"author":"admin","twitter_misc":{"Scris de":"admin","Timp estimat pentru citire":"2 minute"},"schema":{"@context":"https:\/\/schema.org","@graph":[{"@type":"Article","@id":"https:\/\/www.btv.md\/ro\/rezultate-finale-pas-obtine-majoritatea-becs-si-sor-vor-fi-in-opozitie\/#article","isPartOf":{"@id":"https:\/\/www.btv.md\/ro\/rezultate-finale-pas-obtine-majoritatea-becs-si-sor-vor-fi-in-opozitie\/"},"author":{"name":"admin","@id":"https:\/\/www.btv.md\/#\/schema\/person\/8fadce81561b3ce2c34c46dadc4ccbf2"},"headline":"Rezultate finale: PAS ob\u021bine majoritatea. BECS \u0219i \u0218OR vor fi \u00een opozi\u021bie","datePublished":"2021-07-12T11:34:03+00:00","mainEntityOfPage":{"@id":"https:\/\/www.btv.md\/ro\/rezultate-finale-pas-obtine-majoritatea-becs-si-sor-vor-fi-in-opozitie\/"},"wordCount":333,"image":{"@id":"https:\/\/www.btv.md\/ro\/rezultate-finale-pas-obtine-majoritatea-becs-si-sor-vor-fi-in-opozitie\/#primaryimage"},"thumbnailUrl":"https:\/\/www.btv.md\/wp-content\/uploads\/2021\/07\/5fe5018d7150b2c91938ec3841a13d43.jpg","keywords":["Rezultate finale: PAS ob\u021bine majoritatea. BECS \u0219i \u0218OR vor fi \u00een opozi\u021bie"],"articleSection":["Anticipate 2021","Politic\u0103"],"inLanguage":"ro-RO"},{"@type":"WebPage","@id":"https:\/\/www.btv.md\/ro\/rezultate-finale-pas-obtine-majoritatea-becs-si-sor-vor-fi-in-opozitie\/","url":"https:\/\/www.btv.md\/ro\/rezultate-finale-pas-obtine-majoritatea-becs-si-sor-vor-fi-in-opozitie\/","name":"Rezultate finale: PAS ob\u021bine majoritatea. BECS \u0219i \u0218OR vor fi \u00een opozi\u021bie - BTV","isPartOf":{"@id":"https:\/\/www.btv.md\/#website"},"primaryImageOfPage":{"@id":"https:\/\/www.btv.md\/ro\/rezultate-finale-pas-obtine-majoritatea-becs-si-sor-vor-fi-in-opozitie\/#primaryimage"},"image":{"@id":"https:\/\/www.btv.md\/ro\/rezultate-finale-pas-obtine-majoritatea-becs-si-sor-vor-fi-in-opozitie\/#primaryimage"},"thumbnailUrl":"https:\/\/www.btv.md\/wp-content\/uploads\/2021\/07\/5fe5018d7150b2c91938ec3841a13d43.jpg","datePublished":"2021-07-12T11:34:03+00:00","author":{"@id":"https:\/\/www.btv.md\/#\/schema\/person\/8fadce81561b3ce2c34c46dadc4ccbf2"},"inLanguage":"ro-RO","potentialAction":[{"@type":"ReadAction","target":["https:\/\/www.btv.md\/ro\/rezultate-finale-pas-obtine-majoritatea-becs-si-sor-vor-fi-in-opozitie\/"]}]},{"@type":"ImageObject","inLanguage":"ro-RO","@id":"https:\/\/www.btv.md\/ro\/rezultate-finale-pas-obtine-majoritatea-becs-si-sor-vor-fi-in-opozitie\/#primaryimage","url":"https:\/\/www.btv.md\/wp-content\/uploads\/2021\/07\/5fe5018d7150b2c91938ec3841a13d43.jpg","contentUrl":"https:\/\/www.btv.md\/wp-content\/uploads\/2021\/07\/5fe5018d7150b2c91938ec3841a13d43.jpg","width":809,"height":456},{"@type":"WebSite","@id":"https:\/\/www.btv.md\/#website","url":"https:\/\/www.btv.md\/","name":"BTV","description":"\u0411\u0435\u043b\u044c\u0446\u043a\u043e\u0435 \u0442\u0435\u043b\u0435\u0432\u0438\u0434\u0435\u043d\u0438\u0435","potentialAction":[{"@type":"SearchAction","target":{"@type":"EntryPoint","urlTemplate":"https:\/\/www.btv.md\/?s={search_term_string}"},"query-input":{"@type":"PropertyValueSpecification","valueRequired":true,"valueName":"search_term_string"}}],"inLanguage":"ro-RO"},{"@type":"Person","@id":"https:\/\/www.btv.md\/#\/schema\/person\/8fadce81561b3ce2c34c46dadc4ccbf2","name":"admin"}]}},"_links":{"self":[{"href":"https:\/\/www.btv.md\/ro\/wp-json\/wp\/v2\/posts\/136364","targetHints":{"allow":["GET"]}}],"collection":[{"href":"https:\/\/www.btv.md\/ro\/wp-json\/wp\/v2\/posts"}],"about":[{"href":"https:\/\/www.btv.md\/ro\/wp-json\/wp\/v2\/types\/post"}],"author":[{"embeddable":true,"href":"https:\/\/www.btv.md\/ro\/wp-json\/wp\/v2\/users\/4"}],"replies":[{"embeddable":true,"href":"https:\/\/www.btv.md\/ro\/wp-json\/wp\/v2\/comments?post=136364"}],"version-history":[{"count":0,"href":"https:\/\/www.btv.md\/ro\/wp-json\/wp\/v2\/posts\/136364\/revisions"}],"wp:featuredmedia":[{"embeddable":true,"href":"https:\/\/www.btv.md\/ro\/wp-json\/wp\/v2\/media\/136365"}],"wp:attachment":[{"href":"https:\/\/www.btv.md\/ro\/wp-json\/wp\/v2\/media?parent=136364"}],"wp:term":[{"taxonomy":"category","embeddable":true,"href":"https:\/\/www.btv.md\/ro\/wp-json\/wp\/v2\/categories?post=136364"},{"taxonomy":"post_tag","embeddable":true,"href":"https:\/\/www.btv.md\/ro\/wp-json\/wp\/v2\/tags?post=136364"}],"curies":[{"name":"wp","href":"https:\/\/api.w.org\/{rel}","templated":true}]}}