{"id":136380,"date":"2021-07-12T16:25:37","date_gmt":"2021-07-12T13:25:37","guid":{"rendered":"https:\/\/www.btv.md\/?p=136380"},"modified":"2021-07-12T16:25:37","modified_gmt":"2021-07-12T13:25:37","slug":"renato-usatii-isi-anunta-demisia-din-functia-de-primar-al-orasului-balti","status":"publish","type":"post","link":"https:\/\/www.btv.md\/ro\/renato-usatii-isi-anunta-demisia-din-functia-de-primar-al-orasului-balti\/","title":{"rendered":"Renato Usat\u00eei \u00ee\u0219i anun\u021b\u0103 demisia din func\u021bia de primar al ora\u0219ului B\u0103l\u021bi"},"content":{"rendered":"<p class=\"p1\"><strong>Declara\u021bia a fost f\u0103cut\u0103 cu pu\u021bin timp \u00een urm\u0103, \u00een cadrul unui live, transmite\u00a0<a href=\"https:\/\/stiri.md\/article\/politica\/renato-usatii-isi-anunta-demisia-din-functia-de-primar-al-orasului-balti\">\u0218tiri.md<\/a>.<\/strong><\/p>\n<p><a href=\"http:\/\/iframe%20src=https:\/\/www.facebook.com\/plugins\/video.php?height=314&amp;href=https%3A%2F%2Fwww.facebook.com%2Fbtvmoldova%2Fvideos%2F552442239122415%2F&amp;show_text=false&amp;width=560&amp;t=0%20width=560%20height=314%20style=border:none;overflow:hidden%20scrolling=no%20frameborder=0%20allowfullscreen=true%20allow=autoplay;%20clipboard-write;%20encrypted-media;%20picture-in-picture;%20web-share%20allowFullScreen=true\/iframe\"><iframe style=\"border: none; overflow: hidden;\" data-src=\"https:\/\/www.facebook.com\/plugins\/video.php?height=314&amp;href=https%3A%2F%2Fwww.facebook.com%2Fbtvmoldova%2Fvideos%2F552442239122415%2F&amp;show_text=false&amp;width=560&amp;t=0\" width=\"560\" height=\"314\" frameborder=\"0\" scrolling=\"no\" allowfullscreen=\"allowfullscreen\" src=\"data:image\/svg+xml;base64,PHN2ZyB3aWR0aD0iMSIgaGVpZ2h0PSIxIiB4bWxucz0iaHR0cDovL3d3dy53My5vcmcvMjAwMC9zdmciPjwvc3ZnPg==\" class=\"lazyload\" data-load-mode=\"1\"><\/iframe><\/a><\/p>\n<p class=\"p1\">&#8222;Mereu am spus c\u0103 voi fi \u00een acea func\u021bie, \u00een care m\u0103 vor vrea cet\u0103\u021benii \u021b\u0103rii.De fiecare dat\u0103 i-am \u00eentrebat pe oameni dac\u0103 sunt deacord sau nu cu candidatura mea.<\/p>\n<p class=\"p1\"><b>Am r\u0103mas \u0219ocat de ceea c\u0103 fake news-urile \u0219i propaganda au influen\u021bat min\u021bile curate.<\/b><span class=\"Apple-converted-space\"><b>\u00a0<\/b><\/span><\/p>\n<p class=\"p1\">Nu voi \u00eenvinui pe nimeni acum. Mul\u021bumesc oamenilor care au votat, 60.000 de oameni au votat echipa noastr\u0103.<\/p>\n<p class=\"p1\">Am r\u0103mas uimit de situa\u021bia din ora\u0219ul B\u0103l\u021bi, mereu am spus c\u0103 B\u0103l\u021biul este un ora\u0219 deosebit \u0219i aici locuiesc oameni deosebi\u021bi.<\/p>\n<p class=\"p1\">Faptul c\u0103 ieri b\u0103l\u021benii au crezut \u00een diferite fake-uri despre ora\u0219 \u0219i nu\u0219tiu ce asocieri, e ceva inadmisibil.<\/p>\n<p class=\"p1\">Salut decizia tuturor cet\u0103\u021benilor, deja \u00een ce fel de \u021bar\u0103 tr\u0103im asta vorbe\u0219te despre faptul c\u0103 este de lucru.<\/p>\n<p class=\"p1\">V\u0103d c\u0103 \u00een B\u0103l\u021bi cet\u0103\u021benii au \u00eencredere \u00een alte forma\u021biuni politice. Cunoa\u0219te\u021bi cu bine c\u0103 \u00een B\u0103l\u021bi nu am venit s\u0103 lucrez pentru salariu, c\u0103 prim\u0103ria municipiului este cea mai transparent\u0103 din toat\u0103 \u021bara. Nu am avut \u0219i nu putem avea niciun fel de bussines \u0219i scheme criminale, precum sunt \u00een toat\u0103 \u021bara.<\/p>\n<p class=\"p1\">Accept rezultatul din B\u0103l\u021bi, mul\u021bumesc b\u0103l\u021benilor pentru rezultat.<\/p>\n<p class=\"p1\">Nu pot s\u0103 fiu politicianul de care oamenii s-au s\u0103turat \u00een 30 de ani \u00een Moldova. C\u00e2nd<span class=\"Apple-converted-space\">\u00a0\u00a0<\/span>vezi c\u0103 oamenii au alt\u0103 dispozi\u021bie, alte dorin\u021be, nu este sens de continuat de mai f\u0103cut ceva.<\/p>\n<p class=\"p1\">Ast\u0103zi am una dintre cele mai nepl\u0103cute zile din via\u021ba mea,\u00a0\u0219i nu din cauza rezultatelor, ci pentru c\u0103 sunt nevoit s\u0103 iau o decizie foarte imporant\u0103. \u0218ti\u021bi atitudinea mea fa\u021b\u0103 de ora\u0219 (\u2026), am f\u0103cut ceea ce-mi aducea pl\u0103cere. Oamenii nu vor ast\u0103zi rezultate concrete, ei vor politic\u0103, asta au ar\u0103tat ieri.<\/p>\n<p class=\"p1\">De m\u00e2ine ies \u00een concediu, iar dac\u0103 b\u0103l\u021benii vor politic\u0103 &#8211; las\u0103 s\u0103 aleag\u0103 un nou primar.<\/p>\n<p class=\"p1\">\u00cemi dau demisia, am f\u0103cut \u0219i fac ce e \u00een puterile mele.\u00a0Eu niciodat\u0103 nu m-am \u021binut de niciun fotoliu, mereu am mers cu capul sus \u0219i m-am uitat \u00een ochii oamenilor, \u0219i a\u0219a voi fi toat\u0103 via\u021ba mea.<\/p>\n<p class=\"p1\">Nimeni din echipa mea nu va candida pentru acest post. Alegerile anticipate urmeaz\u0103 la sf\u00e2r\u0219it de an \u00een ora\u0219&#8221;, a spus Usat\u00eei.<\/p>\n<p class=\"p1\">\u0218tiri.md\u00a0aminte\u0219te c\u0103 Blocul Electoral Renato Usat\u00ee\u00ee a acumulat la alegerile parlamentare anticipate 4,10%, iar \u00een municipiul B\u0103l\u021bi 22,69%.<\/p>\n<p>Foto: \u0218tiri.md.<\/p>\n<p>&nbsp;<\/p>\n","protected":false},"excerpt":{"rendered":"<p>Declara\u021bia a fost f\u0103cut\u0103 cu pu\u021bin timp \u00een urm\u0103, \u00een cadrul unui live, transmite\u00a0\u0218tiri.md. &#8222;Mereu am spus c\u0103 voi fi \u00een acea func\u021bie, \u00een care m\u0103 vor vrea cet\u0103\u021benii \u021b\u0103rii.De fiecare dat\u0103 i-am \u00eentrebat pe oameni dac\u0103 sunt deacord sau nu cu candidatura mea. Am r\u0103mas \u0219ocat de ceea c\u0103 fake news-urile \u0219i propaganda au [&hellip;]<\/p>\n","protected":false},"author":4,"featured_media":136381,"comment_status":"closed","ping_status":"closed","sticky":false,"template":"","format":"standard","meta":{"footnotes":""},"categories":[6353,6368],"tags":[27625],"class_list":["post-136380","post","type-post","status-publish","format-standard","has-post-thumbnail","hentry","category-oras","category-politica-ro","tag-renato-usatii-isi-anunta-demisia-din-functia-de-primar-al-orasului-balti"],"yoast_head":"<!-- This site is optimized with the Yoast SEO plugin v27.4 - https:\/\/yoast.com\/product\/yoast-seo-wordpress\/ -->\n<title>Renato Usat\u00eei \u00ee\u0219i anun\u021b\u0103 demisia din func\u021bia de primar al ora\u0219ului B\u0103l\u021bi - BTV<\/title>\n<meta name=\"robots\" content=\"index, follow, max-snippet:-1, max-image-preview:large, max-video-preview:-1\" \/>\n<link rel=\"canonical\" href=\"https:\/\/www.btv.md\/ro\/amp\/renato-usatii-isi-anunta-demisia-din-functia-de-primar-al-orasului-balti\/\" \/>\n<meta property=\"og:locale\" content=\"ro_RO\" \/>\n<meta property=\"og:type\" content=\"article\" \/>\n<meta property=\"og:title\" content=\"Renato Usat\u00eei \u00ee\u0219i anun\u021b\u0103 demisia din func\u021bia de primar al ora\u0219ului B\u0103l\u021bi - BTV\" \/>\n<meta property=\"og:description\" content=\"Declara\u021bia a fost f\u0103cut\u0103 cu pu\u021bin timp \u00een urm\u0103, \u00een cadrul unui live, transmite\u00a0\u0218tiri.md. &#8222;Mereu am spus c\u0103 voi fi \u00een acea func\u021bie, \u00een care m\u0103 vor vrea cet\u0103\u021benii \u021b\u0103rii.De fiecare dat\u0103 i-am \u00eentrebat pe oameni dac\u0103 sunt deacord sau nu cu candidatura mea. Am r\u0103mas \u0219ocat de ceea c\u0103 fake news-urile \u0219i propaganda au [&hellip;]\" \/>\n<meta property=\"og:url\" content=\"https:\/\/www.btv.md\/ro\/amp\/renato-usatii-isi-anunta-demisia-din-functia-de-primar-al-orasului-balti\/\" \/>\n<meta property=\"og:site_name\" content=\"BTV\" \/>\n<meta property=\"article:publisher\" content=\"https:\/\/www.facebook.com\/btvmoldova\/\" \/>\n<meta property=\"article:published_time\" content=\"2021-07-12T13:25:37+00:00\" \/>\n<meta property=\"og:image\" content=\"https:\/\/www.btv.md\/wp-content\/uploads\/2021\/07\/b1f2e0a9e36802741acc0cc72548e346.jpg\" \/>\n\t<meta property=\"og:image:width\" content=\"809\" \/>\n\t<meta property=\"og:image:height\" content=\"456\" \/>\n\t<meta property=\"og:image:type\" content=\"image\/jpeg\" \/>\n<meta name=\"author\" content=\"admin\" \/>\n<meta name=\"twitter:label1\" content=\"Scris de\" \/>\n\t<meta name=\"twitter:data1\" content=\"admin\" \/>\n\t<meta name=\"twitter:label2\" content=\"Timp estimat pentru citire\" \/>\n\t<meta name=\"twitter:data2\" content=\"2 minute\" \/>\n<script type=\"application\/ld+json\" class=\"yoast-schema-graph\">{\"@context\":\"https:\\\/\\\/schema.org\",\"@graph\":[{\"@type\":\"Article\",\"@id\":\"https:\\\/\\\/www.btv.md\\\/ro\\\/amp\\\/renato-usatii-isi-anunta-demisia-din-functia-de-primar-al-orasului-balti\\\/#article\",\"isPartOf\":{\"@id\":\"https:\\\/\\\/www.btv.md\\\/ro\\\/amp\\\/renato-usatii-isi-anunta-demisia-din-functia-de-primar-al-orasului-balti\\\/\"},\"author\":{\"name\":\"admin\",\"@id\":\"https:\\\/\\\/www.btv.md\\\/#\\\/schema\\\/person\\\/8fadce81561b3ce2c34c46dadc4ccbf2\"},\"headline\":\"Renato Usat\u00eei \u00ee\u0219i anun\u021b\u0103 demisia din func\u021bia de primar al ora\u0219ului B\u0103l\u021bi\",\"datePublished\":\"2021-07-12T13:25:37+00:00\",\"mainEntityOfPage\":{\"@id\":\"https:\\\/\\\/www.btv.md\\\/ro\\\/amp\\\/renato-usatii-isi-anunta-demisia-din-functia-de-primar-al-orasului-balti\\\/\"},\"wordCount\":463,\"image\":{\"@id\":\"https:\\\/\\\/www.btv.md\\\/ro\\\/amp\\\/renato-usatii-isi-anunta-demisia-din-functia-de-primar-al-orasului-balti\\\/#primaryimage\"},\"thumbnailUrl\":\"https:\\\/\\\/www.btv.md\\\/wp-content\\\/uploads\\\/2021\\\/07\\\/b1f2e0a9e36802741acc0cc72548e346.jpg\",\"keywords\":[\"Renato Usat\u00eei \u00ee\u0219i anun\u021b\u0103 demisia din func\u021bia de primar al ora\u0219ului B\u0103l\u021bi\"],\"articleSection\":[\"Ora\u0219\",\"Politic\u0103\"],\"inLanguage\":\"ro-RO\"},{\"@type\":\"WebPage\",\"@id\":\"https:\\\/\\\/www.btv.md\\\/ro\\\/amp\\\/renato-usatii-isi-anunta-demisia-din-functia-de-primar-al-orasului-balti\\\/\",\"url\":\"https:\\\/\\\/www.btv.md\\\/ro\\\/amp\\\/renato-usatii-isi-anunta-demisia-din-functia-de-primar-al-orasului-balti\\\/\",\"name\":\"Renato Usat\u00eei \u00ee\u0219i anun\u021b\u0103 demisia din func\u021bia de primar al ora\u0219ului B\u0103l\u021bi - BTV\",\"isPartOf\":{\"@id\":\"https:\\\/\\\/www.btv.md\\\/#website\"},\"primaryImageOfPage\":{\"@id\":\"https:\\\/\\\/www.btv.md\\\/ro\\\/amp\\\/renato-usatii-isi-anunta-demisia-din-functia-de-primar-al-orasului-balti\\\/#primaryimage\"},\"image\":{\"@id\":\"https:\\\/\\\/www.btv.md\\\/ro\\\/amp\\\/renato-usatii-isi-anunta-demisia-din-functia-de-primar-al-orasului-balti\\\/#primaryimage\"},\"thumbnailUrl\":\"https:\\\/\\\/www.btv.md\\\/wp-content\\\/uploads\\\/2021\\\/07\\\/b1f2e0a9e36802741acc0cc72548e346.jpg\",\"datePublished\":\"2021-07-12T13:25:37+00:00\",\"author\":{\"@id\":\"https:\\\/\\\/www.btv.md\\\/#\\\/schema\\\/person\\\/8fadce81561b3ce2c34c46dadc4ccbf2\"},\"inLanguage\":\"ro-RO\",\"potentialAction\":[{\"@type\":\"ReadAction\",\"target\":[\"https:\\\/\\\/www.btv.md\\\/ro\\\/amp\\\/renato-usatii-isi-anunta-demisia-din-functia-de-primar-al-orasului-balti\\\/\"]}]},{\"@type\":\"ImageObject\",\"inLanguage\":\"ro-RO\",\"@id\":\"https:\\\/\\\/www.btv.md\\\/ro\\\/amp\\\/renato-usatii-isi-anunta-demisia-din-functia-de-primar-al-orasului-balti\\\/#primaryimage\",\"url\":\"https:\\\/\\\/www.btv.md\\\/wp-content\\\/uploads\\\/2021\\\/07\\\/b1f2e0a9e36802741acc0cc72548e346.jpg\",\"contentUrl\":\"https:\\\/\\\/www.btv.md\\\/wp-content\\\/uploads\\\/2021\\\/07\\\/b1f2e0a9e36802741acc0cc72548e346.jpg\",\"width\":809,\"height\":456},{\"@type\":\"WebSite\",\"@id\":\"https:\\\/\\\/www.btv.md\\\/#website\",\"url\":\"https:\\\/\\\/www.btv.md\\\/\",\"name\":\"BTV\",\"description\":\"\u0411\u0435\u043b\u044c\u0446\u043a\u043e\u0435 \u0442\u0435\u043b\u0435\u0432\u0438\u0434\u0435\u043d\u0438\u0435\",\"potentialAction\":[{\"@type\":\"SearchAction\",\"target\":{\"@type\":\"EntryPoint\",\"urlTemplate\":\"https:\\\/\\\/www.btv.md\\\/?s={search_term_string}\"},\"query-input\":{\"@type\":\"PropertyValueSpecification\",\"valueRequired\":true,\"valueName\":\"search_term_string\"}}],\"inLanguage\":\"ro-RO\"},{\"@type\":\"Person\",\"@id\":\"https:\\\/\\\/www.btv.md\\\/#\\\/schema\\\/person\\\/8fadce81561b3ce2c34c46dadc4ccbf2\",\"name\":\"admin\"}]}<\/script>\n<!-- \/ Yoast SEO plugin. -->","yoast_head_json":{"title":"Renato Usat\u00eei \u00ee\u0219i anun\u021b\u0103 demisia din func\u021bia de primar al ora\u0219ului B\u0103l\u021bi - BTV","robots":{"index":"index","follow":"follow","max-snippet":"max-snippet:-1","max-image-preview":"max-image-preview:large","max-video-preview":"max-video-preview:-1"},"canonical":"https:\/\/www.btv.md\/ro\/amp\/renato-usatii-isi-anunta-demisia-din-functia-de-primar-al-orasului-balti\/","og_locale":"ro_RO","og_type":"article","og_title":"Renato Usat\u00eei \u00ee\u0219i anun\u021b\u0103 demisia din func\u021bia de primar al ora\u0219ului B\u0103l\u021bi - BTV","og_description":"Declara\u021bia a fost f\u0103cut\u0103 cu pu\u021bin timp \u00een urm\u0103, \u00een cadrul unui live, transmite\u00a0\u0218tiri.md. &#8222;Mereu am spus c\u0103 voi fi \u00een acea func\u021bie, \u00een care m\u0103 vor vrea cet\u0103\u021benii \u021b\u0103rii.De fiecare dat\u0103 i-am \u00eentrebat pe oameni dac\u0103 sunt deacord sau nu cu candidatura mea. Am r\u0103mas \u0219ocat de ceea c\u0103 fake news-urile \u0219i propaganda au [&hellip;]","og_url":"https:\/\/www.btv.md\/ro\/amp\/renato-usatii-isi-anunta-demisia-din-functia-de-primar-al-orasului-balti\/","og_site_name":"BTV","article_publisher":"https:\/\/www.facebook.com\/btvmoldova\/","article_published_time":"2021-07-12T13:25:37+00:00","og_image":[{"width":809,"height":456,"url":"https:\/\/www.btv.md\/wp-content\/uploads\/2021\/07\/b1f2e0a9e36802741acc0cc72548e346.jpg","type":"image\/jpeg"}],"author":"admin","twitter_misc":{"Scris de":"admin","Timp estimat pentru citire":"2 minute"},"schema":{"@context":"https:\/\/schema.org","@graph":[{"@type":"Article","@id":"https:\/\/www.btv.md\/ro\/amp\/renato-usatii-isi-anunta-demisia-din-functia-de-primar-al-orasului-balti\/#article","isPartOf":{"@id":"https:\/\/www.btv.md\/ro\/amp\/renato-usatii-isi-anunta-demisia-din-functia-de-primar-al-orasului-balti\/"},"author":{"name":"admin","@id":"https:\/\/www.btv.md\/#\/schema\/person\/8fadce81561b3ce2c34c46dadc4ccbf2"},"headline":"Renato Usat\u00eei \u00ee\u0219i anun\u021b\u0103 demisia din func\u021bia de primar al ora\u0219ului B\u0103l\u021bi","datePublished":"2021-07-12T13:25:37+00:00","mainEntityOfPage":{"@id":"https:\/\/www.btv.md\/ro\/amp\/renato-usatii-isi-anunta-demisia-din-functia-de-primar-al-orasului-balti\/"},"wordCount":463,"image":{"@id":"https:\/\/www.btv.md\/ro\/amp\/renato-usatii-isi-anunta-demisia-din-functia-de-primar-al-orasului-balti\/#primaryimage"},"thumbnailUrl":"https:\/\/www.btv.md\/wp-content\/uploads\/2021\/07\/b1f2e0a9e36802741acc0cc72548e346.jpg","keywords":["Renato Usat\u00eei \u00ee\u0219i anun\u021b\u0103 demisia din func\u021bia de primar al ora\u0219ului B\u0103l\u021bi"],"articleSection":["Ora\u0219","Politic\u0103"],"inLanguage":"ro-RO"},{"@type":"WebPage","@id":"https:\/\/www.btv.md\/ro\/amp\/renato-usatii-isi-anunta-demisia-din-functia-de-primar-al-orasului-balti\/","url":"https:\/\/www.btv.md\/ro\/amp\/renato-usatii-isi-anunta-demisia-din-functia-de-primar-al-orasului-balti\/","name":"Renato Usat\u00eei \u00ee\u0219i anun\u021b\u0103 demisia din func\u021bia de primar al ora\u0219ului B\u0103l\u021bi - BTV","isPartOf":{"@id":"https:\/\/www.btv.md\/#website"},"primaryImageOfPage":{"@id":"https:\/\/www.btv.md\/ro\/amp\/renato-usatii-isi-anunta-demisia-din-functia-de-primar-al-orasului-balti\/#primaryimage"},"image":{"@id":"https:\/\/www.btv.md\/ro\/amp\/renato-usatii-isi-anunta-demisia-din-functia-de-primar-al-orasului-balti\/#primaryimage"},"thumbnailUrl":"https:\/\/www.btv.md\/wp-content\/uploads\/2021\/07\/b1f2e0a9e36802741acc0cc72548e346.jpg","datePublished":"2021-07-12T13:25:37+00:00","author":{"@id":"https:\/\/www.btv.md\/#\/schema\/person\/8fadce81561b3ce2c34c46dadc4ccbf2"},"inLanguage":"ro-RO","potentialAction":[{"@type":"ReadAction","target":["https:\/\/www.btv.md\/ro\/amp\/renato-usatii-isi-anunta-demisia-din-functia-de-primar-al-orasului-balti\/"]}]},{"@type":"ImageObject","inLanguage":"ro-RO","@id":"https:\/\/www.btv.md\/ro\/amp\/renato-usatii-isi-anunta-demisia-din-functia-de-primar-al-orasului-balti\/#primaryimage","url":"https:\/\/www.btv.md\/wp-content\/uploads\/2021\/07\/b1f2e0a9e36802741acc0cc72548e346.jpg","contentUrl":"https:\/\/www.btv.md\/wp-content\/uploads\/2021\/07\/b1f2e0a9e36802741acc0cc72548e346.jpg","width":809,"height":456},{"@type":"WebSite","@id":"https:\/\/www.btv.md\/#website","url":"https:\/\/www.btv.md\/","name":"BTV","description":"\u0411\u0435\u043b\u044c\u0446\u043a\u043e\u0435 \u0442\u0435\u043b\u0435\u0432\u0438\u0434\u0435\u043d\u0438\u0435","potentialAction":[{"@type":"SearchAction","target":{"@type":"EntryPoint","urlTemplate":"https:\/\/www.btv.md\/?s={search_term_string}"},"query-input":{"@type":"PropertyValueSpecification","valueRequired":true,"valueName":"search_term_string"}}],"inLanguage":"ro-RO"},{"@type":"Person","@id":"https:\/\/www.btv.md\/#\/schema\/person\/8fadce81561b3ce2c34c46dadc4ccbf2","name":"admin"}]}},"_links":{"self":[{"href":"https:\/\/www.btv.md\/ro\/wp-json\/wp\/v2\/posts\/136380","targetHints":{"allow":["GET"]}}],"collection":[{"href":"https:\/\/www.btv.md\/ro\/wp-json\/wp\/v2\/posts"}],"about":[{"href":"https:\/\/www.btv.md\/ro\/wp-json\/wp\/v2\/types\/post"}],"author":[{"embeddable":true,"href":"https:\/\/www.btv.md\/ro\/wp-json\/wp\/v2\/users\/4"}],"replies":[{"embeddable":true,"href":"https:\/\/www.btv.md\/ro\/wp-json\/wp\/v2\/comments?post=136380"}],"version-history":[{"count":0,"href":"https:\/\/www.btv.md\/ro\/wp-json\/wp\/v2\/posts\/136380\/revisions"}],"wp:featuredmedia":[{"embeddable":true,"href":"https:\/\/www.btv.md\/ro\/wp-json\/wp\/v2\/media\/136381"}],"wp:attachment":[{"href":"https:\/\/www.btv.md\/ro\/wp-json\/wp\/v2\/media?parent=136380"}],"wp:term":[{"taxonomy":"category","embeddable":true,"href":"https:\/\/www.btv.md\/ro\/wp-json\/wp\/v2\/categories?post=136380"},{"taxonomy":"post_tag","embeddable":true,"href":"https:\/\/www.btv.md\/ro\/wp-json\/wp\/v2\/tags?post=136380"}],"curies":[{"name":"wp","href":"https:\/\/api.w.org\/{rel}","templated":true}]}}