{"id":136415,"date":"2021-07-12T18:53:04","date_gmt":"2021-07-12T15:53:04","guid":{"rendered":"https:\/\/www.btv.md\/?p=136415"},"modified":"2021-07-12T18:53:04","modified_gmt":"2021-07-12T15:53:04","slug":"prioritatile-cetatenilor-moldoveni-care-locuiesc-in-irlanda-au-fost-discutate-de-catre-presedintii-maia-sandu-si-michael-d-higgins","status":"publish","type":"post","link":"https:\/\/www.btv.md\/ro\/prioritatile-cetatenilor-moldoveni-care-locuiesc-in-irlanda-au-fost-discutate-de-catre-presedintii-maia-sandu-si-michael-d-higgins\/","title":{"rendered":"Priorit\u0103\u021bile cet\u0103\u021benilor moldoveni care locuiesc \u00een Irlanda au fost discutate de c\u0103tre Pre\u0219edin\u021bii Maia Sandu \u0219i Michael D. Higgins"},"content":{"rendered":"<p><strong>Pre\u0219edintele Republicii Moldova, Maia Sandu, a discutat ast\u0103zi la telefon cu Pre\u0219edintele Irlandei, domnul Michael D. Higgins, scrie <a href=\"https:\/\/deschide.md\/ro\/stiri\/politic\/88366\/Priorit%C4%83%C8%9Bile-cet%C4%83%C8%9Benilor-moldoveni-care-locuiesc-%C3%AEn-Irlanda-au-fost-discutate-de-c%C4%83tre-Pre%C8%99edin%C8%9Bii-Maia-Sandu-%C8%99i-Michael-D-Higgins.htm\">deschide.md<\/a>.<\/strong><\/p>\n<p>\u0218efa statului i-a mul\u021bumit omologului s\u0103u pentru felicit\u0103rile adresate cet\u0103\u021benilor Republicii Moldova cu prilejul votului istoric din 11 iulie, precum \u0219i pentru ajutorul acordat la asigurarea bunei desf\u0103\u0219ur\u0103ri a procesului de vot pentru diaspora noastr\u0103 din Irlanda. \u201eAm \u021binut s\u0103 men\u021bionez, \u00een context, c\u0103 leg\u0103turile str\u00e2nse, care exist\u0103 \u00eentre \u021b\u0103rile noastre, se datoreaz\u0103 inclusiv comunit\u0103\u021bii de cet\u0103\u021beni moldoveni care locuiesc \u00een Irlanda\u201d, a spus Pre\u0219edinta Maia Sandu.<\/p>\n<p>Pornind inclusiv de la interesele acestei comunit\u0103\u021bi, cei doi \u0219efi de stat au trecut \u00eempreun\u0103 \u00een revist\u0103 priorit\u0103\u021bile cooper\u0103rii bilaterale dintre \u021b\u0103rile noastre. Printre acestea se num\u0103r\u0103 reluarea discu\u021biilor pe unele proiecte importante de acorduri, cum ar fi recunoa\u0219terea \u0219i conversiunea permiselor de conducere \u0219i a diplomelor de studii, facilitarea regimului de vize cu Irlanda, promovarea \u0219i protejarea reciproc\u0103 a investi\u021biilor, colaborarea \u00een domeniul turismului \u0219i cooperarea cultural\u0103.<\/p>\n<p>De asemenea, Pre\u0219edin\u021bii Maia Sandu \u0219i Michael D. Higgins au discutat despre posibilitatea extinderii serviciilor companiilor avia low-cost irlandeze \u00een \u021bara noastr\u0103.<\/p>\n<p>Foto: deschide.md.<\/p>\n","protected":false},"excerpt":{"rendered":"<p>Pre\u0219edintele Republicii Moldova, Maia Sandu, a discutat ast\u0103zi la telefon cu Pre\u0219edintele Irlandei, domnul Michael D. Higgins, scrie deschide.md. \u0218efa statului i-a mul\u021bumit omologului s\u0103u pentru felicit\u0103rile adresate cet\u0103\u021benilor Republicii Moldova cu prilejul votului istoric din 11 iulie, precum \u0219i pentru ajutorul acordat la asigurarea bunei desf\u0103\u0219ur\u0103ri a procesului de vot pentru diaspora noastr\u0103 din [&hellip;]<\/p>\n","protected":false},"author":4,"featured_media":136416,"comment_status":"closed","ping_status":"closed","sticky":false,"template":"","format":"standard","meta":{"footnotes":""},"categories":[6368],"tags":[27633],"class_list":["post-136415","post","type-post","status-publish","format-standard","has-post-thumbnail","hentry","category-politica-ro","tag-prioritatile-cetatenilor-moldoveni-care-locuiesc-in-irlanda-au-fost-discutate-de-catre-presedintii-maia-sandu-si-michael-d-higgins"],"yoast_head":"<!-- This site is optimized with the Yoast SEO plugin v27.4 - https:\/\/yoast.com\/product\/yoast-seo-wordpress\/ -->\n<title>Priorit\u0103\u021bile cet\u0103\u021benilor moldoveni care locuiesc \u00een Irlanda au fost discutate de c\u0103tre Pre\u0219edin\u021bii Maia Sandu \u0219i Michael D. Higgins - BTV<\/title>\n<meta name=\"robots\" content=\"index, follow, max-snippet:-1, max-image-preview:large, max-video-preview:-1\" \/>\n<link rel=\"canonical\" href=\"https:\/\/www.btv.md\/ro\/prioritatile-cetatenilor-moldoveni-care-locuiesc-in-irlanda-au-fost-discutate-de-catre-presedintii-maia-sandu-si-michael-d-higgins\/\" \/>\n<meta property=\"og:locale\" content=\"ro_RO\" \/>\n<meta property=\"og:type\" content=\"article\" \/>\n<meta property=\"og:title\" content=\"Priorit\u0103\u021bile cet\u0103\u021benilor moldoveni care locuiesc \u00een Irlanda au fost discutate de c\u0103tre Pre\u0219edin\u021bii Maia Sandu \u0219i Michael D. Higgins - BTV\" \/>\n<meta property=\"og:description\" content=\"Pre\u0219edintele Republicii Moldova, Maia Sandu, a discutat ast\u0103zi la telefon cu Pre\u0219edintele Irlandei, domnul Michael D. Higgins, scrie deschide.md. \u0218efa statului i-a mul\u021bumit omologului s\u0103u pentru felicit\u0103rile adresate cet\u0103\u021benilor Republicii Moldova cu prilejul votului istoric din 11 iulie, precum \u0219i pentru ajutorul acordat la asigurarea bunei desf\u0103\u0219ur\u0103ri a procesului de vot pentru diaspora noastr\u0103 din [&hellip;]\" \/>\n<meta property=\"og:url\" content=\"https:\/\/www.btv.md\/ro\/prioritatile-cetatenilor-moldoveni-care-locuiesc-in-irlanda-au-fost-discutate-de-catre-presedintii-maia-sandu-si-michael-d-higgins\/\" \/>\n<meta property=\"og:site_name\" content=\"BTV\" \/>\n<meta property=\"article:publisher\" content=\"https:\/\/www.facebook.com\/btvmoldova\/\" \/>\n<meta property=\"article:published_time\" content=\"2021-07-12T15:53:04+00:00\" \/>\n<meta property=\"og:image\" content=\"https:\/\/www.btv.md\/wp-content\/uploads\/2021\/07\/images_cms-image-000120226.jpg\" \/>\n\t<meta property=\"og:image:width\" content=\"758\" \/>\n\t<meta property=\"og:image:height\" content=\"426\" \/>\n\t<meta property=\"og:image:type\" content=\"image\/jpeg\" \/>\n<meta name=\"author\" content=\"admin\" \/>\n<meta name=\"twitter:label1\" content=\"Scris de\" \/>\n\t<meta name=\"twitter:data1\" content=\"admin\" \/>\n\t<meta name=\"twitter:label2\" content=\"Timp estimat pentru citire\" \/>\n\t<meta name=\"twitter:data2\" content=\"1 minut\" \/>\n<script type=\"application\/ld+json\" class=\"yoast-schema-graph\">{\"@context\":\"https:\\\/\\\/schema.org\",\"@graph\":[{\"@type\":\"Article\",\"@id\":\"https:\\\/\\\/www.btv.md\\\/ro\\\/prioritatile-cetatenilor-moldoveni-care-locuiesc-in-irlanda-au-fost-discutate-de-catre-presedintii-maia-sandu-si-michael-d-higgins\\\/#article\",\"isPartOf\":{\"@id\":\"https:\\\/\\\/www.btv.md\\\/ro\\\/prioritatile-cetatenilor-moldoveni-care-locuiesc-in-irlanda-au-fost-discutate-de-catre-presedintii-maia-sandu-si-michael-d-higgins\\\/\"},\"author\":{\"name\":\"admin\",\"@id\":\"https:\\\/\\\/www.btv.md\\\/#\\\/schema\\\/person\\\/8fadce81561b3ce2c34c46dadc4ccbf2\"},\"headline\":\"Priorit\u0103\u021bile cet\u0103\u021benilor moldoveni care locuiesc \u00een Irlanda au fost discutate de c\u0103tre Pre\u0219edin\u021bii Maia Sandu \u0219i Michael D. Higgins\",\"datePublished\":\"2021-07-12T15:53:04+00:00\",\"mainEntityOfPage\":{\"@id\":\"https:\\\/\\\/www.btv.md\\\/ro\\\/prioritatile-cetatenilor-moldoveni-care-locuiesc-in-irlanda-au-fost-discutate-de-catre-presedintii-maia-sandu-si-michael-d-higgins\\\/\"},\"wordCount\":227,\"image\":{\"@id\":\"https:\\\/\\\/www.btv.md\\\/ro\\\/prioritatile-cetatenilor-moldoveni-care-locuiesc-in-irlanda-au-fost-discutate-de-catre-presedintii-maia-sandu-si-michael-d-higgins\\\/#primaryimage\"},\"thumbnailUrl\":\"https:\\\/\\\/www.btv.md\\\/wp-content\\\/uploads\\\/2021\\\/07\\\/images_cms-image-000120226.jpg\",\"keywords\":[\"Priorit\u0103\u021bile cet\u0103\u021benilor moldoveni care locuiesc \u00een Irlanda au fost discutate de c\u0103tre Pre\u0219edin\u021bii Maia Sandu \u0219i Michael D. Higgins\"],\"articleSection\":[\"Politic\u0103\"],\"inLanguage\":\"ro-RO\"},{\"@type\":\"WebPage\",\"@id\":\"https:\\\/\\\/www.btv.md\\\/ro\\\/prioritatile-cetatenilor-moldoveni-care-locuiesc-in-irlanda-au-fost-discutate-de-catre-presedintii-maia-sandu-si-michael-d-higgins\\\/\",\"url\":\"https:\\\/\\\/www.btv.md\\\/ro\\\/prioritatile-cetatenilor-moldoveni-care-locuiesc-in-irlanda-au-fost-discutate-de-catre-presedintii-maia-sandu-si-michael-d-higgins\\\/\",\"name\":\"Priorit\u0103\u021bile cet\u0103\u021benilor moldoveni care locuiesc \u00een Irlanda au fost discutate de c\u0103tre Pre\u0219edin\u021bii Maia Sandu \u0219i Michael D. Higgins - BTV\",\"isPartOf\":{\"@id\":\"https:\\\/\\\/www.btv.md\\\/#website\"},\"primaryImageOfPage\":{\"@id\":\"https:\\\/\\\/www.btv.md\\\/ro\\\/prioritatile-cetatenilor-moldoveni-care-locuiesc-in-irlanda-au-fost-discutate-de-catre-presedintii-maia-sandu-si-michael-d-higgins\\\/#primaryimage\"},\"image\":{\"@id\":\"https:\\\/\\\/www.btv.md\\\/ro\\\/prioritatile-cetatenilor-moldoveni-care-locuiesc-in-irlanda-au-fost-discutate-de-catre-presedintii-maia-sandu-si-michael-d-higgins\\\/#primaryimage\"},\"thumbnailUrl\":\"https:\\\/\\\/www.btv.md\\\/wp-content\\\/uploads\\\/2021\\\/07\\\/images_cms-image-000120226.jpg\",\"datePublished\":\"2021-07-12T15:53:04+00:00\",\"author\":{\"@id\":\"https:\\\/\\\/www.btv.md\\\/#\\\/schema\\\/person\\\/8fadce81561b3ce2c34c46dadc4ccbf2\"},\"inLanguage\":\"ro-RO\",\"potentialAction\":[{\"@type\":\"ReadAction\",\"target\":[\"https:\\\/\\\/www.btv.md\\\/ro\\\/prioritatile-cetatenilor-moldoveni-care-locuiesc-in-irlanda-au-fost-discutate-de-catre-presedintii-maia-sandu-si-michael-d-higgins\\\/\"]}]},{\"@type\":\"ImageObject\",\"inLanguage\":\"ro-RO\",\"@id\":\"https:\\\/\\\/www.btv.md\\\/ro\\\/prioritatile-cetatenilor-moldoveni-care-locuiesc-in-irlanda-au-fost-discutate-de-catre-presedintii-maia-sandu-si-michael-d-higgins\\\/#primaryimage\",\"url\":\"https:\\\/\\\/www.btv.md\\\/wp-content\\\/uploads\\\/2021\\\/07\\\/images_cms-image-000120226.jpg\",\"contentUrl\":\"https:\\\/\\\/www.btv.md\\\/wp-content\\\/uploads\\\/2021\\\/07\\\/images_cms-image-000120226.jpg\",\"width\":758,\"height\":426},{\"@type\":\"WebSite\",\"@id\":\"https:\\\/\\\/www.btv.md\\\/#website\",\"url\":\"https:\\\/\\\/www.btv.md\\\/\",\"name\":\"BTV\",\"description\":\"\u0411\u0435\u043b\u044c\u0446\u043a\u043e\u0435 \u0442\u0435\u043b\u0435\u0432\u0438\u0434\u0435\u043d\u0438\u0435\",\"potentialAction\":[{\"@type\":\"SearchAction\",\"target\":{\"@type\":\"EntryPoint\",\"urlTemplate\":\"https:\\\/\\\/www.btv.md\\\/?s={search_term_string}\"},\"query-input\":{\"@type\":\"PropertyValueSpecification\",\"valueRequired\":true,\"valueName\":\"search_term_string\"}}],\"inLanguage\":\"ro-RO\"},{\"@type\":\"Person\",\"@id\":\"https:\\\/\\\/www.btv.md\\\/#\\\/schema\\\/person\\\/8fadce81561b3ce2c34c46dadc4ccbf2\",\"name\":\"admin\"}]}<\/script>\n<!-- \/ Yoast SEO plugin. -->","yoast_head_json":{"title":"Priorit\u0103\u021bile cet\u0103\u021benilor moldoveni care locuiesc \u00een Irlanda au fost discutate de c\u0103tre Pre\u0219edin\u021bii Maia Sandu \u0219i Michael D. Higgins - BTV","robots":{"index":"index","follow":"follow","max-snippet":"max-snippet:-1","max-image-preview":"max-image-preview:large","max-video-preview":"max-video-preview:-1"},"canonical":"https:\/\/www.btv.md\/ro\/prioritatile-cetatenilor-moldoveni-care-locuiesc-in-irlanda-au-fost-discutate-de-catre-presedintii-maia-sandu-si-michael-d-higgins\/","og_locale":"ro_RO","og_type":"article","og_title":"Priorit\u0103\u021bile cet\u0103\u021benilor moldoveni care locuiesc \u00een Irlanda au fost discutate de c\u0103tre Pre\u0219edin\u021bii Maia Sandu \u0219i Michael D. Higgins - BTV","og_description":"Pre\u0219edintele Republicii Moldova, Maia Sandu, a discutat ast\u0103zi la telefon cu Pre\u0219edintele Irlandei, domnul Michael D. Higgins, scrie deschide.md. \u0218efa statului i-a mul\u021bumit omologului s\u0103u pentru felicit\u0103rile adresate cet\u0103\u021benilor Republicii Moldova cu prilejul votului istoric din 11 iulie, precum \u0219i pentru ajutorul acordat la asigurarea bunei desf\u0103\u0219ur\u0103ri a procesului de vot pentru diaspora noastr\u0103 din [&hellip;]","og_url":"https:\/\/www.btv.md\/ro\/prioritatile-cetatenilor-moldoveni-care-locuiesc-in-irlanda-au-fost-discutate-de-catre-presedintii-maia-sandu-si-michael-d-higgins\/","og_site_name":"BTV","article_publisher":"https:\/\/www.facebook.com\/btvmoldova\/","article_published_time":"2021-07-12T15:53:04+00:00","og_image":[{"width":758,"height":426,"url":"https:\/\/www.btv.md\/wp-content\/uploads\/2021\/07\/images_cms-image-000120226.jpg","type":"image\/jpeg"}],"author":"admin","twitter_misc":{"Scris de":"admin","Timp estimat pentru citire":"1 minut"},"schema":{"@context":"https:\/\/schema.org","@graph":[{"@type":"Article","@id":"https:\/\/www.btv.md\/ro\/prioritatile-cetatenilor-moldoveni-care-locuiesc-in-irlanda-au-fost-discutate-de-catre-presedintii-maia-sandu-si-michael-d-higgins\/#article","isPartOf":{"@id":"https:\/\/www.btv.md\/ro\/prioritatile-cetatenilor-moldoveni-care-locuiesc-in-irlanda-au-fost-discutate-de-catre-presedintii-maia-sandu-si-michael-d-higgins\/"},"author":{"name":"admin","@id":"https:\/\/www.btv.md\/#\/schema\/person\/8fadce81561b3ce2c34c46dadc4ccbf2"},"headline":"Priorit\u0103\u021bile cet\u0103\u021benilor moldoveni care locuiesc \u00een Irlanda au fost discutate de c\u0103tre Pre\u0219edin\u021bii Maia Sandu \u0219i Michael D. Higgins","datePublished":"2021-07-12T15:53:04+00:00","mainEntityOfPage":{"@id":"https:\/\/www.btv.md\/ro\/prioritatile-cetatenilor-moldoveni-care-locuiesc-in-irlanda-au-fost-discutate-de-catre-presedintii-maia-sandu-si-michael-d-higgins\/"},"wordCount":227,"image":{"@id":"https:\/\/www.btv.md\/ro\/prioritatile-cetatenilor-moldoveni-care-locuiesc-in-irlanda-au-fost-discutate-de-catre-presedintii-maia-sandu-si-michael-d-higgins\/#primaryimage"},"thumbnailUrl":"https:\/\/www.btv.md\/wp-content\/uploads\/2021\/07\/images_cms-image-000120226.jpg","keywords":["Priorit\u0103\u021bile cet\u0103\u021benilor moldoveni care locuiesc \u00een Irlanda au fost discutate de c\u0103tre Pre\u0219edin\u021bii Maia Sandu \u0219i Michael D. Higgins"],"articleSection":["Politic\u0103"],"inLanguage":"ro-RO"},{"@type":"WebPage","@id":"https:\/\/www.btv.md\/ro\/prioritatile-cetatenilor-moldoveni-care-locuiesc-in-irlanda-au-fost-discutate-de-catre-presedintii-maia-sandu-si-michael-d-higgins\/","url":"https:\/\/www.btv.md\/ro\/prioritatile-cetatenilor-moldoveni-care-locuiesc-in-irlanda-au-fost-discutate-de-catre-presedintii-maia-sandu-si-michael-d-higgins\/","name":"Priorit\u0103\u021bile cet\u0103\u021benilor moldoveni care locuiesc \u00een Irlanda au fost discutate de c\u0103tre Pre\u0219edin\u021bii Maia Sandu \u0219i Michael D. Higgins - BTV","isPartOf":{"@id":"https:\/\/www.btv.md\/#website"},"primaryImageOfPage":{"@id":"https:\/\/www.btv.md\/ro\/prioritatile-cetatenilor-moldoveni-care-locuiesc-in-irlanda-au-fost-discutate-de-catre-presedintii-maia-sandu-si-michael-d-higgins\/#primaryimage"},"image":{"@id":"https:\/\/www.btv.md\/ro\/prioritatile-cetatenilor-moldoveni-care-locuiesc-in-irlanda-au-fost-discutate-de-catre-presedintii-maia-sandu-si-michael-d-higgins\/#primaryimage"},"thumbnailUrl":"https:\/\/www.btv.md\/wp-content\/uploads\/2021\/07\/images_cms-image-000120226.jpg","datePublished":"2021-07-12T15:53:04+00:00","author":{"@id":"https:\/\/www.btv.md\/#\/schema\/person\/8fadce81561b3ce2c34c46dadc4ccbf2"},"inLanguage":"ro-RO","potentialAction":[{"@type":"ReadAction","target":["https:\/\/www.btv.md\/ro\/prioritatile-cetatenilor-moldoveni-care-locuiesc-in-irlanda-au-fost-discutate-de-catre-presedintii-maia-sandu-si-michael-d-higgins\/"]}]},{"@type":"ImageObject","inLanguage":"ro-RO","@id":"https:\/\/www.btv.md\/ro\/prioritatile-cetatenilor-moldoveni-care-locuiesc-in-irlanda-au-fost-discutate-de-catre-presedintii-maia-sandu-si-michael-d-higgins\/#primaryimage","url":"https:\/\/www.btv.md\/wp-content\/uploads\/2021\/07\/images_cms-image-000120226.jpg","contentUrl":"https:\/\/www.btv.md\/wp-content\/uploads\/2021\/07\/images_cms-image-000120226.jpg","width":758,"height":426},{"@type":"WebSite","@id":"https:\/\/www.btv.md\/#website","url":"https:\/\/www.btv.md\/","name":"BTV","description":"\u0411\u0435\u043b\u044c\u0446\u043a\u043e\u0435 \u0442\u0435\u043b\u0435\u0432\u0438\u0434\u0435\u043d\u0438\u0435","potentialAction":[{"@type":"SearchAction","target":{"@type":"EntryPoint","urlTemplate":"https:\/\/www.btv.md\/?s={search_term_string}"},"query-input":{"@type":"PropertyValueSpecification","valueRequired":true,"valueName":"search_term_string"}}],"inLanguage":"ro-RO"},{"@type":"Person","@id":"https:\/\/www.btv.md\/#\/schema\/person\/8fadce81561b3ce2c34c46dadc4ccbf2","name":"admin"}]}},"_links":{"self":[{"href":"https:\/\/www.btv.md\/ro\/wp-json\/wp\/v2\/posts\/136415","targetHints":{"allow":["GET"]}}],"collection":[{"href":"https:\/\/www.btv.md\/ro\/wp-json\/wp\/v2\/posts"}],"about":[{"href":"https:\/\/www.btv.md\/ro\/wp-json\/wp\/v2\/types\/post"}],"author":[{"embeddable":true,"href":"https:\/\/www.btv.md\/ro\/wp-json\/wp\/v2\/users\/4"}],"replies":[{"embeddable":true,"href":"https:\/\/www.btv.md\/ro\/wp-json\/wp\/v2\/comments?post=136415"}],"version-history":[{"count":0,"href":"https:\/\/www.btv.md\/ro\/wp-json\/wp\/v2\/posts\/136415\/revisions"}],"wp:featuredmedia":[{"embeddable":true,"href":"https:\/\/www.btv.md\/ro\/wp-json\/wp\/v2\/media\/136416"}],"wp:attachment":[{"href":"https:\/\/www.btv.md\/ro\/wp-json\/wp\/v2\/media?parent=136415"}],"wp:term":[{"taxonomy":"category","embeddable":true,"href":"https:\/\/www.btv.md\/ro\/wp-json\/wp\/v2\/categories?post=136415"},{"taxonomy":"post_tag","embeddable":true,"href":"https:\/\/www.btv.md\/ro\/wp-json\/wp\/v2\/tags?post=136415"}],"curies":[{"name":"wp","href":"https:\/\/api.w.org\/{rel}","templated":true}]}}