{"id":136419,"date":"2021-07-12T18:54:46","date_gmt":"2021-07-12T15:54:46","guid":{"rendered":"https:\/\/www.btv.md\/?p=136419"},"modified":"2021-07-12T18:54:46","modified_gmt":"2021-07-12T15:54:46","slug":"cutremurator-un-barbat-si-a-agresat-sexual-propria-fiica-timp-de-4-ani","status":"publish","type":"post","link":"https:\/\/www.btv.md\/ro\/cutremurator-un-barbat-si-a-agresat-sexual-propria-fiica-timp-de-4-ani\/","title":{"rendered":"Cutremur\u0103tor: Un b\u0103rbat \u0219i-a agresat sexual propria fiic\u0103 timp de 4 ani"},"content":{"rendered":"<div id=\"articleBody-desk-7526336d-e9ca-47fb-a705-8af08712eb24\" class=\"ArticleContent__Content-pkj4qa-5 dCCnCK\">\n<p><strong>B\u0103rbatul, spun anchetatorii, ar fi abuzat-o sexual. Cazul \u015focant a fost descoperit \u00een jude\u0163ul Cluj. Este al treilea de acest gen \u00eentr-o s\u0103pt\u0103m\u00e2n\u0103 \u00een Rom\u00e2nia, transmite\u00a0<a href=\"https:\/\/stiri.md\/article\/international\/cutremurator-un-barbat-si-a-agresat-sexual-propria-fiica-timp-de-4-ani\">\u0218tiri.md<\/a>.<\/strong><\/p>\n<p>B\u0103rbatul care \u0219i-a supus fiica la chinuri groaznice este din Dej \u0219i ar fi f\u0103cut aceste lucruri \u00eengrozitoare c\u00e2nd erau singuri acas\u0103.<\/p>\n<p>Tat\u0103l acuzat de viol este acum dup\u0103 gratii, cel pu\u021bin pentru urm\u0103toarele 30 de zile.<\/p>\n<p>Agresiunile au \u00eenceput \u00een urm\u0103 cu mai bine de patru ani, c\u00e2nd fata avea doar 10 ani, spun anchetatorii. \u00cen tot acest timp, a fost supus\u0103 calvarului de c\u0103tre propriul tat\u0103. Abia acum, minora a m\u0103rturisit prin ce trece unei persoane de \u00eencredere, iar aceasta a sesizat Poli\u021bia.<\/p>\n<p>Tat\u0103l fetei, care nu a recunoscut, dar nici nu a negat acuza\u021biile care i se aduc, a fost re\u021binut de poli\u021bi\u0219ti \u0219i ulterior arestat preventiv pentru 30 de zile.<\/p>\n<p>B\u0103rbatul a cerut instan\u021bei s\u0103 r\u0103m\u00e2n\u0103 \u00een arest la domiciliu, acolo unde se afl\u0103 \u0219i t\u00e2n\u0103ra, \u00eens\u0103 instan\u021ba nu a fost de acord. Acum, fata se afl\u0103 \u00een grija mamei.<\/p>\n<p>Psihologii spun c\u0103 o astfel de traum\u0103 poate l\u0103sa urme ad\u00e2nci \u0219i de lung\u0103 durat\u0103 \u00een cazul unei copile. Mai ales c\u0103 suferin\u021ba a \u00eenceput \u00een perioada pubert\u0103\u021bii.<\/p>\n<p>Este al treilea caz de pedofilie \u00eentr-o singur\u0103 s\u0103pt\u0103m\u00e2n\u0103, \u00een jude\u021bul Cluj, dup\u0103 cel al unui b\u0103rbat din Huedin care a violat un minor \u00een v\u00e2rst\u0103 de 11 ani, \u00een 2019, \u0219i al recidivistului care, zilele trecute, a \u00eencercat s\u0103 agreseze sexual o feti\u021b\u0103, \u00eentr-un parc din Cluj-Napoca.<\/p>\n<p><b>V\u0103 avertiz\u0103m c\u0103 urmeaz\u0103 informa\u021bii cu puternic impact emo\u021bional!<\/b><\/p>\n<p><span class=\"fr-video fr-fvl fr-dvb fr-draggable\"><iframe data-src=\"https:\/\/play.md\/embed\/3673663?title=true&amp;autoplay=false\" width=\"100%\" height=\"405\" frameborder=\"0\" scrolling=\"no\" allowfullscreen=\"allowfullscreen\" data-mce-fragment=\"1\" src=\"data:image\/svg+xml;base64,PHN2ZyB3aWR0aD0iMSIgaGVpZ2h0PSIxIiB4bWxucz0iaHR0cDovL3d3dy53My5vcmcvMjAwMC9zdmciPjwvc3ZnPg==\" class=\"lazyload\" data-load-mode=\"1\"><\/iframe><\/span><\/p>\n<\/div>\n<div class=\"ArticleContent__ArticleFooter-pkj4qa-19 kCfhNt\">Foto: \u0218tiri.md.<\/div>\n","protected":false},"excerpt":{"rendered":"<p>B\u0103rbatul, spun anchetatorii, ar fi abuzat-o sexual. Cazul \u015focant a fost descoperit \u00een jude\u0163ul Cluj. Este al treilea de acest gen \u00eentr-o s\u0103pt\u0103m\u00e2n\u0103 \u00een Rom\u00e2nia, transmite\u00a0\u0218tiri.md. B\u0103rbatul care \u0219i-a supus fiica la chinuri groaznice este din Dej \u0219i ar fi f\u0103cut aceste lucruri \u00eengrozitoare c\u00e2nd erau singuri acas\u0103. Tat\u0103l acuzat de viol este acum dup\u0103 [&hellip;]<\/p>\n","protected":false},"author":4,"featured_media":136420,"comment_status":"closed","ping_status":"closed","sticky":false,"template":"","format":"standard","meta":{"footnotes":""},"categories":[6349],"tags":[27634],"class_list":["post-136419","post","type-post","status-publish","format-standard","has-post-thumbnail","hentry","category-social","tag-cutremurator-un-barbat-si-a-agresat-sexual-propria-fiica-timp-de-4-ani"],"yoast_head":"<!-- This site is optimized with the Yoast SEO plugin v27.4 - https:\/\/yoast.com\/product\/yoast-seo-wordpress\/ -->\n<title>Cutremur\u0103tor: Un b\u0103rbat \u0219i-a agresat sexual propria fiic\u0103 timp de 4 ani - BTV<\/title>\n<meta name=\"robots\" content=\"index, follow, max-snippet:-1, max-image-preview:large, max-video-preview:-1\" \/>\n<link rel=\"canonical\" href=\"https:\/\/www.btv.md\/ro\/cutremurator-un-barbat-si-a-agresat-sexual-propria-fiica-timp-de-4-ani\/\" \/>\n<meta property=\"og:locale\" content=\"ro_RO\" \/>\n<meta property=\"og:type\" content=\"article\" \/>\n<meta property=\"og:title\" content=\"Cutremur\u0103tor: Un b\u0103rbat \u0219i-a agresat sexual propria fiic\u0103 timp de 4 ani - BTV\" \/>\n<meta property=\"og:description\" content=\"B\u0103rbatul, spun anchetatorii, ar fi abuzat-o sexual. Cazul \u015focant a fost descoperit \u00een jude\u0163ul Cluj. Este al treilea de acest gen \u00eentr-o s\u0103pt\u0103m\u00e2n\u0103 \u00een Rom\u00e2nia, transmite\u00a0\u0218tiri.md. B\u0103rbatul care \u0219i-a supus fiica la chinuri groaznice este din Dej \u0219i ar fi f\u0103cut aceste lucruri \u00eengrozitoare c\u00e2nd erau singuri acas\u0103. Tat\u0103l acuzat de viol este acum dup\u0103 [&hellip;]\" \/>\n<meta property=\"og:url\" content=\"https:\/\/www.btv.md\/ro\/cutremurator-un-barbat-si-a-agresat-sexual-propria-fiica-timp-de-4-ani\/\" \/>\n<meta property=\"og:site_name\" content=\"BTV\" \/>\n<meta property=\"article:publisher\" content=\"https:\/\/www.facebook.com\/btvmoldova\/\" \/>\n<meta property=\"article:published_time\" content=\"2021-07-12T15:54:46+00:00\" \/>\n<meta property=\"og:image\" content=\"https:\/\/www.btv.md\/wp-content\/uploads\/2021\/07\/55451f8f3ab9509f833313fcffa529ec.jpg\" \/>\n\t<meta property=\"og:image:width\" content=\"809\" \/>\n\t<meta property=\"og:image:height\" content=\"456\" \/>\n\t<meta property=\"og:image:type\" content=\"image\/jpeg\" \/>\n<meta name=\"author\" content=\"admin\" \/>\n<meta name=\"twitter:label1\" content=\"Scris de\" \/>\n\t<meta name=\"twitter:data1\" content=\"admin\" \/>\n\t<meta name=\"twitter:label2\" content=\"Timp estimat pentru citire\" \/>\n\t<meta name=\"twitter:data2\" content=\"2 minute\" \/>\n<script type=\"application\/ld+json\" class=\"yoast-schema-graph\">{\"@context\":\"https:\\\/\\\/schema.org\",\"@graph\":[{\"@type\":\"Article\",\"@id\":\"https:\\\/\\\/www.btv.md\\\/ro\\\/cutremurator-un-barbat-si-a-agresat-sexual-propria-fiica-timp-de-4-ani\\\/#article\",\"isPartOf\":{\"@id\":\"https:\\\/\\\/www.btv.md\\\/ro\\\/cutremurator-un-barbat-si-a-agresat-sexual-propria-fiica-timp-de-4-ani\\\/\"},\"author\":{\"name\":\"admin\",\"@id\":\"https:\\\/\\\/www.btv.md\\\/#\\\/schema\\\/person\\\/8fadce81561b3ce2c34c46dadc4ccbf2\"},\"headline\":\"Cutremur\u0103tor: Un b\u0103rbat \u0219i-a agresat sexual propria fiic\u0103 timp de 4 ani\",\"datePublished\":\"2021-07-12T15:54:46+00:00\",\"mainEntityOfPage\":{\"@id\":\"https:\\\/\\\/www.btv.md\\\/ro\\\/cutremurator-un-barbat-si-a-agresat-sexual-propria-fiica-timp-de-4-ani\\\/\"},\"wordCount\":309,\"image\":{\"@id\":\"https:\\\/\\\/www.btv.md\\\/ro\\\/cutremurator-un-barbat-si-a-agresat-sexual-propria-fiica-timp-de-4-ani\\\/#primaryimage\"},\"thumbnailUrl\":\"https:\\\/\\\/www.btv.md\\\/wp-content\\\/uploads\\\/2021\\\/07\\\/55451f8f3ab9509f833313fcffa529ec.jpg\",\"keywords\":[\"Cutremur\u0103tor: Un b\u0103rbat \u0219i-a agresat sexual propria fiic\u0103 timp de 4 ani\"],\"articleSection\":[\"Social\"],\"inLanguage\":\"ro-RO\"},{\"@type\":\"WebPage\",\"@id\":\"https:\\\/\\\/www.btv.md\\\/ro\\\/cutremurator-un-barbat-si-a-agresat-sexual-propria-fiica-timp-de-4-ani\\\/\",\"url\":\"https:\\\/\\\/www.btv.md\\\/ro\\\/cutremurator-un-barbat-si-a-agresat-sexual-propria-fiica-timp-de-4-ani\\\/\",\"name\":\"Cutremur\u0103tor: Un b\u0103rbat \u0219i-a agresat sexual propria fiic\u0103 timp de 4 ani - BTV\",\"isPartOf\":{\"@id\":\"https:\\\/\\\/www.btv.md\\\/#website\"},\"primaryImageOfPage\":{\"@id\":\"https:\\\/\\\/www.btv.md\\\/ro\\\/cutremurator-un-barbat-si-a-agresat-sexual-propria-fiica-timp-de-4-ani\\\/#primaryimage\"},\"image\":{\"@id\":\"https:\\\/\\\/www.btv.md\\\/ro\\\/cutremurator-un-barbat-si-a-agresat-sexual-propria-fiica-timp-de-4-ani\\\/#primaryimage\"},\"thumbnailUrl\":\"https:\\\/\\\/www.btv.md\\\/wp-content\\\/uploads\\\/2021\\\/07\\\/55451f8f3ab9509f833313fcffa529ec.jpg\",\"datePublished\":\"2021-07-12T15:54:46+00:00\",\"author\":{\"@id\":\"https:\\\/\\\/www.btv.md\\\/#\\\/schema\\\/person\\\/8fadce81561b3ce2c34c46dadc4ccbf2\"},\"inLanguage\":\"ro-RO\",\"potentialAction\":[{\"@type\":\"ReadAction\",\"target\":[\"https:\\\/\\\/www.btv.md\\\/ro\\\/cutremurator-un-barbat-si-a-agresat-sexual-propria-fiica-timp-de-4-ani\\\/\"]}]},{\"@type\":\"ImageObject\",\"inLanguage\":\"ro-RO\",\"@id\":\"https:\\\/\\\/www.btv.md\\\/ro\\\/cutremurator-un-barbat-si-a-agresat-sexual-propria-fiica-timp-de-4-ani\\\/#primaryimage\",\"url\":\"https:\\\/\\\/www.btv.md\\\/wp-content\\\/uploads\\\/2021\\\/07\\\/55451f8f3ab9509f833313fcffa529ec.jpg\",\"contentUrl\":\"https:\\\/\\\/www.btv.md\\\/wp-content\\\/uploads\\\/2021\\\/07\\\/55451f8f3ab9509f833313fcffa529ec.jpg\",\"width\":809,\"height\":456},{\"@type\":\"WebSite\",\"@id\":\"https:\\\/\\\/www.btv.md\\\/#website\",\"url\":\"https:\\\/\\\/www.btv.md\\\/\",\"name\":\"BTV\",\"description\":\"\u0411\u0435\u043b\u044c\u0446\u043a\u043e\u0435 \u0442\u0435\u043b\u0435\u0432\u0438\u0434\u0435\u043d\u0438\u0435\",\"potentialAction\":[{\"@type\":\"SearchAction\",\"target\":{\"@type\":\"EntryPoint\",\"urlTemplate\":\"https:\\\/\\\/www.btv.md\\\/?s={search_term_string}\"},\"query-input\":{\"@type\":\"PropertyValueSpecification\",\"valueRequired\":true,\"valueName\":\"search_term_string\"}}],\"inLanguage\":\"ro-RO\"},{\"@type\":\"Person\",\"@id\":\"https:\\\/\\\/www.btv.md\\\/#\\\/schema\\\/person\\\/8fadce81561b3ce2c34c46dadc4ccbf2\",\"name\":\"admin\"}]}<\/script>\n<!-- \/ Yoast SEO plugin. -->","yoast_head_json":{"title":"Cutremur\u0103tor: Un b\u0103rbat \u0219i-a agresat sexual propria fiic\u0103 timp de 4 ani - BTV","robots":{"index":"index","follow":"follow","max-snippet":"max-snippet:-1","max-image-preview":"max-image-preview:large","max-video-preview":"max-video-preview:-1"},"canonical":"https:\/\/www.btv.md\/ro\/cutremurator-un-barbat-si-a-agresat-sexual-propria-fiica-timp-de-4-ani\/","og_locale":"ro_RO","og_type":"article","og_title":"Cutremur\u0103tor: Un b\u0103rbat \u0219i-a agresat sexual propria fiic\u0103 timp de 4 ani - BTV","og_description":"B\u0103rbatul, spun anchetatorii, ar fi abuzat-o sexual. Cazul \u015focant a fost descoperit \u00een jude\u0163ul Cluj. Este al treilea de acest gen \u00eentr-o s\u0103pt\u0103m\u00e2n\u0103 \u00een Rom\u00e2nia, transmite\u00a0\u0218tiri.md. B\u0103rbatul care \u0219i-a supus fiica la chinuri groaznice este din Dej \u0219i ar fi f\u0103cut aceste lucruri \u00eengrozitoare c\u00e2nd erau singuri acas\u0103. Tat\u0103l acuzat de viol este acum dup\u0103 [&hellip;]","og_url":"https:\/\/www.btv.md\/ro\/cutremurator-un-barbat-si-a-agresat-sexual-propria-fiica-timp-de-4-ani\/","og_site_name":"BTV","article_publisher":"https:\/\/www.facebook.com\/btvmoldova\/","article_published_time":"2021-07-12T15:54:46+00:00","og_image":[{"width":809,"height":456,"url":"https:\/\/www.btv.md\/wp-content\/uploads\/2021\/07\/55451f8f3ab9509f833313fcffa529ec.jpg","type":"image\/jpeg"}],"author":"admin","twitter_misc":{"Scris de":"admin","Timp estimat pentru citire":"2 minute"},"schema":{"@context":"https:\/\/schema.org","@graph":[{"@type":"Article","@id":"https:\/\/www.btv.md\/ro\/cutremurator-un-barbat-si-a-agresat-sexual-propria-fiica-timp-de-4-ani\/#article","isPartOf":{"@id":"https:\/\/www.btv.md\/ro\/cutremurator-un-barbat-si-a-agresat-sexual-propria-fiica-timp-de-4-ani\/"},"author":{"name":"admin","@id":"https:\/\/www.btv.md\/#\/schema\/person\/8fadce81561b3ce2c34c46dadc4ccbf2"},"headline":"Cutremur\u0103tor: Un b\u0103rbat \u0219i-a agresat sexual propria fiic\u0103 timp de 4 ani","datePublished":"2021-07-12T15:54:46+00:00","mainEntityOfPage":{"@id":"https:\/\/www.btv.md\/ro\/cutremurator-un-barbat-si-a-agresat-sexual-propria-fiica-timp-de-4-ani\/"},"wordCount":309,"image":{"@id":"https:\/\/www.btv.md\/ro\/cutremurator-un-barbat-si-a-agresat-sexual-propria-fiica-timp-de-4-ani\/#primaryimage"},"thumbnailUrl":"https:\/\/www.btv.md\/wp-content\/uploads\/2021\/07\/55451f8f3ab9509f833313fcffa529ec.jpg","keywords":["Cutremur\u0103tor: Un b\u0103rbat \u0219i-a agresat sexual propria fiic\u0103 timp de 4 ani"],"articleSection":["Social"],"inLanguage":"ro-RO"},{"@type":"WebPage","@id":"https:\/\/www.btv.md\/ro\/cutremurator-un-barbat-si-a-agresat-sexual-propria-fiica-timp-de-4-ani\/","url":"https:\/\/www.btv.md\/ro\/cutremurator-un-barbat-si-a-agresat-sexual-propria-fiica-timp-de-4-ani\/","name":"Cutremur\u0103tor: Un b\u0103rbat \u0219i-a agresat sexual propria fiic\u0103 timp de 4 ani - BTV","isPartOf":{"@id":"https:\/\/www.btv.md\/#website"},"primaryImageOfPage":{"@id":"https:\/\/www.btv.md\/ro\/cutremurator-un-barbat-si-a-agresat-sexual-propria-fiica-timp-de-4-ani\/#primaryimage"},"image":{"@id":"https:\/\/www.btv.md\/ro\/cutremurator-un-barbat-si-a-agresat-sexual-propria-fiica-timp-de-4-ani\/#primaryimage"},"thumbnailUrl":"https:\/\/www.btv.md\/wp-content\/uploads\/2021\/07\/55451f8f3ab9509f833313fcffa529ec.jpg","datePublished":"2021-07-12T15:54:46+00:00","author":{"@id":"https:\/\/www.btv.md\/#\/schema\/person\/8fadce81561b3ce2c34c46dadc4ccbf2"},"inLanguage":"ro-RO","potentialAction":[{"@type":"ReadAction","target":["https:\/\/www.btv.md\/ro\/cutremurator-un-barbat-si-a-agresat-sexual-propria-fiica-timp-de-4-ani\/"]}]},{"@type":"ImageObject","inLanguage":"ro-RO","@id":"https:\/\/www.btv.md\/ro\/cutremurator-un-barbat-si-a-agresat-sexual-propria-fiica-timp-de-4-ani\/#primaryimage","url":"https:\/\/www.btv.md\/wp-content\/uploads\/2021\/07\/55451f8f3ab9509f833313fcffa529ec.jpg","contentUrl":"https:\/\/www.btv.md\/wp-content\/uploads\/2021\/07\/55451f8f3ab9509f833313fcffa529ec.jpg","width":809,"height":456},{"@type":"WebSite","@id":"https:\/\/www.btv.md\/#website","url":"https:\/\/www.btv.md\/","name":"BTV","description":"\u0411\u0435\u043b\u044c\u0446\u043a\u043e\u0435 \u0442\u0435\u043b\u0435\u0432\u0438\u0434\u0435\u043d\u0438\u0435","potentialAction":[{"@type":"SearchAction","target":{"@type":"EntryPoint","urlTemplate":"https:\/\/www.btv.md\/?s={search_term_string}"},"query-input":{"@type":"PropertyValueSpecification","valueRequired":true,"valueName":"search_term_string"}}],"inLanguage":"ro-RO"},{"@type":"Person","@id":"https:\/\/www.btv.md\/#\/schema\/person\/8fadce81561b3ce2c34c46dadc4ccbf2","name":"admin"}]}},"_links":{"self":[{"href":"https:\/\/www.btv.md\/ro\/wp-json\/wp\/v2\/posts\/136419","targetHints":{"allow":["GET"]}}],"collection":[{"href":"https:\/\/www.btv.md\/ro\/wp-json\/wp\/v2\/posts"}],"about":[{"href":"https:\/\/www.btv.md\/ro\/wp-json\/wp\/v2\/types\/post"}],"author":[{"embeddable":true,"href":"https:\/\/www.btv.md\/ro\/wp-json\/wp\/v2\/users\/4"}],"replies":[{"embeddable":true,"href":"https:\/\/www.btv.md\/ro\/wp-json\/wp\/v2\/comments?post=136419"}],"version-history":[{"count":0,"href":"https:\/\/www.btv.md\/ro\/wp-json\/wp\/v2\/posts\/136419\/revisions"}],"wp:featuredmedia":[{"embeddable":true,"href":"https:\/\/www.btv.md\/ro\/wp-json\/wp\/v2\/media\/136420"}],"wp:attachment":[{"href":"https:\/\/www.btv.md\/ro\/wp-json\/wp\/v2\/media?parent=136419"}],"wp:term":[{"taxonomy":"category","embeddable":true,"href":"https:\/\/www.btv.md\/ro\/wp-json\/wp\/v2\/categories?post=136419"},{"taxonomy":"post_tag","embeddable":true,"href":"https:\/\/www.btv.md\/ro\/wp-json\/wp\/v2\/tags?post=136419"}],"curies":[{"name":"wp","href":"https:\/\/api.w.org\/{rel}","templated":true}]}}