{"id":136424,"date":"2021-07-12T18:57:22","date_gmt":"2021-07-12T15:57:22","guid":{"rendered":"https:\/\/www.btv.md\/?p=136424"},"modified":"2021-07-12T18:57:22","modified_gmt":"2021-07-12T15:57:22","slug":"video-parintii-tanarului-impuscat-mortal-de-un-carabinier-la-elizaveta-au-iesit-la-un-protest-pasnic","status":"publish","type":"post","link":"https:\/\/www.btv.md\/ro\/video-parintii-tanarului-impuscat-mortal-de-un-carabinier-la-elizaveta-au-iesit-la-un-protest-pasnic\/","title":{"rendered":"\/VIDEO\/ P\u0103rin\u021bii t\u00e2n\u0103rului, \u00eempu\u0219cat mortal de un carabinier la Elizaveta, au ie\u0219it la un protest pa\u0219nic"},"content":{"rendered":"<p><strong>Proteste \u00een localitatea Elizaveta \u0219i la judec\u0103toria din B\u0103l\u021bi. Familia t\u00e2n\u0103rului \u00eempu\u0219cat mortal \u00een noaptea de 13 ianuarie 2020, \u00eempreun\u0103 cu mai mul\u021bi localnici, au ie\u0219it, ast\u0103zi, la un protest pa\u0219nic. Ace\u0219tia cer magistra\u021bilor pedeaps\u0103 maxim\u0103 pentru carabinierul, care a ap\u0103sat pe tr\u0103gaci, omor\u00e2ndu-l pe loc pe fiul lor de 23 de ani, scrie <a href=\"https:\/\/tv8.md\/2021\/07\/12\/video-parintii-tanarului-impuscat-mortal-de-un-carabinier-la-elizaveta-au-iesit-la-un-protest-pasnic\/\">tv8.md<\/a>.<\/strong><\/p>\n<p><iframe title=\"Protest la Elizaveta\" width=\"1170\" height=\"658\" data-src=\"https:\/\/www.youtube.com\/embed\/hhM2cUj6h1o?wmode=transparent&amp;rel=0&amp;feature=oembed\" frameborder=\"0\" allow=\"accelerometer; autoplay; clipboard-write; encrypted-media; gyroscope; picture-in-picture\" allowfullscreen src=\"data:image\/svg+xml;base64,PHN2ZyB3aWR0aD0iMSIgaGVpZ2h0PSIxIiB4bWxucz0iaHR0cDovL3d3dy53My5vcmcvMjAwMC9zdmciPjwvc3ZnPg==\" class=\"lazyload\" data-load-mode=\"1\"><\/iframe><\/p>\n<p>\u00cenarma\u021bi cu boxe portabile \u0219i pancarte, oamenii au protestat prin localitatea Elizaveta, unde acum un an \u0219i jum\u0103tate, un t\u00e2n\u0103r de 23 de ani a fost \u00eempu\u0219cat mortal de un carabiner, \u00een urma unui conflict.<\/p>\n<p>Familia t\u00e2n\u0103rului decedat cere \u00eenchisoare pe via\u021b\u0103 pentru carabinierul care a ap\u0103sat pe tr\u0103gaci. \u201eVrem s\u0103 fie dreptate, s\u0103-l \u00eenchid\u0103 pe via\u021b\u0103 pe cel care ne-a ucis b\u0103iatul. S\u0103 nu ias\u0103 la libertate.\u201d<\/p>\n<p>Dup\u0103 ce au protestat prin sat, familia t\u00e2n\u0103rului \u00eempreun\u0103 cu mai mul\u021bi localnici au mers \u0219i la Judec\u0103toria din B\u0103l\u021bi, pentru a-\u0219i manifesta nemul\u021bumirea.<\/p>\n<p>\u00cen timpul protestului, sediul Judec\u0103toriei B\u0103l\u021bi a fost p\u0103zit de o mul\u021bime de poli\u021bi\u0219ti.<br \/>\nTragedia s-a produs pe 13 ianuarie 2020, atunci c\u00e2nd un t\u00e2n\u0103r de 23 de ani din satul Elizaveta, municipiul B\u0103l\u021bi, a fost \u00eempu\u0219cat mortal, \u00eentr-o \u00eenc\u0103ierare, de c\u0103tre un ofi\u021ber din cadrul Inspectoratului General de Carabinieri.<\/p>\n<p>Instan\u021ba de fond l-a condamnat pe inculpat la 17 ani de deten\u021bie, iar recent, prin decizia Cur\u021bii de Apel B\u0103l\u021bi, dosarul a fost \u00eentors la rejudecare din cauza unei erori de procedur\u0103, admis\u0103 de magistra\u021bii de fond.<\/p>\n<p>\u00centre timp, perioada de men\u021binere a inculpatului \u00een stare de arest a expirat, astfel \u00eenc\u00e2t acesta urmeaz\u0103 s\u0103 fie eliberat din deten\u021bie.<\/p>\n<p>Procuratura General\u0103 a anun\u021bat c\u0103 s-a autosesizat \u00een leg\u0103tur\u0103 cu erorile procedurale admise \u00een cazul examin\u0103rii judiciare a dosarului de \u00eenvinuire a carabinierului, care l-ar fi \u00eempu\u0219cat mortal pe t\u00e2n\u0103rul de 23 de ani din Elizaveta<\/p>\n<p>Av\u00e2nd \u00een vedere cele constatate, \u00een prezent, Procuratura General\u0103 este \u00een proces de intentare a procedurilor disciplinare at\u00e2t \u00een privin\u021ba judec\u0103torilor, c\u00e2t \u0219i a procurorilor implica\u021bi \u00een examinarea cazului respectiv \u00een vederea stabilirii gradului de responsabilitate pentru erorile admise.<\/p>\n<div class=\"sens-advertising\">\n<div id=\"div-gpt-ad-1593159583658-818315219\">Foto: tv8.md.<\/div>\n<div id=\"tv8_md_300_250_2\" data-google-query-id=\"CNGq6aby3fECFX_luwgdDI8HKA\">\n<div id=\"google_ads_iframe_\/21857590943\/tv8.md\/tv8_md_300_250_2_0__container__\"><\/div>\n<\/div>\n<\/div>\n","protected":false},"excerpt":{"rendered":"<p>Proteste \u00een localitatea Elizaveta \u0219i la judec\u0103toria din B\u0103l\u021bi. Familia t\u00e2n\u0103rului \u00eempu\u0219cat mortal \u00een noaptea de 13 ianuarie 2020, \u00eempreun\u0103 cu mai mul\u021bi localnici, au ie\u0219it, ast\u0103zi, la un protest pa\u0219nic. Ace\u0219tia cer magistra\u021bilor pedeaps\u0103 maxim\u0103 pentru carabinierul, care a ap\u0103sat pe tr\u0103gaci, omor\u00e2ndu-l pe loc pe fiul lor de 23 de ani, scrie tv8.md. [&hellip;]<\/p>\n","protected":false},"author":4,"featured_media":136425,"comment_status":"closed","ping_status":"closed","sticky":false,"template":"","format":"standard","meta":{"footnotes":""},"categories":[6349],"tags":[27635,27637,27636],"class_list":["post-136424","post","type-post","status-publish","format-standard","has-post-thumbnail","hentry","category-social","tag-video-parintii-tanarului","tag-au-iesit-la-un-protest-pasnic","tag-impuscat-mortal-de-un-carabinier-la-elizaveta"],"yoast_head":"<!-- This site is optimized with the Yoast SEO plugin v27.4 - https:\/\/yoast.com\/product\/yoast-seo-wordpress\/ -->\n<title>\/VIDEO\/ P\u0103rin\u021bii t\u00e2n\u0103rului, \u00eempu\u0219cat mortal de un carabinier la Elizaveta, au ie\u0219it la un protest pa\u0219nic - BTV<\/title>\n<meta name=\"robots\" content=\"index, follow, max-snippet:-1, max-image-preview:large, max-video-preview:-1\" \/>\n<link rel=\"canonical\" href=\"https:\/\/www.btv.md\/ro\/amp\/video-parintii-tanarului-impuscat-mortal-de-un-carabinier-la-elizaveta-au-iesit-la-un-protest-pasnic\/\" \/>\n<meta property=\"og:locale\" content=\"ro_RO\" \/>\n<meta property=\"og:type\" content=\"article\" \/>\n<meta property=\"og:title\" content=\"\/VIDEO\/ P\u0103rin\u021bii t\u00e2n\u0103rului, \u00eempu\u0219cat mortal de un carabinier la Elizaveta, au ie\u0219it la un protest pa\u0219nic - BTV\" \/>\n<meta property=\"og:description\" content=\"Proteste \u00een localitatea Elizaveta \u0219i la judec\u0103toria din B\u0103l\u021bi. Familia t\u00e2n\u0103rului \u00eempu\u0219cat mortal \u00een noaptea de 13 ianuarie 2020, \u00eempreun\u0103 cu mai mul\u021bi localnici, au ie\u0219it, ast\u0103zi, la un protest pa\u0219nic. Ace\u0219tia cer magistra\u021bilor pedeaps\u0103 maxim\u0103 pentru carabinierul, care a ap\u0103sat pe tr\u0103gaci, omor\u00e2ndu-l pe loc pe fiul lor de 23 de ani, scrie tv8.md. [&hellip;]\" \/>\n<meta property=\"og:url\" content=\"https:\/\/www.btv.md\/ro\/amp\/video-parintii-tanarului-impuscat-mortal-de-un-carabinier-la-elizaveta-au-iesit-la-un-protest-pasnic\/\" \/>\n<meta property=\"og:site_name\" content=\"BTV\" \/>\n<meta property=\"article:publisher\" content=\"https:\/\/www.facebook.com\/btvmoldova\/\" \/>\n<meta property=\"article:published_time\" content=\"2021-07-12T15:57:22+00:00\" \/>\n<meta property=\"og:image\" content=\"https:\/\/www.btv.md\/wp-content\/uploads\/2021\/07\/snimoktryrtytry-720x360-1.png\" \/>\n\t<meta property=\"og:image:width\" content=\"720\" \/>\n\t<meta property=\"og:image:height\" content=\"360\" \/>\n\t<meta property=\"og:image:type\" content=\"image\/png\" \/>\n<meta name=\"author\" content=\"admin\" \/>\n<meta name=\"twitter:label1\" content=\"Scris de\" \/>\n\t<meta name=\"twitter:data1\" content=\"admin\" \/>\n\t<meta name=\"twitter:label2\" content=\"Timp estimat pentru citire\" \/>\n\t<meta name=\"twitter:data2\" content=\"2 minute\" \/>\n<script type=\"application\/ld+json\" class=\"yoast-schema-graph\">{\"@context\":\"https:\\\/\\\/schema.org\",\"@graph\":[{\"@type\":\"Article\",\"@id\":\"https:\\\/\\\/www.btv.md\\\/ro\\\/amp\\\/video-parintii-tanarului-impuscat-mortal-de-un-carabinier-la-elizaveta-au-iesit-la-un-protest-pasnic\\\/#article\",\"isPartOf\":{\"@id\":\"https:\\\/\\\/www.btv.md\\\/ro\\\/amp\\\/video-parintii-tanarului-impuscat-mortal-de-un-carabinier-la-elizaveta-au-iesit-la-un-protest-pasnic\\\/\"},\"author\":{\"name\":\"admin\",\"@id\":\"https:\\\/\\\/www.btv.md\\\/#\\\/schema\\\/person\\\/8fadce81561b3ce2c34c46dadc4ccbf2\"},\"headline\":\"\\\/VIDEO\\\/ P\u0103rin\u021bii t\u00e2n\u0103rului, \u00eempu\u0219cat mortal de un carabinier la Elizaveta, au ie\u0219it la un protest pa\u0219nic\",\"datePublished\":\"2021-07-12T15:57:22+00:00\",\"mainEntityOfPage\":{\"@id\":\"https:\\\/\\\/www.btv.md\\\/ro\\\/amp\\\/video-parintii-tanarului-impuscat-mortal-de-un-carabinier-la-elizaveta-au-iesit-la-un-protest-pasnic\\\/\"},\"wordCount\":427,\"image\":{\"@id\":\"https:\\\/\\\/www.btv.md\\\/ro\\\/amp\\\/video-parintii-tanarului-impuscat-mortal-de-un-carabinier-la-elizaveta-au-iesit-la-un-protest-pasnic\\\/#primaryimage\"},\"thumbnailUrl\":\"https:\\\/\\\/www.btv.md\\\/wp-content\\\/uploads\\\/2021\\\/07\\\/snimoktryrtytry-720x360-1.png\",\"keywords\":[\"\\\/VIDEO\\\/ P\u0103rin\u021bii t\u00e2n\u0103rului\",\"au ie\u0219it la un protest pa\u0219nic\",\"\u00eempu\u0219cat mortal de un carabinier la Elizaveta\"],\"articleSection\":[\"Social\"],\"inLanguage\":\"ro-RO\"},{\"@type\":\"WebPage\",\"@id\":\"https:\\\/\\\/www.btv.md\\\/ro\\\/amp\\\/video-parintii-tanarului-impuscat-mortal-de-un-carabinier-la-elizaveta-au-iesit-la-un-protest-pasnic\\\/\",\"url\":\"https:\\\/\\\/www.btv.md\\\/ro\\\/amp\\\/video-parintii-tanarului-impuscat-mortal-de-un-carabinier-la-elizaveta-au-iesit-la-un-protest-pasnic\\\/\",\"name\":\"\\\/VIDEO\\\/ P\u0103rin\u021bii t\u00e2n\u0103rului, \u00eempu\u0219cat mortal de un carabinier la Elizaveta, au ie\u0219it la un protest pa\u0219nic - BTV\",\"isPartOf\":{\"@id\":\"https:\\\/\\\/www.btv.md\\\/#website\"},\"primaryImageOfPage\":{\"@id\":\"https:\\\/\\\/www.btv.md\\\/ro\\\/amp\\\/video-parintii-tanarului-impuscat-mortal-de-un-carabinier-la-elizaveta-au-iesit-la-un-protest-pasnic\\\/#primaryimage\"},\"image\":{\"@id\":\"https:\\\/\\\/www.btv.md\\\/ro\\\/amp\\\/video-parintii-tanarului-impuscat-mortal-de-un-carabinier-la-elizaveta-au-iesit-la-un-protest-pasnic\\\/#primaryimage\"},\"thumbnailUrl\":\"https:\\\/\\\/www.btv.md\\\/wp-content\\\/uploads\\\/2021\\\/07\\\/snimoktryrtytry-720x360-1.png\",\"datePublished\":\"2021-07-12T15:57:22+00:00\",\"author\":{\"@id\":\"https:\\\/\\\/www.btv.md\\\/#\\\/schema\\\/person\\\/8fadce81561b3ce2c34c46dadc4ccbf2\"},\"inLanguage\":\"ro-RO\",\"potentialAction\":[{\"@type\":\"ReadAction\",\"target\":[\"https:\\\/\\\/www.btv.md\\\/ro\\\/amp\\\/video-parintii-tanarului-impuscat-mortal-de-un-carabinier-la-elizaveta-au-iesit-la-un-protest-pasnic\\\/\"]}]},{\"@type\":\"ImageObject\",\"inLanguage\":\"ro-RO\",\"@id\":\"https:\\\/\\\/www.btv.md\\\/ro\\\/amp\\\/video-parintii-tanarului-impuscat-mortal-de-un-carabinier-la-elizaveta-au-iesit-la-un-protest-pasnic\\\/#primaryimage\",\"url\":\"https:\\\/\\\/www.btv.md\\\/wp-content\\\/uploads\\\/2021\\\/07\\\/snimoktryrtytry-720x360-1.png\",\"contentUrl\":\"https:\\\/\\\/www.btv.md\\\/wp-content\\\/uploads\\\/2021\\\/07\\\/snimoktryrtytry-720x360-1.png\",\"width\":720,\"height\":360},{\"@type\":\"WebSite\",\"@id\":\"https:\\\/\\\/www.btv.md\\\/#website\",\"url\":\"https:\\\/\\\/www.btv.md\\\/\",\"name\":\"BTV\",\"description\":\"\u0411\u0435\u043b\u044c\u0446\u043a\u043e\u0435 \u0442\u0435\u043b\u0435\u0432\u0438\u0434\u0435\u043d\u0438\u0435\",\"potentialAction\":[{\"@type\":\"SearchAction\",\"target\":{\"@type\":\"EntryPoint\",\"urlTemplate\":\"https:\\\/\\\/www.btv.md\\\/?s={search_term_string}\"},\"query-input\":{\"@type\":\"PropertyValueSpecification\",\"valueRequired\":true,\"valueName\":\"search_term_string\"}}],\"inLanguage\":\"ro-RO\"},{\"@type\":\"Person\",\"@id\":\"https:\\\/\\\/www.btv.md\\\/#\\\/schema\\\/person\\\/8fadce81561b3ce2c34c46dadc4ccbf2\",\"name\":\"admin\"}]}<\/script>\n<!-- \/ Yoast SEO plugin. -->","yoast_head_json":{"title":"\/VIDEO\/ P\u0103rin\u021bii t\u00e2n\u0103rului, \u00eempu\u0219cat mortal de un carabinier la Elizaveta, au ie\u0219it la un protest pa\u0219nic - BTV","robots":{"index":"index","follow":"follow","max-snippet":"max-snippet:-1","max-image-preview":"max-image-preview:large","max-video-preview":"max-video-preview:-1"},"canonical":"https:\/\/www.btv.md\/ro\/amp\/video-parintii-tanarului-impuscat-mortal-de-un-carabinier-la-elizaveta-au-iesit-la-un-protest-pasnic\/","og_locale":"ro_RO","og_type":"article","og_title":"\/VIDEO\/ P\u0103rin\u021bii t\u00e2n\u0103rului, \u00eempu\u0219cat mortal de un carabinier la Elizaveta, au ie\u0219it la un protest pa\u0219nic - BTV","og_description":"Proteste \u00een localitatea Elizaveta \u0219i la judec\u0103toria din B\u0103l\u021bi. Familia t\u00e2n\u0103rului \u00eempu\u0219cat mortal \u00een noaptea de 13 ianuarie 2020, \u00eempreun\u0103 cu mai mul\u021bi localnici, au ie\u0219it, ast\u0103zi, la un protest pa\u0219nic. Ace\u0219tia cer magistra\u021bilor pedeaps\u0103 maxim\u0103 pentru carabinierul, care a ap\u0103sat pe tr\u0103gaci, omor\u00e2ndu-l pe loc pe fiul lor de 23 de ani, scrie tv8.md. [&hellip;]","og_url":"https:\/\/www.btv.md\/ro\/amp\/video-parintii-tanarului-impuscat-mortal-de-un-carabinier-la-elizaveta-au-iesit-la-un-protest-pasnic\/","og_site_name":"BTV","article_publisher":"https:\/\/www.facebook.com\/btvmoldova\/","article_published_time":"2021-07-12T15:57:22+00:00","og_image":[{"width":720,"height":360,"url":"https:\/\/www.btv.md\/wp-content\/uploads\/2021\/07\/snimoktryrtytry-720x360-1.png","type":"image\/png"}],"author":"admin","twitter_misc":{"Scris de":"admin","Timp estimat pentru citire":"2 minute"},"schema":{"@context":"https:\/\/schema.org","@graph":[{"@type":"Article","@id":"https:\/\/www.btv.md\/ro\/amp\/video-parintii-tanarului-impuscat-mortal-de-un-carabinier-la-elizaveta-au-iesit-la-un-protest-pasnic\/#article","isPartOf":{"@id":"https:\/\/www.btv.md\/ro\/amp\/video-parintii-tanarului-impuscat-mortal-de-un-carabinier-la-elizaveta-au-iesit-la-un-protest-pasnic\/"},"author":{"name":"admin","@id":"https:\/\/www.btv.md\/#\/schema\/person\/8fadce81561b3ce2c34c46dadc4ccbf2"},"headline":"\/VIDEO\/ P\u0103rin\u021bii t\u00e2n\u0103rului, \u00eempu\u0219cat mortal de un carabinier la Elizaveta, au ie\u0219it la un protest pa\u0219nic","datePublished":"2021-07-12T15:57:22+00:00","mainEntityOfPage":{"@id":"https:\/\/www.btv.md\/ro\/amp\/video-parintii-tanarului-impuscat-mortal-de-un-carabinier-la-elizaveta-au-iesit-la-un-protest-pasnic\/"},"wordCount":427,"image":{"@id":"https:\/\/www.btv.md\/ro\/amp\/video-parintii-tanarului-impuscat-mortal-de-un-carabinier-la-elizaveta-au-iesit-la-un-protest-pasnic\/#primaryimage"},"thumbnailUrl":"https:\/\/www.btv.md\/wp-content\/uploads\/2021\/07\/snimoktryrtytry-720x360-1.png","keywords":["\/VIDEO\/ P\u0103rin\u021bii t\u00e2n\u0103rului","au ie\u0219it la un protest pa\u0219nic","\u00eempu\u0219cat mortal de un carabinier la Elizaveta"],"articleSection":["Social"],"inLanguage":"ro-RO"},{"@type":"WebPage","@id":"https:\/\/www.btv.md\/ro\/amp\/video-parintii-tanarului-impuscat-mortal-de-un-carabinier-la-elizaveta-au-iesit-la-un-protest-pasnic\/","url":"https:\/\/www.btv.md\/ro\/amp\/video-parintii-tanarului-impuscat-mortal-de-un-carabinier-la-elizaveta-au-iesit-la-un-protest-pasnic\/","name":"\/VIDEO\/ P\u0103rin\u021bii t\u00e2n\u0103rului, \u00eempu\u0219cat mortal de un carabinier la Elizaveta, au ie\u0219it la un protest pa\u0219nic - BTV","isPartOf":{"@id":"https:\/\/www.btv.md\/#website"},"primaryImageOfPage":{"@id":"https:\/\/www.btv.md\/ro\/amp\/video-parintii-tanarului-impuscat-mortal-de-un-carabinier-la-elizaveta-au-iesit-la-un-protest-pasnic\/#primaryimage"},"image":{"@id":"https:\/\/www.btv.md\/ro\/amp\/video-parintii-tanarului-impuscat-mortal-de-un-carabinier-la-elizaveta-au-iesit-la-un-protest-pasnic\/#primaryimage"},"thumbnailUrl":"https:\/\/www.btv.md\/wp-content\/uploads\/2021\/07\/snimoktryrtytry-720x360-1.png","datePublished":"2021-07-12T15:57:22+00:00","author":{"@id":"https:\/\/www.btv.md\/#\/schema\/person\/8fadce81561b3ce2c34c46dadc4ccbf2"},"inLanguage":"ro-RO","potentialAction":[{"@type":"ReadAction","target":["https:\/\/www.btv.md\/ro\/amp\/video-parintii-tanarului-impuscat-mortal-de-un-carabinier-la-elizaveta-au-iesit-la-un-protest-pasnic\/"]}]},{"@type":"ImageObject","inLanguage":"ro-RO","@id":"https:\/\/www.btv.md\/ro\/amp\/video-parintii-tanarului-impuscat-mortal-de-un-carabinier-la-elizaveta-au-iesit-la-un-protest-pasnic\/#primaryimage","url":"https:\/\/www.btv.md\/wp-content\/uploads\/2021\/07\/snimoktryrtytry-720x360-1.png","contentUrl":"https:\/\/www.btv.md\/wp-content\/uploads\/2021\/07\/snimoktryrtytry-720x360-1.png","width":720,"height":360},{"@type":"WebSite","@id":"https:\/\/www.btv.md\/#website","url":"https:\/\/www.btv.md\/","name":"BTV","description":"\u0411\u0435\u043b\u044c\u0446\u043a\u043e\u0435 \u0442\u0435\u043b\u0435\u0432\u0438\u0434\u0435\u043d\u0438\u0435","potentialAction":[{"@type":"SearchAction","target":{"@type":"EntryPoint","urlTemplate":"https:\/\/www.btv.md\/?s={search_term_string}"},"query-input":{"@type":"PropertyValueSpecification","valueRequired":true,"valueName":"search_term_string"}}],"inLanguage":"ro-RO"},{"@type":"Person","@id":"https:\/\/www.btv.md\/#\/schema\/person\/8fadce81561b3ce2c34c46dadc4ccbf2","name":"admin"}]}},"_links":{"self":[{"href":"https:\/\/www.btv.md\/ro\/wp-json\/wp\/v2\/posts\/136424","targetHints":{"allow":["GET"]}}],"collection":[{"href":"https:\/\/www.btv.md\/ro\/wp-json\/wp\/v2\/posts"}],"about":[{"href":"https:\/\/www.btv.md\/ro\/wp-json\/wp\/v2\/types\/post"}],"author":[{"embeddable":true,"href":"https:\/\/www.btv.md\/ro\/wp-json\/wp\/v2\/users\/4"}],"replies":[{"embeddable":true,"href":"https:\/\/www.btv.md\/ro\/wp-json\/wp\/v2\/comments?post=136424"}],"version-history":[{"count":0,"href":"https:\/\/www.btv.md\/ro\/wp-json\/wp\/v2\/posts\/136424\/revisions"}],"wp:featuredmedia":[{"embeddable":true,"href":"https:\/\/www.btv.md\/ro\/wp-json\/wp\/v2\/media\/136425"}],"wp:attachment":[{"href":"https:\/\/www.btv.md\/ro\/wp-json\/wp\/v2\/media?parent=136424"}],"wp:term":[{"taxonomy":"category","embeddable":true,"href":"https:\/\/www.btv.md\/ro\/wp-json\/wp\/v2\/categories?post=136424"},{"taxonomy":"post_tag","embeddable":true,"href":"https:\/\/www.btv.md\/ro\/wp-json\/wp\/v2\/tags?post=136424"}],"curies":[{"name":"wp","href":"https:\/\/api.w.org\/{rel}","templated":true}]}}