{"id":136428,"date":"2021-07-12T19:00:07","date_gmt":"2021-07-12T16:00:07","guid":{"rendered":"https:\/\/www.btv.md\/?p=136428"},"modified":"2021-07-12T19:07:58","modified_gmt":"2021-07-12T16:07:58","slug":"prima-partida-de-vaccin-johnsonjohnson-asteptata-luni-la-chisinau-ceban-am-putea-organiza-noi-maratoane","status":"publish","type":"post","link":"https:\/\/www.btv.md\/ro\/prima-partida-de-vaccin-johnsonjohnson-asteptata-luni-la-chisinau-ceban-am-putea-organiza-noi-maratoane\/","title":{"rendered":"Prima partid\u0103 de vaccin Johnson&#038;Johnson, a\u0219teptat\u0103 luni la Chi\u0219in\u0103u. Ceban: Am putea organiza noi maratoane"},"content":{"rendered":"<div class=\"kvgmc6g5 cxmmr5t8 oygrvhab hcukyx3x c1et5uql ii04i59q\">\n<p dir=\"auto\"><strong>Rapelul pentru persoanele imunizate cu Sputnik V la maratonul din 26 iunie se va desf\u0103\u0219ura s\u00e2mb\u0103t\u0103. De asemenea, ar putea fi organizate maratoane pentru imunizarea cu serurile Johnson&amp;Johnson \u0219i Pfizer, care urmeaz\u0103 s\u0103 ajung\u0103 \u00een cur\u00e2nd \u00een Republica Moldova. Anun\u021bul a fost f\u0103cut de c\u0103tre primarul Ion Ceban, care a reiterat importan\u021ba imuniz\u0103rii anti-Covid, transmite <a href=\"https:\/\/newsmaker.md\/ro\/prima-partida-de-vaccin-johnson-johnson-asteptata-luni-la-chisinau-ceban-am-putea-organiza-noi-maratoane\/\">Newsmaker.md<\/a>.<\/strong><\/p>\n<p dir=\"auto\">\u201eS\u00e2mba\u0306ta\u0306, 17 iulie, la Palatul Republicii vom organiza rapelul cu Sputnik V, pentru cele 4000 persoane care s-au vaccinat la maratonul din 26 iunie. Rog ceta\u0306t\u0326enii sa\u0306 nu se \u00eenregistreze \u00een liste, doza a II-a de vaccin \u00eei va reveni fieca\u0306rui ceta\u0306t\u0326ean imunizat cu prima doza\u0306\u201d, a men\u021bionat Ceban.<\/p>\n<p dir=\"auto\">Edilul a mai spus c\u0103, \u00een contextul recept\u0326iona\u0306rii unor noi loturi de vaccin (Pfizer \u0219i Jonson&amp;Jonson), autorit\u0103\u021bile intent\u0326ioneaz\u0103 sa\u0306 organizeze noi maratoane de imunizare cu aceste seruri.<\/p>\n<\/div>\n<p dir=\"auto\">\u201eNe dorim vaccinarea cadrelor didactice de cel put\u0326in 80% p\u00e2n\u0103 la \u00eenceperea noului an \u0219colar. Municipalitatea continua\u0306 sa\u0306 fie sub cod galben privind incident\u0326a Covid -19. Am solicitat convocarea s\u0326edint\u0326ei Comisiei extraordinare de sa\u0306na\u0306tate publica\u0306 a municipiului Chis\u0326ina\u0306u pentru a analiza necesitatea introducerii sau elimina\u0306rii unor restrict\u0326ii \u00een vederea neadmiterii ra\u0306sp\u00e2ndirii virusului sau noilor tulpini ale acestuia\u201d, a ad\u0103ugat Ceban.<\/p>\n<p dir=\"auto\">Amintim c\u0103 SUA a anun\u021bat acum c\u00e2teva zile c\u0103 va dona Republicii Moldova 500 de mii de doze de vaccin Johnson &amp; Johnson. Primele doze vor ajunge \u00een Moldova \u00een seara de 12 iulie, prin intermediul platformei Covax. Vaccinul se administreaz\u0103 intramuscular cu o singur\u0103 doz\u0103 \u0219i e recomandat persoanelor cu v\u00e2rsta de cel pu\u021bin 18 ani. Eficien\u021ba acestuia a fost estimat\u0103 la 66% \u00een SUA, \u00eempotriva dezvolt\u0103rii formelor grave de coronavirus.<\/p>\n<p dir=\"auto\">De asemenea, Rom\u00e2nia a anun\u021bat c\u0103 va dona Moldovei peste 100 de mii de doze de vaccin Pfizer.<\/p>\n<p dir=\"auto\"><iframe data-src=\"https:\/\/www.facebook.com\/plugins\/post.php?href=https%3A%2F%2Fwww.facebook.com%2Fi.ceban.public%2Fposts%2F862009101069633&amp;show_text=true&amp;width=500\" width=\"500\" height=\"761\" frameborder=\"0\" scrolling=\"no\" allowfullscreen=\"allowfullscreen\" data-mce-fragment=\"1\" src=\"data:image\/svg+xml;base64,PHN2ZyB3aWR0aD0iMSIgaGVpZ2h0PSIxIiB4bWxucz0iaHR0cDovL3d3dy53My5vcmcvMjAwMC9zdmciPjwvc3ZnPg==\" class=\"lazyload\" data-load-mode=\"1\"><\/iframe><\/p>\n<p dir=\"auto\">Foto: Newsmaker.md.<\/p>\n","protected":false},"excerpt":{"rendered":"<p>Rapelul pentru persoanele imunizate cu Sputnik V la maratonul din 26 iunie se va desf\u0103\u0219ura s\u00e2mb\u0103t\u0103. De asemenea, ar putea fi organizate maratoane pentru imunizarea cu serurile Johnson&amp;Johnson \u0219i Pfizer, care urmeaz\u0103 s\u0103 ajung\u0103 \u00een cur\u00e2nd \u00een Republica Moldova. Anun\u021bul a fost f\u0103cut de c\u0103tre primarul Ion Ceban, care a reiterat importan\u021ba imuniz\u0103rii anti-Covid, transmite [&hellip;]<\/p>\n","protected":false},"author":4,"featured_media":136441,"comment_status":"closed","ping_status":"closed","sticky":false,"template":"","format":"standard","meta":{"footnotes":""},"categories":[6349],"tags":[27639,27638],"class_list":["post-136428","post","type-post","status-publish","format-standard","has-post-thumbnail","hentry","category-social","tag-asteptata-luni-la-chisinau-ceban-am-putea-organiza-noi-maratoane","tag-prima-partida-de-vaccin-johnsonjohnson"],"yoast_head":"<!-- This site is optimized with the Yoast SEO plugin v27.4 - https:\/\/yoast.com\/product\/yoast-seo-wordpress\/ -->\n<title>Prima partid\u0103 de vaccin Johnson&amp;Johnson, a\u0219teptat\u0103 luni la Chi\u0219in\u0103u. Ceban: Am putea organiza noi maratoane - BTV<\/title>\n<meta name=\"robots\" content=\"index, follow, max-snippet:-1, max-image-preview:large, max-video-preview:-1\" \/>\n<link rel=\"canonical\" href=\"https:\/\/www.btv.md\/ro\/prima-partida-de-vaccin-johnsonjohnson-asteptata-luni-la-chisinau-ceban-am-putea-organiza-noi-maratoane\/\" \/>\n<meta property=\"og:locale\" content=\"ro_RO\" \/>\n<meta property=\"og:type\" content=\"article\" \/>\n<meta property=\"og:title\" content=\"Prima partid\u0103 de vaccin Johnson&amp;Johnson, a\u0219teptat\u0103 luni la Chi\u0219in\u0103u. Ceban: Am putea organiza noi maratoane - BTV\" \/>\n<meta property=\"og:description\" content=\"Rapelul pentru persoanele imunizate cu Sputnik V la maratonul din 26 iunie se va desf\u0103\u0219ura s\u00e2mb\u0103t\u0103. De asemenea, ar putea fi organizate maratoane pentru imunizarea cu serurile Johnson&amp;Johnson \u0219i Pfizer, care urmeaz\u0103 s\u0103 ajung\u0103 \u00een cur\u00e2nd \u00een Republica Moldova. Anun\u021bul a fost f\u0103cut de c\u0103tre primarul Ion Ceban, care a reiterat importan\u021ba imuniz\u0103rii anti-Covid, transmite [&hellip;]\" \/>\n<meta property=\"og:url\" content=\"https:\/\/www.btv.md\/ro\/prima-partida-de-vaccin-johnsonjohnson-asteptata-luni-la-chisinau-ceban-am-putea-organiza-noi-maratoane\/\" \/>\n<meta property=\"og:site_name\" content=\"BTV\" \/>\n<meta property=\"article:publisher\" content=\"https:\/\/www.facebook.com\/btvmoldova\/\" \/>\n<meta property=\"article:published_time\" content=\"2021-07-12T16:00:07+00:00\" \/>\n<meta property=\"article:modified_time\" content=\"2021-07-12T16:07:58+00:00\" \/>\n<meta property=\"og:image\" content=\"https:\/\/www.btv.md\/wp-content\/uploads\/2021\/07\/191496677_4414634625228071_8479576798472488794_n-1.jpg\" \/>\n\t<meta property=\"og:image:width\" content=\"960\" \/>\n\t<meta property=\"og:image:height\" content=\"720\" \/>\n\t<meta property=\"og:image:type\" content=\"image\/jpeg\" \/>\n<meta name=\"author\" content=\"admin\" \/>\n<meta name=\"twitter:label1\" content=\"Scris de\" \/>\n\t<meta name=\"twitter:data1\" content=\"admin\" \/>\n\t<meta name=\"twitter:label2\" content=\"Timp estimat pentru citire\" \/>\n\t<meta name=\"twitter:data2\" content=\"2 minute\" \/>\n<script type=\"application\/ld+json\" class=\"yoast-schema-graph\">{\"@context\":\"https:\\\/\\\/schema.org\",\"@graph\":[{\"@type\":\"Article\",\"@id\":\"https:\\\/\\\/www.btv.md\\\/ro\\\/prima-partida-de-vaccin-johnsonjohnson-asteptata-luni-la-chisinau-ceban-am-putea-organiza-noi-maratoane\\\/#article\",\"isPartOf\":{\"@id\":\"https:\\\/\\\/www.btv.md\\\/ro\\\/prima-partida-de-vaccin-johnsonjohnson-asteptata-luni-la-chisinau-ceban-am-putea-organiza-noi-maratoane\\\/\"},\"author\":{\"name\":\"admin\",\"@id\":\"https:\\\/\\\/www.btv.md\\\/#\\\/schema\\\/person\\\/8fadce81561b3ce2c34c46dadc4ccbf2\"},\"headline\":\"Prima partid\u0103 de vaccin Johnson&#038;Johnson, a\u0219teptat\u0103 luni la Chi\u0219in\u0103u. Ceban: Am putea organiza noi maratoane\",\"datePublished\":\"2021-07-12T16:00:07+00:00\",\"dateModified\":\"2021-07-12T16:07:58+00:00\",\"mainEntityOfPage\":{\"@id\":\"https:\\\/\\\/www.btv.md\\\/ro\\\/prima-partida-de-vaccin-johnsonjohnson-asteptata-luni-la-chisinau-ceban-am-putea-organiza-noi-maratoane\\\/\"},\"wordCount\":342,\"image\":{\"@id\":\"https:\\\/\\\/www.btv.md\\\/ro\\\/prima-partida-de-vaccin-johnsonjohnson-asteptata-luni-la-chisinau-ceban-am-putea-organiza-noi-maratoane\\\/#primaryimage\"},\"thumbnailUrl\":\"https:\\\/\\\/www.btv.md\\\/wp-content\\\/uploads\\\/2021\\\/07\\\/191496677_4414634625228071_8479576798472488794_n-1.jpg\",\"keywords\":[\"a\u0219teptat\u0103 luni la Chi\u0219in\u0103u. Ceban: Am putea organiza noi maratoane\",\"Prima partid\u0103 de vaccin Johnson&amp;Johnson\"],\"articleSection\":[\"Social\"],\"inLanguage\":\"ro-RO\"},{\"@type\":\"WebPage\",\"@id\":\"https:\\\/\\\/www.btv.md\\\/ro\\\/prima-partida-de-vaccin-johnsonjohnson-asteptata-luni-la-chisinau-ceban-am-putea-organiza-noi-maratoane\\\/\",\"url\":\"https:\\\/\\\/www.btv.md\\\/ro\\\/prima-partida-de-vaccin-johnsonjohnson-asteptata-luni-la-chisinau-ceban-am-putea-organiza-noi-maratoane\\\/\",\"name\":\"Prima partid\u0103 de vaccin Johnson&Johnson, a\u0219teptat\u0103 luni la Chi\u0219in\u0103u. Ceban: Am putea organiza noi maratoane - BTV\",\"isPartOf\":{\"@id\":\"https:\\\/\\\/www.btv.md\\\/#website\"},\"primaryImageOfPage\":{\"@id\":\"https:\\\/\\\/www.btv.md\\\/ro\\\/prima-partida-de-vaccin-johnsonjohnson-asteptata-luni-la-chisinau-ceban-am-putea-organiza-noi-maratoane\\\/#primaryimage\"},\"image\":{\"@id\":\"https:\\\/\\\/www.btv.md\\\/ro\\\/prima-partida-de-vaccin-johnsonjohnson-asteptata-luni-la-chisinau-ceban-am-putea-organiza-noi-maratoane\\\/#primaryimage\"},\"thumbnailUrl\":\"https:\\\/\\\/www.btv.md\\\/wp-content\\\/uploads\\\/2021\\\/07\\\/191496677_4414634625228071_8479576798472488794_n-1.jpg\",\"datePublished\":\"2021-07-12T16:00:07+00:00\",\"dateModified\":\"2021-07-12T16:07:58+00:00\",\"author\":{\"@id\":\"https:\\\/\\\/www.btv.md\\\/#\\\/schema\\\/person\\\/8fadce81561b3ce2c34c46dadc4ccbf2\"},\"inLanguage\":\"ro-RO\",\"potentialAction\":[{\"@type\":\"ReadAction\",\"target\":[\"https:\\\/\\\/www.btv.md\\\/ro\\\/prima-partida-de-vaccin-johnsonjohnson-asteptata-luni-la-chisinau-ceban-am-putea-organiza-noi-maratoane\\\/\"]}]},{\"@type\":\"ImageObject\",\"inLanguage\":\"ro-RO\",\"@id\":\"https:\\\/\\\/www.btv.md\\\/ro\\\/prima-partida-de-vaccin-johnsonjohnson-asteptata-luni-la-chisinau-ceban-am-putea-organiza-noi-maratoane\\\/#primaryimage\",\"url\":\"https:\\\/\\\/www.btv.md\\\/wp-content\\\/uploads\\\/2021\\\/07\\\/191496677_4414634625228071_8479576798472488794_n-1.jpg\",\"contentUrl\":\"https:\\\/\\\/www.btv.md\\\/wp-content\\\/uploads\\\/2021\\\/07\\\/191496677_4414634625228071_8479576798472488794_n-1.jpg\",\"width\":960,\"height\":720},{\"@type\":\"WebSite\",\"@id\":\"https:\\\/\\\/www.btv.md\\\/#website\",\"url\":\"https:\\\/\\\/www.btv.md\\\/\",\"name\":\"BTV\",\"description\":\"\u0411\u0435\u043b\u044c\u0446\u043a\u043e\u0435 \u0442\u0435\u043b\u0435\u0432\u0438\u0434\u0435\u043d\u0438\u0435\",\"potentialAction\":[{\"@type\":\"SearchAction\",\"target\":{\"@type\":\"EntryPoint\",\"urlTemplate\":\"https:\\\/\\\/www.btv.md\\\/?s={search_term_string}\"},\"query-input\":{\"@type\":\"PropertyValueSpecification\",\"valueRequired\":true,\"valueName\":\"search_term_string\"}}],\"inLanguage\":\"ro-RO\"},{\"@type\":\"Person\",\"@id\":\"https:\\\/\\\/www.btv.md\\\/#\\\/schema\\\/person\\\/8fadce81561b3ce2c34c46dadc4ccbf2\",\"name\":\"admin\"}]}<\/script>\n<!-- \/ Yoast SEO plugin. -->","yoast_head_json":{"title":"Prima partid\u0103 de vaccin Johnson&Johnson, a\u0219teptat\u0103 luni la Chi\u0219in\u0103u. Ceban: Am putea organiza noi maratoane - BTV","robots":{"index":"index","follow":"follow","max-snippet":"max-snippet:-1","max-image-preview":"max-image-preview:large","max-video-preview":"max-video-preview:-1"},"canonical":"https:\/\/www.btv.md\/ro\/prima-partida-de-vaccin-johnsonjohnson-asteptata-luni-la-chisinau-ceban-am-putea-organiza-noi-maratoane\/","og_locale":"ro_RO","og_type":"article","og_title":"Prima partid\u0103 de vaccin Johnson&Johnson, a\u0219teptat\u0103 luni la Chi\u0219in\u0103u. Ceban: Am putea organiza noi maratoane - BTV","og_description":"Rapelul pentru persoanele imunizate cu Sputnik V la maratonul din 26 iunie se va desf\u0103\u0219ura s\u00e2mb\u0103t\u0103. De asemenea, ar putea fi organizate maratoane pentru imunizarea cu serurile Johnson&amp;Johnson \u0219i Pfizer, care urmeaz\u0103 s\u0103 ajung\u0103 \u00een cur\u00e2nd \u00een Republica Moldova. Anun\u021bul a fost f\u0103cut de c\u0103tre primarul Ion Ceban, care a reiterat importan\u021ba imuniz\u0103rii anti-Covid, transmite [&hellip;]","og_url":"https:\/\/www.btv.md\/ro\/prima-partida-de-vaccin-johnsonjohnson-asteptata-luni-la-chisinau-ceban-am-putea-organiza-noi-maratoane\/","og_site_name":"BTV","article_publisher":"https:\/\/www.facebook.com\/btvmoldova\/","article_published_time":"2021-07-12T16:00:07+00:00","article_modified_time":"2021-07-12T16:07:58+00:00","og_image":[{"width":960,"height":720,"url":"https:\/\/www.btv.md\/wp-content\/uploads\/2021\/07\/191496677_4414634625228071_8479576798472488794_n-1.jpg","type":"image\/jpeg"}],"author":"admin","twitter_misc":{"Scris de":"admin","Timp estimat pentru citire":"2 minute"},"schema":{"@context":"https:\/\/schema.org","@graph":[{"@type":"Article","@id":"https:\/\/www.btv.md\/ro\/prima-partida-de-vaccin-johnsonjohnson-asteptata-luni-la-chisinau-ceban-am-putea-organiza-noi-maratoane\/#article","isPartOf":{"@id":"https:\/\/www.btv.md\/ro\/prima-partida-de-vaccin-johnsonjohnson-asteptata-luni-la-chisinau-ceban-am-putea-organiza-noi-maratoane\/"},"author":{"name":"admin","@id":"https:\/\/www.btv.md\/#\/schema\/person\/8fadce81561b3ce2c34c46dadc4ccbf2"},"headline":"Prima partid\u0103 de vaccin Johnson&#038;Johnson, a\u0219teptat\u0103 luni la Chi\u0219in\u0103u. Ceban: Am putea organiza noi maratoane","datePublished":"2021-07-12T16:00:07+00:00","dateModified":"2021-07-12T16:07:58+00:00","mainEntityOfPage":{"@id":"https:\/\/www.btv.md\/ro\/prima-partida-de-vaccin-johnsonjohnson-asteptata-luni-la-chisinau-ceban-am-putea-organiza-noi-maratoane\/"},"wordCount":342,"image":{"@id":"https:\/\/www.btv.md\/ro\/prima-partida-de-vaccin-johnsonjohnson-asteptata-luni-la-chisinau-ceban-am-putea-organiza-noi-maratoane\/#primaryimage"},"thumbnailUrl":"https:\/\/www.btv.md\/wp-content\/uploads\/2021\/07\/191496677_4414634625228071_8479576798472488794_n-1.jpg","keywords":["a\u0219teptat\u0103 luni la Chi\u0219in\u0103u. Ceban: Am putea organiza noi maratoane","Prima partid\u0103 de vaccin Johnson&amp;Johnson"],"articleSection":["Social"],"inLanguage":"ro-RO"},{"@type":"WebPage","@id":"https:\/\/www.btv.md\/ro\/prima-partida-de-vaccin-johnsonjohnson-asteptata-luni-la-chisinau-ceban-am-putea-organiza-noi-maratoane\/","url":"https:\/\/www.btv.md\/ro\/prima-partida-de-vaccin-johnsonjohnson-asteptata-luni-la-chisinau-ceban-am-putea-organiza-noi-maratoane\/","name":"Prima partid\u0103 de vaccin Johnson&Johnson, a\u0219teptat\u0103 luni la Chi\u0219in\u0103u. Ceban: Am putea organiza noi maratoane - BTV","isPartOf":{"@id":"https:\/\/www.btv.md\/#website"},"primaryImageOfPage":{"@id":"https:\/\/www.btv.md\/ro\/prima-partida-de-vaccin-johnsonjohnson-asteptata-luni-la-chisinau-ceban-am-putea-organiza-noi-maratoane\/#primaryimage"},"image":{"@id":"https:\/\/www.btv.md\/ro\/prima-partida-de-vaccin-johnsonjohnson-asteptata-luni-la-chisinau-ceban-am-putea-organiza-noi-maratoane\/#primaryimage"},"thumbnailUrl":"https:\/\/www.btv.md\/wp-content\/uploads\/2021\/07\/191496677_4414634625228071_8479576798472488794_n-1.jpg","datePublished":"2021-07-12T16:00:07+00:00","dateModified":"2021-07-12T16:07:58+00:00","author":{"@id":"https:\/\/www.btv.md\/#\/schema\/person\/8fadce81561b3ce2c34c46dadc4ccbf2"},"inLanguage":"ro-RO","potentialAction":[{"@type":"ReadAction","target":["https:\/\/www.btv.md\/ro\/prima-partida-de-vaccin-johnsonjohnson-asteptata-luni-la-chisinau-ceban-am-putea-organiza-noi-maratoane\/"]}]},{"@type":"ImageObject","inLanguage":"ro-RO","@id":"https:\/\/www.btv.md\/ro\/prima-partida-de-vaccin-johnsonjohnson-asteptata-luni-la-chisinau-ceban-am-putea-organiza-noi-maratoane\/#primaryimage","url":"https:\/\/www.btv.md\/wp-content\/uploads\/2021\/07\/191496677_4414634625228071_8479576798472488794_n-1.jpg","contentUrl":"https:\/\/www.btv.md\/wp-content\/uploads\/2021\/07\/191496677_4414634625228071_8479576798472488794_n-1.jpg","width":960,"height":720},{"@type":"WebSite","@id":"https:\/\/www.btv.md\/#website","url":"https:\/\/www.btv.md\/","name":"BTV","description":"\u0411\u0435\u043b\u044c\u0446\u043a\u043e\u0435 \u0442\u0435\u043b\u0435\u0432\u0438\u0434\u0435\u043d\u0438\u0435","potentialAction":[{"@type":"SearchAction","target":{"@type":"EntryPoint","urlTemplate":"https:\/\/www.btv.md\/?s={search_term_string}"},"query-input":{"@type":"PropertyValueSpecification","valueRequired":true,"valueName":"search_term_string"}}],"inLanguage":"ro-RO"},{"@type":"Person","@id":"https:\/\/www.btv.md\/#\/schema\/person\/8fadce81561b3ce2c34c46dadc4ccbf2","name":"admin"}]}},"_links":{"self":[{"href":"https:\/\/www.btv.md\/ro\/wp-json\/wp\/v2\/posts\/136428","targetHints":{"allow":["GET"]}}],"collection":[{"href":"https:\/\/www.btv.md\/ro\/wp-json\/wp\/v2\/posts"}],"about":[{"href":"https:\/\/www.btv.md\/ro\/wp-json\/wp\/v2\/types\/post"}],"author":[{"embeddable":true,"href":"https:\/\/www.btv.md\/ro\/wp-json\/wp\/v2\/users\/4"}],"replies":[{"embeddable":true,"href":"https:\/\/www.btv.md\/ro\/wp-json\/wp\/v2\/comments?post=136428"}],"version-history":[{"count":0,"href":"https:\/\/www.btv.md\/ro\/wp-json\/wp\/v2\/posts\/136428\/revisions"}],"wp:featuredmedia":[{"embeddable":true,"href":"https:\/\/www.btv.md\/ro\/wp-json\/wp\/v2\/media\/136441"}],"wp:attachment":[{"href":"https:\/\/www.btv.md\/ro\/wp-json\/wp\/v2\/media?parent=136428"}],"wp:term":[{"taxonomy":"category","embeddable":true,"href":"https:\/\/www.btv.md\/ro\/wp-json\/wp\/v2\/categories?post=136428"},{"taxonomy":"post_tag","embeddable":true,"href":"https:\/\/www.btv.md\/ro\/wp-json\/wp\/v2\/tags?post=136428"}],"curies":[{"name":"wp","href":"https:\/\/api.w.org\/{rel}","templated":true}]}}