{"id":13643,"date":"2016-05-30T10:41:53","date_gmt":"2016-05-30T07:41:53","guid":{"rendered":"http:\/\/btv.md\/?p=13643"},"modified":"2016-05-30T10:41:53","modified_gmt":"2016-05-30T07:41:53","slug":"romanii-sunt-cei-mai-numerosi-straini-din-inchisori","status":"publish","type":"post","link":"https:\/\/www.btv.md\/ro\/romanii-sunt-cei-mai-numerosi-straini-din-inchisori\/","title":{"rendered":"ROM\u00c2NII  SUNT  CEI  MAI  NUMERO\u0218I  STR\u0102INI  DIN  \u00ceNCHISORI"},"content":{"rendered":"<p><strong>Num\u0103rul rom\u00e2nilor aresta\u021bi \u00een Marea Britanie sub suspiciunea c\u0103 ar fi comis infrac\u021biuni a crescut cu 80% \u00een unele zone \u0219i la peste 18.000 la nivel na\u021bional \u00een 2015, relateaz\u0103 Daily Mail duminic\u0103 pe site-ul s\u0103u, subliniind c\u0103 cre\u0219terea are loc \u00een condi\u021biile \u00een care rom\u00e2nii sunt deja cei mai numero\u0219i str\u0103ini din \u00eenchisori.<\/strong><\/p>\n<p>\u00cen zona Thames Valley num\u0103rul arest\u0103rilor de rom\u00e2ni a crescut cu 86%, dup\u0103 ce poli\u021bi\u0219tii au arestat 1.370 de rom\u00e2ni anul trecut, fa\u021b\u0103 de 735 \u00een 2014.<\/p>\n<p>La r\u00e2ndul ei, poli\u021bia din Wiltshire a \u00eenregistrat o cre\u0219tere de 82% la acest capitol, \u00een timp ce diviziile din West Murcia, Gloucestershire \u0219i Suffolk au raportat \u0219i ele mari cre\u0219teri la acest capitol.<\/p>\n<p>\u00cen baza legii privind accesul la informa\u021bii, The Sun on Sunday a cerut tuturor celor 44 de divizii ale poli\u021biei din Anglia \u0219i \u021aara Galilor s\u0103 furnizeze date. Potrivit Daily Mail, din cele 34 de departamente care au furnizat r\u0103spunsuri, 23 au raportat o cre\u0219tere a num\u0103rului arest\u0103rilor de rom\u00e2ni.<\/p>\n<p>Un studiu realizat anul trecut arat\u0103 c\u0103 rom\u00e2nii sunt pe primul loc \u00een topul de\u021binu\u021bilor str\u0103ini din \u00eenchisorile britanice, relev\u00e2nd \u0219i faptul c\u0103 probabilitatea ca rom\u00e2nii s\u0103 fie aresta\u021bi este de opt ani mai mare dec\u00e2t \u00een cazul britanicilor.<\/p>\n<p><a href=\"http:\/\/www.agerpres.ro\/\" target=\"_blank\">agerpres.ro<\/a><\/p>\n","protected":false},"excerpt":{"rendered":"<p>Num\u0103rul rom\u00e2nilor aresta\u021bi \u00een Marea Britanie sub suspiciunea c\u0103 ar fi comis infrac\u021biuni a crescut cu 80% \u00een unele zone \u0219i la peste 18.000 la nivel na\u021bional \u00een 2015, relateaz\u0103 Daily Mail duminic\u0103 pe site-ul s\u0103u, subliniind c\u0103 cre\u0219terea are loc \u00een condi\u021biile \u00een care rom\u00e2nii sunt deja cei mai numero\u0219i str\u0103ini din \u00eenchisori. \u00cen [&hellip;]<\/p>\n","protected":false},"author":4,"featured_media":13644,"comment_status":"closed","ping_status":"closed","sticky":false,"template":"","format":"standard","meta":{"footnotes":""},"categories":[6354],"tags":[],"class_list":["post-13643","post","type-post","status-publish","format-standard","has-post-thumbnail","hentry","category-externe-ro"],"yoast_head":"<!-- This site is optimized with the Yoast SEO plugin v27.4 - https:\/\/yoast.com\/product\/yoast-seo-wordpress\/ -->\n<title>ROM\u00c2NII SUNT CEI MAI NUMERO\u0218I STR\u0102INI DIN \u00ceNCHISORI - BTV<\/title>\n<meta name=\"robots\" content=\"index, follow, max-snippet:-1, max-image-preview:large, max-video-preview:-1\" \/>\n<link rel=\"canonical\" href=\"https:\/\/www.btv.md\/ro\/romanii-sunt-cei-mai-numerosi-straini-din-inchisori\/\" \/>\n<meta property=\"og:locale\" content=\"ro_RO\" \/>\n<meta property=\"og:type\" content=\"article\" \/>\n<meta property=\"og:title\" content=\"ROM\u00c2NII SUNT CEI MAI NUMERO\u0218I STR\u0102INI DIN \u00ceNCHISORI - BTV\" \/>\n<meta property=\"og:description\" content=\"Num\u0103rul rom\u00e2nilor aresta\u021bi \u00een Marea Britanie sub suspiciunea c\u0103 ar fi comis infrac\u021biuni a crescut cu 80% \u00een unele zone \u0219i la peste 18.000 la nivel na\u021bional \u00een 2015, relateaz\u0103 Daily Mail duminic\u0103 pe site-ul s\u0103u, subliniind c\u0103 cre\u0219terea are loc \u00een condi\u021biile \u00een care rom\u00e2nii sunt deja cei mai numero\u0219i str\u0103ini din \u00eenchisori. \u00cen [&hellip;]\" \/>\n<meta property=\"og:url\" content=\"https:\/\/www.btv.md\/ro\/romanii-sunt-cei-mai-numerosi-straini-din-inchisori\/\" \/>\n<meta property=\"og:site_name\" content=\"BTV\" \/>\n<meta property=\"article:publisher\" content=\"https:\/\/www.facebook.com\/btvmoldova\/\" \/>\n<meta property=\"article:published_time\" content=\"2016-05-30T07:41:53+00:00\" \/>\n<meta property=\"og:image\" content=\"https:\/\/www.btv.md\/wp-content\/uploads\/2016\/05\/inchisori-aglomerate-465x390.jpg\" \/>\n\t<meta property=\"og:image:width\" content=\"605\" \/>\n\t<meta property=\"og:image:height\" content=\"368\" \/>\n\t<meta property=\"og:image:type\" content=\"image\/jpeg\" \/>\n<meta name=\"author\" content=\"admin\" \/>\n<meta name=\"twitter:label1\" content=\"Scris de\" \/>\n\t<meta name=\"twitter:data1\" content=\"admin\" \/>\n\t<meta name=\"twitter:label2\" content=\"Timp estimat pentru citire\" \/>\n\t<meta name=\"twitter:data2\" content=\"1 minut\" \/>\n<script type=\"application\/ld+json\" class=\"yoast-schema-graph\">{\"@context\":\"https:\\\/\\\/schema.org\",\"@graph\":[{\"@type\":\"Article\",\"@id\":\"https:\\\/\\\/www.btv.md\\\/ro\\\/romanii-sunt-cei-mai-numerosi-straini-din-inchisori\\\/#article\",\"isPartOf\":{\"@id\":\"https:\\\/\\\/www.btv.md\\\/ro\\\/romanii-sunt-cei-mai-numerosi-straini-din-inchisori\\\/\"},\"author\":{\"name\":\"admin\",\"@id\":\"https:\\\/\\\/www.btv.md\\\/#\\\/schema\\\/person\\\/8fadce81561b3ce2c34c46dadc4ccbf2\"},\"headline\":\"ROM\u00c2NII SUNT CEI MAI NUMERO\u0218I STR\u0102INI DIN \u00ceNCHISORI\",\"datePublished\":\"2016-05-30T07:41:53+00:00\",\"mainEntityOfPage\":{\"@id\":\"https:\\\/\\\/www.btv.md\\\/ro\\\/romanii-sunt-cei-mai-numerosi-straini-din-inchisori\\\/\"},\"wordCount\":242,\"image\":{\"@id\":\"https:\\\/\\\/www.btv.md\\\/ro\\\/romanii-sunt-cei-mai-numerosi-straini-din-inchisori\\\/#primaryimage\"},\"thumbnailUrl\":\"https:\\\/\\\/www.btv.md\\\/wp-content\\\/uploads\\\/2016\\\/05\\\/inchisori-aglomerate-465x390.jpg\",\"articleSection\":[\"Externe\"],\"inLanguage\":\"ro-RO\"},{\"@type\":\"WebPage\",\"@id\":\"https:\\\/\\\/www.btv.md\\\/ro\\\/romanii-sunt-cei-mai-numerosi-straini-din-inchisori\\\/\",\"url\":\"https:\\\/\\\/www.btv.md\\\/ro\\\/romanii-sunt-cei-mai-numerosi-straini-din-inchisori\\\/\",\"name\":\"ROM\u00c2NII SUNT CEI MAI NUMERO\u0218I STR\u0102INI DIN \u00ceNCHISORI - BTV\",\"isPartOf\":{\"@id\":\"https:\\\/\\\/www.btv.md\\\/#website\"},\"primaryImageOfPage\":{\"@id\":\"https:\\\/\\\/www.btv.md\\\/ro\\\/romanii-sunt-cei-mai-numerosi-straini-din-inchisori\\\/#primaryimage\"},\"image\":{\"@id\":\"https:\\\/\\\/www.btv.md\\\/ro\\\/romanii-sunt-cei-mai-numerosi-straini-din-inchisori\\\/#primaryimage\"},\"thumbnailUrl\":\"https:\\\/\\\/www.btv.md\\\/wp-content\\\/uploads\\\/2016\\\/05\\\/inchisori-aglomerate-465x390.jpg\",\"datePublished\":\"2016-05-30T07:41:53+00:00\",\"author\":{\"@id\":\"https:\\\/\\\/www.btv.md\\\/#\\\/schema\\\/person\\\/8fadce81561b3ce2c34c46dadc4ccbf2\"},\"inLanguage\":\"ro-RO\",\"potentialAction\":[{\"@type\":\"ReadAction\",\"target\":[\"https:\\\/\\\/www.btv.md\\\/ro\\\/romanii-sunt-cei-mai-numerosi-straini-din-inchisori\\\/\"]}]},{\"@type\":\"ImageObject\",\"inLanguage\":\"ro-RO\",\"@id\":\"https:\\\/\\\/www.btv.md\\\/ro\\\/romanii-sunt-cei-mai-numerosi-straini-din-inchisori\\\/#primaryimage\",\"url\":\"https:\\\/\\\/www.btv.md\\\/wp-content\\\/uploads\\\/2016\\\/05\\\/inchisori-aglomerate-465x390.jpg\",\"contentUrl\":\"https:\\\/\\\/www.btv.md\\\/wp-content\\\/uploads\\\/2016\\\/05\\\/inchisori-aglomerate-465x390.jpg\",\"width\":605,\"height\":368},{\"@type\":\"WebSite\",\"@id\":\"https:\\\/\\\/www.btv.md\\\/#website\",\"url\":\"https:\\\/\\\/www.btv.md\\\/\",\"name\":\"BTV\",\"description\":\"\u0411\u0435\u043b\u044c\u0446\u043a\u043e\u0435 \u0442\u0435\u043b\u0435\u0432\u0438\u0434\u0435\u043d\u0438\u0435\",\"potentialAction\":[{\"@type\":\"SearchAction\",\"target\":{\"@type\":\"EntryPoint\",\"urlTemplate\":\"https:\\\/\\\/www.btv.md\\\/?s={search_term_string}\"},\"query-input\":{\"@type\":\"PropertyValueSpecification\",\"valueRequired\":true,\"valueName\":\"search_term_string\"}}],\"inLanguage\":\"ro-RO\"},{\"@type\":\"Person\",\"@id\":\"https:\\\/\\\/www.btv.md\\\/#\\\/schema\\\/person\\\/8fadce81561b3ce2c34c46dadc4ccbf2\",\"name\":\"admin\"}]}<\/script>\n<!-- \/ Yoast SEO plugin. -->","yoast_head_json":{"title":"ROM\u00c2NII SUNT CEI MAI NUMERO\u0218I STR\u0102INI DIN \u00ceNCHISORI - BTV","robots":{"index":"index","follow":"follow","max-snippet":"max-snippet:-1","max-image-preview":"max-image-preview:large","max-video-preview":"max-video-preview:-1"},"canonical":"https:\/\/www.btv.md\/ro\/romanii-sunt-cei-mai-numerosi-straini-din-inchisori\/","og_locale":"ro_RO","og_type":"article","og_title":"ROM\u00c2NII SUNT CEI MAI NUMERO\u0218I STR\u0102INI DIN \u00ceNCHISORI - BTV","og_description":"Num\u0103rul rom\u00e2nilor aresta\u021bi \u00een Marea Britanie sub suspiciunea c\u0103 ar fi comis infrac\u021biuni a crescut cu 80% \u00een unele zone \u0219i la peste 18.000 la nivel na\u021bional \u00een 2015, relateaz\u0103 Daily Mail duminic\u0103 pe site-ul s\u0103u, subliniind c\u0103 cre\u0219terea are loc \u00een condi\u021biile \u00een care rom\u00e2nii sunt deja cei mai numero\u0219i str\u0103ini din \u00eenchisori. \u00cen [&hellip;]","og_url":"https:\/\/www.btv.md\/ro\/romanii-sunt-cei-mai-numerosi-straini-din-inchisori\/","og_site_name":"BTV","article_publisher":"https:\/\/www.facebook.com\/btvmoldova\/","article_published_time":"2016-05-30T07:41:53+00:00","og_image":[{"width":605,"height":368,"url":"https:\/\/www.btv.md\/wp-content\/uploads\/2016\/05\/inchisori-aglomerate-465x390.jpg","type":"image\/jpeg"}],"author":"admin","twitter_misc":{"Scris de":"admin","Timp estimat pentru citire":"1 minut"},"schema":{"@context":"https:\/\/schema.org","@graph":[{"@type":"Article","@id":"https:\/\/www.btv.md\/ro\/romanii-sunt-cei-mai-numerosi-straini-din-inchisori\/#article","isPartOf":{"@id":"https:\/\/www.btv.md\/ro\/romanii-sunt-cei-mai-numerosi-straini-din-inchisori\/"},"author":{"name":"admin","@id":"https:\/\/www.btv.md\/#\/schema\/person\/8fadce81561b3ce2c34c46dadc4ccbf2"},"headline":"ROM\u00c2NII SUNT CEI MAI NUMERO\u0218I STR\u0102INI DIN \u00ceNCHISORI","datePublished":"2016-05-30T07:41:53+00:00","mainEntityOfPage":{"@id":"https:\/\/www.btv.md\/ro\/romanii-sunt-cei-mai-numerosi-straini-din-inchisori\/"},"wordCount":242,"image":{"@id":"https:\/\/www.btv.md\/ro\/romanii-sunt-cei-mai-numerosi-straini-din-inchisori\/#primaryimage"},"thumbnailUrl":"https:\/\/www.btv.md\/wp-content\/uploads\/2016\/05\/inchisori-aglomerate-465x390.jpg","articleSection":["Externe"],"inLanguage":"ro-RO"},{"@type":"WebPage","@id":"https:\/\/www.btv.md\/ro\/romanii-sunt-cei-mai-numerosi-straini-din-inchisori\/","url":"https:\/\/www.btv.md\/ro\/romanii-sunt-cei-mai-numerosi-straini-din-inchisori\/","name":"ROM\u00c2NII SUNT CEI MAI NUMERO\u0218I STR\u0102INI DIN \u00ceNCHISORI - BTV","isPartOf":{"@id":"https:\/\/www.btv.md\/#website"},"primaryImageOfPage":{"@id":"https:\/\/www.btv.md\/ro\/romanii-sunt-cei-mai-numerosi-straini-din-inchisori\/#primaryimage"},"image":{"@id":"https:\/\/www.btv.md\/ro\/romanii-sunt-cei-mai-numerosi-straini-din-inchisori\/#primaryimage"},"thumbnailUrl":"https:\/\/www.btv.md\/wp-content\/uploads\/2016\/05\/inchisori-aglomerate-465x390.jpg","datePublished":"2016-05-30T07:41:53+00:00","author":{"@id":"https:\/\/www.btv.md\/#\/schema\/person\/8fadce81561b3ce2c34c46dadc4ccbf2"},"inLanguage":"ro-RO","potentialAction":[{"@type":"ReadAction","target":["https:\/\/www.btv.md\/ro\/romanii-sunt-cei-mai-numerosi-straini-din-inchisori\/"]}]},{"@type":"ImageObject","inLanguage":"ro-RO","@id":"https:\/\/www.btv.md\/ro\/romanii-sunt-cei-mai-numerosi-straini-din-inchisori\/#primaryimage","url":"https:\/\/www.btv.md\/wp-content\/uploads\/2016\/05\/inchisori-aglomerate-465x390.jpg","contentUrl":"https:\/\/www.btv.md\/wp-content\/uploads\/2016\/05\/inchisori-aglomerate-465x390.jpg","width":605,"height":368},{"@type":"WebSite","@id":"https:\/\/www.btv.md\/#website","url":"https:\/\/www.btv.md\/","name":"BTV","description":"\u0411\u0435\u043b\u044c\u0446\u043a\u043e\u0435 \u0442\u0435\u043b\u0435\u0432\u0438\u0434\u0435\u043d\u0438\u0435","potentialAction":[{"@type":"SearchAction","target":{"@type":"EntryPoint","urlTemplate":"https:\/\/www.btv.md\/?s={search_term_string}"},"query-input":{"@type":"PropertyValueSpecification","valueRequired":true,"valueName":"search_term_string"}}],"inLanguage":"ro-RO"},{"@type":"Person","@id":"https:\/\/www.btv.md\/#\/schema\/person\/8fadce81561b3ce2c34c46dadc4ccbf2","name":"admin"}]}},"_links":{"self":[{"href":"https:\/\/www.btv.md\/ro\/wp-json\/wp\/v2\/posts\/13643","targetHints":{"allow":["GET"]}}],"collection":[{"href":"https:\/\/www.btv.md\/ro\/wp-json\/wp\/v2\/posts"}],"about":[{"href":"https:\/\/www.btv.md\/ro\/wp-json\/wp\/v2\/types\/post"}],"author":[{"embeddable":true,"href":"https:\/\/www.btv.md\/ro\/wp-json\/wp\/v2\/users\/4"}],"replies":[{"embeddable":true,"href":"https:\/\/www.btv.md\/ro\/wp-json\/wp\/v2\/comments?post=13643"}],"version-history":[{"count":0,"href":"https:\/\/www.btv.md\/ro\/wp-json\/wp\/v2\/posts\/13643\/revisions"}],"wp:featuredmedia":[{"embeddable":true,"href":"https:\/\/www.btv.md\/ro\/wp-json\/wp\/v2\/media\/13644"}],"wp:attachment":[{"href":"https:\/\/www.btv.md\/ro\/wp-json\/wp\/v2\/media?parent=13643"}],"wp:term":[{"taxonomy":"category","embeddable":true,"href":"https:\/\/www.btv.md\/ro\/wp-json\/wp\/v2\/categories?post=13643"},{"taxonomy":"post_tag","embeddable":true,"href":"https:\/\/www.btv.md\/ro\/wp-json\/wp\/v2\/tags?post=13643"}],"curies":[{"name":"wp","href":"https:\/\/api.w.org\/{rel}","templated":true}]}}