{"id":13646,"date":"2016-05-30T10:46:24","date_gmt":"2016-05-30T07:46:24","guid":{"rendered":"http:\/\/btv.md\/?p=13646"},"modified":"2016-05-30T10:46:24","modified_gmt":"2016-05-30T07:46:24","slug":"un-tanar-din-moldova-a-decedat-intr-un-cumplit-accident-in-sua","status":"publish","type":"post","link":"https:\/\/www.btv.md\/ro\/un-tanar-din-moldova-a-decedat-intr-un-cumplit-accident-in-sua\/","title":{"rendered":"UN T\u00c2N\u0102R  DIN  MOLDOVA  A DECEDAT  \u00ceNTR-UN CUMPLIT ACCIDENT  \u00ceN  SUA"},"content":{"rendered":"<p><strong>Un t\u00e2n\u0103r din Republica Moldova a decedat dup\u0103 ce un TIR, la volanul c\u0103ruia se afla, a c\u0103zut de pe un pasaj suprateran \u0219i a luat foc. Accidentul s-a produs \u00een data de 27 mai, \u00een apropiere de ora\u0219ul Sapulpa din statul Oklahoma, SUA, informeaz\u0103 <a href=\"http:\/\/www.moldova.org\/un-tanar-din-moldova-decedat-intr-un-cumplit-accident-sua-video\/\" target=\"_blank\">moldova.org<\/a>.<\/strong><\/p>\n<p>T\u00e2n\u0103rul, pe nume Maxim Tincu, locuia de aproximativ doi ani \u00een Statele Unite ale Americii. Potrivit presei americane, pompierii au reu\u0219it s\u0103 sting\u0103 focul \u00een aproximativ 30 de minute, iar t\u00e2n\u0103rul moldovean este singura victim\u0103 a accidentului.<\/p>\n<p>La moment, poli\u021bia investigheaz\u0103 cazul pentru a afla cauzele care au provocat accidentul.<\/p>\n<p>Cei apropia\u021bi \u0219i prietenii lui Maxim Tincu cer ajutor financiar pentru a putea transporta corpul ne\u00eensufle\u021but \u00een Republica Moldova.<\/p>\n","protected":false},"excerpt":{"rendered":"<p>Un t\u00e2n\u0103r din Republica Moldova a decedat dup\u0103 ce un TIR, la volanul c\u0103ruia se afla, a c\u0103zut de pe un pasaj suprateran \u0219i a luat foc. Accidentul s-a produs \u00een data de 27 mai, \u00een apropiere de ora\u0219ul Sapulpa din statul Oklahoma, SUA, informeaz\u0103 moldova.org. T\u00e2n\u0103rul, pe nume Maxim Tincu, locuia de aproximativ doi [&hellip;]<\/p>\n","protected":false},"author":4,"featured_media":13647,"comment_status":"closed","ping_status":"closed","sticky":false,"template":"","format":"standard","meta":{"footnotes":""},"categories":[6351],"tags":[],"class_list":["post-13646","post","type-post","status-publish","format-standard","has-post-thumbnail","hentry","category-incidente"],"yoast_head":"<!-- This site is optimized with the Yoast SEO plugin v27.4 - https:\/\/yoast.com\/product\/yoast-seo-wordpress\/ -->\n<title>UN T\u00c2N\u0102R DIN MOLDOVA A DECEDAT \u00ceNTR-UN CUMPLIT ACCIDENT \u00ceN SUA - BTV<\/title>\n<meta name=\"robots\" content=\"index, follow, max-snippet:-1, max-image-preview:large, max-video-preview:-1\" \/>\n<link rel=\"canonical\" href=\"https:\/\/www.btv.md\/ro\/un-tanar-din-moldova-a-decedat-intr-un-cumplit-accident-in-sua\/\" \/>\n<meta property=\"og:locale\" content=\"ro_RO\" \/>\n<meta property=\"og:type\" content=\"article\" \/>\n<meta property=\"og:title\" content=\"UN T\u00c2N\u0102R DIN MOLDOVA A DECEDAT \u00ceNTR-UN CUMPLIT ACCIDENT \u00ceN SUA - BTV\" \/>\n<meta property=\"og:description\" content=\"Un t\u00e2n\u0103r din Republica Moldova a decedat dup\u0103 ce un TIR, la volanul c\u0103ruia se afla, a c\u0103zut de pe un pasaj suprateran \u0219i a luat foc. Accidentul s-a produs \u00een data de 27 mai, \u00een apropiere de ora\u0219ul Sapulpa din statul Oklahoma, SUA, informeaz\u0103 moldova.org. T\u00e2n\u0103rul, pe nume Maxim Tincu, locuia de aproximativ doi [&hellip;]\" \/>\n<meta property=\"og:url\" content=\"https:\/\/www.btv.md\/ro\/un-tanar-din-moldova-a-decedat-intr-un-cumplit-accident-in-sua\/\" \/>\n<meta property=\"og:site_name\" content=\"BTV\" \/>\n<meta property=\"article:publisher\" content=\"https:\/\/www.facebook.com\/btvmoldova\/\" \/>\n<meta property=\"article:published_time\" content=\"2016-05-30T07:46:24+00:00\" \/>\n<meta property=\"og:image\" content=\"https:\/\/www.btv.md\/wp-content\/uploads\/2016\/05\/accident-sua.jpg\" \/>\n\t<meta property=\"og:image:width\" content=\"599\" \/>\n\t<meta property=\"og:image:height\" content=\"349\" \/>\n\t<meta property=\"og:image:type\" content=\"image\/jpeg\" \/>\n<meta name=\"author\" content=\"admin\" \/>\n<meta name=\"twitter:label1\" content=\"Scris de\" \/>\n\t<meta name=\"twitter:data1\" content=\"admin\" \/>\n\t<meta name=\"twitter:label2\" content=\"Timp estimat pentru citire\" \/>\n\t<meta name=\"twitter:data2\" content=\"1 minut\" \/>\n<script type=\"application\/ld+json\" class=\"yoast-schema-graph\">{\"@context\":\"https:\\\/\\\/schema.org\",\"@graph\":[{\"@type\":\"Article\",\"@id\":\"https:\\\/\\\/www.btv.md\\\/ro\\\/un-tanar-din-moldova-a-decedat-intr-un-cumplit-accident-in-sua\\\/#article\",\"isPartOf\":{\"@id\":\"https:\\\/\\\/www.btv.md\\\/ro\\\/un-tanar-din-moldova-a-decedat-intr-un-cumplit-accident-in-sua\\\/\"},\"author\":{\"name\":\"admin\",\"@id\":\"https:\\\/\\\/www.btv.md\\\/#\\\/schema\\\/person\\\/8fadce81561b3ce2c34c46dadc4ccbf2\"},\"headline\":\"UN T\u00c2N\u0102R DIN MOLDOVA A DECEDAT \u00ceNTR-UN CUMPLIT ACCIDENT \u00ceN SUA\",\"datePublished\":\"2016-05-30T07:46:24+00:00\",\"mainEntityOfPage\":{\"@id\":\"https:\\\/\\\/www.btv.md\\\/ro\\\/un-tanar-din-moldova-a-decedat-intr-un-cumplit-accident-in-sua\\\/\"},\"wordCount\":141,\"image\":{\"@id\":\"https:\\\/\\\/www.btv.md\\\/ro\\\/un-tanar-din-moldova-a-decedat-intr-un-cumplit-accident-in-sua\\\/#primaryimage\"},\"thumbnailUrl\":\"https:\\\/\\\/www.btv.md\\\/wp-content\\\/uploads\\\/2016\\\/05\\\/accident-sua.jpg\",\"articleSection\":[\"Incidente\"],\"inLanguage\":\"ro-RO\"},{\"@type\":\"WebPage\",\"@id\":\"https:\\\/\\\/www.btv.md\\\/ro\\\/un-tanar-din-moldova-a-decedat-intr-un-cumplit-accident-in-sua\\\/\",\"url\":\"https:\\\/\\\/www.btv.md\\\/ro\\\/un-tanar-din-moldova-a-decedat-intr-un-cumplit-accident-in-sua\\\/\",\"name\":\"UN T\u00c2N\u0102R DIN MOLDOVA A DECEDAT \u00ceNTR-UN CUMPLIT ACCIDENT \u00ceN SUA - BTV\",\"isPartOf\":{\"@id\":\"https:\\\/\\\/www.btv.md\\\/#website\"},\"primaryImageOfPage\":{\"@id\":\"https:\\\/\\\/www.btv.md\\\/ro\\\/un-tanar-din-moldova-a-decedat-intr-un-cumplit-accident-in-sua\\\/#primaryimage\"},\"image\":{\"@id\":\"https:\\\/\\\/www.btv.md\\\/ro\\\/un-tanar-din-moldova-a-decedat-intr-un-cumplit-accident-in-sua\\\/#primaryimage\"},\"thumbnailUrl\":\"https:\\\/\\\/www.btv.md\\\/wp-content\\\/uploads\\\/2016\\\/05\\\/accident-sua.jpg\",\"datePublished\":\"2016-05-30T07:46:24+00:00\",\"author\":{\"@id\":\"https:\\\/\\\/www.btv.md\\\/#\\\/schema\\\/person\\\/8fadce81561b3ce2c34c46dadc4ccbf2\"},\"inLanguage\":\"ro-RO\",\"potentialAction\":[{\"@type\":\"ReadAction\",\"target\":[\"https:\\\/\\\/www.btv.md\\\/ro\\\/un-tanar-din-moldova-a-decedat-intr-un-cumplit-accident-in-sua\\\/\"]}]},{\"@type\":\"ImageObject\",\"inLanguage\":\"ro-RO\",\"@id\":\"https:\\\/\\\/www.btv.md\\\/ro\\\/un-tanar-din-moldova-a-decedat-intr-un-cumplit-accident-in-sua\\\/#primaryimage\",\"url\":\"https:\\\/\\\/www.btv.md\\\/wp-content\\\/uploads\\\/2016\\\/05\\\/accident-sua.jpg\",\"contentUrl\":\"https:\\\/\\\/www.btv.md\\\/wp-content\\\/uploads\\\/2016\\\/05\\\/accident-sua.jpg\",\"width\":599,\"height\":349},{\"@type\":\"WebSite\",\"@id\":\"https:\\\/\\\/www.btv.md\\\/#website\",\"url\":\"https:\\\/\\\/www.btv.md\\\/\",\"name\":\"BTV\",\"description\":\"\u0411\u0435\u043b\u044c\u0446\u043a\u043e\u0435 \u0442\u0435\u043b\u0435\u0432\u0438\u0434\u0435\u043d\u0438\u0435\",\"potentialAction\":[{\"@type\":\"SearchAction\",\"target\":{\"@type\":\"EntryPoint\",\"urlTemplate\":\"https:\\\/\\\/www.btv.md\\\/?s={search_term_string}\"},\"query-input\":{\"@type\":\"PropertyValueSpecification\",\"valueRequired\":true,\"valueName\":\"search_term_string\"}}],\"inLanguage\":\"ro-RO\"},{\"@type\":\"Person\",\"@id\":\"https:\\\/\\\/www.btv.md\\\/#\\\/schema\\\/person\\\/8fadce81561b3ce2c34c46dadc4ccbf2\",\"name\":\"admin\"}]}<\/script>\n<!-- \/ Yoast SEO plugin. -->","yoast_head_json":{"title":"UN T\u00c2N\u0102R DIN MOLDOVA A DECEDAT \u00ceNTR-UN CUMPLIT ACCIDENT \u00ceN SUA - BTV","robots":{"index":"index","follow":"follow","max-snippet":"max-snippet:-1","max-image-preview":"max-image-preview:large","max-video-preview":"max-video-preview:-1"},"canonical":"https:\/\/www.btv.md\/ro\/un-tanar-din-moldova-a-decedat-intr-un-cumplit-accident-in-sua\/","og_locale":"ro_RO","og_type":"article","og_title":"UN T\u00c2N\u0102R DIN MOLDOVA A DECEDAT \u00ceNTR-UN CUMPLIT ACCIDENT \u00ceN SUA - BTV","og_description":"Un t\u00e2n\u0103r din Republica Moldova a decedat dup\u0103 ce un TIR, la volanul c\u0103ruia se afla, a c\u0103zut de pe un pasaj suprateran \u0219i a luat foc. Accidentul s-a produs \u00een data de 27 mai, \u00een apropiere de ora\u0219ul Sapulpa din statul Oklahoma, SUA, informeaz\u0103 moldova.org. T\u00e2n\u0103rul, pe nume Maxim Tincu, locuia de aproximativ doi [&hellip;]","og_url":"https:\/\/www.btv.md\/ro\/un-tanar-din-moldova-a-decedat-intr-un-cumplit-accident-in-sua\/","og_site_name":"BTV","article_publisher":"https:\/\/www.facebook.com\/btvmoldova\/","article_published_time":"2016-05-30T07:46:24+00:00","og_image":[{"width":599,"height":349,"url":"https:\/\/www.btv.md\/wp-content\/uploads\/2016\/05\/accident-sua.jpg","type":"image\/jpeg"}],"author":"admin","twitter_misc":{"Scris de":"admin","Timp estimat pentru citire":"1 minut"},"schema":{"@context":"https:\/\/schema.org","@graph":[{"@type":"Article","@id":"https:\/\/www.btv.md\/ro\/un-tanar-din-moldova-a-decedat-intr-un-cumplit-accident-in-sua\/#article","isPartOf":{"@id":"https:\/\/www.btv.md\/ro\/un-tanar-din-moldova-a-decedat-intr-un-cumplit-accident-in-sua\/"},"author":{"name":"admin","@id":"https:\/\/www.btv.md\/#\/schema\/person\/8fadce81561b3ce2c34c46dadc4ccbf2"},"headline":"UN T\u00c2N\u0102R DIN MOLDOVA A DECEDAT \u00ceNTR-UN CUMPLIT ACCIDENT \u00ceN SUA","datePublished":"2016-05-30T07:46:24+00:00","mainEntityOfPage":{"@id":"https:\/\/www.btv.md\/ro\/un-tanar-din-moldova-a-decedat-intr-un-cumplit-accident-in-sua\/"},"wordCount":141,"image":{"@id":"https:\/\/www.btv.md\/ro\/un-tanar-din-moldova-a-decedat-intr-un-cumplit-accident-in-sua\/#primaryimage"},"thumbnailUrl":"https:\/\/www.btv.md\/wp-content\/uploads\/2016\/05\/accident-sua.jpg","articleSection":["Incidente"],"inLanguage":"ro-RO"},{"@type":"WebPage","@id":"https:\/\/www.btv.md\/ro\/un-tanar-din-moldova-a-decedat-intr-un-cumplit-accident-in-sua\/","url":"https:\/\/www.btv.md\/ro\/un-tanar-din-moldova-a-decedat-intr-un-cumplit-accident-in-sua\/","name":"UN T\u00c2N\u0102R DIN MOLDOVA A DECEDAT \u00ceNTR-UN CUMPLIT ACCIDENT \u00ceN SUA - BTV","isPartOf":{"@id":"https:\/\/www.btv.md\/#website"},"primaryImageOfPage":{"@id":"https:\/\/www.btv.md\/ro\/un-tanar-din-moldova-a-decedat-intr-un-cumplit-accident-in-sua\/#primaryimage"},"image":{"@id":"https:\/\/www.btv.md\/ro\/un-tanar-din-moldova-a-decedat-intr-un-cumplit-accident-in-sua\/#primaryimage"},"thumbnailUrl":"https:\/\/www.btv.md\/wp-content\/uploads\/2016\/05\/accident-sua.jpg","datePublished":"2016-05-30T07:46:24+00:00","author":{"@id":"https:\/\/www.btv.md\/#\/schema\/person\/8fadce81561b3ce2c34c46dadc4ccbf2"},"inLanguage":"ro-RO","potentialAction":[{"@type":"ReadAction","target":["https:\/\/www.btv.md\/ro\/un-tanar-din-moldova-a-decedat-intr-un-cumplit-accident-in-sua\/"]}]},{"@type":"ImageObject","inLanguage":"ro-RO","@id":"https:\/\/www.btv.md\/ro\/un-tanar-din-moldova-a-decedat-intr-un-cumplit-accident-in-sua\/#primaryimage","url":"https:\/\/www.btv.md\/wp-content\/uploads\/2016\/05\/accident-sua.jpg","contentUrl":"https:\/\/www.btv.md\/wp-content\/uploads\/2016\/05\/accident-sua.jpg","width":599,"height":349},{"@type":"WebSite","@id":"https:\/\/www.btv.md\/#website","url":"https:\/\/www.btv.md\/","name":"BTV","description":"\u0411\u0435\u043b\u044c\u0446\u043a\u043e\u0435 \u0442\u0435\u043b\u0435\u0432\u0438\u0434\u0435\u043d\u0438\u0435","potentialAction":[{"@type":"SearchAction","target":{"@type":"EntryPoint","urlTemplate":"https:\/\/www.btv.md\/?s={search_term_string}"},"query-input":{"@type":"PropertyValueSpecification","valueRequired":true,"valueName":"search_term_string"}}],"inLanguage":"ro-RO"},{"@type":"Person","@id":"https:\/\/www.btv.md\/#\/schema\/person\/8fadce81561b3ce2c34c46dadc4ccbf2","name":"admin"}]}},"_links":{"self":[{"href":"https:\/\/www.btv.md\/ro\/wp-json\/wp\/v2\/posts\/13646","targetHints":{"allow":["GET"]}}],"collection":[{"href":"https:\/\/www.btv.md\/ro\/wp-json\/wp\/v2\/posts"}],"about":[{"href":"https:\/\/www.btv.md\/ro\/wp-json\/wp\/v2\/types\/post"}],"author":[{"embeddable":true,"href":"https:\/\/www.btv.md\/ro\/wp-json\/wp\/v2\/users\/4"}],"replies":[{"embeddable":true,"href":"https:\/\/www.btv.md\/ro\/wp-json\/wp\/v2\/comments?post=13646"}],"version-history":[{"count":0,"href":"https:\/\/www.btv.md\/ro\/wp-json\/wp\/v2\/posts\/13646\/revisions"}],"wp:featuredmedia":[{"embeddable":true,"href":"https:\/\/www.btv.md\/ro\/wp-json\/wp\/v2\/media\/13647"}],"wp:attachment":[{"href":"https:\/\/www.btv.md\/ro\/wp-json\/wp\/v2\/media?parent=13646"}],"wp:term":[{"taxonomy":"category","embeddable":true,"href":"https:\/\/www.btv.md\/ro\/wp-json\/wp\/v2\/categories?post=13646"},{"taxonomy":"post_tag","embeddable":true,"href":"https:\/\/www.btv.md\/ro\/wp-json\/wp\/v2\/tags?post=13646"}],"curies":[{"name":"wp","href":"https:\/\/api.w.org\/{rel}","templated":true}]}}