{"id":13649,"date":"2016-05-30T10:52:37","date_gmt":"2016-05-30T07:52:37","guid":{"rendered":"http:\/\/btv.md\/?p=13649"},"modified":"2016-05-30T10:52:37","modified_gmt":"2016-05-30T07:52:37","slug":"fusu-suparata-pe-debandada-din-chisinau","status":"publish","type":"post","link":"https:\/\/www.btv.md\/ro\/fusu-suparata-pe-debandada-din-chisinau\/","title":{"rendered":"FUSU SUP\u0102RAT\u0102  PE DEBANDADA DIN CHI\u0218IN\u0102U"},"content":{"rendered":"<p><strong>Ministra Educa\u021biei, Corin Fusu, \u00ee\u0219i vars\u0103 nervii pe Igor Dodon pentru faptul c\u0103 pia\u021ba de vechituri de la Gara Feroviar\u0103 s-a \u00eentins p\u00e2n\u0103 sub pere\u021bii monumentului ridicat \u00een memoria oamenilor deporta\u021bi de regimul sovietic \u00een Siberia. Se pare, \u00eens\u0103, c\u0103  ministra a uitat de faptul c\u0103 din 2007 p\u00e2n\u0103 \u00een prezent, primarul Capitalei este colegul s\u0103u de partid, prim-vicepre\u0219edinte al PL &#8211; Dorin Chirtoac\u0103, scrie <a href=\"http:\/\/www.deschide.md\/ro\/news\/politic\/27812\/A-uitat-cine-i-Primar--Fusu-sup%C4%83rat%C4%83-pe-debandada-din-Chi%C8%99in%C4%83u.htm\" target=\"_blank\">deschide.md<\/a>.<\/strong><\/p>\n<p>Fusu a publicat pe facebook c\u00e2teva fotografii \u00een care apar comercian\u021bii care \u0219i-au \u00eentins \u201dvechiturile\u201d \u00een scuarul G\u0103rii Feroviare \u0219i scrie al\u0103turi de acele imagini c\u0103 asta e \u201dpropagand\u0103, profanare \u0219i manipulate stil Dodon!\u201d<br \/>\nTotodat\u0103, ministra se d\u0103 cu p\u0103rerea scriind c\u0103 \u201dt\u00e2rgurile de vechituri nu se organizeaz\u0103 \u00een centrele capitalelor, nic\u0103ieri \u00een lume!\u201d<\/p>\n<p>Iar ca sugestie, \u0219efa de la Educa\u021bie le recomand\u0103 comercian\u021bilor s\u0103-\u0219i duc\u0103 \u201dmarfa\u201d \u00een jurul monumentului lui V.I. Lenin de la Moldexpo.<\/p>\n<p>Este important de precizat c\u0103 \u00een cele c\u00e2teva r\u00e2nduri ale comentariului s\u0103u, ministra Educa\u021biei a comis \u0219i c\u00e2teva gre\u0219eli gramaticale: Cuv\u00e2ntul \u201dghea\u021b\u0103\u201d a fost scris cu \u201di\u201d, cuv\u00e2ntul \u201dt\u00e2rgurile\u201d &#8211; cu \u201d\u0103\u201d, iar cuv\u00e2ntul nic\u0103ieri cu \u201d\u00e2\u201d. <\/p>\n<p>Amintim c\u0103 inaugurarea Monumentului \u00een memoria victimelor deport\u0103rilor staliniste a avut loc \u00een vara lui 2013, fiind un proiect al Prim\u0103riei Chi\u0219in\u0103u, condus\u0103 de Dorin Chirtoa\u0103. Acesta este amplasat \u00een scuarul G\u0103rii Feroviare din Chi\u015fin\u0103u \u015fi a fost realizat de sculptorul Iurie Platon. Sculptura \u00een bronz are 3 metri \u00een\u0103l\u0163ime, 12 metri lungime \u015fi c\u00e2nt\u0103re\u015fte circa 15 tone.<\/p>\n<p>Lucr\u0103rile de turnare \u00een bronz a monumentului s-au realizat pe etape, la Minsk, Republica Belarus \u015fi au durat circa 6 luni.<\/p>\n<p>\u201e<em>A\u0219a a fost s\u0103 fie ca acest proiect s\u0103 fie nu doar un proiect al Prim\u0103riei, ci \u0219i un proiect de familie. 23 august 1939 a fost o zi neagr\u0103 \u00een istoria omenirii \u0219i a Basarabiei. Ast\u0103zi scriem o pagin\u0103 alb\u0103 \u00een istoria noastr\u0103. Este o zi alb\u0103 \u00een ora\u0219ul nostru \u0219i o facem pentru un viitor alb \u00een ora\u0219ul nostru<\/em>&#8222;, a declarat la ceremonia de inaugurare edilul Capitalei, Dorin Chirtoac\u0103.<\/p>\n","protected":false},"excerpt":{"rendered":"<p>Ministra Educa\u021biei, Corin Fusu, \u00ee\u0219i vars\u0103 nervii pe Igor Dodon pentru faptul c\u0103 pia\u021ba de vechituri de la Gara Feroviar\u0103 s-a \u00eentins p\u00e2n\u0103 sub pere\u021bii monumentului ridicat \u00een memoria oamenilor deporta\u021bi de regimul sovietic \u00een Siberia. Se pare, \u00eens\u0103, c\u0103 ministra a uitat de faptul c\u0103 din 2007 p\u00e2n\u0103 \u00een prezent, primarul Capitalei este colegul [&hellip;]<\/p>\n","protected":false},"author":4,"featured_media":13650,"comment_status":"closed","ping_status":"closed","sticky":false,"template":"","format":"standard","meta":{"footnotes":""},"categories":[6368],"tags":[],"class_list":["post-13649","post","type-post","status-publish","format-standard","has-post-thumbnail","hentry","category-politica-ro"],"yoast_head":"<!-- This site is optimized with the Yoast SEO plugin v27.4 - https:\/\/yoast.com\/product\/yoast-seo-wordpress\/ -->\n<title>FUSU SUP\u0102RAT\u0102 PE DEBANDADA DIN CHI\u0218IN\u0102U  - BTV<\/title>\n<meta name=\"robots\" content=\"index, follow, max-snippet:-1, max-image-preview:large, max-video-preview:-1\" \/>\n<link rel=\"canonical\" href=\"https:\/\/www.btv.md\/ro\/fusu-suparata-pe-debandada-din-chisinau\/\" \/>\n<meta property=\"og:locale\" content=\"ro_RO\" \/>\n<meta property=\"og:type\" content=\"article\" \/>\n<meta property=\"og:title\" content=\"FUSU SUP\u0102RAT\u0102 PE DEBANDADA DIN CHI\u0218IN\u0102U  - BTV\" \/>\n<meta property=\"og:description\" content=\"Ministra Educa\u021biei, Corin Fusu, \u00ee\u0219i vars\u0103 nervii pe Igor Dodon pentru faptul c\u0103 pia\u021ba de vechituri de la Gara Feroviar\u0103 s-a \u00eentins p\u00e2n\u0103 sub pere\u021bii monumentului ridicat \u00een memoria oamenilor deporta\u021bi de regimul sovietic \u00een Siberia. Se pare, \u00eens\u0103, c\u0103 ministra a uitat de faptul c\u0103 din 2007 p\u00e2n\u0103 \u00een prezent, primarul Capitalei este colegul [&hellip;]\" \/>\n<meta property=\"og:url\" content=\"https:\/\/www.btv.md\/ro\/fusu-suparata-pe-debandada-din-chisinau\/\" \/>\n<meta property=\"og:site_name\" content=\"BTV\" \/>\n<meta property=\"article:publisher\" content=\"https:\/\/www.facebook.com\/btvmoldova\/\" \/>\n<meta property=\"article:published_time\" content=\"2016-05-30T07:52:37+00:00\" \/>\n<meta property=\"og:image\" content=\"https:\/\/www.btv.md\/wp-content\/uploads\/2016\/05\/get_img.jpg\" \/>\n\t<meta property=\"og:image:width\" content=\"612\" \/>\n\t<meta property=\"og:image:height\" content=\"292\" \/>\n\t<meta property=\"og:image:type\" content=\"image\/jpeg\" \/>\n<meta name=\"author\" content=\"admin\" \/>\n<meta name=\"twitter:label1\" content=\"Scris de\" \/>\n\t<meta name=\"twitter:data1\" content=\"admin\" \/>\n\t<meta name=\"twitter:label2\" content=\"Timp estimat pentru citire\" \/>\n\t<meta name=\"twitter:data2\" content=\"2 minute\" \/>\n<script type=\"application\/ld+json\" class=\"yoast-schema-graph\">{\"@context\":\"https:\\\/\\\/schema.org\",\"@graph\":[{\"@type\":\"Article\",\"@id\":\"https:\\\/\\\/www.btv.md\\\/ro\\\/fusu-suparata-pe-debandada-din-chisinau\\\/#article\",\"isPartOf\":{\"@id\":\"https:\\\/\\\/www.btv.md\\\/ro\\\/fusu-suparata-pe-debandada-din-chisinau\\\/\"},\"author\":{\"name\":\"admin\",\"@id\":\"https:\\\/\\\/www.btv.md\\\/#\\\/schema\\\/person\\\/8fadce81561b3ce2c34c46dadc4ccbf2\"},\"headline\":\"FUSU SUP\u0102RAT\u0102 PE DEBANDADA DIN CHI\u0218IN\u0102U\",\"datePublished\":\"2016-05-30T07:52:37+00:00\",\"mainEntityOfPage\":{\"@id\":\"https:\\\/\\\/www.btv.md\\\/ro\\\/fusu-suparata-pe-debandada-din-chisinau\\\/\"},\"wordCount\":378,\"image\":{\"@id\":\"https:\\\/\\\/www.btv.md\\\/ro\\\/fusu-suparata-pe-debandada-din-chisinau\\\/#primaryimage\"},\"thumbnailUrl\":\"https:\\\/\\\/www.btv.md\\\/wp-content\\\/uploads\\\/2016\\\/05\\\/get_img.jpg\",\"articleSection\":[\"Politic\u0103\"],\"inLanguage\":\"ro-RO\"},{\"@type\":\"WebPage\",\"@id\":\"https:\\\/\\\/www.btv.md\\\/ro\\\/fusu-suparata-pe-debandada-din-chisinau\\\/\",\"url\":\"https:\\\/\\\/www.btv.md\\\/ro\\\/fusu-suparata-pe-debandada-din-chisinau\\\/\",\"name\":\"FUSU SUP\u0102RAT\u0102 PE DEBANDADA DIN CHI\u0218IN\u0102U - BTV\",\"isPartOf\":{\"@id\":\"https:\\\/\\\/www.btv.md\\\/#website\"},\"primaryImageOfPage\":{\"@id\":\"https:\\\/\\\/www.btv.md\\\/ro\\\/fusu-suparata-pe-debandada-din-chisinau\\\/#primaryimage\"},\"image\":{\"@id\":\"https:\\\/\\\/www.btv.md\\\/ro\\\/fusu-suparata-pe-debandada-din-chisinau\\\/#primaryimage\"},\"thumbnailUrl\":\"https:\\\/\\\/www.btv.md\\\/wp-content\\\/uploads\\\/2016\\\/05\\\/get_img.jpg\",\"datePublished\":\"2016-05-30T07:52:37+00:00\",\"author\":{\"@id\":\"https:\\\/\\\/www.btv.md\\\/#\\\/schema\\\/person\\\/8fadce81561b3ce2c34c46dadc4ccbf2\"},\"inLanguage\":\"ro-RO\",\"potentialAction\":[{\"@type\":\"ReadAction\",\"target\":[\"https:\\\/\\\/www.btv.md\\\/ro\\\/fusu-suparata-pe-debandada-din-chisinau\\\/\"]}]},{\"@type\":\"ImageObject\",\"inLanguage\":\"ro-RO\",\"@id\":\"https:\\\/\\\/www.btv.md\\\/ro\\\/fusu-suparata-pe-debandada-din-chisinau\\\/#primaryimage\",\"url\":\"https:\\\/\\\/www.btv.md\\\/wp-content\\\/uploads\\\/2016\\\/05\\\/get_img.jpg\",\"contentUrl\":\"https:\\\/\\\/www.btv.md\\\/wp-content\\\/uploads\\\/2016\\\/05\\\/get_img.jpg\",\"width\":612,\"height\":292},{\"@type\":\"WebSite\",\"@id\":\"https:\\\/\\\/www.btv.md\\\/#website\",\"url\":\"https:\\\/\\\/www.btv.md\\\/\",\"name\":\"BTV\",\"description\":\"\u0411\u0435\u043b\u044c\u0446\u043a\u043e\u0435 \u0442\u0435\u043b\u0435\u0432\u0438\u0434\u0435\u043d\u0438\u0435\",\"potentialAction\":[{\"@type\":\"SearchAction\",\"target\":{\"@type\":\"EntryPoint\",\"urlTemplate\":\"https:\\\/\\\/www.btv.md\\\/?s={search_term_string}\"},\"query-input\":{\"@type\":\"PropertyValueSpecification\",\"valueRequired\":true,\"valueName\":\"search_term_string\"}}],\"inLanguage\":\"ro-RO\"},{\"@type\":\"Person\",\"@id\":\"https:\\\/\\\/www.btv.md\\\/#\\\/schema\\\/person\\\/8fadce81561b3ce2c34c46dadc4ccbf2\",\"name\":\"admin\"}]}<\/script>\n<!-- \/ Yoast SEO plugin. -->","yoast_head_json":{"title":"FUSU SUP\u0102RAT\u0102 PE DEBANDADA DIN CHI\u0218IN\u0102U  - BTV","robots":{"index":"index","follow":"follow","max-snippet":"max-snippet:-1","max-image-preview":"max-image-preview:large","max-video-preview":"max-video-preview:-1"},"canonical":"https:\/\/www.btv.md\/ro\/fusu-suparata-pe-debandada-din-chisinau\/","og_locale":"ro_RO","og_type":"article","og_title":"FUSU SUP\u0102RAT\u0102 PE DEBANDADA DIN CHI\u0218IN\u0102U  - BTV","og_description":"Ministra Educa\u021biei, Corin Fusu, \u00ee\u0219i vars\u0103 nervii pe Igor Dodon pentru faptul c\u0103 pia\u021ba de vechituri de la Gara Feroviar\u0103 s-a \u00eentins p\u00e2n\u0103 sub pere\u021bii monumentului ridicat \u00een memoria oamenilor deporta\u021bi de regimul sovietic \u00een Siberia. Se pare, \u00eens\u0103, c\u0103 ministra a uitat de faptul c\u0103 din 2007 p\u00e2n\u0103 \u00een prezent, primarul Capitalei este colegul [&hellip;]","og_url":"https:\/\/www.btv.md\/ro\/fusu-suparata-pe-debandada-din-chisinau\/","og_site_name":"BTV","article_publisher":"https:\/\/www.facebook.com\/btvmoldova\/","article_published_time":"2016-05-30T07:52:37+00:00","og_image":[{"width":612,"height":292,"url":"https:\/\/www.btv.md\/wp-content\/uploads\/2016\/05\/get_img.jpg","type":"image\/jpeg"}],"author":"admin","twitter_misc":{"Scris de":"admin","Timp estimat pentru citire":"2 minute"},"schema":{"@context":"https:\/\/schema.org","@graph":[{"@type":"Article","@id":"https:\/\/www.btv.md\/ro\/fusu-suparata-pe-debandada-din-chisinau\/#article","isPartOf":{"@id":"https:\/\/www.btv.md\/ro\/fusu-suparata-pe-debandada-din-chisinau\/"},"author":{"name":"admin","@id":"https:\/\/www.btv.md\/#\/schema\/person\/8fadce81561b3ce2c34c46dadc4ccbf2"},"headline":"FUSU SUP\u0102RAT\u0102 PE DEBANDADA DIN CHI\u0218IN\u0102U","datePublished":"2016-05-30T07:52:37+00:00","mainEntityOfPage":{"@id":"https:\/\/www.btv.md\/ro\/fusu-suparata-pe-debandada-din-chisinau\/"},"wordCount":378,"image":{"@id":"https:\/\/www.btv.md\/ro\/fusu-suparata-pe-debandada-din-chisinau\/#primaryimage"},"thumbnailUrl":"https:\/\/www.btv.md\/wp-content\/uploads\/2016\/05\/get_img.jpg","articleSection":["Politic\u0103"],"inLanguage":"ro-RO"},{"@type":"WebPage","@id":"https:\/\/www.btv.md\/ro\/fusu-suparata-pe-debandada-din-chisinau\/","url":"https:\/\/www.btv.md\/ro\/fusu-suparata-pe-debandada-din-chisinau\/","name":"FUSU SUP\u0102RAT\u0102 PE DEBANDADA DIN CHI\u0218IN\u0102U - BTV","isPartOf":{"@id":"https:\/\/www.btv.md\/#website"},"primaryImageOfPage":{"@id":"https:\/\/www.btv.md\/ro\/fusu-suparata-pe-debandada-din-chisinau\/#primaryimage"},"image":{"@id":"https:\/\/www.btv.md\/ro\/fusu-suparata-pe-debandada-din-chisinau\/#primaryimage"},"thumbnailUrl":"https:\/\/www.btv.md\/wp-content\/uploads\/2016\/05\/get_img.jpg","datePublished":"2016-05-30T07:52:37+00:00","author":{"@id":"https:\/\/www.btv.md\/#\/schema\/person\/8fadce81561b3ce2c34c46dadc4ccbf2"},"inLanguage":"ro-RO","potentialAction":[{"@type":"ReadAction","target":["https:\/\/www.btv.md\/ro\/fusu-suparata-pe-debandada-din-chisinau\/"]}]},{"@type":"ImageObject","inLanguage":"ro-RO","@id":"https:\/\/www.btv.md\/ro\/fusu-suparata-pe-debandada-din-chisinau\/#primaryimage","url":"https:\/\/www.btv.md\/wp-content\/uploads\/2016\/05\/get_img.jpg","contentUrl":"https:\/\/www.btv.md\/wp-content\/uploads\/2016\/05\/get_img.jpg","width":612,"height":292},{"@type":"WebSite","@id":"https:\/\/www.btv.md\/#website","url":"https:\/\/www.btv.md\/","name":"BTV","description":"\u0411\u0435\u043b\u044c\u0446\u043a\u043e\u0435 \u0442\u0435\u043b\u0435\u0432\u0438\u0434\u0435\u043d\u0438\u0435","potentialAction":[{"@type":"SearchAction","target":{"@type":"EntryPoint","urlTemplate":"https:\/\/www.btv.md\/?s={search_term_string}"},"query-input":{"@type":"PropertyValueSpecification","valueRequired":true,"valueName":"search_term_string"}}],"inLanguage":"ro-RO"},{"@type":"Person","@id":"https:\/\/www.btv.md\/#\/schema\/person\/8fadce81561b3ce2c34c46dadc4ccbf2","name":"admin"}]}},"_links":{"self":[{"href":"https:\/\/www.btv.md\/ro\/wp-json\/wp\/v2\/posts\/13649","targetHints":{"allow":["GET"]}}],"collection":[{"href":"https:\/\/www.btv.md\/ro\/wp-json\/wp\/v2\/posts"}],"about":[{"href":"https:\/\/www.btv.md\/ro\/wp-json\/wp\/v2\/types\/post"}],"author":[{"embeddable":true,"href":"https:\/\/www.btv.md\/ro\/wp-json\/wp\/v2\/users\/4"}],"replies":[{"embeddable":true,"href":"https:\/\/www.btv.md\/ro\/wp-json\/wp\/v2\/comments?post=13649"}],"version-history":[{"count":0,"href":"https:\/\/www.btv.md\/ro\/wp-json\/wp\/v2\/posts\/13649\/revisions"}],"wp:featuredmedia":[{"embeddable":true,"href":"https:\/\/www.btv.md\/ro\/wp-json\/wp\/v2\/media\/13650"}],"wp:attachment":[{"href":"https:\/\/www.btv.md\/ro\/wp-json\/wp\/v2\/media?parent=13649"}],"wp:term":[{"taxonomy":"category","embeddable":true,"href":"https:\/\/www.btv.md\/ro\/wp-json\/wp\/v2\/categories?post=13649"},{"taxonomy":"post_tag","embeddable":true,"href":"https:\/\/www.btv.md\/ro\/wp-json\/wp\/v2\/tags?post=13649"}],"curies":[{"name":"wp","href":"https:\/\/api.w.org\/{rel}","templated":true}]}}