{"id":13652,"date":"2016-05-30T10:57:38","date_gmt":"2016-05-30T07:57:38","guid":{"rendered":"http:\/\/btv.md\/?p=13652"},"modified":"2016-05-30T10:57:38","modified_gmt":"2016-05-30T07:57:38","slug":"parintii-care-detin-cetatenie-romana-vor-primi-indemnizatii-mai-mari","status":"publish","type":"post","link":"https:\/\/www.btv.md\/ro\/parintii-care-detin-cetatenie-romana-vor-primi-indemnizatii-mai-mari\/","title":{"rendered":"P\u0102RIN\u021aII  CARE  DE\u021aIN  CET\u0102\u021aENIE  ROM\u00c2N\u0102 VOR PRIMI INDEMNIZA\u021aII MAI  MARI"},"content":{"rendered":"<p><strong>P\u0103rin\u021bii din Republica Moldova care de\u021bin cet\u0103\u021benie rom\u00e2n\u0103 \u0219i primesc indemniza\u021bie de cre\u0219tere a copilului de la statul rom\u00e2n, vor primi de la 1 iulie indemniza\u021bii majorate.<\/strong><\/p>\n<p>Aproximativ  peste 75.000 din cei peste 140.000 de p\u0103rin\u021bi afla\u021bi \u00een concediul de cre\u0219tere a copilului vor avea indemniza\u021bia majorat\u0103 de la 600 de lei p\u00e2n\u0103 la 1.000 de lei (roni), conform estim\u0103rilor Ministerului Muncii, iar 5.500 de persoane  vor beneficia de eliminarea plafonului maxim actual de 3.400 de lei, scrie <a href=\"http:\/\/www.profit.ro\/insider\/actualitate\/noua-indemnizatie-pentru-mame-mai-mult-de-jumatate-dintre-beneficiarii-in-plata-vor-avea-indemnizatia-majorata-cu-peste-40-15486361\" target=\"_blank\">profit.ro<\/a>.<\/p>\n<p>Ministerul Muncii din Rom\u00e2nia a elaborat un proiect de norme pentru aplicarea legii privind indemniza\u021biile de cre\u0219tere a copilului, care va intra \u00een vigoare de la 1 iulie 2016. <\/p>\n<p>Ministerul estimeaz\u0103 c\u0103 num\u0103rul de beneficiari ai concediului va cre\u0219te de la 130.000 \u00een prezent la 140.000 \u0219i c\u0103 aproximativ peste 75.000 de persoane aflate \u00een prezent \u00een plat\u0103 vor avea indemniza\u021bia minim\u0103 majorat\u0103 de la 600 de lei la 1.000 de lei. <\/p>\n<p>Alte 5.500 persoane care primesc \u00een prezent indemniza\u021bia maxim\u0103 vor beneficia de eliminarea plafonului de 3.400 lei, iar pentru 52.000 de p\u0103rin\u021bi cuantumul va r\u0103m\u00e2ne neschimbat. <\/p>\n","protected":false},"excerpt":{"rendered":"<p>P\u0103rin\u021bii din Republica Moldova care de\u021bin cet\u0103\u021benie rom\u00e2n\u0103 \u0219i primesc indemniza\u021bie de cre\u0219tere a copilului de la statul rom\u00e2n, vor primi de la 1 iulie indemniza\u021bii majorate. Aproximativ peste 75.000 din cei peste 140.000 de p\u0103rin\u021bi afla\u021bi \u00een concediul de cre\u0219tere a copilului vor avea indemniza\u021bia majorat\u0103 de la 600 de lei p\u00e2n\u0103 la 1.000 [&hellip;]<\/p>\n","protected":false},"author":4,"featured_media":13653,"comment_status":"closed","ping_status":"closed","sticky":false,"template":"","format":"standard","meta":{"footnotes":""},"categories":[6349],"tags":[],"class_list":["post-13652","post","type-post","status-publish","format-standard","has-post-thumbnail","hentry","category-social"],"yoast_head":"<!-- This site is optimized with the Yoast SEO plugin v27.4 - https:\/\/yoast.com\/product\/yoast-seo-wordpress\/ -->\n<title>P\u0102RIN\u021aII CARE DE\u021aIN CET\u0102\u021aENIE ROM\u00c2N\u0102 VOR PRIMI INDEMNIZA\u021aII MAI MARI  - BTV<\/title>\n<meta name=\"robots\" content=\"index, follow, max-snippet:-1, max-image-preview:large, max-video-preview:-1\" \/>\n<link rel=\"canonical\" href=\"https:\/\/www.btv.md\/ro\/parintii-care-detin-cetatenie-romana-vor-primi-indemnizatii-mai-mari\/\" \/>\n<meta property=\"og:locale\" content=\"ro_RO\" \/>\n<meta property=\"og:type\" content=\"article\" \/>\n<meta property=\"og:title\" content=\"P\u0102RIN\u021aII CARE DE\u021aIN CET\u0102\u021aENIE ROM\u00c2N\u0102 VOR PRIMI INDEMNIZA\u021aII MAI MARI  - BTV\" \/>\n<meta property=\"og:description\" content=\"P\u0103rin\u021bii din Republica Moldova care de\u021bin cet\u0103\u021benie rom\u00e2n\u0103 \u0219i primesc indemniza\u021bie de cre\u0219tere a copilului de la statul rom\u00e2n, vor primi de la 1 iulie indemniza\u021bii majorate. Aproximativ peste 75.000 din cei peste 140.000 de p\u0103rin\u021bi afla\u021bi \u00een concediul de cre\u0219tere a copilului vor avea indemniza\u021bia majorat\u0103 de la 600 de lei p\u00e2n\u0103 la 1.000 [&hellip;]\" \/>\n<meta property=\"og:url\" content=\"https:\/\/www.btv.md\/ro\/parintii-care-detin-cetatenie-romana-vor-primi-indemnizatii-mai-mari\/\" \/>\n<meta property=\"og:site_name\" content=\"BTV\" \/>\n<meta property=\"article:publisher\" content=\"https:\/\/www.facebook.com\/btvmoldova\/\" \/>\n<meta property=\"article:published_time\" content=\"2016-05-30T07:57:38+00:00\" \/>\n<meta property=\"og:image\" content=\"https:\/\/www.btv.md\/wp-content\/uploads\/2016\/05\/mama-bebelus.jpg\" \/>\n\t<meta property=\"og:image:width\" content=\"500\" \/>\n\t<meta property=\"og:image:height\" content=\"333\" \/>\n\t<meta property=\"og:image:type\" content=\"image\/jpeg\" \/>\n<meta name=\"author\" content=\"admin\" \/>\n<meta name=\"twitter:label1\" content=\"Scris de\" \/>\n\t<meta name=\"twitter:data1\" content=\"admin\" \/>\n\t<meta name=\"twitter:label2\" content=\"Timp estimat pentru citire\" \/>\n\t<meta name=\"twitter:data2\" content=\"1 minut\" \/>\n<script type=\"application\/ld+json\" class=\"yoast-schema-graph\">{\"@context\":\"https:\\\/\\\/schema.org\",\"@graph\":[{\"@type\":\"Article\",\"@id\":\"https:\\\/\\\/www.btv.md\\\/ro\\\/parintii-care-detin-cetatenie-romana-vor-primi-indemnizatii-mai-mari\\\/#article\",\"isPartOf\":{\"@id\":\"https:\\\/\\\/www.btv.md\\\/ro\\\/parintii-care-detin-cetatenie-romana-vor-primi-indemnizatii-mai-mari\\\/\"},\"author\":{\"name\":\"admin\",\"@id\":\"https:\\\/\\\/www.btv.md\\\/#\\\/schema\\\/person\\\/8fadce81561b3ce2c34c46dadc4ccbf2\"},\"headline\":\"P\u0102RIN\u021aII CARE DE\u021aIN CET\u0102\u021aENIE ROM\u00c2N\u0102 VOR PRIMI INDEMNIZA\u021aII MAI MARI\",\"datePublished\":\"2016-05-30T07:57:38+00:00\",\"mainEntityOfPage\":{\"@id\":\"https:\\\/\\\/www.btv.md\\\/ro\\\/parintii-care-detin-cetatenie-romana-vor-primi-indemnizatii-mai-mari\\\/\"},\"wordCount\":204,\"image\":{\"@id\":\"https:\\\/\\\/www.btv.md\\\/ro\\\/parintii-care-detin-cetatenie-romana-vor-primi-indemnizatii-mai-mari\\\/#primaryimage\"},\"thumbnailUrl\":\"https:\\\/\\\/www.btv.md\\\/wp-content\\\/uploads\\\/2016\\\/05\\\/mama-bebelus.jpg\",\"articleSection\":[\"Social\"],\"inLanguage\":\"ro-RO\"},{\"@type\":\"WebPage\",\"@id\":\"https:\\\/\\\/www.btv.md\\\/ro\\\/parintii-care-detin-cetatenie-romana-vor-primi-indemnizatii-mai-mari\\\/\",\"url\":\"https:\\\/\\\/www.btv.md\\\/ro\\\/parintii-care-detin-cetatenie-romana-vor-primi-indemnizatii-mai-mari\\\/\",\"name\":\"P\u0102RIN\u021aII CARE DE\u021aIN CET\u0102\u021aENIE ROM\u00c2N\u0102 VOR PRIMI INDEMNIZA\u021aII MAI MARI - BTV\",\"isPartOf\":{\"@id\":\"https:\\\/\\\/www.btv.md\\\/#website\"},\"primaryImageOfPage\":{\"@id\":\"https:\\\/\\\/www.btv.md\\\/ro\\\/parintii-care-detin-cetatenie-romana-vor-primi-indemnizatii-mai-mari\\\/#primaryimage\"},\"image\":{\"@id\":\"https:\\\/\\\/www.btv.md\\\/ro\\\/parintii-care-detin-cetatenie-romana-vor-primi-indemnizatii-mai-mari\\\/#primaryimage\"},\"thumbnailUrl\":\"https:\\\/\\\/www.btv.md\\\/wp-content\\\/uploads\\\/2016\\\/05\\\/mama-bebelus.jpg\",\"datePublished\":\"2016-05-30T07:57:38+00:00\",\"author\":{\"@id\":\"https:\\\/\\\/www.btv.md\\\/#\\\/schema\\\/person\\\/8fadce81561b3ce2c34c46dadc4ccbf2\"},\"inLanguage\":\"ro-RO\",\"potentialAction\":[{\"@type\":\"ReadAction\",\"target\":[\"https:\\\/\\\/www.btv.md\\\/ro\\\/parintii-care-detin-cetatenie-romana-vor-primi-indemnizatii-mai-mari\\\/\"]}]},{\"@type\":\"ImageObject\",\"inLanguage\":\"ro-RO\",\"@id\":\"https:\\\/\\\/www.btv.md\\\/ro\\\/parintii-care-detin-cetatenie-romana-vor-primi-indemnizatii-mai-mari\\\/#primaryimage\",\"url\":\"https:\\\/\\\/www.btv.md\\\/wp-content\\\/uploads\\\/2016\\\/05\\\/mama-bebelus.jpg\",\"contentUrl\":\"https:\\\/\\\/www.btv.md\\\/wp-content\\\/uploads\\\/2016\\\/05\\\/mama-bebelus.jpg\",\"width\":500,\"height\":333},{\"@type\":\"WebSite\",\"@id\":\"https:\\\/\\\/www.btv.md\\\/#website\",\"url\":\"https:\\\/\\\/www.btv.md\\\/\",\"name\":\"BTV\",\"description\":\"\u0411\u0435\u043b\u044c\u0446\u043a\u043e\u0435 \u0442\u0435\u043b\u0435\u0432\u0438\u0434\u0435\u043d\u0438\u0435\",\"potentialAction\":[{\"@type\":\"SearchAction\",\"target\":{\"@type\":\"EntryPoint\",\"urlTemplate\":\"https:\\\/\\\/www.btv.md\\\/?s={search_term_string}\"},\"query-input\":{\"@type\":\"PropertyValueSpecification\",\"valueRequired\":true,\"valueName\":\"search_term_string\"}}],\"inLanguage\":\"ro-RO\"},{\"@type\":\"Person\",\"@id\":\"https:\\\/\\\/www.btv.md\\\/#\\\/schema\\\/person\\\/8fadce81561b3ce2c34c46dadc4ccbf2\",\"name\":\"admin\"}]}<\/script>\n<!-- \/ Yoast SEO plugin. -->","yoast_head_json":{"title":"P\u0102RIN\u021aII CARE DE\u021aIN CET\u0102\u021aENIE ROM\u00c2N\u0102 VOR PRIMI INDEMNIZA\u021aII MAI MARI  - BTV","robots":{"index":"index","follow":"follow","max-snippet":"max-snippet:-1","max-image-preview":"max-image-preview:large","max-video-preview":"max-video-preview:-1"},"canonical":"https:\/\/www.btv.md\/ro\/parintii-care-detin-cetatenie-romana-vor-primi-indemnizatii-mai-mari\/","og_locale":"ro_RO","og_type":"article","og_title":"P\u0102RIN\u021aII CARE DE\u021aIN CET\u0102\u021aENIE ROM\u00c2N\u0102 VOR PRIMI INDEMNIZA\u021aII MAI MARI  - BTV","og_description":"P\u0103rin\u021bii din Republica Moldova care de\u021bin cet\u0103\u021benie rom\u00e2n\u0103 \u0219i primesc indemniza\u021bie de cre\u0219tere a copilului de la statul rom\u00e2n, vor primi de la 1 iulie indemniza\u021bii majorate. Aproximativ peste 75.000 din cei peste 140.000 de p\u0103rin\u021bi afla\u021bi \u00een concediul de cre\u0219tere a copilului vor avea indemniza\u021bia majorat\u0103 de la 600 de lei p\u00e2n\u0103 la 1.000 [&hellip;]","og_url":"https:\/\/www.btv.md\/ro\/parintii-care-detin-cetatenie-romana-vor-primi-indemnizatii-mai-mari\/","og_site_name":"BTV","article_publisher":"https:\/\/www.facebook.com\/btvmoldova\/","article_published_time":"2016-05-30T07:57:38+00:00","og_image":[{"width":500,"height":333,"url":"https:\/\/www.btv.md\/wp-content\/uploads\/2016\/05\/mama-bebelus.jpg","type":"image\/jpeg"}],"author":"admin","twitter_misc":{"Scris de":"admin","Timp estimat pentru citire":"1 minut"},"schema":{"@context":"https:\/\/schema.org","@graph":[{"@type":"Article","@id":"https:\/\/www.btv.md\/ro\/parintii-care-detin-cetatenie-romana-vor-primi-indemnizatii-mai-mari\/#article","isPartOf":{"@id":"https:\/\/www.btv.md\/ro\/parintii-care-detin-cetatenie-romana-vor-primi-indemnizatii-mai-mari\/"},"author":{"name":"admin","@id":"https:\/\/www.btv.md\/#\/schema\/person\/8fadce81561b3ce2c34c46dadc4ccbf2"},"headline":"P\u0102RIN\u021aII CARE DE\u021aIN CET\u0102\u021aENIE ROM\u00c2N\u0102 VOR PRIMI INDEMNIZA\u021aII MAI MARI","datePublished":"2016-05-30T07:57:38+00:00","mainEntityOfPage":{"@id":"https:\/\/www.btv.md\/ro\/parintii-care-detin-cetatenie-romana-vor-primi-indemnizatii-mai-mari\/"},"wordCount":204,"image":{"@id":"https:\/\/www.btv.md\/ro\/parintii-care-detin-cetatenie-romana-vor-primi-indemnizatii-mai-mari\/#primaryimage"},"thumbnailUrl":"https:\/\/www.btv.md\/wp-content\/uploads\/2016\/05\/mama-bebelus.jpg","articleSection":["Social"],"inLanguage":"ro-RO"},{"@type":"WebPage","@id":"https:\/\/www.btv.md\/ro\/parintii-care-detin-cetatenie-romana-vor-primi-indemnizatii-mai-mari\/","url":"https:\/\/www.btv.md\/ro\/parintii-care-detin-cetatenie-romana-vor-primi-indemnizatii-mai-mari\/","name":"P\u0102RIN\u021aII CARE DE\u021aIN CET\u0102\u021aENIE ROM\u00c2N\u0102 VOR PRIMI INDEMNIZA\u021aII MAI MARI - BTV","isPartOf":{"@id":"https:\/\/www.btv.md\/#website"},"primaryImageOfPage":{"@id":"https:\/\/www.btv.md\/ro\/parintii-care-detin-cetatenie-romana-vor-primi-indemnizatii-mai-mari\/#primaryimage"},"image":{"@id":"https:\/\/www.btv.md\/ro\/parintii-care-detin-cetatenie-romana-vor-primi-indemnizatii-mai-mari\/#primaryimage"},"thumbnailUrl":"https:\/\/www.btv.md\/wp-content\/uploads\/2016\/05\/mama-bebelus.jpg","datePublished":"2016-05-30T07:57:38+00:00","author":{"@id":"https:\/\/www.btv.md\/#\/schema\/person\/8fadce81561b3ce2c34c46dadc4ccbf2"},"inLanguage":"ro-RO","potentialAction":[{"@type":"ReadAction","target":["https:\/\/www.btv.md\/ro\/parintii-care-detin-cetatenie-romana-vor-primi-indemnizatii-mai-mari\/"]}]},{"@type":"ImageObject","inLanguage":"ro-RO","@id":"https:\/\/www.btv.md\/ro\/parintii-care-detin-cetatenie-romana-vor-primi-indemnizatii-mai-mari\/#primaryimage","url":"https:\/\/www.btv.md\/wp-content\/uploads\/2016\/05\/mama-bebelus.jpg","contentUrl":"https:\/\/www.btv.md\/wp-content\/uploads\/2016\/05\/mama-bebelus.jpg","width":500,"height":333},{"@type":"WebSite","@id":"https:\/\/www.btv.md\/#website","url":"https:\/\/www.btv.md\/","name":"BTV","description":"\u0411\u0435\u043b\u044c\u0446\u043a\u043e\u0435 \u0442\u0435\u043b\u0435\u0432\u0438\u0434\u0435\u043d\u0438\u0435","potentialAction":[{"@type":"SearchAction","target":{"@type":"EntryPoint","urlTemplate":"https:\/\/www.btv.md\/?s={search_term_string}"},"query-input":{"@type":"PropertyValueSpecification","valueRequired":true,"valueName":"search_term_string"}}],"inLanguage":"ro-RO"},{"@type":"Person","@id":"https:\/\/www.btv.md\/#\/schema\/person\/8fadce81561b3ce2c34c46dadc4ccbf2","name":"admin"}]}},"_links":{"self":[{"href":"https:\/\/www.btv.md\/ro\/wp-json\/wp\/v2\/posts\/13652","targetHints":{"allow":["GET"]}}],"collection":[{"href":"https:\/\/www.btv.md\/ro\/wp-json\/wp\/v2\/posts"}],"about":[{"href":"https:\/\/www.btv.md\/ro\/wp-json\/wp\/v2\/types\/post"}],"author":[{"embeddable":true,"href":"https:\/\/www.btv.md\/ro\/wp-json\/wp\/v2\/users\/4"}],"replies":[{"embeddable":true,"href":"https:\/\/www.btv.md\/ro\/wp-json\/wp\/v2\/comments?post=13652"}],"version-history":[{"count":0,"href":"https:\/\/www.btv.md\/ro\/wp-json\/wp\/v2\/posts\/13652\/revisions"}],"wp:featuredmedia":[{"embeddable":true,"href":"https:\/\/www.btv.md\/ro\/wp-json\/wp\/v2\/media\/13653"}],"wp:attachment":[{"href":"https:\/\/www.btv.md\/ro\/wp-json\/wp\/v2\/media?parent=13652"}],"wp:term":[{"taxonomy":"category","embeddable":true,"href":"https:\/\/www.btv.md\/ro\/wp-json\/wp\/v2\/categories?post=13652"},{"taxonomy":"post_tag","embeddable":true,"href":"https:\/\/www.btv.md\/ro\/wp-json\/wp\/v2\/tags?post=13652"}],"curies":[{"name":"wp","href":"https:\/\/api.w.org\/{rel}","templated":true}]}}