{"id":13655,"date":"2016-05-30T11:01:40","date_gmt":"2016-05-30T08:01:40","guid":{"rendered":"http:\/\/btv.md\/?p=13655"},"modified":"2016-05-30T11:01:40","modified_gmt":"2016-05-30T08:01:40","slug":"tinerii-din-moldova-care-vor-invata-in-ue-obtin-si-drept-de-munca-in-europa","status":"publish","type":"post","link":"https:\/\/www.btv.md\/ro\/tinerii-din-moldova-care-vor-invata-in-ue-obtin-si-drept-de-munca-in-europa\/","title":{"rendered":"TINERII  DIN  MOLDOVA, CARE VOR \u00ceNV\u0102\u021aA \u00ceN  UE, OB\u021aIN \u0218I DREPT DE  MUNC\u0102 \u00ceN EUROPA"},"content":{"rendered":"<p><strong>Parlamentul European a decis s\u0103 ofere mai mult\u0103 libertate tinerilor din afara UE, inclusiv celor din Republica Moldova, care vor s\u0103 \u00eenve\u0163e sau s\u0103 activeze \u00een calitate de cercet\u0103tori \u00een \u0163\u0103rile din spa\u0163iul comunitar.<\/strong><\/p>\n<p>Printr-o directiv\u0103 aprobat\u0103 recent de Parlamentul European care prevede drepturi extinse, europarlamentarii \u00ee\u015fi propun s\u0103 atrag\u0103 \u00een Europa persoane de cea mai \u00eenalt\u0103 calificare, transmite <a href=\"http:\/\/www.ipn.md\/ro\/societate\" target=\"_blank\">ipn.md<\/a> cu referire la o informa\u0163ie a portalului <a href=\"http:\/\/www.erasmusplus.md\/\" target=\"_blank\">erasmusplus.md<\/a>.<\/p>\n<p>Modific\u0103rile adoptate de legislativul de la Strasbourg prev\u0103d c\u0103 pe perioada mobilit\u0103\u0163ii, studen\u0163ii \u015fi cercet\u0103torii vor avea dreptul s\u0103 se angajeze \u00een c\u00eempul muncii pentru cel pu\u0163in 15 ore s\u0103pt\u0103m\u00eenal. Dup\u0103 ce \u00ee\u015fi \u00eencheie perioada de studii sau cercetare, studen\u0163ii str\u0103ini vor avea dreptul s\u0103 r\u0103m\u00een\u0103 \u00eentr-o \u0163ar\u0103 membr\u0103 a Uniunii Europene cu scopul de a-\u015fi g\u0103si un loc de munc\u0103 sau de a pune bazele unei afaceri. Membrii de familie vor putea \u00eenso\u0163i cercet\u0103torii care-\u015fi desf\u0103\u015foar\u0103 activitatea \u00een spa\u0163iul UE \u015fi vor primi drept de munc\u0103.<\/p>\n<p>Regulile noi vor intra \u00een vigoare dup\u0103 ajustarea legisla\u0163iei na\u0163ionale a fiec\u0103rei \u0163\u0103ri membre a Uniunii Europene \u015fi nu se aplic\u0103 \u00een cazul Danemarcei, Irlandei \u015fi Marii Britanii. Autorit\u0103\u0163ile statelor UE au la dispozi\u0163ie 2 ani pentru a face modific\u0103rile necesare. Noua directiv\u0103 revizuie\u015fte legisla\u0163ia precedent, intrat\u0103 \u00een vigoare \u00een 2004, care nu oferea dreptul la munc\u0103 pentru studen\u0163ii sau cercet\u0103torii din afara UE.<\/p>\n","protected":false},"excerpt":{"rendered":"<p>Parlamentul European a decis s\u0103 ofere mai mult\u0103 libertate tinerilor din afara UE, inclusiv celor din Republica Moldova, care vor s\u0103 \u00eenve\u0163e sau s\u0103 activeze \u00een calitate de cercet\u0103tori \u00een \u0163\u0103rile din spa\u0163iul comunitar. Printr-o directiv\u0103 aprobat\u0103 recent de Parlamentul European care prevede drepturi extinse, europarlamentarii \u00ee\u015fi propun s\u0103 atrag\u0103 \u00een Europa persoane de cea [&hellip;]<\/p>\n","protected":false},"author":4,"featured_media":13656,"comment_status":"closed","ping_status":"closed","sticky":false,"template":"","format":"standard","meta":{"footnotes":""},"categories":[6349],"tags":[],"class_list":["post-13655","post","type-post","status-publish","format-standard","has-post-thumbnail","hentry","category-social"],"yoast_head":"<!-- This site is optimized with the Yoast SEO plugin v27.4 - https:\/\/yoast.com\/product\/yoast-seo-wordpress\/ -->\n<title>TINERII DIN MOLDOVA, CARE VOR \u00ceNV\u0102\u021aA \u00ceN UE, OB\u021aIN \u0218I DREPT DE MUNC\u0102 \u00ceN EUROPA - BTV<\/title>\n<meta name=\"robots\" content=\"index, follow, max-snippet:-1, max-image-preview:large, max-video-preview:-1\" \/>\n<link rel=\"canonical\" href=\"https:\/\/www.btv.md\/ro\/tinerii-din-moldova-care-vor-invata-in-ue-obtin-si-drept-de-munca-in-europa\/\" \/>\n<meta property=\"og:locale\" content=\"ro_RO\" \/>\n<meta property=\"og:type\" content=\"article\" \/>\n<meta property=\"og:title\" content=\"TINERII DIN MOLDOVA, CARE VOR \u00ceNV\u0102\u021aA \u00ceN UE, OB\u021aIN \u0218I DREPT DE MUNC\u0102 \u00ceN EUROPA - BTV\" \/>\n<meta property=\"og:description\" content=\"Parlamentul European a decis s\u0103 ofere mai mult\u0103 libertate tinerilor din afara UE, inclusiv celor din Republica Moldova, care vor s\u0103 \u00eenve\u0163e sau s\u0103 activeze \u00een calitate de cercet\u0103tori \u00een \u0163\u0103rile din spa\u0163iul comunitar. Printr-o directiv\u0103 aprobat\u0103 recent de Parlamentul European care prevede drepturi extinse, europarlamentarii \u00ee\u015fi propun s\u0103 atrag\u0103 \u00een Europa persoane de cea [&hellip;]\" \/>\n<meta property=\"og:url\" content=\"https:\/\/www.btv.md\/ro\/tinerii-din-moldova-care-vor-invata-in-ue-obtin-si-drept-de-munca-in-europa\/\" \/>\n<meta property=\"og:site_name\" content=\"BTV\" \/>\n<meta property=\"article:publisher\" content=\"https:\/\/www.facebook.com\/btvmoldova\/\" \/>\n<meta property=\"article:published_time\" content=\"2016-05-30T08:01:40+00:00\" \/>\n<meta property=\"og:image\" content=\"https:\/\/www.btv.md\/wp-content\/uploads\/2016\/05\/866f21be899484dfc71784598a6452cc.jpg\" \/>\n\t<meta property=\"og:image:width\" content=\"620\" \/>\n\t<meta property=\"og:image:height\" content=\"414\" \/>\n\t<meta property=\"og:image:type\" content=\"image\/jpeg\" \/>\n<meta name=\"author\" content=\"admin\" \/>\n<meta name=\"twitter:label1\" content=\"Scris de\" \/>\n\t<meta name=\"twitter:data1\" content=\"admin\" \/>\n\t<meta name=\"twitter:label2\" content=\"Timp estimat pentru citire\" \/>\n\t<meta name=\"twitter:data2\" content=\"1 minut\" \/>\n<script type=\"application\/ld+json\" class=\"yoast-schema-graph\">{\"@context\":\"https:\\\/\\\/schema.org\",\"@graph\":[{\"@type\":\"Article\",\"@id\":\"https:\\\/\\\/www.btv.md\\\/ro\\\/tinerii-din-moldova-care-vor-invata-in-ue-obtin-si-drept-de-munca-in-europa\\\/#article\",\"isPartOf\":{\"@id\":\"https:\\\/\\\/www.btv.md\\\/ro\\\/tinerii-din-moldova-care-vor-invata-in-ue-obtin-si-drept-de-munca-in-europa\\\/\"},\"author\":{\"name\":\"admin\",\"@id\":\"https:\\\/\\\/www.btv.md\\\/#\\\/schema\\\/person\\\/8fadce81561b3ce2c34c46dadc4ccbf2\"},\"headline\":\"TINERII DIN MOLDOVA, CARE VOR \u00ceNV\u0102\u021aA \u00ceN UE, OB\u021aIN \u0218I DREPT DE MUNC\u0102 \u00ceN EUROPA\",\"datePublished\":\"2016-05-30T08:01:40+00:00\",\"mainEntityOfPage\":{\"@id\":\"https:\\\/\\\/www.btv.md\\\/ro\\\/tinerii-din-moldova-care-vor-invata-in-ue-obtin-si-drept-de-munca-in-europa\\\/\"},\"wordCount\":270,\"image\":{\"@id\":\"https:\\\/\\\/www.btv.md\\\/ro\\\/tinerii-din-moldova-care-vor-invata-in-ue-obtin-si-drept-de-munca-in-europa\\\/#primaryimage\"},\"thumbnailUrl\":\"https:\\\/\\\/www.btv.md\\\/wp-content\\\/uploads\\\/2016\\\/05\\\/866f21be899484dfc71784598a6452cc.jpg\",\"articleSection\":[\"Social\"],\"inLanguage\":\"ro-RO\"},{\"@type\":\"WebPage\",\"@id\":\"https:\\\/\\\/www.btv.md\\\/ro\\\/tinerii-din-moldova-care-vor-invata-in-ue-obtin-si-drept-de-munca-in-europa\\\/\",\"url\":\"https:\\\/\\\/www.btv.md\\\/ro\\\/tinerii-din-moldova-care-vor-invata-in-ue-obtin-si-drept-de-munca-in-europa\\\/\",\"name\":\"TINERII DIN MOLDOVA, CARE VOR \u00ceNV\u0102\u021aA \u00ceN UE, OB\u021aIN \u0218I DREPT DE MUNC\u0102 \u00ceN EUROPA - BTV\",\"isPartOf\":{\"@id\":\"https:\\\/\\\/www.btv.md\\\/#website\"},\"primaryImageOfPage\":{\"@id\":\"https:\\\/\\\/www.btv.md\\\/ro\\\/tinerii-din-moldova-care-vor-invata-in-ue-obtin-si-drept-de-munca-in-europa\\\/#primaryimage\"},\"image\":{\"@id\":\"https:\\\/\\\/www.btv.md\\\/ro\\\/tinerii-din-moldova-care-vor-invata-in-ue-obtin-si-drept-de-munca-in-europa\\\/#primaryimage\"},\"thumbnailUrl\":\"https:\\\/\\\/www.btv.md\\\/wp-content\\\/uploads\\\/2016\\\/05\\\/866f21be899484dfc71784598a6452cc.jpg\",\"datePublished\":\"2016-05-30T08:01:40+00:00\",\"author\":{\"@id\":\"https:\\\/\\\/www.btv.md\\\/#\\\/schema\\\/person\\\/8fadce81561b3ce2c34c46dadc4ccbf2\"},\"inLanguage\":\"ro-RO\",\"potentialAction\":[{\"@type\":\"ReadAction\",\"target\":[\"https:\\\/\\\/www.btv.md\\\/ro\\\/tinerii-din-moldova-care-vor-invata-in-ue-obtin-si-drept-de-munca-in-europa\\\/\"]}]},{\"@type\":\"ImageObject\",\"inLanguage\":\"ro-RO\",\"@id\":\"https:\\\/\\\/www.btv.md\\\/ro\\\/tinerii-din-moldova-care-vor-invata-in-ue-obtin-si-drept-de-munca-in-europa\\\/#primaryimage\",\"url\":\"https:\\\/\\\/www.btv.md\\\/wp-content\\\/uploads\\\/2016\\\/05\\\/866f21be899484dfc71784598a6452cc.jpg\",\"contentUrl\":\"https:\\\/\\\/www.btv.md\\\/wp-content\\\/uploads\\\/2016\\\/05\\\/866f21be899484dfc71784598a6452cc.jpg\",\"width\":620,\"height\":414},{\"@type\":\"WebSite\",\"@id\":\"https:\\\/\\\/www.btv.md\\\/#website\",\"url\":\"https:\\\/\\\/www.btv.md\\\/\",\"name\":\"BTV\",\"description\":\"\u0411\u0435\u043b\u044c\u0446\u043a\u043e\u0435 \u0442\u0435\u043b\u0435\u0432\u0438\u0434\u0435\u043d\u0438\u0435\",\"potentialAction\":[{\"@type\":\"SearchAction\",\"target\":{\"@type\":\"EntryPoint\",\"urlTemplate\":\"https:\\\/\\\/www.btv.md\\\/?s={search_term_string}\"},\"query-input\":{\"@type\":\"PropertyValueSpecification\",\"valueRequired\":true,\"valueName\":\"search_term_string\"}}],\"inLanguage\":\"ro-RO\"},{\"@type\":\"Person\",\"@id\":\"https:\\\/\\\/www.btv.md\\\/#\\\/schema\\\/person\\\/8fadce81561b3ce2c34c46dadc4ccbf2\",\"name\":\"admin\"}]}<\/script>\n<!-- \/ Yoast SEO plugin. -->","yoast_head_json":{"title":"TINERII DIN MOLDOVA, CARE VOR \u00ceNV\u0102\u021aA \u00ceN UE, OB\u021aIN \u0218I DREPT DE MUNC\u0102 \u00ceN EUROPA - BTV","robots":{"index":"index","follow":"follow","max-snippet":"max-snippet:-1","max-image-preview":"max-image-preview:large","max-video-preview":"max-video-preview:-1"},"canonical":"https:\/\/www.btv.md\/ro\/tinerii-din-moldova-care-vor-invata-in-ue-obtin-si-drept-de-munca-in-europa\/","og_locale":"ro_RO","og_type":"article","og_title":"TINERII DIN MOLDOVA, CARE VOR \u00ceNV\u0102\u021aA \u00ceN UE, OB\u021aIN \u0218I DREPT DE MUNC\u0102 \u00ceN EUROPA - BTV","og_description":"Parlamentul European a decis s\u0103 ofere mai mult\u0103 libertate tinerilor din afara UE, inclusiv celor din Republica Moldova, care vor s\u0103 \u00eenve\u0163e sau s\u0103 activeze \u00een calitate de cercet\u0103tori \u00een \u0163\u0103rile din spa\u0163iul comunitar. Printr-o directiv\u0103 aprobat\u0103 recent de Parlamentul European care prevede drepturi extinse, europarlamentarii \u00ee\u015fi propun s\u0103 atrag\u0103 \u00een Europa persoane de cea [&hellip;]","og_url":"https:\/\/www.btv.md\/ro\/tinerii-din-moldova-care-vor-invata-in-ue-obtin-si-drept-de-munca-in-europa\/","og_site_name":"BTV","article_publisher":"https:\/\/www.facebook.com\/btvmoldova\/","article_published_time":"2016-05-30T08:01:40+00:00","og_image":[{"width":620,"height":414,"url":"https:\/\/www.btv.md\/wp-content\/uploads\/2016\/05\/866f21be899484dfc71784598a6452cc.jpg","type":"image\/jpeg"}],"author":"admin","twitter_misc":{"Scris de":"admin","Timp estimat pentru citire":"1 minut"},"schema":{"@context":"https:\/\/schema.org","@graph":[{"@type":"Article","@id":"https:\/\/www.btv.md\/ro\/tinerii-din-moldova-care-vor-invata-in-ue-obtin-si-drept-de-munca-in-europa\/#article","isPartOf":{"@id":"https:\/\/www.btv.md\/ro\/tinerii-din-moldova-care-vor-invata-in-ue-obtin-si-drept-de-munca-in-europa\/"},"author":{"name":"admin","@id":"https:\/\/www.btv.md\/#\/schema\/person\/8fadce81561b3ce2c34c46dadc4ccbf2"},"headline":"TINERII DIN MOLDOVA, CARE VOR \u00ceNV\u0102\u021aA \u00ceN UE, OB\u021aIN \u0218I DREPT DE MUNC\u0102 \u00ceN EUROPA","datePublished":"2016-05-30T08:01:40+00:00","mainEntityOfPage":{"@id":"https:\/\/www.btv.md\/ro\/tinerii-din-moldova-care-vor-invata-in-ue-obtin-si-drept-de-munca-in-europa\/"},"wordCount":270,"image":{"@id":"https:\/\/www.btv.md\/ro\/tinerii-din-moldova-care-vor-invata-in-ue-obtin-si-drept-de-munca-in-europa\/#primaryimage"},"thumbnailUrl":"https:\/\/www.btv.md\/wp-content\/uploads\/2016\/05\/866f21be899484dfc71784598a6452cc.jpg","articleSection":["Social"],"inLanguage":"ro-RO"},{"@type":"WebPage","@id":"https:\/\/www.btv.md\/ro\/tinerii-din-moldova-care-vor-invata-in-ue-obtin-si-drept-de-munca-in-europa\/","url":"https:\/\/www.btv.md\/ro\/tinerii-din-moldova-care-vor-invata-in-ue-obtin-si-drept-de-munca-in-europa\/","name":"TINERII DIN MOLDOVA, CARE VOR \u00ceNV\u0102\u021aA \u00ceN UE, OB\u021aIN \u0218I DREPT DE MUNC\u0102 \u00ceN EUROPA - BTV","isPartOf":{"@id":"https:\/\/www.btv.md\/#website"},"primaryImageOfPage":{"@id":"https:\/\/www.btv.md\/ro\/tinerii-din-moldova-care-vor-invata-in-ue-obtin-si-drept-de-munca-in-europa\/#primaryimage"},"image":{"@id":"https:\/\/www.btv.md\/ro\/tinerii-din-moldova-care-vor-invata-in-ue-obtin-si-drept-de-munca-in-europa\/#primaryimage"},"thumbnailUrl":"https:\/\/www.btv.md\/wp-content\/uploads\/2016\/05\/866f21be899484dfc71784598a6452cc.jpg","datePublished":"2016-05-30T08:01:40+00:00","author":{"@id":"https:\/\/www.btv.md\/#\/schema\/person\/8fadce81561b3ce2c34c46dadc4ccbf2"},"inLanguage":"ro-RO","potentialAction":[{"@type":"ReadAction","target":["https:\/\/www.btv.md\/ro\/tinerii-din-moldova-care-vor-invata-in-ue-obtin-si-drept-de-munca-in-europa\/"]}]},{"@type":"ImageObject","inLanguage":"ro-RO","@id":"https:\/\/www.btv.md\/ro\/tinerii-din-moldova-care-vor-invata-in-ue-obtin-si-drept-de-munca-in-europa\/#primaryimage","url":"https:\/\/www.btv.md\/wp-content\/uploads\/2016\/05\/866f21be899484dfc71784598a6452cc.jpg","contentUrl":"https:\/\/www.btv.md\/wp-content\/uploads\/2016\/05\/866f21be899484dfc71784598a6452cc.jpg","width":620,"height":414},{"@type":"WebSite","@id":"https:\/\/www.btv.md\/#website","url":"https:\/\/www.btv.md\/","name":"BTV","description":"\u0411\u0435\u043b\u044c\u0446\u043a\u043e\u0435 \u0442\u0435\u043b\u0435\u0432\u0438\u0434\u0435\u043d\u0438\u0435","potentialAction":[{"@type":"SearchAction","target":{"@type":"EntryPoint","urlTemplate":"https:\/\/www.btv.md\/?s={search_term_string}"},"query-input":{"@type":"PropertyValueSpecification","valueRequired":true,"valueName":"search_term_string"}}],"inLanguage":"ro-RO"},{"@type":"Person","@id":"https:\/\/www.btv.md\/#\/schema\/person\/8fadce81561b3ce2c34c46dadc4ccbf2","name":"admin"}]}},"_links":{"self":[{"href":"https:\/\/www.btv.md\/ro\/wp-json\/wp\/v2\/posts\/13655","targetHints":{"allow":["GET"]}}],"collection":[{"href":"https:\/\/www.btv.md\/ro\/wp-json\/wp\/v2\/posts"}],"about":[{"href":"https:\/\/www.btv.md\/ro\/wp-json\/wp\/v2\/types\/post"}],"author":[{"embeddable":true,"href":"https:\/\/www.btv.md\/ro\/wp-json\/wp\/v2\/users\/4"}],"replies":[{"embeddable":true,"href":"https:\/\/www.btv.md\/ro\/wp-json\/wp\/v2\/comments?post=13655"}],"version-history":[{"count":0,"href":"https:\/\/www.btv.md\/ro\/wp-json\/wp\/v2\/posts\/13655\/revisions"}],"wp:featuredmedia":[{"embeddable":true,"href":"https:\/\/www.btv.md\/ro\/wp-json\/wp\/v2\/media\/13656"}],"wp:attachment":[{"href":"https:\/\/www.btv.md\/ro\/wp-json\/wp\/v2\/media?parent=13655"}],"wp:term":[{"taxonomy":"category","embeddable":true,"href":"https:\/\/www.btv.md\/ro\/wp-json\/wp\/v2\/categories?post=13655"},{"taxonomy":"post_tag","embeddable":true,"href":"https:\/\/www.btv.md\/ro\/wp-json\/wp\/v2\/tags?post=13655"}],"curies":[{"name":"wp","href":"https:\/\/api.w.org\/{rel}","templated":true}]}}