{"id":13658,"date":"2016-05-30T11:05:30","date_gmt":"2016-05-30T08:05:30","guid":{"rendered":"http:\/\/btv.md\/?p=13658"},"modified":"2016-05-30T11:05:30","modified_gmt":"2016-05-30T08:05:30","slug":"o-zi-pana-la-intrare-in-vigoare-a-legii-antitutun","status":"publish","type":"post","link":"https:\/\/www.btv.md\/ro\/o-zi-pana-la-intrare-in-vigoare-a-legii-antitutun\/","title":{"rendered":"O  ZI  P\u00c2N\u0102  LA  INTRARE  \u00ceN  VIGOARE  A LEGII ANTITUTUN"},"content":{"rendered":"<p><strong>A \u00eenceput num\u0103r\u0103toarea invers\u0103, astfel, de miercuri 1 iunie, intr\u0103 \u00een vigoare una dintre cele mai dure restric\u0163ii ale noii Legi Antitutun, scrie <a href=\"http:\/\/www.jurnal.md\/ro\/social\/2016\/5\/30\/o-zi-pana-la-intrarea-in-vigoare-a-legii-atitutun-vezi-locurile-unde-va-fi-interzis-fumatul\/\" target=\"_blank\">jurnal.md<\/a>.<\/strong><\/p>\n<p>\u00cen acest fel, fumatul va fi interzis \u00een toate spa\u0163iile publice deschise, semideschise, \u00een localuri \u015fi \u00een apropierea institu\u0163iilor publice. Nu se va mai putea fuma \u00een \u00eenc\u0103peri cu acoperi\u015f \u015fi cel pu\u0163in trei pere\u0163i.<\/p>\n<p>De asemenea, fumatul va fi interzis \u00een transportul public \u015fi privat \u00een care se afl\u0103 copii minori, sub acoperi\u015ful sta\u0163iilor de a\u015fteptare a transportului public, \u00een parcurile de distrac\u0163ii \u015fi \u00een preajma terenurilor de joac\u0103 pentru copii, pe stadioane \u015fi arene deschise pe durata desf\u0103\u015fur\u0103rii evenimentelor publice \u015fi \u00een pie\u0163e \u015fi alte spa\u0163ii publice cu o aglomera\u0163ie sporit\u0103 de oameni.<\/p>\n<p>Este o lege preluat\u0103 din spa\u0163iul european care prevede o serie \u00eentreag\u0103 de modific\u0103ri. Conform statisticii, aproape un milion de oameni vor trebui s\u0103 se adapteze la noile reguli poate prea brusc \u015fi f\u0103r\u0103 alternative.<\/p>\n<p>Conform Raportului European de S\u0103n\u0103tate efectuat \u00een 2012, \u0163ara noastr\u0103 se afl\u0103 pe locul patru dup\u0103 num\u0103rul de fum\u0103tori, dup\u0103 Armenia, Belarus \u015fi Ucraina &#8211; \u0163\u0103ri care nu intr\u0103 \u00een spa\u0163iul european. Potrivit raportului, 51% din b\u0103rba\u0163i \u015fi circa 8% din femei din RM fumeaz\u0103. E un num\u0103r impresionant lu\u00e2nd \u00een calcul spa\u0163iile care ar trebui deja s\u0103 apar\u0103 \u00een \u0163ar\u0103 pentru at\u00e2t de mul\u0163i vicio\u015fi. <\/p>\n<p>Persoanele care vor \u00eenc\u0103lca legea sunt pasibile de amend\u0103 \u00een valoare de trei mii de lei. Persoanele juridice care vor admite fumatul \u00een localuri vor fi sanc\u0163ionate cu p\u00e2n\u0103 la 10 mii de lei.<\/p>\n","protected":false},"excerpt":{"rendered":"<p>A \u00eenceput num\u0103r\u0103toarea invers\u0103, astfel, de miercuri 1 iunie, intr\u0103 \u00een vigoare una dintre cele mai dure restric\u0163ii ale noii Legi Antitutun, scrie jurnal.md. \u00cen acest fel, fumatul va fi interzis \u00een toate spa\u0163iile publice deschise, semideschise, \u00een localuri \u015fi \u00een apropierea institu\u0163iilor publice. Nu se va mai putea fuma \u00een \u00eenc\u0103peri cu acoperi\u015f \u015fi [&hellip;]<\/p>\n","protected":false},"author":4,"featured_media":13659,"comment_status":"closed","ping_status":"closed","sticky":false,"template":"","format":"standard","meta":{"footnotes":""},"categories":[8],"tags":[],"class_list":["post-13658","post","type-post","status-publish","format-standard","has-post-thumbnail","hentry","category-obshestvo"],"yoast_head":"<!-- This site is optimized with the Yoast SEO plugin v27.4 - https:\/\/yoast.com\/product\/yoast-seo-wordpress\/ -->\n<title>O ZI P\u00c2N\u0102 LA INTRARE \u00ceN VIGOARE A LEGII ANTITUTUN - BTV<\/title>\n<meta name=\"robots\" content=\"index, follow, max-snippet:-1, max-image-preview:large, max-video-preview:-1\" \/>\n<link rel=\"canonical\" href=\"https:\/\/www.btv.md\/ro\/o-zi-pana-la-intrare-in-vigoare-a-legii-antitutun\/\" \/>\n<meta property=\"og:locale\" content=\"ro_RO\" \/>\n<meta property=\"og:type\" content=\"article\" \/>\n<meta property=\"og:title\" content=\"O ZI P\u00c2N\u0102 LA INTRARE \u00ceN VIGOARE A LEGII ANTITUTUN - BTV\" \/>\n<meta property=\"og:description\" content=\"A \u00eenceput num\u0103r\u0103toarea invers\u0103, astfel, de miercuri 1 iunie, intr\u0103 \u00een vigoare una dintre cele mai dure restric\u0163ii ale noii Legi Antitutun, scrie jurnal.md. \u00cen acest fel, fumatul va fi interzis \u00een toate spa\u0163iile publice deschise, semideschise, \u00een localuri \u015fi \u00een apropierea institu\u0163iilor publice. Nu se va mai putea fuma \u00een \u00eenc\u0103peri cu acoperi\u015f \u015fi [&hellip;]\" \/>\n<meta property=\"og:url\" content=\"https:\/\/www.btv.md\/ro\/o-zi-pana-la-intrare-in-vigoare-a-legii-antitutun\/\" \/>\n<meta property=\"og:site_name\" content=\"BTV\" \/>\n<meta property=\"article:publisher\" content=\"https:\/\/www.facebook.com\/btvmoldova\/\" \/>\n<meta property=\"article:published_time\" content=\"2016-05-30T08:05:30+00:00\" \/>\n<meta property=\"og:image\" content=\"https:\/\/www.btv.md\/wp-content\/uploads\/2016\/05\/06-fumatori-alex4685-lib-465x390.jpg\" \/>\n\t<meta property=\"og:image:width\" content=\"602\" \/>\n\t<meta property=\"og:image:height\" content=\"388\" \/>\n\t<meta property=\"og:image:type\" content=\"image\/jpeg\" \/>\n<meta name=\"author\" content=\"admin\" \/>\n<meta name=\"twitter:label1\" content=\"Scris de\" \/>\n\t<meta name=\"twitter:data1\" content=\"admin\" \/>\n\t<meta name=\"twitter:label2\" content=\"Timp estimat pentru citire\" \/>\n\t<meta name=\"twitter:data2\" content=\"1 minut\" \/>\n<script type=\"application\/ld+json\" class=\"yoast-schema-graph\">{\"@context\":\"https:\\\/\\\/schema.org\",\"@graph\":[{\"@type\":\"Article\",\"@id\":\"https:\\\/\\\/www.btv.md\\\/ro\\\/o-zi-pana-la-intrare-in-vigoare-a-legii-antitutun\\\/#article\",\"isPartOf\":{\"@id\":\"https:\\\/\\\/www.btv.md\\\/ro\\\/o-zi-pana-la-intrare-in-vigoare-a-legii-antitutun\\\/\"},\"author\":{\"name\":\"admin\",\"@id\":\"https:\\\/\\\/www.btv.md\\\/#\\\/schema\\\/person\\\/8fadce81561b3ce2c34c46dadc4ccbf2\"},\"headline\":\"O ZI P\u00c2N\u0102 LA INTRARE \u00ceN VIGOARE A LEGII ANTITUTUN\",\"datePublished\":\"2016-05-30T08:05:30+00:00\",\"mainEntityOfPage\":{\"@id\":\"https:\\\/\\\/www.btv.md\\\/ro\\\/o-zi-pana-la-intrare-in-vigoare-a-legii-antitutun\\\/\"},\"wordCount\":297,\"image\":{\"@id\":\"https:\\\/\\\/www.btv.md\\\/ro\\\/o-zi-pana-la-intrare-in-vigoare-a-legii-antitutun\\\/#primaryimage\"},\"thumbnailUrl\":\"https:\\\/\\\/www.btv.md\\\/wp-content\\\/uploads\\\/2016\\\/05\\\/06-fumatori-alex4685-lib-465x390.jpg\",\"articleSection\":[\"\u041e\u0431\u0449\u0435\u0441\u0442\u0432\u043e\"],\"inLanguage\":\"ro-RO\"},{\"@type\":\"WebPage\",\"@id\":\"https:\\\/\\\/www.btv.md\\\/ro\\\/o-zi-pana-la-intrare-in-vigoare-a-legii-antitutun\\\/\",\"url\":\"https:\\\/\\\/www.btv.md\\\/ro\\\/o-zi-pana-la-intrare-in-vigoare-a-legii-antitutun\\\/\",\"name\":\"O ZI P\u00c2N\u0102 LA INTRARE \u00ceN VIGOARE A LEGII ANTITUTUN - BTV\",\"isPartOf\":{\"@id\":\"https:\\\/\\\/www.btv.md\\\/#website\"},\"primaryImageOfPage\":{\"@id\":\"https:\\\/\\\/www.btv.md\\\/ro\\\/o-zi-pana-la-intrare-in-vigoare-a-legii-antitutun\\\/#primaryimage\"},\"image\":{\"@id\":\"https:\\\/\\\/www.btv.md\\\/ro\\\/o-zi-pana-la-intrare-in-vigoare-a-legii-antitutun\\\/#primaryimage\"},\"thumbnailUrl\":\"https:\\\/\\\/www.btv.md\\\/wp-content\\\/uploads\\\/2016\\\/05\\\/06-fumatori-alex4685-lib-465x390.jpg\",\"datePublished\":\"2016-05-30T08:05:30+00:00\",\"author\":{\"@id\":\"https:\\\/\\\/www.btv.md\\\/#\\\/schema\\\/person\\\/8fadce81561b3ce2c34c46dadc4ccbf2\"},\"inLanguage\":\"ro-RO\",\"potentialAction\":[{\"@type\":\"ReadAction\",\"target\":[\"https:\\\/\\\/www.btv.md\\\/ro\\\/o-zi-pana-la-intrare-in-vigoare-a-legii-antitutun\\\/\"]}]},{\"@type\":\"ImageObject\",\"inLanguage\":\"ro-RO\",\"@id\":\"https:\\\/\\\/www.btv.md\\\/ro\\\/o-zi-pana-la-intrare-in-vigoare-a-legii-antitutun\\\/#primaryimage\",\"url\":\"https:\\\/\\\/www.btv.md\\\/wp-content\\\/uploads\\\/2016\\\/05\\\/06-fumatori-alex4685-lib-465x390.jpg\",\"contentUrl\":\"https:\\\/\\\/www.btv.md\\\/wp-content\\\/uploads\\\/2016\\\/05\\\/06-fumatori-alex4685-lib-465x390.jpg\",\"width\":602,\"height\":388,\"caption\":\"www.evz.ro\"},{\"@type\":\"WebSite\",\"@id\":\"https:\\\/\\\/www.btv.md\\\/#website\",\"url\":\"https:\\\/\\\/www.btv.md\\\/\",\"name\":\"BTV\",\"description\":\"\u0411\u0435\u043b\u044c\u0446\u043a\u043e\u0435 \u0442\u0435\u043b\u0435\u0432\u0438\u0434\u0435\u043d\u0438\u0435\",\"potentialAction\":[{\"@type\":\"SearchAction\",\"target\":{\"@type\":\"EntryPoint\",\"urlTemplate\":\"https:\\\/\\\/www.btv.md\\\/?s={search_term_string}\"},\"query-input\":{\"@type\":\"PropertyValueSpecification\",\"valueRequired\":true,\"valueName\":\"search_term_string\"}}],\"inLanguage\":\"ro-RO\"},{\"@type\":\"Person\",\"@id\":\"https:\\\/\\\/www.btv.md\\\/#\\\/schema\\\/person\\\/8fadce81561b3ce2c34c46dadc4ccbf2\",\"name\":\"admin\"}]}<\/script>\n<!-- \/ Yoast SEO plugin. -->","yoast_head_json":{"title":"O ZI P\u00c2N\u0102 LA INTRARE \u00ceN VIGOARE A LEGII ANTITUTUN - BTV","robots":{"index":"index","follow":"follow","max-snippet":"max-snippet:-1","max-image-preview":"max-image-preview:large","max-video-preview":"max-video-preview:-1"},"canonical":"https:\/\/www.btv.md\/ro\/o-zi-pana-la-intrare-in-vigoare-a-legii-antitutun\/","og_locale":"ro_RO","og_type":"article","og_title":"O ZI P\u00c2N\u0102 LA INTRARE \u00ceN VIGOARE A LEGII ANTITUTUN - BTV","og_description":"A \u00eenceput num\u0103r\u0103toarea invers\u0103, astfel, de miercuri 1 iunie, intr\u0103 \u00een vigoare una dintre cele mai dure restric\u0163ii ale noii Legi Antitutun, scrie jurnal.md. \u00cen acest fel, fumatul va fi interzis \u00een toate spa\u0163iile publice deschise, semideschise, \u00een localuri \u015fi \u00een apropierea institu\u0163iilor publice. Nu se va mai putea fuma \u00een \u00eenc\u0103peri cu acoperi\u015f \u015fi [&hellip;]","og_url":"https:\/\/www.btv.md\/ro\/o-zi-pana-la-intrare-in-vigoare-a-legii-antitutun\/","og_site_name":"BTV","article_publisher":"https:\/\/www.facebook.com\/btvmoldova\/","article_published_time":"2016-05-30T08:05:30+00:00","og_image":[{"width":602,"height":388,"url":"https:\/\/www.btv.md\/wp-content\/uploads\/2016\/05\/06-fumatori-alex4685-lib-465x390.jpg","type":"image\/jpeg"}],"author":"admin","twitter_misc":{"Scris de":"admin","Timp estimat pentru citire":"1 minut"},"schema":{"@context":"https:\/\/schema.org","@graph":[{"@type":"Article","@id":"https:\/\/www.btv.md\/ro\/o-zi-pana-la-intrare-in-vigoare-a-legii-antitutun\/#article","isPartOf":{"@id":"https:\/\/www.btv.md\/ro\/o-zi-pana-la-intrare-in-vigoare-a-legii-antitutun\/"},"author":{"name":"admin","@id":"https:\/\/www.btv.md\/#\/schema\/person\/8fadce81561b3ce2c34c46dadc4ccbf2"},"headline":"O ZI P\u00c2N\u0102 LA INTRARE \u00ceN VIGOARE A LEGII ANTITUTUN","datePublished":"2016-05-30T08:05:30+00:00","mainEntityOfPage":{"@id":"https:\/\/www.btv.md\/ro\/o-zi-pana-la-intrare-in-vigoare-a-legii-antitutun\/"},"wordCount":297,"image":{"@id":"https:\/\/www.btv.md\/ro\/o-zi-pana-la-intrare-in-vigoare-a-legii-antitutun\/#primaryimage"},"thumbnailUrl":"https:\/\/www.btv.md\/wp-content\/uploads\/2016\/05\/06-fumatori-alex4685-lib-465x390.jpg","articleSection":["\u041e\u0431\u0449\u0435\u0441\u0442\u0432\u043e"],"inLanguage":"ro-RO"},{"@type":"WebPage","@id":"https:\/\/www.btv.md\/ro\/o-zi-pana-la-intrare-in-vigoare-a-legii-antitutun\/","url":"https:\/\/www.btv.md\/ro\/o-zi-pana-la-intrare-in-vigoare-a-legii-antitutun\/","name":"O ZI P\u00c2N\u0102 LA INTRARE \u00ceN VIGOARE A LEGII ANTITUTUN - BTV","isPartOf":{"@id":"https:\/\/www.btv.md\/#website"},"primaryImageOfPage":{"@id":"https:\/\/www.btv.md\/ro\/o-zi-pana-la-intrare-in-vigoare-a-legii-antitutun\/#primaryimage"},"image":{"@id":"https:\/\/www.btv.md\/ro\/o-zi-pana-la-intrare-in-vigoare-a-legii-antitutun\/#primaryimage"},"thumbnailUrl":"https:\/\/www.btv.md\/wp-content\/uploads\/2016\/05\/06-fumatori-alex4685-lib-465x390.jpg","datePublished":"2016-05-30T08:05:30+00:00","author":{"@id":"https:\/\/www.btv.md\/#\/schema\/person\/8fadce81561b3ce2c34c46dadc4ccbf2"},"inLanguage":"ro-RO","potentialAction":[{"@type":"ReadAction","target":["https:\/\/www.btv.md\/ro\/o-zi-pana-la-intrare-in-vigoare-a-legii-antitutun\/"]}]},{"@type":"ImageObject","inLanguage":"ro-RO","@id":"https:\/\/www.btv.md\/ro\/o-zi-pana-la-intrare-in-vigoare-a-legii-antitutun\/#primaryimage","url":"https:\/\/www.btv.md\/wp-content\/uploads\/2016\/05\/06-fumatori-alex4685-lib-465x390.jpg","contentUrl":"https:\/\/www.btv.md\/wp-content\/uploads\/2016\/05\/06-fumatori-alex4685-lib-465x390.jpg","width":602,"height":388,"caption":"www.evz.ro"},{"@type":"WebSite","@id":"https:\/\/www.btv.md\/#website","url":"https:\/\/www.btv.md\/","name":"BTV","description":"\u0411\u0435\u043b\u044c\u0446\u043a\u043e\u0435 \u0442\u0435\u043b\u0435\u0432\u0438\u0434\u0435\u043d\u0438\u0435","potentialAction":[{"@type":"SearchAction","target":{"@type":"EntryPoint","urlTemplate":"https:\/\/www.btv.md\/?s={search_term_string}"},"query-input":{"@type":"PropertyValueSpecification","valueRequired":true,"valueName":"search_term_string"}}],"inLanguage":"ro-RO"},{"@type":"Person","@id":"https:\/\/www.btv.md\/#\/schema\/person\/8fadce81561b3ce2c34c46dadc4ccbf2","name":"admin"}]}},"_links":{"self":[{"href":"https:\/\/www.btv.md\/ro\/wp-json\/wp\/v2\/posts\/13658","targetHints":{"allow":["GET"]}}],"collection":[{"href":"https:\/\/www.btv.md\/ro\/wp-json\/wp\/v2\/posts"}],"about":[{"href":"https:\/\/www.btv.md\/ro\/wp-json\/wp\/v2\/types\/post"}],"author":[{"embeddable":true,"href":"https:\/\/www.btv.md\/ro\/wp-json\/wp\/v2\/users\/4"}],"replies":[{"embeddable":true,"href":"https:\/\/www.btv.md\/ro\/wp-json\/wp\/v2\/comments?post=13658"}],"version-history":[{"count":0,"href":"https:\/\/www.btv.md\/ro\/wp-json\/wp\/v2\/posts\/13658\/revisions"}],"wp:featuredmedia":[{"embeddable":true,"href":"https:\/\/www.btv.md\/ro\/wp-json\/wp\/v2\/media\/13659"}],"wp:attachment":[{"href":"https:\/\/www.btv.md\/ro\/wp-json\/wp\/v2\/media?parent=13658"}],"wp:term":[{"taxonomy":"category","embeddable":true,"href":"https:\/\/www.btv.md\/ro\/wp-json\/wp\/v2\/categories?post=13658"},{"taxonomy":"post_tag","embeddable":true,"href":"https:\/\/www.btv.md\/ro\/wp-json\/wp\/v2\/tags?post=13658"}],"curies":[{"name":"wp","href":"https:\/\/api.w.org\/{rel}","templated":true}]}}