{"id":13661,"date":"2016-05-30T11:08:39","date_gmt":"2016-05-30T08:08:39","guid":{"rendered":"http:\/\/btv.md\/?p=13661"},"modified":"2016-05-30T11:08:39","modified_gmt":"2016-05-30T08:08:39","slug":"avicultorii-din-republica-moldova-bat-alarma","status":"publish","type":"post","link":"https:\/\/www.btv.md\/ro\/avicultorii-din-republica-moldova-bat-alarma\/","title":{"rendered":"AVICULTORII  DIN  REPUBLICA  MOLDOVA  BAT  ALARM\u0102"},"content":{"rendered":"<p><strong>Produc\u0103torii de carne de pas\u0103re din Republica Moldova bat alarma c\u0103 afacerile le sunt afectate de faptul c\u0103 autorit\u0103\u0163ile nu au stabilit cote de import \u015fi pentru carnea din Ucraina a\u015fa cum au f\u0103cut-o cu lactatele, transmite <a href=\"http:\/\/www.ipn.md\/ro\/societate\" target=\"_blank\">ipn.md<\/a>.<\/strong><\/p>\n<p>\u00centr-o scrisoare a asocia\u0163iilor de produc\u0103tori agricoli, adresat\u0103 autorit\u0103\u0163ilor, se men\u0163ioneaz\u0103 c\u0103 ramura produc\u0103toare de carne de pas\u0103re se afl\u0103 \u00een pericol. <\/p>\n<p>Potrivit autorilor scrisorii, autorit\u0103\u0163ile au elaborat ini\u0163ial un proiect de hot\u0103r\u00e2re prin care se suspend\u0103 p\u00e2n\u0103 la finele anului exceptarea de taxe la importul de produse lactate \u015fi carne din Ucraina. \u00cens\u0103, \u00een varianta final\u0103, s-a exclus punctul cu referire la importul de carne \u015fi organe comestibile de p\u0103s\u0103ri, ceea ce nedumere\u015fte produc\u0103torii locali.<\/p>\n<p>Asocia\u0163iile de produc\u0103tori solicit\u0103 autorit\u0103\u0163ile ca cel pu\u0163in s\u0103 nu mai admit\u0103 autorizarea altor companii ucrainene, suplimentar la cele 3 care au deja autoriza\u0163ii de import de carne de pas\u0103re \u00een Moldova. <\/p>\n<p>\u201e<em>Cre\u015fterea exportului de carne de pas\u0103re din Ucraina \u00een Moldova va afecta ramura, deoarece produc\u0103torii autohtoni pot acoperi integral cererea<\/em>\u201d, se men\u0163ioneaz\u0103 \u00een scrisoare.<\/p>\n<p>Asocia\u0163iile de produc\u0103tori men\u0163ioneaz\u0103 c\u0103 majorarea importului de carne de pas\u0103re din Ucraina va duce la ceea c\u0103 se vor pierde circa 5 mii de locuri de munc\u0103 din ramura avicol\u0103 autohton\u0103.<\/p>\n","protected":false},"excerpt":{"rendered":"<p>Produc\u0103torii de carne de pas\u0103re din Republica Moldova bat alarma c\u0103 afacerile le sunt afectate de faptul c\u0103 autorit\u0103\u0163ile nu au stabilit cote de import \u015fi pentru carnea din Ucraina a\u015fa cum au f\u0103cut-o cu lactatele, transmite ipn.md. \u00centr-o scrisoare a asocia\u0163iilor de produc\u0103tori agricoli, adresat\u0103 autorit\u0103\u0163ilor, se men\u0163ioneaz\u0103 c\u0103 ramura produc\u0103toare de carne de [&hellip;]<\/p>\n","protected":false},"author":4,"featured_media":13662,"comment_status":"closed","ping_status":"closed","sticky":false,"template":"","format":"standard","meta":{"footnotes":""},"categories":[6349],"tags":[],"class_list":["post-13661","post","type-post","status-publish","format-standard","has-post-thumbnail","hentry","category-social"],"yoast_head":"<!-- This site is optimized with the Yoast SEO plugin v27.4 - https:\/\/yoast.com\/product\/yoast-seo-wordpress\/ -->\n<title>AVICULTORII DIN REPUBLICA MOLDOVA BAT ALARM\u0102 - BTV<\/title>\n<meta name=\"robots\" content=\"index, follow, max-snippet:-1, max-image-preview:large, max-video-preview:-1\" \/>\n<link rel=\"canonical\" href=\"https:\/\/www.btv.md\/ro\/avicultorii-din-republica-moldova-bat-alarma\/\" \/>\n<meta property=\"og:locale\" content=\"ro_RO\" \/>\n<meta property=\"og:type\" content=\"article\" \/>\n<meta property=\"og:title\" content=\"AVICULTORII DIN REPUBLICA MOLDOVA BAT ALARM\u0102 - BTV\" \/>\n<meta property=\"og:description\" content=\"Produc\u0103torii de carne de pas\u0103re din Republica Moldova bat alarma c\u0103 afacerile le sunt afectate de faptul c\u0103 autorit\u0103\u0163ile nu au stabilit cote de import \u015fi pentru carnea din Ucraina a\u015fa cum au f\u0103cut-o cu lactatele, transmite ipn.md. \u00centr-o scrisoare a asocia\u0163iilor de produc\u0103tori agricoli, adresat\u0103 autorit\u0103\u0163ilor, se men\u0163ioneaz\u0103 c\u0103 ramura produc\u0103toare de carne de [&hellip;]\" \/>\n<meta property=\"og:url\" content=\"https:\/\/www.btv.md\/ro\/avicultorii-din-republica-moldova-bat-alarma\/\" \/>\n<meta property=\"og:site_name\" content=\"BTV\" \/>\n<meta property=\"article:publisher\" content=\"https:\/\/www.facebook.com\/btvmoldova\/\" \/>\n<meta property=\"article:published_time\" content=\"2016-05-30T08:08:39+00:00\" \/>\n<meta property=\"og:image\" content=\"https:\/\/www.btv.md\/wp-content\/uploads\/2016\/05\/ferma-gaini-600x431.jpg\" \/>\n\t<meta property=\"og:image:width\" content=\"600\" \/>\n\t<meta property=\"og:image:height\" content=\"431\" \/>\n\t<meta property=\"og:image:type\" content=\"image\/jpeg\" \/>\n<meta name=\"author\" content=\"admin\" \/>\n<meta name=\"twitter:label1\" content=\"Scris de\" \/>\n\t<meta name=\"twitter:data1\" content=\"admin\" \/>\n\t<meta name=\"twitter:label2\" content=\"Timp estimat pentru citire\" \/>\n\t<meta name=\"twitter:data2\" content=\"1 minut\" \/>\n<script type=\"application\/ld+json\" class=\"yoast-schema-graph\">{\"@context\":\"https:\\\/\\\/schema.org\",\"@graph\":[{\"@type\":\"Article\",\"@id\":\"https:\\\/\\\/www.btv.md\\\/ro\\\/avicultorii-din-republica-moldova-bat-alarma\\\/#article\",\"isPartOf\":{\"@id\":\"https:\\\/\\\/www.btv.md\\\/ro\\\/avicultorii-din-republica-moldova-bat-alarma\\\/\"},\"author\":{\"name\":\"admin\",\"@id\":\"https:\\\/\\\/www.btv.md\\\/#\\\/schema\\\/person\\\/8fadce81561b3ce2c34c46dadc4ccbf2\"},\"headline\":\"AVICULTORII DIN REPUBLICA MOLDOVA BAT ALARM\u0102\",\"datePublished\":\"2016-05-30T08:08:39+00:00\",\"mainEntityOfPage\":{\"@id\":\"https:\\\/\\\/www.btv.md\\\/ro\\\/avicultorii-din-republica-moldova-bat-alarma\\\/\"},\"wordCount\":241,\"image\":{\"@id\":\"https:\\\/\\\/www.btv.md\\\/ro\\\/avicultorii-din-republica-moldova-bat-alarma\\\/#primaryimage\"},\"thumbnailUrl\":\"https:\\\/\\\/www.btv.md\\\/wp-content\\\/uploads\\\/2016\\\/05\\\/ferma-gaini-600x431.jpg\",\"articleSection\":[\"Social\"],\"inLanguage\":\"ro-RO\"},{\"@type\":\"WebPage\",\"@id\":\"https:\\\/\\\/www.btv.md\\\/ro\\\/avicultorii-din-republica-moldova-bat-alarma\\\/\",\"url\":\"https:\\\/\\\/www.btv.md\\\/ro\\\/avicultorii-din-republica-moldova-bat-alarma\\\/\",\"name\":\"AVICULTORII DIN REPUBLICA MOLDOVA BAT ALARM\u0102 - BTV\",\"isPartOf\":{\"@id\":\"https:\\\/\\\/www.btv.md\\\/#website\"},\"primaryImageOfPage\":{\"@id\":\"https:\\\/\\\/www.btv.md\\\/ro\\\/avicultorii-din-republica-moldova-bat-alarma\\\/#primaryimage\"},\"image\":{\"@id\":\"https:\\\/\\\/www.btv.md\\\/ro\\\/avicultorii-din-republica-moldova-bat-alarma\\\/#primaryimage\"},\"thumbnailUrl\":\"https:\\\/\\\/www.btv.md\\\/wp-content\\\/uploads\\\/2016\\\/05\\\/ferma-gaini-600x431.jpg\",\"datePublished\":\"2016-05-30T08:08:39+00:00\",\"author\":{\"@id\":\"https:\\\/\\\/www.btv.md\\\/#\\\/schema\\\/person\\\/8fadce81561b3ce2c34c46dadc4ccbf2\"},\"inLanguage\":\"ro-RO\",\"potentialAction\":[{\"@type\":\"ReadAction\",\"target\":[\"https:\\\/\\\/www.btv.md\\\/ro\\\/avicultorii-din-republica-moldova-bat-alarma\\\/\"]}]},{\"@type\":\"ImageObject\",\"inLanguage\":\"ro-RO\",\"@id\":\"https:\\\/\\\/www.btv.md\\\/ro\\\/avicultorii-din-republica-moldova-bat-alarma\\\/#primaryimage\",\"url\":\"https:\\\/\\\/www.btv.md\\\/wp-content\\\/uploads\\\/2016\\\/05\\\/ferma-gaini-600x431.jpg\",\"contentUrl\":\"https:\\\/\\\/www.btv.md\\\/wp-content\\\/uploads\\\/2016\\\/05\\\/ferma-gaini-600x431.jpg\",\"width\":600,\"height\":431},{\"@type\":\"WebSite\",\"@id\":\"https:\\\/\\\/www.btv.md\\\/#website\",\"url\":\"https:\\\/\\\/www.btv.md\\\/\",\"name\":\"BTV\",\"description\":\"\u0411\u0435\u043b\u044c\u0446\u043a\u043e\u0435 \u0442\u0435\u043b\u0435\u0432\u0438\u0434\u0435\u043d\u0438\u0435\",\"potentialAction\":[{\"@type\":\"SearchAction\",\"target\":{\"@type\":\"EntryPoint\",\"urlTemplate\":\"https:\\\/\\\/www.btv.md\\\/?s={search_term_string}\"},\"query-input\":{\"@type\":\"PropertyValueSpecification\",\"valueRequired\":true,\"valueName\":\"search_term_string\"}}],\"inLanguage\":\"ro-RO\"},{\"@type\":\"Person\",\"@id\":\"https:\\\/\\\/www.btv.md\\\/#\\\/schema\\\/person\\\/8fadce81561b3ce2c34c46dadc4ccbf2\",\"name\":\"admin\"}]}<\/script>\n<!-- \/ Yoast SEO plugin. -->","yoast_head_json":{"title":"AVICULTORII DIN REPUBLICA MOLDOVA BAT ALARM\u0102 - BTV","robots":{"index":"index","follow":"follow","max-snippet":"max-snippet:-1","max-image-preview":"max-image-preview:large","max-video-preview":"max-video-preview:-1"},"canonical":"https:\/\/www.btv.md\/ro\/avicultorii-din-republica-moldova-bat-alarma\/","og_locale":"ro_RO","og_type":"article","og_title":"AVICULTORII DIN REPUBLICA MOLDOVA BAT ALARM\u0102 - BTV","og_description":"Produc\u0103torii de carne de pas\u0103re din Republica Moldova bat alarma c\u0103 afacerile le sunt afectate de faptul c\u0103 autorit\u0103\u0163ile nu au stabilit cote de import \u015fi pentru carnea din Ucraina a\u015fa cum au f\u0103cut-o cu lactatele, transmite ipn.md. \u00centr-o scrisoare a asocia\u0163iilor de produc\u0103tori agricoli, adresat\u0103 autorit\u0103\u0163ilor, se men\u0163ioneaz\u0103 c\u0103 ramura produc\u0103toare de carne de [&hellip;]","og_url":"https:\/\/www.btv.md\/ro\/avicultorii-din-republica-moldova-bat-alarma\/","og_site_name":"BTV","article_publisher":"https:\/\/www.facebook.com\/btvmoldova\/","article_published_time":"2016-05-30T08:08:39+00:00","og_image":[{"width":600,"height":431,"url":"https:\/\/www.btv.md\/wp-content\/uploads\/2016\/05\/ferma-gaini-600x431.jpg","type":"image\/jpeg"}],"author":"admin","twitter_misc":{"Scris de":"admin","Timp estimat pentru citire":"1 minut"},"schema":{"@context":"https:\/\/schema.org","@graph":[{"@type":"Article","@id":"https:\/\/www.btv.md\/ro\/avicultorii-din-republica-moldova-bat-alarma\/#article","isPartOf":{"@id":"https:\/\/www.btv.md\/ro\/avicultorii-din-republica-moldova-bat-alarma\/"},"author":{"name":"admin","@id":"https:\/\/www.btv.md\/#\/schema\/person\/8fadce81561b3ce2c34c46dadc4ccbf2"},"headline":"AVICULTORII DIN REPUBLICA MOLDOVA BAT ALARM\u0102","datePublished":"2016-05-30T08:08:39+00:00","mainEntityOfPage":{"@id":"https:\/\/www.btv.md\/ro\/avicultorii-din-republica-moldova-bat-alarma\/"},"wordCount":241,"image":{"@id":"https:\/\/www.btv.md\/ro\/avicultorii-din-republica-moldova-bat-alarma\/#primaryimage"},"thumbnailUrl":"https:\/\/www.btv.md\/wp-content\/uploads\/2016\/05\/ferma-gaini-600x431.jpg","articleSection":["Social"],"inLanguage":"ro-RO"},{"@type":"WebPage","@id":"https:\/\/www.btv.md\/ro\/avicultorii-din-republica-moldova-bat-alarma\/","url":"https:\/\/www.btv.md\/ro\/avicultorii-din-republica-moldova-bat-alarma\/","name":"AVICULTORII DIN REPUBLICA MOLDOVA BAT ALARM\u0102 - BTV","isPartOf":{"@id":"https:\/\/www.btv.md\/#website"},"primaryImageOfPage":{"@id":"https:\/\/www.btv.md\/ro\/avicultorii-din-republica-moldova-bat-alarma\/#primaryimage"},"image":{"@id":"https:\/\/www.btv.md\/ro\/avicultorii-din-republica-moldova-bat-alarma\/#primaryimage"},"thumbnailUrl":"https:\/\/www.btv.md\/wp-content\/uploads\/2016\/05\/ferma-gaini-600x431.jpg","datePublished":"2016-05-30T08:08:39+00:00","author":{"@id":"https:\/\/www.btv.md\/#\/schema\/person\/8fadce81561b3ce2c34c46dadc4ccbf2"},"inLanguage":"ro-RO","potentialAction":[{"@type":"ReadAction","target":["https:\/\/www.btv.md\/ro\/avicultorii-din-republica-moldova-bat-alarma\/"]}]},{"@type":"ImageObject","inLanguage":"ro-RO","@id":"https:\/\/www.btv.md\/ro\/avicultorii-din-republica-moldova-bat-alarma\/#primaryimage","url":"https:\/\/www.btv.md\/wp-content\/uploads\/2016\/05\/ferma-gaini-600x431.jpg","contentUrl":"https:\/\/www.btv.md\/wp-content\/uploads\/2016\/05\/ferma-gaini-600x431.jpg","width":600,"height":431},{"@type":"WebSite","@id":"https:\/\/www.btv.md\/#website","url":"https:\/\/www.btv.md\/","name":"BTV","description":"\u0411\u0435\u043b\u044c\u0446\u043a\u043e\u0435 \u0442\u0435\u043b\u0435\u0432\u0438\u0434\u0435\u043d\u0438\u0435","potentialAction":[{"@type":"SearchAction","target":{"@type":"EntryPoint","urlTemplate":"https:\/\/www.btv.md\/?s={search_term_string}"},"query-input":{"@type":"PropertyValueSpecification","valueRequired":true,"valueName":"search_term_string"}}],"inLanguage":"ro-RO"},{"@type":"Person","@id":"https:\/\/www.btv.md\/#\/schema\/person\/8fadce81561b3ce2c34c46dadc4ccbf2","name":"admin"}]}},"_links":{"self":[{"href":"https:\/\/www.btv.md\/ro\/wp-json\/wp\/v2\/posts\/13661","targetHints":{"allow":["GET"]}}],"collection":[{"href":"https:\/\/www.btv.md\/ro\/wp-json\/wp\/v2\/posts"}],"about":[{"href":"https:\/\/www.btv.md\/ro\/wp-json\/wp\/v2\/types\/post"}],"author":[{"embeddable":true,"href":"https:\/\/www.btv.md\/ro\/wp-json\/wp\/v2\/users\/4"}],"replies":[{"embeddable":true,"href":"https:\/\/www.btv.md\/ro\/wp-json\/wp\/v2\/comments?post=13661"}],"version-history":[{"count":0,"href":"https:\/\/www.btv.md\/ro\/wp-json\/wp\/v2\/posts\/13661\/revisions"}],"wp:featuredmedia":[{"embeddable":true,"href":"https:\/\/www.btv.md\/ro\/wp-json\/wp\/v2\/media\/13662"}],"wp:attachment":[{"href":"https:\/\/www.btv.md\/ro\/wp-json\/wp\/v2\/media?parent=13661"}],"wp:term":[{"taxonomy":"category","embeddable":true,"href":"https:\/\/www.btv.md\/ro\/wp-json\/wp\/v2\/categories?post=13661"},{"taxonomy":"post_tag","embeddable":true,"href":"https:\/\/www.btv.md\/ro\/wp-json\/wp\/v2\/tags?post=13661"}],"curies":[{"name":"wp","href":"https:\/\/api.w.org\/{rel}","templated":true}]}}