{"id":137152,"date":"2021-07-16T16:26:38","date_gmt":"2021-07-16T13:26:38","guid":{"rendered":"https:\/\/www.btv.md\/?p=137152"},"modified":"2021-07-16T16:26:38","modified_gmt":"2021-07-16T13:26:38","slug":"start-campionatului-de-canotaj-pentru-prima-data-turneul-se-desfasoara-la-balti","status":"publish","type":"post","link":"https:\/\/www.btv.md\/ro\/start-campionatului-de-canotaj-pentru-prima-data-turneul-se-desfasoara-la-balti\/","title":{"rendered":"Start Campionatului de canotaj: Pentru prima dat\u0103, turneul se desf\u0103\u0219oar\u0103 la B\u0103l\u021bi"},"content":{"rendered":"<p><strong>S-a dat start Campionatului Mondial de Canotaj pentru Juniori. Evenimentul a avut loc ast\u0103zi,16 iulie. Pentru prima dat\u0103 acesta se va desf\u0103\u0219ura \u00een municipiul B\u0103l\u021bi. La turneu particip\u0103 circa 130 de sportivi din Dub\u0103sari, Bender, Chi\u0219in\u0103u, R\u00eebni\u021ba, Tiraspol, Grigoriopol \u0219i B\u0103l\u021bi. Potrivit pre\u0219edintelui Federa\u021biei de Caiac &#8211; Canoe din Moldova Andrei Hiora, canalul de canotaj corespunde parametrilor \u0219i standardelor necesare.<\/strong><\/p>\n<div style=\"width: 640px;\" class=\"wp-video\"><video class=\"wp-video-shortcode\" id=\"video-137152-1\" width=\"640\" height=\"360\" preload=\"metadata\" controls=\"controls\"><source type=\"video\/mp4\" src=\"https:\/\/media.btv.md\/2021\/07\/16\/16.07%20greblya%202_md.mp4?_=1\" \/><a href=\"https:\/\/media.btv.md\/2021\/07\/16\/16.07%20greblya%202_md.mp4\">https:\/\/media.btv.md\/2021\/07\/16\/16.07%20greblya%202_md.mp4<\/a><\/video><\/div>\n<p>Timp de trei zile, v\u00e2sla\u0219ii vor concura pe trei distan\u021be: 200 de metri, 500 de metri \u0219i 1000 de metri.<\/p>\n<p>Potrivit antrenorului echipei din B\u0103l\u021bi, Dumitru Nicolaev, aproximativ 30 de v\u00e2sla\u0219i vor reprezenta ora\u0219ul B\u0103l\u021bi la acest turneu. Preg\u0103tirea pentru campionat a avut loc prin antrenamente zilnice \u0219i intense.<\/p>\n<p>Potrivit \u0219efului departamentului Educa\u021bie, Tineret \u0219i Sport din mun. B\u0103l\u021bi Iuri Dmitracov, organizarea unor astfel de campionate contribuie la dezvoltarea \u0219i promovarea unui stil de via\u021b\u0103 s\u0103n\u0103tos \u00een r\u00e2ndul tinerei genera\u021bii.<\/p>\n<p>Turneul este organizat \u0219i desf\u0103\u0219urat cu suportul prim\u0103riei B\u0103l\u021bi \u0219i resursele lui Renato Usat\u00eei. Din care a fost amenajat teritoriul adiacent canalului, a fost asiguratp prezen\u021ba lucr\u0103torilor medicali, prezen\u021ba unei b\u0103rci de salvare, zone pentru parcarea ma\u0219inilor \u0219i desc\u0103rcarea b\u0103rcilor; a asigurat corturi pentru munca antrenorilor \u0219i juriului \u0219i au fost instalate co\u0219uri de gunoi \u0219i veceuri mobile.<\/p>\n","protected":false},"excerpt":{"rendered":"<p>S-a dat start Campionatului Mondial de Canotaj pentru Juniori. Evenimentul a avut loc ast\u0103zi,16 iulie. Pentru prima dat\u0103 acesta se va desf\u0103\u0219ura \u00een municipiul B\u0103l\u021bi. La turneu particip\u0103 circa 130 de sportivi din Dub\u0103sari, Bender, Chi\u0219in\u0103u, R\u00eebni\u021ba, Tiraspol, Grigoriopol \u0219i B\u0103l\u021bi. Potrivit pre\u0219edintelui Federa\u021biei de Caiac &#8211; Canoe din Moldova Andrei Hiora, canalul de canotaj [&hellip;]<\/p>\n","protected":false},"author":4,"featured_media":137153,"comment_status":"closed","ping_status":"closed","sticky":false,"template":"","format":"standard","meta":{"footnotes":""},"categories":[6353],"tags":[27842,27843],"class_list":["post-137152","post","type-post","status-publish","format-standard","has-post-thumbnail","hentry","category-oras","tag-start-campionatului-de-canotaj-pentru-prima-data","tag-turneul-se-desfasoara-la-balti"],"yoast_head":"<!-- This site is optimized with the Yoast SEO plugin v27.4 - https:\/\/yoast.com\/product\/yoast-seo-wordpress\/ -->\n<title>Start Campionatului de canotaj: Pentru prima dat\u0103, turneul se desf\u0103\u0219oar\u0103 la B\u0103l\u021bi - BTV<\/title>\n<meta name=\"robots\" content=\"index, follow, max-snippet:-1, max-image-preview:large, max-video-preview:-1\" \/>\n<link rel=\"canonical\" href=\"https:\/\/www.btv.md\/ro\/amp\/start-campionatului-de-canotaj-pentru-prima-data-turneul-se-desfasoara-la-balti\/\" \/>\n<meta property=\"og:locale\" content=\"ro_RO\" \/>\n<meta property=\"og:type\" content=\"article\" \/>\n<meta property=\"og:title\" content=\"Start Campionatului de canotaj: Pentru prima dat\u0103, turneul se desf\u0103\u0219oar\u0103 la B\u0103l\u021bi - BTV\" \/>\n<meta property=\"og:description\" content=\"S-a dat start Campionatului Mondial de Canotaj pentru Juniori. Evenimentul a avut loc ast\u0103zi,16 iulie. Pentru prima dat\u0103 acesta se va desf\u0103\u0219ura \u00een municipiul B\u0103l\u021bi. La turneu particip\u0103 circa 130 de sportivi din Dub\u0103sari, Bender, Chi\u0219in\u0103u, R\u00eebni\u021ba, Tiraspol, Grigoriopol \u0219i B\u0103l\u021bi. Potrivit pre\u0219edintelui Federa\u021biei de Caiac &#8211; Canoe din Moldova Andrei Hiora, canalul de canotaj [&hellip;]\" \/>\n<meta property=\"og:url\" content=\"https:\/\/www.btv.md\/ro\/amp\/start-campionatului-de-canotaj-pentru-prima-data-turneul-se-desfasoara-la-balti\/\" \/>\n<meta property=\"og:site_name\" content=\"BTV\" \/>\n<meta property=\"article:publisher\" content=\"https:\/\/www.facebook.com\/btvmoldova\/\" \/>\n<meta property=\"article:published_time\" content=\"2021-07-16T13:26:38+00:00\" \/>\n<meta property=\"og:image\" content=\"https:\/\/www.btv.md\/wp-content\/uploads\/2021\/07\/g1.jpg\" \/>\n\t<meta property=\"og:image:width\" content=\"1920\" \/>\n\t<meta property=\"og:image:height\" content=\"1080\" \/>\n\t<meta property=\"og:image:type\" content=\"image\/jpeg\" \/>\n<meta name=\"author\" content=\"admin\" \/>\n<meta name=\"twitter:label1\" content=\"Scris de\" \/>\n\t<meta name=\"twitter:data1\" content=\"admin\" \/>\n\t<meta name=\"twitter:label2\" content=\"Timp estimat pentru citire\" \/>\n\t<meta name=\"twitter:data2\" content=\"1 minut\" \/>\n<script type=\"application\/ld+json\" class=\"yoast-schema-graph\">{\"@context\":\"https:\\\/\\\/schema.org\",\"@graph\":[{\"@type\":\"Article\",\"@id\":\"https:\\\/\\\/www.btv.md\\\/ro\\\/amp\\\/start-campionatului-de-canotaj-pentru-prima-data-turneul-se-desfasoara-la-balti\\\/#article\",\"isPartOf\":{\"@id\":\"https:\\\/\\\/www.btv.md\\\/ro\\\/amp\\\/start-campionatului-de-canotaj-pentru-prima-data-turneul-se-desfasoara-la-balti\\\/\"},\"author\":{\"name\":\"admin\",\"@id\":\"https:\\\/\\\/www.btv.md\\\/#\\\/schema\\\/person\\\/8fadce81561b3ce2c34c46dadc4ccbf2\"},\"headline\":\"Start Campionatului de canotaj: Pentru prima dat\u0103, turneul se desf\u0103\u0219oar\u0103 la B\u0103l\u021bi\",\"datePublished\":\"2021-07-16T13:26:38+00:00\",\"mainEntityOfPage\":{\"@id\":\"https:\\\/\\\/www.btv.md\\\/ro\\\/amp\\\/start-campionatului-de-canotaj-pentru-prima-data-turneul-se-desfasoara-la-balti\\\/\"},\"wordCount\":259,\"image\":{\"@id\":\"https:\\\/\\\/www.btv.md\\\/ro\\\/amp\\\/start-campionatului-de-canotaj-pentru-prima-data-turneul-se-desfasoara-la-balti\\\/#primaryimage\"},\"thumbnailUrl\":\"https:\\\/\\\/www.btv.md\\\/wp-content\\\/uploads\\\/2021\\\/07\\\/g1.jpg\",\"keywords\":[\"Start Campionatului de canotaj: Pentru prima dat\u0103\",\"turneul se desf\u0103\u0219oar\u0103 la B\u0103l\u021bi\"],\"articleSection\":[\"Ora\u0219\"],\"inLanguage\":\"ro-RO\"},{\"@type\":\"WebPage\",\"@id\":\"https:\\\/\\\/www.btv.md\\\/ro\\\/amp\\\/start-campionatului-de-canotaj-pentru-prima-data-turneul-se-desfasoara-la-balti\\\/\",\"url\":\"https:\\\/\\\/www.btv.md\\\/ro\\\/amp\\\/start-campionatului-de-canotaj-pentru-prima-data-turneul-se-desfasoara-la-balti\\\/\",\"name\":\"Start Campionatului de canotaj: Pentru prima dat\u0103, turneul se desf\u0103\u0219oar\u0103 la B\u0103l\u021bi - BTV\",\"isPartOf\":{\"@id\":\"https:\\\/\\\/www.btv.md\\\/#website\"},\"primaryImageOfPage\":{\"@id\":\"https:\\\/\\\/www.btv.md\\\/ro\\\/amp\\\/start-campionatului-de-canotaj-pentru-prima-data-turneul-se-desfasoara-la-balti\\\/#primaryimage\"},\"image\":{\"@id\":\"https:\\\/\\\/www.btv.md\\\/ro\\\/amp\\\/start-campionatului-de-canotaj-pentru-prima-data-turneul-se-desfasoara-la-balti\\\/#primaryimage\"},\"thumbnailUrl\":\"https:\\\/\\\/www.btv.md\\\/wp-content\\\/uploads\\\/2021\\\/07\\\/g1.jpg\",\"datePublished\":\"2021-07-16T13:26:38+00:00\",\"author\":{\"@id\":\"https:\\\/\\\/www.btv.md\\\/#\\\/schema\\\/person\\\/8fadce81561b3ce2c34c46dadc4ccbf2\"},\"inLanguage\":\"ro-RO\",\"potentialAction\":[{\"@type\":\"ReadAction\",\"target\":[\"https:\\\/\\\/www.btv.md\\\/ro\\\/amp\\\/start-campionatului-de-canotaj-pentru-prima-data-turneul-se-desfasoara-la-balti\\\/\"]}]},{\"@type\":\"ImageObject\",\"inLanguage\":\"ro-RO\",\"@id\":\"https:\\\/\\\/www.btv.md\\\/ro\\\/amp\\\/start-campionatului-de-canotaj-pentru-prima-data-turneul-se-desfasoara-la-balti\\\/#primaryimage\",\"url\":\"https:\\\/\\\/www.btv.md\\\/wp-content\\\/uploads\\\/2021\\\/07\\\/g1.jpg\",\"contentUrl\":\"https:\\\/\\\/www.btv.md\\\/wp-content\\\/uploads\\\/2021\\\/07\\\/g1.jpg\",\"width\":1920,\"height\":1080},{\"@type\":\"WebSite\",\"@id\":\"https:\\\/\\\/www.btv.md\\\/#website\",\"url\":\"https:\\\/\\\/www.btv.md\\\/\",\"name\":\"BTV\",\"description\":\"\u0411\u0435\u043b\u044c\u0446\u043a\u043e\u0435 \u0442\u0435\u043b\u0435\u0432\u0438\u0434\u0435\u043d\u0438\u0435\",\"potentialAction\":[{\"@type\":\"SearchAction\",\"target\":{\"@type\":\"EntryPoint\",\"urlTemplate\":\"https:\\\/\\\/www.btv.md\\\/?s={search_term_string}\"},\"query-input\":{\"@type\":\"PropertyValueSpecification\",\"valueRequired\":true,\"valueName\":\"search_term_string\"}}],\"inLanguage\":\"ro-RO\"},{\"@type\":\"Person\",\"@id\":\"https:\\\/\\\/www.btv.md\\\/#\\\/schema\\\/person\\\/8fadce81561b3ce2c34c46dadc4ccbf2\",\"name\":\"admin\"}]}<\/script>\n<!-- \/ Yoast SEO plugin. -->","yoast_head_json":{"title":"Start Campionatului de canotaj: Pentru prima dat\u0103, turneul se desf\u0103\u0219oar\u0103 la B\u0103l\u021bi - BTV","robots":{"index":"index","follow":"follow","max-snippet":"max-snippet:-1","max-image-preview":"max-image-preview:large","max-video-preview":"max-video-preview:-1"},"canonical":"https:\/\/www.btv.md\/ro\/amp\/start-campionatului-de-canotaj-pentru-prima-data-turneul-se-desfasoara-la-balti\/","og_locale":"ro_RO","og_type":"article","og_title":"Start Campionatului de canotaj: Pentru prima dat\u0103, turneul se desf\u0103\u0219oar\u0103 la B\u0103l\u021bi - BTV","og_description":"S-a dat start Campionatului Mondial de Canotaj pentru Juniori. Evenimentul a avut loc ast\u0103zi,16 iulie. Pentru prima dat\u0103 acesta se va desf\u0103\u0219ura \u00een municipiul B\u0103l\u021bi. La turneu particip\u0103 circa 130 de sportivi din Dub\u0103sari, Bender, Chi\u0219in\u0103u, R\u00eebni\u021ba, Tiraspol, Grigoriopol \u0219i B\u0103l\u021bi. Potrivit pre\u0219edintelui Federa\u021biei de Caiac &#8211; Canoe din Moldova Andrei Hiora, canalul de canotaj [&hellip;]","og_url":"https:\/\/www.btv.md\/ro\/amp\/start-campionatului-de-canotaj-pentru-prima-data-turneul-se-desfasoara-la-balti\/","og_site_name":"BTV","article_publisher":"https:\/\/www.facebook.com\/btvmoldova\/","article_published_time":"2021-07-16T13:26:38+00:00","og_image":[{"width":1920,"height":1080,"url":"https:\/\/www.btv.md\/wp-content\/uploads\/2021\/07\/g1.jpg","type":"image\/jpeg"}],"author":"admin","twitter_misc":{"Scris de":"admin","Timp estimat pentru citire":"1 minut"},"schema":{"@context":"https:\/\/schema.org","@graph":[{"@type":"Article","@id":"https:\/\/www.btv.md\/ro\/amp\/start-campionatului-de-canotaj-pentru-prima-data-turneul-se-desfasoara-la-balti\/#article","isPartOf":{"@id":"https:\/\/www.btv.md\/ro\/amp\/start-campionatului-de-canotaj-pentru-prima-data-turneul-se-desfasoara-la-balti\/"},"author":{"name":"admin","@id":"https:\/\/www.btv.md\/#\/schema\/person\/8fadce81561b3ce2c34c46dadc4ccbf2"},"headline":"Start Campionatului de canotaj: Pentru prima dat\u0103, turneul se desf\u0103\u0219oar\u0103 la B\u0103l\u021bi","datePublished":"2021-07-16T13:26:38+00:00","mainEntityOfPage":{"@id":"https:\/\/www.btv.md\/ro\/amp\/start-campionatului-de-canotaj-pentru-prima-data-turneul-se-desfasoara-la-balti\/"},"wordCount":259,"image":{"@id":"https:\/\/www.btv.md\/ro\/amp\/start-campionatului-de-canotaj-pentru-prima-data-turneul-se-desfasoara-la-balti\/#primaryimage"},"thumbnailUrl":"https:\/\/www.btv.md\/wp-content\/uploads\/2021\/07\/g1.jpg","keywords":["Start Campionatului de canotaj: Pentru prima dat\u0103","turneul se desf\u0103\u0219oar\u0103 la B\u0103l\u021bi"],"articleSection":["Ora\u0219"],"inLanguage":"ro-RO"},{"@type":"WebPage","@id":"https:\/\/www.btv.md\/ro\/amp\/start-campionatului-de-canotaj-pentru-prima-data-turneul-se-desfasoara-la-balti\/","url":"https:\/\/www.btv.md\/ro\/amp\/start-campionatului-de-canotaj-pentru-prima-data-turneul-se-desfasoara-la-balti\/","name":"Start Campionatului de canotaj: Pentru prima dat\u0103, turneul se desf\u0103\u0219oar\u0103 la B\u0103l\u021bi - BTV","isPartOf":{"@id":"https:\/\/www.btv.md\/#website"},"primaryImageOfPage":{"@id":"https:\/\/www.btv.md\/ro\/amp\/start-campionatului-de-canotaj-pentru-prima-data-turneul-se-desfasoara-la-balti\/#primaryimage"},"image":{"@id":"https:\/\/www.btv.md\/ro\/amp\/start-campionatului-de-canotaj-pentru-prima-data-turneul-se-desfasoara-la-balti\/#primaryimage"},"thumbnailUrl":"https:\/\/www.btv.md\/wp-content\/uploads\/2021\/07\/g1.jpg","datePublished":"2021-07-16T13:26:38+00:00","author":{"@id":"https:\/\/www.btv.md\/#\/schema\/person\/8fadce81561b3ce2c34c46dadc4ccbf2"},"inLanguage":"ro-RO","potentialAction":[{"@type":"ReadAction","target":["https:\/\/www.btv.md\/ro\/amp\/start-campionatului-de-canotaj-pentru-prima-data-turneul-se-desfasoara-la-balti\/"]}]},{"@type":"ImageObject","inLanguage":"ro-RO","@id":"https:\/\/www.btv.md\/ro\/amp\/start-campionatului-de-canotaj-pentru-prima-data-turneul-se-desfasoara-la-balti\/#primaryimage","url":"https:\/\/www.btv.md\/wp-content\/uploads\/2021\/07\/g1.jpg","contentUrl":"https:\/\/www.btv.md\/wp-content\/uploads\/2021\/07\/g1.jpg","width":1920,"height":1080},{"@type":"WebSite","@id":"https:\/\/www.btv.md\/#website","url":"https:\/\/www.btv.md\/","name":"BTV","description":"\u0411\u0435\u043b\u044c\u0446\u043a\u043e\u0435 \u0442\u0435\u043b\u0435\u0432\u0438\u0434\u0435\u043d\u0438\u0435","potentialAction":[{"@type":"SearchAction","target":{"@type":"EntryPoint","urlTemplate":"https:\/\/www.btv.md\/?s={search_term_string}"},"query-input":{"@type":"PropertyValueSpecification","valueRequired":true,"valueName":"search_term_string"}}],"inLanguage":"ro-RO"},{"@type":"Person","@id":"https:\/\/www.btv.md\/#\/schema\/person\/8fadce81561b3ce2c34c46dadc4ccbf2","name":"admin"}]}},"_links":{"self":[{"href":"https:\/\/www.btv.md\/ro\/wp-json\/wp\/v2\/posts\/137152","targetHints":{"allow":["GET"]}}],"collection":[{"href":"https:\/\/www.btv.md\/ro\/wp-json\/wp\/v2\/posts"}],"about":[{"href":"https:\/\/www.btv.md\/ro\/wp-json\/wp\/v2\/types\/post"}],"author":[{"embeddable":true,"href":"https:\/\/www.btv.md\/ro\/wp-json\/wp\/v2\/users\/4"}],"replies":[{"embeddable":true,"href":"https:\/\/www.btv.md\/ro\/wp-json\/wp\/v2\/comments?post=137152"}],"version-history":[{"count":0,"href":"https:\/\/www.btv.md\/ro\/wp-json\/wp\/v2\/posts\/137152\/revisions"}],"wp:featuredmedia":[{"embeddable":true,"href":"https:\/\/www.btv.md\/ro\/wp-json\/wp\/v2\/media\/137153"}],"wp:attachment":[{"href":"https:\/\/www.btv.md\/ro\/wp-json\/wp\/v2\/media?parent=137152"}],"wp:term":[{"taxonomy":"category","embeddable":true,"href":"https:\/\/www.btv.md\/ro\/wp-json\/wp\/v2\/categories?post=137152"},{"taxonomy":"post_tag","embeddable":true,"href":"https:\/\/www.btv.md\/ro\/wp-json\/wp\/v2\/tags?post=137152"}],"curies":[{"name":"wp","href":"https:\/\/api.w.org\/{rel}","templated":true}]}}