{"id":137161,"date":"2021-07-16T16:36:37","date_gmt":"2021-07-16T13:36:37","guid":{"rendered":"https:\/\/www.btv.md\/?p=137161"},"modified":"2021-07-16T16:36:37","modified_gmt":"2021-07-16T13:36:37","slug":"maia-sandu-merge-intr-o-vizita-oficiala-in-georgia","status":"publish","type":"post","link":"https:\/\/www.btv.md\/ro\/maia-sandu-merge-intr-o-vizita-oficiala-in-georgia\/","title":{"rendered":"Maia Sandu merge \u00eentr-o vizit\u0103 oficial\u0103 \u00een Georgia"},"content":{"rendered":"<p><strong>Pre\u0219edinta Republicii Moldova, Maia Sandu, va efectua o vizit\u0103 de lucru \u00een Georgia \u00een perioada 19-20 iulie. Anun\u021bul a fost f\u0103cut de institu\u021bia preziden\u021bial\u0103 prin intermediul unui comunicat de pres\u0103, transmite <a href=\"https:\/\/tv8.md\/2021\/07\/16\/maia-sandu-merge-intr-o-vizita-oficiala-in-georgia-oficialii-cu-care-va-avea-intrevederi-si-discutii\/\">tv8.md<\/a>.<\/strong><\/p>\n<p>\u00cen cadrul acesteia, \u0219efa statului va participa la cea de-a 17-ea edi\u021bie a Conferin\u021bei interna\u021bionale de la Batumi, \u00een panelul de deschidere, cu genericul \u201eTrei state \u2013 o singur\u0103 alegere: Georgia, Moldova \u0219i Ucraina \u00een mi\u0219care\u201d.<\/p>\n<p>Scopul evenimentului este de a \u00eembun\u0103t\u0103\u021bi cooperarea dintre cei trei parteneri asocia\u021bi ai Uniunii Europene \u2013 Republica Moldova, Georgia \u0219i Ucraina.<\/p>\n<p>De asemenea, la Batumi, Pre\u0219edinta Maia Sandu urmeaz\u0103 s\u0103 aib\u0103 \u00eentrevederi cu Pre\u0219edinta Georgiei, Salome Zourabichvili, cu Pre\u0219edintele ucrainean, Volodymyr Zeleskyy, precum \u0219i cu Pre\u0219edintele Consiliului European, Charles Michel.\u00a0Ultima vizit\u0103 a \u0219efei statului a fost \u00een Italia \u0219i Polonia, la 21 iunie.<\/p>\n<p>Foto: tv8.md.<\/p>\n","protected":false},"excerpt":{"rendered":"<p>Pre\u0219edinta Republicii Moldova, Maia Sandu, va efectua o vizit\u0103 de lucru \u00een Georgia \u00een perioada 19-20 iulie. Anun\u021bul a fost f\u0103cut de institu\u021bia preziden\u021bial\u0103 prin intermediul unui comunicat de pres\u0103, transmite tv8.md. \u00cen cadrul acesteia, \u0219efa statului va participa la cea de-a 17-ea edi\u021bie a Conferin\u021bei interna\u021bionale de la Batumi, \u00een panelul de deschidere, cu [&hellip;]<\/p>\n","protected":false},"author":4,"featured_media":137162,"comment_status":"closed","ping_status":"closed","sticky":false,"template":"","format":"standard","meta":{"footnotes":""},"categories":[6368],"tags":[27845],"class_list":["post-137161","post","type-post","status-publish","format-standard","has-post-thumbnail","hentry","category-politica-ro","tag-maia-sandu-merge-intr-o-vizita-oficiala-in-georgia"],"yoast_head":"<!-- This site is optimized with the Yoast SEO plugin v27.4 - https:\/\/yoast.com\/product\/yoast-seo-wordpress\/ -->\n<title>Maia Sandu merge \u00eentr-o vizit\u0103 oficial\u0103 \u00een Georgia - BTV<\/title>\n<meta name=\"robots\" content=\"index, follow, max-snippet:-1, max-image-preview:large, max-video-preview:-1\" \/>\n<link rel=\"canonical\" href=\"https:\/\/www.btv.md\/ro\/maia-sandu-merge-intr-o-vizita-oficiala-in-georgia\/\" \/>\n<meta property=\"og:locale\" content=\"ro_RO\" \/>\n<meta property=\"og:type\" content=\"article\" \/>\n<meta property=\"og:title\" content=\"Maia Sandu merge \u00eentr-o vizit\u0103 oficial\u0103 \u00een Georgia - BTV\" \/>\n<meta property=\"og:description\" content=\"Pre\u0219edinta Republicii Moldova, Maia Sandu, va efectua o vizit\u0103 de lucru \u00een Georgia \u00een perioada 19-20 iulie. Anun\u021bul a fost f\u0103cut de institu\u021bia preziden\u021bial\u0103 prin intermediul unui comunicat de pres\u0103, transmite tv8.md. \u00cen cadrul acesteia, \u0219efa statului va participa la cea de-a 17-ea edi\u021bie a Conferin\u021bei interna\u021bionale de la Batumi, \u00een panelul de deschidere, cu [&hellip;]\" \/>\n<meta property=\"og:url\" content=\"https:\/\/www.btv.md\/ro\/maia-sandu-merge-intr-o-vizita-oficiala-in-georgia\/\" \/>\n<meta property=\"og:site_name\" content=\"BTV\" \/>\n<meta property=\"article:publisher\" content=\"https:\/\/www.facebook.com\/btvmoldova\/\" \/>\n<meta property=\"article:published_time\" content=\"2021-07-16T13:36:37+00:00\" \/>\n<meta property=\"og:image\" content=\"https:\/\/www.btv.md\/wp-content\/uploads\/2021\/07\/144654723_1512719098936704_2682430195247565951_n-e1625150086784-1280x720-1.jpg\" \/>\n\t<meta property=\"og:image:width\" content=\"1280\" \/>\n\t<meta property=\"og:image:height\" content=\"720\" \/>\n\t<meta property=\"og:image:type\" content=\"image\/jpeg\" \/>\n<meta name=\"author\" content=\"admin\" \/>\n<meta name=\"twitter:label1\" content=\"Scris de\" \/>\n\t<meta name=\"twitter:data1\" content=\"admin\" \/>\n\t<meta name=\"twitter:label2\" content=\"Timp estimat pentru citire\" \/>\n\t<meta name=\"twitter:data2\" content=\"1 minut\" \/>\n<script type=\"application\/ld+json\" class=\"yoast-schema-graph\">{\"@context\":\"https:\\\/\\\/schema.org\",\"@graph\":[{\"@type\":\"Article\",\"@id\":\"https:\\\/\\\/www.btv.md\\\/ro\\\/maia-sandu-merge-intr-o-vizita-oficiala-in-georgia\\\/#article\",\"isPartOf\":{\"@id\":\"https:\\\/\\\/www.btv.md\\\/ro\\\/maia-sandu-merge-intr-o-vizita-oficiala-in-georgia\\\/\"},\"author\":{\"name\":\"admin\",\"@id\":\"https:\\\/\\\/www.btv.md\\\/#\\\/schema\\\/person\\\/8fadce81561b3ce2c34c46dadc4ccbf2\"},\"headline\":\"Maia Sandu merge \u00eentr-o vizit\u0103 oficial\u0103 \u00een Georgia\",\"datePublished\":\"2021-07-16T13:36:37+00:00\",\"mainEntityOfPage\":{\"@id\":\"https:\\\/\\\/www.btv.md\\\/ro\\\/maia-sandu-merge-intr-o-vizita-oficiala-in-georgia\\\/\"},\"wordCount\":157,\"image\":{\"@id\":\"https:\\\/\\\/www.btv.md\\\/ro\\\/maia-sandu-merge-intr-o-vizita-oficiala-in-georgia\\\/#primaryimage\"},\"thumbnailUrl\":\"https:\\\/\\\/www.btv.md\\\/wp-content\\\/uploads\\\/2021\\\/07\\\/144654723_1512719098936704_2682430195247565951_n-e1625150086784-1280x720-1.jpg\",\"keywords\":[\"Maia Sandu merge \u00eentr-o vizit\u0103 oficial\u0103 \u00een Georgia\"],\"articleSection\":[\"Politic\u0103\"],\"inLanguage\":\"ro-RO\"},{\"@type\":\"WebPage\",\"@id\":\"https:\\\/\\\/www.btv.md\\\/ro\\\/maia-sandu-merge-intr-o-vizita-oficiala-in-georgia\\\/\",\"url\":\"https:\\\/\\\/www.btv.md\\\/ro\\\/maia-sandu-merge-intr-o-vizita-oficiala-in-georgia\\\/\",\"name\":\"Maia Sandu merge \u00eentr-o vizit\u0103 oficial\u0103 \u00een Georgia - BTV\",\"isPartOf\":{\"@id\":\"https:\\\/\\\/www.btv.md\\\/#website\"},\"primaryImageOfPage\":{\"@id\":\"https:\\\/\\\/www.btv.md\\\/ro\\\/maia-sandu-merge-intr-o-vizita-oficiala-in-georgia\\\/#primaryimage\"},\"image\":{\"@id\":\"https:\\\/\\\/www.btv.md\\\/ro\\\/maia-sandu-merge-intr-o-vizita-oficiala-in-georgia\\\/#primaryimage\"},\"thumbnailUrl\":\"https:\\\/\\\/www.btv.md\\\/wp-content\\\/uploads\\\/2021\\\/07\\\/144654723_1512719098936704_2682430195247565951_n-e1625150086784-1280x720-1.jpg\",\"datePublished\":\"2021-07-16T13:36:37+00:00\",\"author\":{\"@id\":\"https:\\\/\\\/www.btv.md\\\/#\\\/schema\\\/person\\\/8fadce81561b3ce2c34c46dadc4ccbf2\"},\"inLanguage\":\"ro-RO\",\"potentialAction\":[{\"@type\":\"ReadAction\",\"target\":[\"https:\\\/\\\/www.btv.md\\\/ro\\\/maia-sandu-merge-intr-o-vizita-oficiala-in-georgia\\\/\"]}]},{\"@type\":\"ImageObject\",\"inLanguage\":\"ro-RO\",\"@id\":\"https:\\\/\\\/www.btv.md\\\/ro\\\/maia-sandu-merge-intr-o-vizita-oficiala-in-georgia\\\/#primaryimage\",\"url\":\"https:\\\/\\\/www.btv.md\\\/wp-content\\\/uploads\\\/2021\\\/07\\\/144654723_1512719098936704_2682430195247565951_n-e1625150086784-1280x720-1.jpg\",\"contentUrl\":\"https:\\\/\\\/www.btv.md\\\/wp-content\\\/uploads\\\/2021\\\/07\\\/144654723_1512719098936704_2682430195247565951_n-e1625150086784-1280x720-1.jpg\",\"width\":1280,\"height\":720},{\"@type\":\"WebSite\",\"@id\":\"https:\\\/\\\/www.btv.md\\\/#website\",\"url\":\"https:\\\/\\\/www.btv.md\\\/\",\"name\":\"BTV\",\"description\":\"\u0411\u0435\u043b\u044c\u0446\u043a\u043e\u0435 \u0442\u0435\u043b\u0435\u0432\u0438\u0434\u0435\u043d\u0438\u0435\",\"potentialAction\":[{\"@type\":\"SearchAction\",\"target\":{\"@type\":\"EntryPoint\",\"urlTemplate\":\"https:\\\/\\\/www.btv.md\\\/?s={search_term_string}\"},\"query-input\":{\"@type\":\"PropertyValueSpecification\",\"valueRequired\":true,\"valueName\":\"search_term_string\"}}],\"inLanguage\":\"ro-RO\"},{\"@type\":\"Person\",\"@id\":\"https:\\\/\\\/www.btv.md\\\/#\\\/schema\\\/person\\\/8fadce81561b3ce2c34c46dadc4ccbf2\",\"name\":\"admin\"}]}<\/script>\n<!-- \/ Yoast SEO plugin. -->","yoast_head_json":{"title":"Maia Sandu merge \u00eentr-o vizit\u0103 oficial\u0103 \u00een Georgia - BTV","robots":{"index":"index","follow":"follow","max-snippet":"max-snippet:-1","max-image-preview":"max-image-preview:large","max-video-preview":"max-video-preview:-1"},"canonical":"https:\/\/www.btv.md\/ro\/maia-sandu-merge-intr-o-vizita-oficiala-in-georgia\/","og_locale":"ro_RO","og_type":"article","og_title":"Maia Sandu merge \u00eentr-o vizit\u0103 oficial\u0103 \u00een Georgia - BTV","og_description":"Pre\u0219edinta Republicii Moldova, Maia Sandu, va efectua o vizit\u0103 de lucru \u00een Georgia \u00een perioada 19-20 iulie. Anun\u021bul a fost f\u0103cut de institu\u021bia preziden\u021bial\u0103 prin intermediul unui comunicat de pres\u0103, transmite tv8.md. \u00cen cadrul acesteia, \u0219efa statului va participa la cea de-a 17-ea edi\u021bie a Conferin\u021bei interna\u021bionale de la Batumi, \u00een panelul de deschidere, cu [&hellip;]","og_url":"https:\/\/www.btv.md\/ro\/maia-sandu-merge-intr-o-vizita-oficiala-in-georgia\/","og_site_name":"BTV","article_publisher":"https:\/\/www.facebook.com\/btvmoldova\/","article_published_time":"2021-07-16T13:36:37+00:00","og_image":[{"width":1280,"height":720,"url":"https:\/\/www.btv.md\/wp-content\/uploads\/2021\/07\/144654723_1512719098936704_2682430195247565951_n-e1625150086784-1280x720-1.jpg","type":"image\/jpeg"}],"author":"admin","twitter_misc":{"Scris de":"admin","Timp estimat pentru citire":"1 minut"},"schema":{"@context":"https:\/\/schema.org","@graph":[{"@type":"Article","@id":"https:\/\/www.btv.md\/ro\/maia-sandu-merge-intr-o-vizita-oficiala-in-georgia\/#article","isPartOf":{"@id":"https:\/\/www.btv.md\/ro\/maia-sandu-merge-intr-o-vizita-oficiala-in-georgia\/"},"author":{"name":"admin","@id":"https:\/\/www.btv.md\/#\/schema\/person\/8fadce81561b3ce2c34c46dadc4ccbf2"},"headline":"Maia Sandu merge \u00eentr-o vizit\u0103 oficial\u0103 \u00een Georgia","datePublished":"2021-07-16T13:36:37+00:00","mainEntityOfPage":{"@id":"https:\/\/www.btv.md\/ro\/maia-sandu-merge-intr-o-vizita-oficiala-in-georgia\/"},"wordCount":157,"image":{"@id":"https:\/\/www.btv.md\/ro\/maia-sandu-merge-intr-o-vizita-oficiala-in-georgia\/#primaryimage"},"thumbnailUrl":"https:\/\/www.btv.md\/wp-content\/uploads\/2021\/07\/144654723_1512719098936704_2682430195247565951_n-e1625150086784-1280x720-1.jpg","keywords":["Maia Sandu merge \u00eentr-o vizit\u0103 oficial\u0103 \u00een Georgia"],"articleSection":["Politic\u0103"],"inLanguage":"ro-RO"},{"@type":"WebPage","@id":"https:\/\/www.btv.md\/ro\/maia-sandu-merge-intr-o-vizita-oficiala-in-georgia\/","url":"https:\/\/www.btv.md\/ro\/maia-sandu-merge-intr-o-vizita-oficiala-in-georgia\/","name":"Maia Sandu merge \u00eentr-o vizit\u0103 oficial\u0103 \u00een Georgia - BTV","isPartOf":{"@id":"https:\/\/www.btv.md\/#website"},"primaryImageOfPage":{"@id":"https:\/\/www.btv.md\/ro\/maia-sandu-merge-intr-o-vizita-oficiala-in-georgia\/#primaryimage"},"image":{"@id":"https:\/\/www.btv.md\/ro\/maia-sandu-merge-intr-o-vizita-oficiala-in-georgia\/#primaryimage"},"thumbnailUrl":"https:\/\/www.btv.md\/wp-content\/uploads\/2021\/07\/144654723_1512719098936704_2682430195247565951_n-e1625150086784-1280x720-1.jpg","datePublished":"2021-07-16T13:36:37+00:00","author":{"@id":"https:\/\/www.btv.md\/#\/schema\/person\/8fadce81561b3ce2c34c46dadc4ccbf2"},"inLanguage":"ro-RO","potentialAction":[{"@type":"ReadAction","target":["https:\/\/www.btv.md\/ro\/maia-sandu-merge-intr-o-vizita-oficiala-in-georgia\/"]}]},{"@type":"ImageObject","inLanguage":"ro-RO","@id":"https:\/\/www.btv.md\/ro\/maia-sandu-merge-intr-o-vizita-oficiala-in-georgia\/#primaryimage","url":"https:\/\/www.btv.md\/wp-content\/uploads\/2021\/07\/144654723_1512719098936704_2682430195247565951_n-e1625150086784-1280x720-1.jpg","contentUrl":"https:\/\/www.btv.md\/wp-content\/uploads\/2021\/07\/144654723_1512719098936704_2682430195247565951_n-e1625150086784-1280x720-1.jpg","width":1280,"height":720},{"@type":"WebSite","@id":"https:\/\/www.btv.md\/#website","url":"https:\/\/www.btv.md\/","name":"BTV","description":"\u0411\u0435\u043b\u044c\u0446\u043a\u043e\u0435 \u0442\u0435\u043b\u0435\u0432\u0438\u0434\u0435\u043d\u0438\u0435","potentialAction":[{"@type":"SearchAction","target":{"@type":"EntryPoint","urlTemplate":"https:\/\/www.btv.md\/?s={search_term_string}"},"query-input":{"@type":"PropertyValueSpecification","valueRequired":true,"valueName":"search_term_string"}}],"inLanguage":"ro-RO"},{"@type":"Person","@id":"https:\/\/www.btv.md\/#\/schema\/person\/8fadce81561b3ce2c34c46dadc4ccbf2","name":"admin"}]}},"_links":{"self":[{"href":"https:\/\/www.btv.md\/ro\/wp-json\/wp\/v2\/posts\/137161","targetHints":{"allow":["GET"]}}],"collection":[{"href":"https:\/\/www.btv.md\/ro\/wp-json\/wp\/v2\/posts"}],"about":[{"href":"https:\/\/www.btv.md\/ro\/wp-json\/wp\/v2\/types\/post"}],"author":[{"embeddable":true,"href":"https:\/\/www.btv.md\/ro\/wp-json\/wp\/v2\/users\/4"}],"replies":[{"embeddable":true,"href":"https:\/\/www.btv.md\/ro\/wp-json\/wp\/v2\/comments?post=137161"}],"version-history":[{"count":0,"href":"https:\/\/www.btv.md\/ro\/wp-json\/wp\/v2\/posts\/137161\/revisions"}],"wp:featuredmedia":[{"embeddable":true,"href":"https:\/\/www.btv.md\/ro\/wp-json\/wp\/v2\/media\/137162"}],"wp:attachment":[{"href":"https:\/\/www.btv.md\/ro\/wp-json\/wp\/v2\/media?parent=137161"}],"wp:term":[{"taxonomy":"category","embeddable":true,"href":"https:\/\/www.btv.md\/ro\/wp-json\/wp\/v2\/categories?post=137161"},{"taxonomy":"post_tag","embeddable":true,"href":"https:\/\/www.btv.md\/ro\/wp-json\/wp\/v2\/tags?post=137161"}],"curies":[{"name":"wp","href":"https:\/\/api.w.org\/{rel}","templated":true}]}}