{"id":137173,"date":"2021-07-16T16:43:41","date_gmt":"2021-07-16T13:43:41","guid":{"rendered":"https:\/\/www.btv.md\/?p=137173"},"modified":"2021-07-16T16:43:41","modified_gmt":"2021-07-16T13:43:41","slug":"video-dor-de-racoare-un-barbat-a-dat-cu-piatra-in-guvernul-r-moldova-pentru-ca-vrea-inapoi-la-puscarie","status":"publish","type":"post","link":"https:\/\/www.btv.md\/ro\/video-dor-de-racoare-un-barbat-a-dat-cu-piatra-in-guvernul-r-moldova-pentru-ca-vrea-inapoi-la-puscarie\/","title":{"rendered":"VIDEO \/\/ Dor de \u201er\u0103coare\u201d. Un b\u0103rbat a dat cu piatra \u00een Guvernul R.Moldova pentru c\u0103 vrea \u00eenapoi la pu\u0219c\u0103rie"},"content":{"rendered":"<p><strong>Un b\u0103rbat a fost re\u021binut de oamenii legii, dup\u0103 ce a spart geamul de la u\u0219a Guvernului R.Moldova. Acesta le-a declarat reporterilor Deschide.MD c\u0103 a recurs la acest gest, dup\u0103 ce procurorii \u0219i judec\u0103torii au refuzat s\u0103-l \u00eenchid\u0103 \u00een pu\u0219c\u0103rie, scrie <a href=\"https:\/\/deschide.md\/ro\/stiri\/social\/88588\/VIDEO--Dor-de-%E2%80%9Er%C4%83coare%E2%80%9D-Un-b%C4%83rbat-a-dat-cu-piatra-%C3%AEn-Guvernul-RMoldova-pentru-c%C4%83-vrea-%C3%AEnapoi-la-pu%C8%99c%C4%83rie.htm\">deschide.md<\/a>.<\/strong><\/p>\n<p>B\u0103rbatul \u00een v\u00e2rst\u0103 de 37 de ani, sus\u021bine c\u0103 a fost \u00eentemni\u021bat de la v\u00e2rsta de 14 ani \u0219i \u0219i-a isp\u0103\u0219it 22 de ani de pu\u0219c\u0103rie pentru un furt, \u00eens\u0103 vrea s\u0103 se \u00eentoarc\u0103 \u00eenapoi \u00een penitenciar din cauza c\u0103 nu are unde locui \u0219i nici ce m\u00e2nca.<\/p>\n<p><iframe data-src=\"https:\/\/www.youtube.com\/embed\/ULfD3rDb9nU\" width=\"560\" height=\"315\" frameborder=\"0\" allowfullscreen=\"allowfullscreen\" data-mce-fragment=\"1\" src=\"data:image\/svg+xml;base64,PHN2ZyB3aWR0aD0iMSIgaGVpZ2h0PSIxIiB4bWxucz0iaHR0cDovL3d3dy53My5vcmcvMjAwMC9zdmciPjwvc3ZnPg==\" class=\"lazyload\" data-load-mode=\"1\"><\/iframe><\/p>\n<p>B\u0103rbatul s-a ar\u0103tat nemul\u021bumit de faptul c\u0103 procurorii \u0219i judec\u0103torii nu vor s\u0103-l \u00eentoarc\u0103 \u00eenapoi la pu\u0219c\u0103rie, chiar dac\u0103 cu acest scop ar fi s\u0103v\u00e2r\u0219it mai multe furturi din automobile \u0219i locuin\u021be. Acesta i-ar fi prevenit pe oamenii legii c\u0103 va sparge geamurile Guvernului, dac\u0103 nu-l vor \u00eentoarce \u00eenapoi dup\u0103 gratii.<\/p>\n<p><iframe data-src=\"https:\/\/www.youtube.com\/embed\/JqWpO-a1Fis\" width=\"560\" height=\"315\" frameborder=\"0\" allowfullscreen=\"allowfullscreen\" data-mce-fragment=\"1\" src=\"data:image\/svg+xml;base64,PHN2ZyB3aWR0aD0iMSIgaGVpZ2h0PSIxIiB4bWxucz0iaHR0cDovL3d3dy53My5vcmcvMjAwMC9zdmciPjwvc3ZnPg==\" class=\"lazyload\" data-load-mode=\"1\"><\/iframe><\/p>\n<p>D\u00e2nsul sus\u021bine c\u0103 nu a m\u00e2ncat nimic de trei zile, dar \u0219i c\u0103, dac\u0103 va fi eliberat \u0219i de aceast\u0103 dat\u0103, se va \u00eentoarce din nou cu piatra la Guvern.<\/p>\n<p>Foto: deschide.md.<\/p>\n","protected":false},"excerpt":{"rendered":"<p>Un b\u0103rbat a fost re\u021binut de oamenii legii, dup\u0103 ce a spart geamul de la u\u0219a Guvernului R.Moldova. Acesta le-a declarat reporterilor Deschide.MD c\u0103 a recurs la acest gest, dup\u0103 ce procurorii \u0219i judec\u0103torii au refuzat s\u0103-l \u00eenchid\u0103 \u00een pu\u0219c\u0103rie, scrie deschide.md. B\u0103rbatul \u00een v\u00e2rst\u0103 de 37 de ani, sus\u021bine c\u0103 a fost \u00eentemni\u021bat de [&hellip;]<\/p>\n","protected":false},"author":4,"featured_media":137174,"comment_status":"closed","ping_status":"closed","sticky":false,"template":"","format":"standard","meta":{"footnotes":""},"categories":[6349],"tags":[27848],"class_list":["post-137173","post","type-post","status-publish","format-standard","has-post-thumbnail","hentry","category-social","tag-video-dor-de-racoare-un-barbat-a-dat-cu-piatra-in-guvernul-r-moldova-pentru-ca-vrea-inapoi-la-puscarie"],"yoast_head":"<!-- This site is optimized with the Yoast SEO plugin v27.4 - https:\/\/yoast.com\/product\/yoast-seo-wordpress\/ -->\n<title>VIDEO \/\/ Dor de \u201er\u0103coare\u201d. Un b\u0103rbat a dat cu piatra \u00een Guvernul R.Moldova pentru c\u0103 vrea \u00eenapoi la pu\u0219c\u0103rie - BTV<\/title>\n<meta name=\"robots\" content=\"index, follow, max-snippet:-1, max-image-preview:large, max-video-preview:-1\" \/>\n<link rel=\"canonical\" href=\"https:\/\/www.btv.md\/ro\/video-dor-de-racoare-un-barbat-a-dat-cu-piatra-in-guvernul-r-moldova-pentru-ca-vrea-inapoi-la-puscarie\/\" \/>\n<meta property=\"og:locale\" content=\"ro_RO\" \/>\n<meta property=\"og:type\" content=\"article\" \/>\n<meta property=\"og:title\" content=\"VIDEO \/\/ Dor de \u201er\u0103coare\u201d. Un b\u0103rbat a dat cu piatra \u00een Guvernul R.Moldova pentru c\u0103 vrea \u00eenapoi la pu\u0219c\u0103rie - BTV\" \/>\n<meta property=\"og:description\" content=\"Un b\u0103rbat a fost re\u021binut de oamenii legii, dup\u0103 ce a spart geamul de la u\u0219a Guvernului R.Moldova. Acesta le-a declarat reporterilor Deschide.MD c\u0103 a recurs la acest gest, dup\u0103 ce procurorii \u0219i judec\u0103torii au refuzat s\u0103-l \u00eenchid\u0103 \u00een pu\u0219c\u0103rie, scrie deschide.md. B\u0103rbatul \u00een v\u00e2rst\u0103 de 37 de ani, sus\u021bine c\u0103 a fost \u00eentemni\u021bat de [&hellip;]\" \/>\n<meta property=\"og:url\" content=\"https:\/\/www.btv.md\/ro\/video-dor-de-racoare-un-barbat-a-dat-cu-piatra-in-guvernul-r-moldova-pentru-ca-vrea-inapoi-la-puscarie\/\" \/>\n<meta property=\"og:site_name\" content=\"BTV\" \/>\n<meta property=\"article:publisher\" content=\"https:\/\/www.facebook.com\/btvmoldova\/\" \/>\n<meta property=\"article:published_time\" content=\"2021-07-16T13:43:41+00:00\" \/>\n<meta property=\"og:image\" content=\"https:\/\/www.btv.md\/wp-content\/uploads\/2021\/07\/images_cms-image-000120467.jpg\" \/>\n\t<meta property=\"og:image:width\" content=\"758\" \/>\n\t<meta property=\"og:image:height\" content=\"426\" \/>\n\t<meta property=\"og:image:type\" content=\"image\/jpeg\" \/>\n<meta name=\"author\" content=\"admin\" \/>\n<meta name=\"twitter:label1\" content=\"Scris de\" \/>\n\t<meta name=\"twitter:data1\" content=\"admin\" \/>\n\t<meta name=\"twitter:label2\" content=\"Timp estimat pentru citire\" \/>\n\t<meta name=\"twitter:data2\" content=\"1 minut\" \/>\n<script type=\"application\/ld+json\" class=\"yoast-schema-graph\">{\"@context\":\"https:\\\/\\\/schema.org\",\"@graph\":[{\"@type\":\"Article\",\"@id\":\"https:\\\/\\\/www.btv.md\\\/ro\\\/video-dor-de-racoare-un-barbat-a-dat-cu-piatra-in-guvernul-r-moldova-pentru-ca-vrea-inapoi-la-puscarie\\\/#article\",\"isPartOf\":{\"@id\":\"https:\\\/\\\/www.btv.md\\\/ro\\\/video-dor-de-racoare-un-barbat-a-dat-cu-piatra-in-guvernul-r-moldova-pentru-ca-vrea-inapoi-la-puscarie\\\/\"},\"author\":{\"name\":\"admin\",\"@id\":\"https:\\\/\\\/www.btv.md\\\/#\\\/schema\\\/person\\\/8fadce81561b3ce2c34c46dadc4ccbf2\"},\"headline\":\"VIDEO \\\/\\\/ Dor de \u201er\u0103coare\u201d. Un b\u0103rbat a dat cu piatra \u00een Guvernul R.Moldova pentru c\u0103 vrea \u00eenapoi la pu\u0219c\u0103rie\",\"datePublished\":\"2021-07-16T13:43:41+00:00\",\"mainEntityOfPage\":{\"@id\":\"https:\\\/\\\/www.btv.md\\\/ro\\\/video-dor-de-racoare-un-barbat-a-dat-cu-piatra-in-guvernul-r-moldova-pentru-ca-vrea-inapoi-la-puscarie\\\/\"},\"wordCount\":228,\"image\":{\"@id\":\"https:\\\/\\\/www.btv.md\\\/ro\\\/video-dor-de-racoare-un-barbat-a-dat-cu-piatra-in-guvernul-r-moldova-pentru-ca-vrea-inapoi-la-puscarie\\\/#primaryimage\"},\"thumbnailUrl\":\"https:\\\/\\\/www.btv.md\\\/wp-content\\\/uploads\\\/2021\\\/07\\\/images_cms-image-000120467.jpg\",\"keywords\":[\"VIDEO \\\/\\\/ Dor de \u201er\u0103coare\u201d. Un b\u0103rbat a dat cu piatra \u00een Guvernul R.Moldova pentru c\u0103 vrea \u00eenapoi la pu\u0219c\u0103rie\"],\"articleSection\":[\"Social\"],\"inLanguage\":\"ro-RO\"},{\"@type\":\"WebPage\",\"@id\":\"https:\\\/\\\/www.btv.md\\\/ro\\\/video-dor-de-racoare-un-barbat-a-dat-cu-piatra-in-guvernul-r-moldova-pentru-ca-vrea-inapoi-la-puscarie\\\/\",\"url\":\"https:\\\/\\\/www.btv.md\\\/ro\\\/video-dor-de-racoare-un-barbat-a-dat-cu-piatra-in-guvernul-r-moldova-pentru-ca-vrea-inapoi-la-puscarie\\\/\",\"name\":\"VIDEO \\\/\\\/ Dor de \u201er\u0103coare\u201d. Un b\u0103rbat a dat cu piatra \u00een Guvernul R.Moldova pentru c\u0103 vrea \u00eenapoi la pu\u0219c\u0103rie - BTV\",\"isPartOf\":{\"@id\":\"https:\\\/\\\/www.btv.md\\\/#website\"},\"primaryImageOfPage\":{\"@id\":\"https:\\\/\\\/www.btv.md\\\/ro\\\/video-dor-de-racoare-un-barbat-a-dat-cu-piatra-in-guvernul-r-moldova-pentru-ca-vrea-inapoi-la-puscarie\\\/#primaryimage\"},\"image\":{\"@id\":\"https:\\\/\\\/www.btv.md\\\/ro\\\/video-dor-de-racoare-un-barbat-a-dat-cu-piatra-in-guvernul-r-moldova-pentru-ca-vrea-inapoi-la-puscarie\\\/#primaryimage\"},\"thumbnailUrl\":\"https:\\\/\\\/www.btv.md\\\/wp-content\\\/uploads\\\/2021\\\/07\\\/images_cms-image-000120467.jpg\",\"datePublished\":\"2021-07-16T13:43:41+00:00\",\"author\":{\"@id\":\"https:\\\/\\\/www.btv.md\\\/#\\\/schema\\\/person\\\/8fadce81561b3ce2c34c46dadc4ccbf2\"},\"inLanguage\":\"ro-RO\",\"potentialAction\":[{\"@type\":\"ReadAction\",\"target\":[\"https:\\\/\\\/www.btv.md\\\/ro\\\/video-dor-de-racoare-un-barbat-a-dat-cu-piatra-in-guvernul-r-moldova-pentru-ca-vrea-inapoi-la-puscarie\\\/\"]}]},{\"@type\":\"ImageObject\",\"inLanguage\":\"ro-RO\",\"@id\":\"https:\\\/\\\/www.btv.md\\\/ro\\\/video-dor-de-racoare-un-barbat-a-dat-cu-piatra-in-guvernul-r-moldova-pentru-ca-vrea-inapoi-la-puscarie\\\/#primaryimage\",\"url\":\"https:\\\/\\\/www.btv.md\\\/wp-content\\\/uploads\\\/2021\\\/07\\\/images_cms-image-000120467.jpg\",\"contentUrl\":\"https:\\\/\\\/www.btv.md\\\/wp-content\\\/uploads\\\/2021\\\/07\\\/images_cms-image-000120467.jpg\",\"width\":758,\"height\":426},{\"@type\":\"WebSite\",\"@id\":\"https:\\\/\\\/www.btv.md\\\/#website\",\"url\":\"https:\\\/\\\/www.btv.md\\\/\",\"name\":\"BTV\",\"description\":\"\u0411\u0435\u043b\u044c\u0446\u043a\u043e\u0435 \u0442\u0435\u043b\u0435\u0432\u0438\u0434\u0435\u043d\u0438\u0435\",\"potentialAction\":[{\"@type\":\"SearchAction\",\"target\":{\"@type\":\"EntryPoint\",\"urlTemplate\":\"https:\\\/\\\/www.btv.md\\\/?s={search_term_string}\"},\"query-input\":{\"@type\":\"PropertyValueSpecification\",\"valueRequired\":true,\"valueName\":\"search_term_string\"}}],\"inLanguage\":\"ro-RO\"},{\"@type\":\"Person\",\"@id\":\"https:\\\/\\\/www.btv.md\\\/#\\\/schema\\\/person\\\/8fadce81561b3ce2c34c46dadc4ccbf2\",\"name\":\"admin\"}]}<\/script>\n<!-- \/ Yoast SEO plugin. -->","yoast_head_json":{"title":"VIDEO \/\/ Dor de \u201er\u0103coare\u201d. Un b\u0103rbat a dat cu piatra \u00een Guvernul R.Moldova pentru c\u0103 vrea \u00eenapoi la pu\u0219c\u0103rie - BTV","robots":{"index":"index","follow":"follow","max-snippet":"max-snippet:-1","max-image-preview":"max-image-preview:large","max-video-preview":"max-video-preview:-1"},"canonical":"https:\/\/www.btv.md\/ro\/video-dor-de-racoare-un-barbat-a-dat-cu-piatra-in-guvernul-r-moldova-pentru-ca-vrea-inapoi-la-puscarie\/","og_locale":"ro_RO","og_type":"article","og_title":"VIDEO \/\/ Dor de \u201er\u0103coare\u201d. Un b\u0103rbat a dat cu piatra \u00een Guvernul R.Moldova pentru c\u0103 vrea \u00eenapoi la pu\u0219c\u0103rie - BTV","og_description":"Un b\u0103rbat a fost re\u021binut de oamenii legii, dup\u0103 ce a spart geamul de la u\u0219a Guvernului R.Moldova. Acesta le-a declarat reporterilor Deschide.MD c\u0103 a recurs la acest gest, dup\u0103 ce procurorii \u0219i judec\u0103torii au refuzat s\u0103-l \u00eenchid\u0103 \u00een pu\u0219c\u0103rie, scrie deschide.md. B\u0103rbatul \u00een v\u00e2rst\u0103 de 37 de ani, sus\u021bine c\u0103 a fost \u00eentemni\u021bat de [&hellip;]","og_url":"https:\/\/www.btv.md\/ro\/video-dor-de-racoare-un-barbat-a-dat-cu-piatra-in-guvernul-r-moldova-pentru-ca-vrea-inapoi-la-puscarie\/","og_site_name":"BTV","article_publisher":"https:\/\/www.facebook.com\/btvmoldova\/","article_published_time":"2021-07-16T13:43:41+00:00","og_image":[{"width":758,"height":426,"url":"https:\/\/www.btv.md\/wp-content\/uploads\/2021\/07\/images_cms-image-000120467.jpg","type":"image\/jpeg"}],"author":"admin","twitter_misc":{"Scris de":"admin","Timp estimat pentru citire":"1 minut"},"schema":{"@context":"https:\/\/schema.org","@graph":[{"@type":"Article","@id":"https:\/\/www.btv.md\/ro\/video-dor-de-racoare-un-barbat-a-dat-cu-piatra-in-guvernul-r-moldova-pentru-ca-vrea-inapoi-la-puscarie\/#article","isPartOf":{"@id":"https:\/\/www.btv.md\/ro\/video-dor-de-racoare-un-barbat-a-dat-cu-piatra-in-guvernul-r-moldova-pentru-ca-vrea-inapoi-la-puscarie\/"},"author":{"name":"admin","@id":"https:\/\/www.btv.md\/#\/schema\/person\/8fadce81561b3ce2c34c46dadc4ccbf2"},"headline":"VIDEO \/\/ Dor de \u201er\u0103coare\u201d. Un b\u0103rbat a dat cu piatra \u00een Guvernul R.Moldova pentru c\u0103 vrea \u00eenapoi la pu\u0219c\u0103rie","datePublished":"2021-07-16T13:43:41+00:00","mainEntityOfPage":{"@id":"https:\/\/www.btv.md\/ro\/video-dor-de-racoare-un-barbat-a-dat-cu-piatra-in-guvernul-r-moldova-pentru-ca-vrea-inapoi-la-puscarie\/"},"wordCount":228,"image":{"@id":"https:\/\/www.btv.md\/ro\/video-dor-de-racoare-un-barbat-a-dat-cu-piatra-in-guvernul-r-moldova-pentru-ca-vrea-inapoi-la-puscarie\/#primaryimage"},"thumbnailUrl":"https:\/\/www.btv.md\/wp-content\/uploads\/2021\/07\/images_cms-image-000120467.jpg","keywords":["VIDEO \/\/ Dor de \u201er\u0103coare\u201d. Un b\u0103rbat a dat cu piatra \u00een Guvernul R.Moldova pentru c\u0103 vrea \u00eenapoi la pu\u0219c\u0103rie"],"articleSection":["Social"],"inLanguage":"ro-RO"},{"@type":"WebPage","@id":"https:\/\/www.btv.md\/ro\/video-dor-de-racoare-un-barbat-a-dat-cu-piatra-in-guvernul-r-moldova-pentru-ca-vrea-inapoi-la-puscarie\/","url":"https:\/\/www.btv.md\/ro\/video-dor-de-racoare-un-barbat-a-dat-cu-piatra-in-guvernul-r-moldova-pentru-ca-vrea-inapoi-la-puscarie\/","name":"VIDEO \/\/ Dor de \u201er\u0103coare\u201d. Un b\u0103rbat a dat cu piatra \u00een Guvernul R.Moldova pentru c\u0103 vrea \u00eenapoi la pu\u0219c\u0103rie - BTV","isPartOf":{"@id":"https:\/\/www.btv.md\/#website"},"primaryImageOfPage":{"@id":"https:\/\/www.btv.md\/ro\/video-dor-de-racoare-un-barbat-a-dat-cu-piatra-in-guvernul-r-moldova-pentru-ca-vrea-inapoi-la-puscarie\/#primaryimage"},"image":{"@id":"https:\/\/www.btv.md\/ro\/video-dor-de-racoare-un-barbat-a-dat-cu-piatra-in-guvernul-r-moldova-pentru-ca-vrea-inapoi-la-puscarie\/#primaryimage"},"thumbnailUrl":"https:\/\/www.btv.md\/wp-content\/uploads\/2021\/07\/images_cms-image-000120467.jpg","datePublished":"2021-07-16T13:43:41+00:00","author":{"@id":"https:\/\/www.btv.md\/#\/schema\/person\/8fadce81561b3ce2c34c46dadc4ccbf2"},"inLanguage":"ro-RO","potentialAction":[{"@type":"ReadAction","target":["https:\/\/www.btv.md\/ro\/video-dor-de-racoare-un-barbat-a-dat-cu-piatra-in-guvernul-r-moldova-pentru-ca-vrea-inapoi-la-puscarie\/"]}]},{"@type":"ImageObject","inLanguage":"ro-RO","@id":"https:\/\/www.btv.md\/ro\/video-dor-de-racoare-un-barbat-a-dat-cu-piatra-in-guvernul-r-moldova-pentru-ca-vrea-inapoi-la-puscarie\/#primaryimage","url":"https:\/\/www.btv.md\/wp-content\/uploads\/2021\/07\/images_cms-image-000120467.jpg","contentUrl":"https:\/\/www.btv.md\/wp-content\/uploads\/2021\/07\/images_cms-image-000120467.jpg","width":758,"height":426},{"@type":"WebSite","@id":"https:\/\/www.btv.md\/#website","url":"https:\/\/www.btv.md\/","name":"BTV","description":"\u0411\u0435\u043b\u044c\u0446\u043a\u043e\u0435 \u0442\u0435\u043b\u0435\u0432\u0438\u0434\u0435\u043d\u0438\u0435","potentialAction":[{"@type":"SearchAction","target":{"@type":"EntryPoint","urlTemplate":"https:\/\/www.btv.md\/?s={search_term_string}"},"query-input":{"@type":"PropertyValueSpecification","valueRequired":true,"valueName":"search_term_string"}}],"inLanguage":"ro-RO"},{"@type":"Person","@id":"https:\/\/www.btv.md\/#\/schema\/person\/8fadce81561b3ce2c34c46dadc4ccbf2","name":"admin"}]}},"_links":{"self":[{"href":"https:\/\/www.btv.md\/ro\/wp-json\/wp\/v2\/posts\/137173","targetHints":{"allow":["GET"]}}],"collection":[{"href":"https:\/\/www.btv.md\/ro\/wp-json\/wp\/v2\/posts"}],"about":[{"href":"https:\/\/www.btv.md\/ro\/wp-json\/wp\/v2\/types\/post"}],"author":[{"embeddable":true,"href":"https:\/\/www.btv.md\/ro\/wp-json\/wp\/v2\/users\/4"}],"replies":[{"embeddable":true,"href":"https:\/\/www.btv.md\/ro\/wp-json\/wp\/v2\/comments?post=137173"}],"version-history":[{"count":0,"href":"https:\/\/www.btv.md\/ro\/wp-json\/wp\/v2\/posts\/137173\/revisions"}],"wp:featuredmedia":[{"embeddable":true,"href":"https:\/\/www.btv.md\/ro\/wp-json\/wp\/v2\/media\/137174"}],"wp:attachment":[{"href":"https:\/\/www.btv.md\/ro\/wp-json\/wp\/v2\/media?parent=137173"}],"wp:term":[{"taxonomy":"category","embeddable":true,"href":"https:\/\/www.btv.md\/ro\/wp-json\/wp\/v2\/categories?post=137173"},{"taxonomy":"post_tag","embeddable":true,"href":"https:\/\/www.btv.md\/ro\/wp-json\/wp\/v2\/tags?post=137173"}],"curies":[{"name":"wp","href":"https:\/\/api.w.org\/{rel}","templated":true}]}}