{"id":137177,"date":"2021-07-16T16:51:05","date_gmt":"2021-07-16T13:51:05","guid":{"rendered":"https:\/\/www.btv.md\/?p=137177"},"modified":"2021-07-16T16:51:05","modified_gmt":"2021-07-16T13:51:05","slug":"barbat-filmat-cum-fura-de-pe-o-plaja-din-capitala-momentul-retinerii","status":"publish","type":"post","link":"https:\/\/www.btv.md\/ro\/barbat-filmat-cum-fura-de-pe-o-plaja-din-capitala-momentul-retinerii\/","title":{"rendered":"B\u0103rbat, filmat cum fur\u0103 de pe o plaj\u0103 din Capital\u0103: Momentul re\u021binerii"},"content":{"rendered":"<div id=\"articleBody-desk-d5f1c7e3-2ce4-4822-bdb6-3a38bd3dbeb0\" class=\"ArticleContent__Content-pkj4qa-5 dCCnCK\">\n<p><strong>Poli\u021bi\u0219tii au fost sesiza\u021bi pe data de 13 iulie de c\u0103tre una dintre victime, care a comunicat c\u0103 a r\u0103mas f\u0103r\u0103 mai multe bunuri, dup\u0103 ce le-a l\u0103sat pu\u021bin timp f\u0103r\u0103 supraveghere, transmite\u00a0<a href=\"https:\/\/stiri.md\/article\/social\/barbat-filmat-cum-fura-de-pe-o-plaja-din-capitala-momentul-retinerii\">\u0218tiri.md<\/a>.<\/strong><\/p>\n<p>Oamenii legii au stabilit c\u0103 individul ac\u021biona dup\u0103 o anumit\u0103 schem\u0103. Profita de neaten\u021bia victimelor, care mergeau la sc\u0103ldat, \u0219i le fura bunurile, mai ales telefoanele mobile. Astfel, b\u0103rbatul a comis 3 furturi.<\/p>\n<p>Prejudiciul total cauzat a fost estimat la suma de 13.000 de lei.<\/p>\n<p>\u00cen cadrul audierilor, acesta \u0219i-a recunoscut vina, iar bunurile urmeaz\u0103 a fi restituite proprietarilor.<\/p>\n<p>Actualmente b\u0103rbatul este cercetat penal \u00een stare de arest pentru furt \u0219i risc\u0103 amend\u0103 p\u00e2n\u0103 la 67.500 lei, munc\u0103 neremunerat\u0103 \u00een folosul comunit\u0103\u021bii de la 180 la 240 de ore sau \u00eenchisoare de p\u00e2n\u0103 la 4 ani.<\/p>\n<p><span class=\"fr-video fr-fvl fr-dvb fr-draggable\"><iframe data-src=\"https:\/\/play.md\/embed\/3675301?title=true&amp;autoplay=false\" width=\"100%\" height=\"405\" frameborder=\"0\" scrolling=\"no\" allowfullscreen=\"allowfullscreen\" data-mce-fragment=\"1\" src=\"data:image\/svg+xml;base64,PHN2ZyB3aWR0aD0iMSIgaGVpZ2h0PSIxIiB4bWxucz0iaHR0cDovL3d3dy53My5vcmcvMjAwMC9zdmciPjwvc3ZnPg==\" class=\"lazyload\" data-load-mode=\"1\"><\/iframe><\/span><\/p>\n<\/div>\n<div><\/div>\n<div class=\"ArticleContent__ArticleFooter-pkj4qa-19 kCfhNt\">Foto: \u0218tiri.md.<\/div>\n","protected":false},"excerpt":{"rendered":"<p>Poli\u021bi\u0219tii au fost sesiza\u021bi pe data de 13 iulie de c\u0103tre una dintre victime, care a comunicat c\u0103 a r\u0103mas f\u0103r\u0103 mai multe bunuri, dup\u0103 ce le-a l\u0103sat pu\u021bin timp f\u0103r\u0103 supraveghere, transmite\u00a0\u0218tiri.md. Oamenii legii au stabilit c\u0103 individul ac\u021biona dup\u0103 o anumit\u0103 schem\u0103. Profita de neaten\u021bia victimelor, care mergeau la sc\u0103ldat, \u0219i le fura [&hellip;]<\/p>\n","protected":false},"author":4,"featured_media":137178,"comment_status":"closed","ping_status":"closed","sticky":false,"template":"","format":"standard","meta":{"footnotes":""},"categories":[6349],"tags":[7750,27849],"class_list":["post-137177","post","type-post","status-publish","format-standard","has-post-thumbnail","hentry","category-social","tag-barbat","tag-filmat-cum-fura-de-pe-o-plaja-din-capitala-momentul-retinerii"],"yoast_head":"<!-- This site is optimized with the Yoast SEO plugin v27.4 - https:\/\/yoast.com\/product\/yoast-seo-wordpress\/ -->\n<title>B\u0103rbat, filmat cum fur\u0103 de pe o plaj\u0103 din Capital\u0103: Momentul re\u021binerii - BTV<\/title>\n<meta name=\"robots\" content=\"index, follow, max-snippet:-1, max-image-preview:large, max-video-preview:-1\" \/>\n<link rel=\"canonical\" href=\"https:\/\/www.btv.md\/ro\/barbat-filmat-cum-fura-de-pe-o-plaja-din-capitala-momentul-retinerii\/\" \/>\n<meta property=\"og:locale\" content=\"ro_RO\" \/>\n<meta property=\"og:type\" content=\"article\" \/>\n<meta property=\"og:title\" content=\"B\u0103rbat, filmat cum fur\u0103 de pe o plaj\u0103 din Capital\u0103: Momentul re\u021binerii - BTV\" \/>\n<meta property=\"og:description\" content=\"Poli\u021bi\u0219tii au fost sesiza\u021bi pe data de 13 iulie de c\u0103tre una dintre victime, care a comunicat c\u0103 a r\u0103mas f\u0103r\u0103 mai multe bunuri, dup\u0103 ce le-a l\u0103sat pu\u021bin timp f\u0103r\u0103 supraveghere, transmite\u00a0\u0218tiri.md. Oamenii legii au stabilit c\u0103 individul ac\u021biona dup\u0103 o anumit\u0103 schem\u0103. Profita de neaten\u021bia victimelor, care mergeau la sc\u0103ldat, \u0219i le fura [&hellip;]\" \/>\n<meta property=\"og:url\" content=\"https:\/\/www.btv.md\/ro\/barbat-filmat-cum-fura-de-pe-o-plaja-din-capitala-momentul-retinerii\/\" \/>\n<meta property=\"og:site_name\" content=\"BTV\" \/>\n<meta property=\"article:publisher\" content=\"https:\/\/www.facebook.com\/btvmoldova\/\" \/>\n<meta property=\"article:published_time\" content=\"2021-07-16T13:51:05+00:00\" \/>\n<meta property=\"og:image\" content=\"https:\/\/www.btv.md\/wp-content\/uploads\/2021\/07\/c6fed971e341ed8261d918b176f5795b.jpg\" \/>\n\t<meta property=\"og:image:width\" content=\"809\" \/>\n\t<meta property=\"og:image:height\" content=\"456\" \/>\n\t<meta property=\"og:image:type\" content=\"image\/jpeg\" \/>\n<meta name=\"author\" content=\"admin\" \/>\n<meta name=\"twitter:label1\" content=\"Scris de\" \/>\n\t<meta name=\"twitter:data1\" content=\"admin\" \/>\n\t<meta name=\"twitter:label2\" content=\"Timp estimat pentru citire\" \/>\n\t<meta name=\"twitter:data2\" content=\"1 minut\" \/>\n<script type=\"application\/ld+json\" class=\"yoast-schema-graph\">{\"@context\":\"https:\\\/\\\/schema.org\",\"@graph\":[{\"@type\":\"Article\",\"@id\":\"https:\\\/\\\/www.btv.md\\\/ro\\\/barbat-filmat-cum-fura-de-pe-o-plaja-din-capitala-momentul-retinerii\\\/#article\",\"isPartOf\":{\"@id\":\"https:\\\/\\\/www.btv.md\\\/ro\\\/barbat-filmat-cum-fura-de-pe-o-plaja-din-capitala-momentul-retinerii\\\/\"},\"author\":{\"name\":\"admin\",\"@id\":\"https:\\\/\\\/www.btv.md\\\/#\\\/schema\\\/person\\\/8fadce81561b3ce2c34c46dadc4ccbf2\"},\"headline\":\"B\u0103rbat, filmat cum fur\u0103 de pe o plaj\u0103 din Capital\u0103: Momentul re\u021binerii\",\"datePublished\":\"2021-07-16T13:51:05+00:00\",\"mainEntityOfPage\":{\"@id\":\"https:\\\/\\\/www.btv.md\\\/ro\\\/barbat-filmat-cum-fura-de-pe-o-plaja-din-capitala-momentul-retinerii\\\/\"},\"wordCount\":158,\"image\":{\"@id\":\"https:\\\/\\\/www.btv.md\\\/ro\\\/barbat-filmat-cum-fura-de-pe-o-plaja-din-capitala-momentul-retinerii\\\/#primaryimage\"},\"thumbnailUrl\":\"https:\\\/\\\/www.btv.md\\\/wp-content\\\/uploads\\\/2021\\\/07\\\/c6fed971e341ed8261d918b176f5795b.jpg\",\"keywords\":[\"b\u0103rbat\",\"filmat cum fur\u0103 de pe o plaj\u0103 din Capital\u0103: Momentul re\u021binerii\"],\"articleSection\":[\"Social\"],\"inLanguage\":\"ro-RO\"},{\"@type\":\"WebPage\",\"@id\":\"https:\\\/\\\/www.btv.md\\\/ro\\\/barbat-filmat-cum-fura-de-pe-o-plaja-din-capitala-momentul-retinerii\\\/\",\"url\":\"https:\\\/\\\/www.btv.md\\\/ro\\\/barbat-filmat-cum-fura-de-pe-o-plaja-din-capitala-momentul-retinerii\\\/\",\"name\":\"B\u0103rbat, filmat cum fur\u0103 de pe o plaj\u0103 din Capital\u0103: Momentul re\u021binerii - BTV\",\"isPartOf\":{\"@id\":\"https:\\\/\\\/www.btv.md\\\/#website\"},\"primaryImageOfPage\":{\"@id\":\"https:\\\/\\\/www.btv.md\\\/ro\\\/barbat-filmat-cum-fura-de-pe-o-plaja-din-capitala-momentul-retinerii\\\/#primaryimage\"},\"image\":{\"@id\":\"https:\\\/\\\/www.btv.md\\\/ro\\\/barbat-filmat-cum-fura-de-pe-o-plaja-din-capitala-momentul-retinerii\\\/#primaryimage\"},\"thumbnailUrl\":\"https:\\\/\\\/www.btv.md\\\/wp-content\\\/uploads\\\/2021\\\/07\\\/c6fed971e341ed8261d918b176f5795b.jpg\",\"datePublished\":\"2021-07-16T13:51:05+00:00\",\"author\":{\"@id\":\"https:\\\/\\\/www.btv.md\\\/#\\\/schema\\\/person\\\/8fadce81561b3ce2c34c46dadc4ccbf2\"},\"inLanguage\":\"ro-RO\",\"potentialAction\":[{\"@type\":\"ReadAction\",\"target\":[\"https:\\\/\\\/www.btv.md\\\/ro\\\/barbat-filmat-cum-fura-de-pe-o-plaja-din-capitala-momentul-retinerii\\\/\"]}]},{\"@type\":\"ImageObject\",\"inLanguage\":\"ro-RO\",\"@id\":\"https:\\\/\\\/www.btv.md\\\/ro\\\/barbat-filmat-cum-fura-de-pe-o-plaja-din-capitala-momentul-retinerii\\\/#primaryimage\",\"url\":\"https:\\\/\\\/www.btv.md\\\/wp-content\\\/uploads\\\/2021\\\/07\\\/c6fed971e341ed8261d918b176f5795b.jpg\",\"contentUrl\":\"https:\\\/\\\/www.btv.md\\\/wp-content\\\/uploads\\\/2021\\\/07\\\/c6fed971e341ed8261d918b176f5795b.jpg\",\"width\":809,\"height\":456},{\"@type\":\"WebSite\",\"@id\":\"https:\\\/\\\/www.btv.md\\\/#website\",\"url\":\"https:\\\/\\\/www.btv.md\\\/\",\"name\":\"BTV\",\"description\":\"\u0411\u0435\u043b\u044c\u0446\u043a\u043e\u0435 \u0442\u0435\u043b\u0435\u0432\u0438\u0434\u0435\u043d\u0438\u0435\",\"potentialAction\":[{\"@type\":\"SearchAction\",\"target\":{\"@type\":\"EntryPoint\",\"urlTemplate\":\"https:\\\/\\\/www.btv.md\\\/?s={search_term_string}\"},\"query-input\":{\"@type\":\"PropertyValueSpecification\",\"valueRequired\":true,\"valueName\":\"search_term_string\"}}],\"inLanguage\":\"ro-RO\"},{\"@type\":\"Person\",\"@id\":\"https:\\\/\\\/www.btv.md\\\/#\\\/schema\\\/person\\\/8fadce81561b3ce2c34c46dadc4ccbf2\",\"name\":\"admin\"}]}<\/script>\n<!-- \/ Yoast SEO plugin. -->","yoast_head_json":{"title":"B\u0103rbat, filmat cum fur\u0103 de pe o plaj\u0103 din Capital\u0103: Momentul re\u021binerii - BTV","robots":{"index":"index","follow":"follow","max-snippet":"max-snippet:-1","max-image-preview":"max-image-preview:large","max-video-preview":"max-video-preview:-1"},"canonical":"https:\/\/www.btv.md\/ro\/barbat-filmat-cum-fura-de-pe-o-plaja-din-capitala-momentul-retinerii\/","og_locale":"ro_RO","og_type":"article","og_title":"B\u0103rbat, filmat cum fur\u0103 de pe o plaj\u0103 din Capital\u0103: Momentul re\u021binerii - BTV","og_description":"Poli\u021bi\u0219tii au fost sesiza\u021bi pe data de 13 iulie de c\u0103tre una dintre victime, care a comunicat c\u0103 a r\u0103mas f\u0103r\u0103 mai multe bunuri, dup\u0103 ce le-a l\u0103sat pu\u021bin timp f\u0103r\u0103 supraveghere, transmite\u00a0\u0218tiri.md. Oamenii legii au stabilit c\u0103 individul ac\u021biona dup\u0103 o anumit\u0103 schem\u0103. Profita de neaten\u021bia victimelor, care mergeau la sc\u0103ldat, \u0219i le fura [&hellip;]","og_url":"https:\/\/www.btv.md\/ro\/barbat-filmat-cum-fura-de-pe-o-plaja-din-capitala-momentul-retinerii\/","og_site_name":"BTV","article_publisher":"https:\/\/www.facebook.com\/btvmoldova\/","article_published_time":"2021-07-16T13:51:05+00:00","og_image":[{"width":809,"height":456,"url":"https:\/\/www.btv.md\/wp-content\/uploads\/2021\/07\/c6fed971e341ed8261d918b176f5795b.jpg","type":"image\/jpeg"}],"author":"admin","twitter_misc":{"Scris de":"admin","Timp estimat pentru citire":"1 minut"},"schema":{"@context":"https:\/\/schema.org","@graph":[{"@type":"Article","@id":"https:\/\/www.btv.md\/ro\/barbat-filmat-cum-fura-de-pe-o-plaja-din-capitala-momentul-retinerii\/#article","isPartOf":{"@id":"https:\/\/www.btv.md\/ro\/barbat-filmat-cum-fura-de-pe-o-plaja-din-capitala-momentul-retinerii\/"},"author":{"name":"admin","@id":"https:\/\/www.btv.md\/#\/schema\/person\/8fadce81561b3ce2c34c46dadc4ccbf2"},"headline":"B\u0103rbat, filmat cum fur\u0103 de pe o plaj\u0103 din Capital\u0103: Momentul re\u021binerii","datePublished":"2021-07-16T13:51:05+00:00","mainEntityOfPage":{"@id":"https:\/\/www.btv.md\/ro\/barbat-filmat-cum-fura-de-pe-o-plaja-din-capitala-momentul-retinerii\/"},"wordCount":158,"image":{"@id":"https:\/\/www.btv.md\/ro\/barbat-filmat-cum-fura-de-pe-o-plaja-din-capitala-momentul-retinerii\/#primaryimage"},"thumbnailUrl":"https:\/\/www.btv.md\/wp-content\/uploads\/2021\/07\/c6fed971e341ed8261d918b176f5795b.jpg","keywords":["b\u0103rbat","filmat cum fur\u0103 de pe o plaj\u0103 din Capital\u0103: Momentul re\u021binerii"],"articleSection":["Social"],"inLanguage":"ro-RO"},{"@type":"WebPage","@id":"https:\/\/www.btv.md\/ro\/barbat-filmat-cum-fura-de-pe-o-plaja-din-capitala-momentul-retinerii\/","url":"https:\/\/www.btv.md\/ro\/barbat-filmat-cum-fura-de-pe-o-plaja-din-capitala-momentul-retinerii\/","name":"B\u0103rbat, filmat cum fur\u0103 de pe o plaj\u0103 din Capital\u0103: Momentul re\u021binerii - BTV","isPartOf":{"@id":"https:\/\/www.btv.md\/#website"},"primaryImageOfPage":{"@id":"https:\/\/www.btv.md\/ro\/barbat-filmat-cum-fura-de-pe-o-plaja-din-capitala-momentul-retinerii\/#primaryimage"},"image":{"@id":"https:\/\/www.btv.md\/ro\/barbat-filmat-cum-fura-de-pe-o-plaja-din-capitala-momentul-retinerii\/#primaryimage"},"thumbnailUrl":"https:\/\/www.btv.md\/wp-content\/uploads\/2021\/07\/c6fed971e341ed8261d918b176f5795b.jpg","datePublished":"2021-07-16T13:51:05+00:00","author":{"@id":"https:\/\/www.btv.md\/#\/schema\/person\/8fadce81561b3ce2c34c46dadc4ccbf2"},"inLanguage":"ro-RO","potentialAction":[{"@type":"ReadAction","target":["https:\/\/www.btv.md\/ro\/barbat-filmat-cum-fura-de-pe-o-plaja-din-capitala-momentul-retinerii\/"]}]},{"@type":"ImageObject","inLanguage":"ro-RO","@id":"https:\/\/www.btv.md\/ro\/barbat-filmat-cum-fura-de-pe-o-plaja-din-capitala-momentul-retinerii\/#primaryimage","url":"https:\/\/www.btv.md\/wp-content\/uploads\/2021\/07\/c6fed971e341ed8261d918b176f5795b.jpg","contentUrl":"https:\/\/www.btv.md\/wp-content\/uploads\/2021\/07\/c6fed971e341ed8261d918b176f5795b.jpg","width":809,"height":456},{"@type":"WebSite","@id":"https:\/\/www.btv.md\/#website","url":"https:\/\/www.btv.md\/","name":"BTV","description":"\u0411\u0435\u043b\u044c\u0446\u043a\u043e\u0435 \u0442\u0435\u043b\u0435\u0432\u0438\u0434\u0435\u043d\u0438\u0435","potentialAction":[{"@type":"SearchAction","target":{"@type":"EntryPoint","urlTemplate":"https:\/\/www.btv.md\/?s={search_term_string}"},"query-input":{"@type":"PropertyValueSpecification","valueRequired":true,"valueName":"search_term_string"}}],"inLanguage":"ro-RO"},{"@type":"Person","@id":"https:\/\/www.btv.md\/#\/schema\/person\/8fadce81561b3ce2c34c46dadc4ccbf2","name":"admin"}]}},"_links":{"self":[{"href":"https:\/\/www.btv.md\/ro\/wp-json\/wp\/v2\/posts\/137177","targetHints":{"allow":["GET"]}}],"collection":[{"href":"https:\/\/www.btv.md\/ro\/wp-json\/wp\/v2\/posts"}],"about":[{"href":"https:\/\/www.btv.md\/ro\/wp-json\/wp\/v2\/types\/post"}],"author":[{"embeddable":true,"href":"https:\/\/www.btv.md\/ro\/wp-json\/wp\/v2\/users\/4"}],"replies":[{"embeddable":true,"href":"https:\/\/www.btv.md\/ro\/wp-json\/wp\/v2\/comments?post=137177"}],"version-history":[{"count":0,"href":"https:\/\/www.btv.md\/ro\/wp-json\/wp\/v2\/posts\/137177\/revisions"}],"wp:featuredmedia":[{"embeddable":true,"href":"https:\/\/www.btv.md\/ro\/wp-json\/wp\/v2\/media\/137178"}],"wp:attachment":[{"href":"https:\/\/www.btv.md\/ro\/wp-json\/wp\/v2\/media?parent=137177"}],"wp:term":[{"taxonomy":"category","embeddable":true,"href":"https:\/\/www.btv.md\/ro\/wp-json\/wp\/v2\/categories?post=137177"},{"taxonomy":"post_tag","embeddable":true,"href":"https:\/\/www.btv.md\/ro\/wp-json\/wp\/v2\/tags?post=137177"}],"curies":[{"name":"wp","href":"https:\/\/api.w.org\/{rel}","templated":true}]}}