{"id":137199,"date":"2021-07-17T10:30:18","date_gmt":"2021-07-17T07:30:18","guid":{"rendered":"https:\/\/www.btv.md\/?p=137199"},"modified":"2021-07-17T10:30:18","modified_gmt":"2021-07-17T07:30:18","slug":"start-admiterii-in-licee-colegii-si-scoli-profesionale","status":"publish","type":"post","link":"https:\/\/www.btv.md\/ro\/start-admiterii-in-licee-colegii-si-scoli-profesionale\/","title":{"rendered":"Start admiterii \u00een licee, colegii \u0219i \u0219coli profesionale"},"content":{"rendered":"<p><strong>A \u00eenceput, de cur\u00e2nd, admiterea \u00een licee, colegii \u015fi \u015fcolile profesionale din Republica Moldova. Astfel, tinerii au de ales \u00eentre zeci de specialit\u0103\u021bi \u0219i domenii dintre care art\u0103, transport sau meserii ce le pot asigura un viitor \u00een \u021bar\u0103. Depunerea dosarelor va continua p\u00e2n\u0103 pe 30 iulie. Care sunt cele mai solicitate specialit\u0103\u0163i pentru care opteaz\u0103 elevii, afla\u021bi din reportajul ce urmeaz\u0103, transmite <a href=\"https:\/\/tv8.md\/2021\/07\/16\/start-admiterii-in-licee-colegii-si-scoli-profesionale\/\">tv8.md<\/a>.<\/strong><\/p>\n<p><iframe title=\"Start admiterii \u00een licee, colegii \u0219i \u0219coli profesionale\" width=\"1170\" height=\"658\" data-src=\"https:\/\/www.youtube.com\/embed\/YT75wMAe5IM?wmode=transparent&amp;rel=0&amp;feature=oembed\" frameborder=\"0\" allow=\"accelerometer; autoplay; clipboard-write; encrypted-media; gyroscope; picture-in-picture\" allowfullscreen src=\"data:image\/svg+xml;base64,PHN2ZyB3aWR0aD0iMSIgaGVpZ2h0PSIxIiB4bWxucz0iaHR0cDovL3d3dy53My5vcmcvMjAwMC9zdmciPjwvc3ZnPg==\" class=\"lazyload\" data-load-mode=\"1\"><\/iframe><\/p>\n<p>Foto: tv8.md.<\/p>\n","protected":false},"excerpt":{"rendered":"<p>A \u00eenceput, de cur\u00e2nd, admiterea \u00een licee, colegii \u015fi \u015fcolile profesionale din Republica Moldova. Astfel, tinerii au de ales \u00eentre zeci de specialit\u0103\u021bi \u0219i domenii dintre care art\u0103, transport sau meserii ce le pot asigura un viitor \u00een \u021bar\u0103. Depunerea dosarelor va continua p\u00e2n\u0103 pe 30 iulie. Care sunt cele mai solicitate specialit\u0103\u0163i pentru care [&hellip;]<\/p>\n","protected":false},"author":4,"featured_media":137200,"comment_status":"closed","ping_status":"closed","sticky":false,"template":"","format":"standard","meta":{"footnotes":""},"categories":[6349],"tags":[27857,27856],"class_list":["post-137199","post","type-post","status-publish","format-standard","has-post-thumbnail","hentry","category-social","tag-colegii-si-scoli-profesionale","tag-start-admiterii-in-licee"],"yoast_head":"<!-- This site is optimized with the Yoast SEO plugin v27.4 - https:\/\/yoast.com\/product\/yoast-seo-wordpress\/ -->\n<title>Start admiterii \u00een licee, colegii \u0219i \u0219coli profesionale - BTV<\/title>\n<meta name=\"robots\" content=\"index, follow, max-snippet:-1, max-image-preview:large, max-video-preview:-1\" \/>\n<link rel=\"canonical\" href=\"https:\/\/www.btv.md\/ro\/start-admiterii-in-licee-colegii-si-scoli-profesionale\/\" \/>\n<meta property=\"og:locale\" content=\"ro_RO\" \/>\n<meta property=\"og:type\" content=\"article\" \/>\n<meta property=\"og:title\" content=\"Start admiterii \u00een licee, colegii \u0219i \u0219coli profesionale - BTV\" \/>\n<meta property=\"og:description\" content=\"A \u00eenceput, de cur\u00e2nd, admiterea \u00een licee, colegii \u015fi \u015fcolile profesionale din Republica Moldova. Astfel, tinerii au de ales \u00eentre zeci de specialit\u0103\u021bi \u0219i domenii dintre care art\u0103, transport sau meserii ce le pot asigura un viitor \u00een \u021bar\u0103. Depunerea dosarelor va continua p\u00e2n\u0103 pe 30 iulie. Care sunt cele mai solicitate specialit\u0103\u0163i pentru care [&hellip;]\" \/>\n<meta property=\"og:url\" content=\"https:\/\/www.btv.md\/ro\/start-admiterii-in-licee-colegii-si-scoli-profesionale\/\" \/>\n<meta property=\"og:site_name\" content=\"BTV\" \/>\n<meta property=\"article:publisher\" content=\"https:\/\/www.facebook.com\/btvmoldova\/\" \/>\n<meta property=\"article:published_time\" content=\"2021-07-17T07:30:18+00:00\" \/>\n<meta property=\"og:image\" content=\"https:\/\/www.btv.md\/wp-content\/uploads\/2021\/07\/captura-de-ecran-2021-07-16-204341.jpg\" \/>\n\t<meta property=\"og:image:width\" content=\"1581\" \/>\n\t<meta property=\"og:image:height\" content=\"885\" \/>\n\t<meta property=\"og:image:type\" content=\"image\/jpeg\" \/>\n<meta name=\"author\" content=\"admin\" \/>\n<meta name=\"twitter:label1\" content=\"Scris de\" \/>\n\t<meta name=\"twitter:data1\" content=\"admin\" \/>\n\t<meta name=\"twitter:label2\" content=\"Timp estimat pentru citire\" \/>\n\t<meta name=\"twitter:data2\" content=\"1 minut\" \/>\n<script type=\"application\/ld+json\" class=\"yoast-schema-graph\">{\"@context\":\"https:\\\/\\\/schema.org\",\"@graph\":[{\"@type\":\"Article\",\"@id\":\"https:\\\/\\\/www.btv.md\\\/ro\\\/start-admiterii-in-licee-colegii-si-scoli-profesionale\\\/#article\",\"isPartOf\":{\"@id\":\"https:\\\/\\\/www.btv.md\\\/ro\\\/start-admiterii-in-licee-colegii-si-scoli-profesionale\\\/\"},\"author\":{\"name\":\"admin\",\"@id\":\"https:\\\/\\\/www.btv.md\\\/#\\\/schema\\\/person\\\/8fadce81561b3ce2c34c46dadc4ccbf2\"},\"headline\":\"Start admiterii \u00een licee, colegii \u0219i \u0219coli profesionale\",\"datePublished\":\"2021-07-17T07:30:18+00:00\",\"mainEntityOfPage\":{\"@id\":\"https:\\\/\\\/www.btv.md\\\/ro\\\/start-admiterii-in-licee-colegii-si-scoli-profesionale\\\/\"},\"wordCount\":86,\"image\":{\"@id\":\"https:\\\/\\\/www.btv.md\\\/ro\\\/start-admiterii-in-licee-colegii-si-scoli-profesionale\\\/#primaryimage\"},\"thumbnailUrl\":\"https:\\\/\\\/www.btv.md\\\/wp-content\\\/uploads\\\/2021\\\/07\\\/captura-de-ecran-2021-07-16-204341.jpg\",\"keywords\":[\"colegii \u0219i \u0219coli profesionale\",\"Start admiterii \u00een licee\"],\"articleSection\":[\"Social\"],\"inLanguage\":\"ro-RO\"},{\"@type\":\"WebPage\",\"@id\":\"https:\\\/\\\/www.btv.md\\\/ro\\\/start-admiterii-in-licee-colegii-si-scoli-profesionale\\\/\",\"url\":\"https:\\\/\\\/www.btv.md\\\/ro\\\/start-admiterii-in-licee-colegii-si-scoli-profesionale\\\/\",\"name\":\"Start admiterii \u00een licee, colegii \u0219i \u0219coli profesionale - BTV\",\"isPartOf\":{\"@id\":\"https:\\\/\\\/www.btv.md\\\/#website\"},\"primaryImageOfPage\":{\"@id\":\"https:\\\/\\\/www.btv.md\\\/ro\\\/start-admiterii-in-licee-colegii-si-scoli-profesionale\\\/#primaryimage\"},\"image\":{\"@id\":\"https:\\\/\\\/www.btv.md\\\/ro\\\/start-admiterii-in-licee-colegii-si-scoli-profesionale\\\/#primaryimage\"},\"thumbnailUrl\":\"https:\\\/\\\/www.btv.md\\\/wp-content\\\/uploads\\\/2021\\\/07\\\/captura-de-ecran-2021-07-16-204341.jpg\",\"datePublished\":\"2021-07-17T07:30:18+00:00\",\"author\":{\"@id\":\"https:\\\/\\\/www.btv.md\\\/#\\\/schema\\\/person\\\/8fadce81561b3ce2c34c46dadc4ccbf2\"},\"inLanguage\":\"ro-RO\",\"potentialAction\":[{\"@type\":\"ReadAction\",\"target\":[\"https:\\\/\\\/www.btv.md\\\/ro\\\/start-admiterii-in-licee-colegii-si-scoli-profesionale\\\/\"]}]},{\"@type\":\"ImageObject\",\"inLanguage\":\"ro-RO\",\"@id\":\"https:\\\/\\\/www.btv.md\\\/ro\\\/start-admiterii-in-licee-colegii-si-scoli-profesionale\\\/#primaryimage\",\"url\":\"https:\\\/\\\/www.btv.md\\\/wp-content\\\/uploads\\\/2021\\\/07\\\/captura-de-ecran-2021-07-16-204341.jpg\",\"contentUrl\":\"https:\\\/\\\/www.btv.md\\\/wp-content\\\/uploads\\\/2021\\\/07\\\/captura-de-ecran-2021-07-16-204341.jpg\",\"width\":1581,\"height\":885},{\"@type\":\"WebSite\",\"@id\":\"https:\\\/\\\/www.btv.md\\\/#website\",\"url\":\"https:\\\/\\\/www.btv.md\\\/\",\"name\":\"BTV\",\"description\":\"\u0411\u0435\u043b\u044c\u0446\u043a\u043e\u0435 \u0442\u0435\u043b\u0435\u0432\u0438\u0434\u0435\u043d\u0438\u0435\",\"potentialAction\":[{\"@type\":\"SearchAction\",\"target\":{\"@type\":\"EntryPoint\",\"urlTemplate\":\"https:\\\/\\\/www.btv.md\\\/?s={search_term_string}\"},\"query-input\":{\"@type\":\"PropertyValueSpecification\",\"valueRequired\":true,\"valueName\":\"search_term_string\"}}],\"inLanguage\":\"ro-RO\"},{\"@type\":\"Person\",\"@id\":\"https:\\\/\\\/www.btv.md\\\/#\\\/schema\\\/person\\\/8fadce81561b3ce2c34c46dadc4ccbf2\",\"name\":\"admin\"}]}<\/script>\n<!-- \/ Yoast SEO plugin. -->","yoast_head_json":{"title":"Start admiterii \u00een licee, colegii \u0219i \u0219coli profesionale - BTV","robots":{"index":"index","follow":"follow","max-snippet":"max-snippet:-1","max-image-preview":"max-image-preview:large","max-video-preview":"max-video-preview:-1"},"canonical":"https:\/\/www.btv.md\/ro\/start-admiterii-in-licee-colegii-si-scoli-profesionale\/","og_locale":"ro_RO","og_type":"article","og_title":"Start admiterii \u00een licee, colegii \u0219i \u0219coli profesionale - BTV","og_description":"A \u00eenceput, de cur\u00e2nd, admiterea \u00een licee, colegii \u015fi \u015fcolile profesionale din Republica Moldova. Astfel, tinerii au de ales \u00eentre zeci de specialit\u0103\u021bi \u0219i domenii dintre care art\u0103, transport sau meserii ce le pot asigura un viitor \u00een \u021bar\u0103. Depunerea dosarelor va continua p\u00e2n\u0103 pe 30 iulie. Care sunt cele mai solicitate specialit\u0103\u0163i pentru care [&hellip;]","og_url":"https:\/\/www.btv.md\/ro\/start-admiterii-in-licee-colegii-si-scoli-profesionale\/","og_site_name":"BTV","article_publisher":"https:\/\/www.facebook.com\/btvmoldova\/","article_published_time":"2021-07-17T07:30:18+00:00","og_image":[{"width":1581,"height":885,"url":"https:\/\/www.btv.md\/wp-content\/uploads\/2021\/07\/captura-de-ecran-2021-07-16-204341.jpg","type":"image\/jpeg"}],"author":"admin","twitter_misc":{"Scris de":"admin","Timp estimat pentru citire":"1 minut"},"schema":{"@context":"https:\/\/schema.org","@graph":[{"@type":"Article","@id":"https:\/\/www.btv.md\/ro\/start-admiterii-in-licee-colegii-si-scoli-profesionale\/#article","isPartOf":{"@id":"https:\/\/www.btv.md\/ro\/start-admiterii-in-licee-colegii-si-scoli-profesionale\/"},"author":{"name":"admin","@id":"https:\/\/www.btv.md\/#\/schema\/person\/8fadce81561b3ce2c34c46dadc4ccbf2"},"headline":"Start admiterii \u00een licee, colegii \u0219i \u0219coli profesionale","datePublished":"2021-07-17T07:30:18+00:00","mainEntityOfPage":{"@id":"https:\/\/www.btv.md\/ro\/start-admiterii-in-licee-colegii-si-scoli-profesionale\/"},"wordCount":86,"image":{"@id":"https:\/\/www.btv.md\/ro\/start-admiterii-in-licee-colegii-si-scoli-profesionale\/#primaryimage"},"thumbnailUrl":"https:\/\/www.btv.md\/wp-content\/uploads\/2021\/07\/captura-de-ecran-2021-07-16-204341.jpg","keywords":["colegii \u0219i \u0219coli profesionale","Start admiterii \u00een licee"],"articleSection":["Social"],"inLanguage":"ro-RO"},{"@type":"WebPage","@id":"https:\/\/www.btv.md\/ro\/start-admiterii-in-licee-colegii-si-scoli-profesionale\/","url":"https:\/\/www.btv.md\/ro\/start-admiterii-in-licee-colegii-si-scoli-profesionale\/","name":"Start admiterii \u00een licee, colegii \u0219i \u0219coli profesionale - BTV","isPartOf":{"@id":"https:\/\/www.btv.md\/#website"},"primaryImageOfPage":{"@id":"https:\/\/www.btv.md\/ro\/start-admiterii-in-licee-colegii-si-scoli-profesionale\/#primaryimage"},"image":{"@id":"https:\/\/www.btv.md\/ro\/start-admiterii-in-licee-colegii-si-scoli-profesionale\/#primaryimage"},"thumbnailUrl":"https:\/\/www.btv.md\/wp-content\/uploads\/2021\/07\/captura-de-ecran-2021-07-16-204341.jpg","datePublished":"2021-07-17T07:30:18+00:00","author":{"@id":"https:\/\/www.btv.md\/#\/schema\/person\/8fadce81561b3ce2c34c46dadc4ccbf2"},"inLanguage":"ro-RO","potentialAction":[{"@type":"ReadAction","target":["https:\/\/www.btv.md\/ro\/start-admiterii-in-licee-colegii-si-scoli-profesionale\/"]}]},{"@type":"ImageObject","inLanguage":"ro-RO","@id":"https:\/\/www.btv.md\/ro\/start-admiterii-in-licee-colegii-si-scoli-profesionale\/#primaryimage","url":"https:\/\/www.btv.md\/wp-content\/uploads\/2021\/07\/captura-de-ecran-2021-07-16-204341.jpg","contentUrl":"https:\/\/www.btv.md\/wp-content\/uploads\/2021\/07\/captura-de-ecran-2021-07-16-204341.jpg","width":1581,"height":885},{"@type":"WebSite","@id":"https:\/\/www.btv.md\/#website","url":"https:\/\/www.btv.md\/","name":"BTV","description":"\u0411\u0435\u043b\u044c\u0446\u043a\u043e\u0435 \u0442\u0435\u043b\u0435\u0432\u0438\u0434\u0435\u043d\u0438\u0435","potentialAction":[{"@type":"SearchAction","target":{"@type":"EntryPoint","urlTemplate":"https:\/\/www.btv.md\/?s={search_term_string}"},"query-input":{"@type":"PropertyValueSpecification","valueRequired":true,"valueName":"search_term_string"}}],"inLanguage":"ro-RO"},{"@type":"Person","@id":"https:\/\/www.btv.md\/#\/schema\/person\/8fadce81561b3ce2c34c46dadc4ccbf2","name":"admin"}]}},"_links":{"self":[{"href":"https:\/\/www.btv.md\/ro\/wp-json\/wp\/v2\/posts\/137199","targetHints":{"allow":["GET"]}}],"collection":[{"href":"https:\/\/www.btv.md\/ro\/wp-json\/wp\/v2\/posts"}],"about":[{"href":"https:\/\/www.btv.md\/ro\/wp-json\/wp\/v2\/types\/post"}],"author":[{"embeddable":true,"href":"https:\/\/www.btv.md\/ro\/wp-json\/wp\/v2\/users\/4"}],"replies":[{"embeddable":true,"href":"https:\/\/www.btv.md\/ro\/wp-json\/wp\/v2\/comments?post=137199"}],"version-history":[{"count":0,"href":"https:\/\/www.btv.md\/ro\/wp-json\/wp\/v2\/posts\/137199\/revisions"}],"wp:featuredmedia":[{"embeddable":true,"href":"https:\/\/www.btv.md\/ro\/wp-json\/wp\/v2\/media\/137200"}],"wp:attachment":[{"href":"https:\/\/www.btv.md\/ro\/wp-json\/wp\/v2\/media?parent=137199"}],"wp:term":[{"taxonomy":"category","embeddable":true,"href":"https:\/\/www.btv.md\/ro\/wp-json\/wp\/v2\/categories?post=137199"},{"taxonomy":"post_tag","embeddable":true,"href":"https:\/\/www.btv.md\/ro\/wp-json\/wp\/v2\/tags?post=137199"}],"curies":[{"name":"wp","href":"https:\/\/api.w.org\/{rel}","templated":true}]}}