{"id":137203,"date":"2021-07-17T10:32:57","date_gmt":"2021-07-17T07:32:57","guid":{"rendered":"https:\/\/www.btv.md\/?p=137203"},"modified":"2021-07-17T10:32:57","modified_gmt":"2021-07-17T07:32:57","slug":"ce-spun-vecinii-si-primarul-despre-copilul-gasit-mort-in-masina-vecinilor","status":"publish","type":"post","link":"https:\/\/www.btv.md\/ro\/ce-spun-vecinii-si-primarul-despre-copilul-gasit-mort-in-masina-vecinilor\/","title":{"rendered":"Ce spun vecinii \u0219i primarul despre copilul g\u0103sit mort \u00een ma\u0219ina vecinilor"},"content":{"rendered":"<p><strong>Tragedia a avut loc \u00een urm\u0103 cu dou\u0103 zile. Seara, c\u00e2nd p\u0103rin\u0163ii au v\u0103zut c\u0103 b\u0103iatul nu mai revine acas\u0103, au \u00eenceput c\u0103ut\u0103rile, transmite\u00a0<a href=\"https:\/\/stiri.md\/article\/social\/ce-spun-vecinii-si-primarul-despre-copilul-gasit-mort-in-masina-vecinilor\">\u0218tiri.md<\/a>.<\/strong><\/p>\n<p>\u00cen jurul orei 23:00, au anun\u0163at \u015fi poli\u0163ia despre dispari\u0163ia copilului.<\/p>\n<p>Dup\u0103 aproape dou\u0103 ore de c\u0103ut\u0103ri, oamenii legii au reu\u015fit s\u0103-l g\u0103seasc\u0103 pe b\u0103iat, \u00eens\u0103 a fost prea t\u00e2rziu.<\/p>\n<p>B\u0103iatul a fost g\u0103sit f\u0103r\u0103 suflare \u00een automobilul vecinilor. Cei din urm\u0103 sunt pleca\u0163i peste hotare, iar ma\u015fina au l\u0103sat-o parcat\u0103 \u00een curtea casei.<\/p>\n<p>Venit la fa\u0163a locului, medicul legist nu a depistat urme de moarte violent\u0103.<\/p>\n<p>Cel mai probabil decesul b\u0103iatului a survenit din cauza asfixierii. Poli\u0163i\u015ftii au stabilit c\u0103 lac\u0103\u0163ele portierelor automobilului erau defectate. Acestea puteau fi deschise doar din exterior, nu \u015fi din interior.<\/p>\n<p>Astfel, minorul ar fi intrat \u00een ma\u015fin\u0103 \u015fi nu a mai putut ie\u015fi.<\/p>\n<p>Natalia Stati, ofi\u0163er de pres\u0103, Poli\u0163ia Chi\u015fin\u0103u: \u201eVecinii fiind pleca\u0163i peste hotare nu au \u015ftiut c\u0103 minorul a intrat \u00een curtea lor \u015fi \u00een automobilul parcat \u00een ograd\u0103. La fa\u0163a locului a fost solicitat \u015fi medicul legist.<\/p>\n<p>Medicul a constatat c\u0103 minorul s-a asfixiat. Cel mai probabil minorul a strigat dup\u0103 ajutor dar nu a \u00a0fost auzit. Cadavrul minorului de 9 ani a fost \u00eendreptat la Centrul de Medicin\u0103 Legal\u0103 pentru efectuarea expertizele necesare\u201d.<\/p>\n<p>Localnicii sunt \u015foca\u0163i de cele \u00eent\u00e2mplate.<\/p>\n<p>Vecinii spun c\u0103 e vorba de o familie obi\u015fnuit\u0103 cu cinci copii, iar b\u0103iatul care a murit obi\u015fnuia s\u0103 fug\u0103 de acas\u0103.<\/p>\n<p>Potrivit primarului, familia nu se afl\u0103 la eviden\u0163a serviciilor sociale, iar copii nu au fost neglija\u0163i de p\u0103rin\u0163i.<\/p>\n<p>Ion Moraru, primar comuna Bubuieci: \u201eO familie medie, mai avea poate tat\u0103l patima lui Bahus, dar nu era \u00een eviden\u0163\u0103, nu au fost \u00a0sesiz\u0103ri din partea poli\u0163iei, vecinilor, a \u00a0\u015fcolii c\u0103 copii necesit\u0103 interven\u0163ia autorit\u0103\u0163ilor publice locale, c\u0103 acolo este abuz \u00een familie. O familie modest\u0103. Fac un apel c\u0103tre toat\u0103 comunitatea. Fi\u0163i aten\u0163i \u015fi vigilen\u0163i ce fac cum se comport\u0103 c\u0103-s copii&#8221;<\/p>\n<p>Pe acest caz a fost deschis un proces penal \u015fi urmeaz\u0103 s\u0103 fie stabilite cauzele exacte ale incidentului. O tragedie asem\u0103n\u0103toarea era s\u0103 se \u00eent\u00e2mple, \u00een aceast\u0103 dup\u0103 amiaz\u0103, \u015fi \u00een municipiul B\u0103l\u0163i. Un b\u0103iat de 2 ani era c\u00e2t pe ce s\u0103 se sufoce \u00een automobilul p\u0103rin\u0163ilor, dup\u0103 ce ace\u015ftia au ie\u015fit, iar portierele s-au \u00eenchis bloc\u00e2nd copilul \u00een interior.<\/p>\n<p>Abia dup\u0103 20 de minute, salvatorii au spart geamul ma\u015finii \u015fi au scos copilul. \u00cen urma incidentului, b\u0103iatul nu a avut de suferit.<\/p>\n<p>Salvatorii \u00eendeamn\u0103 p\u0103rin\u0163ii s\u0103 nu lase copii \u00een automobil, \u00een special \u00een perioada de var\u0103, c\u00e2nd temperaturile dep\u0103\u015fesc la umbr\u0103 35 de grade.<\/p>\n<p>Din cauza caniculei, \u00een acest\u0103 s\u0103pt\u0103m\u00e2n\u0103 9 persoane au apelat dup\u0103 ajutor. Cei mai vulnerabili sunt cardiacii, copiii, v\u00e2rstnicii \u015fi gravidele.<\/p>\n<p><span class=\"fr-video fr-fvl fr-dvb fr-draggable\"><iframe data-src=\"https:\/\/play.md\/embed\/3675501?title=true&amp;autoplay=false\" width=\"100%\" height=\"405\" frameborder=\"0\" scrolling=\"no\" allowfullscreen=\"allowfullscreen\" data-mce-fragment=\"1\" src=\"data:image\/svg+xml;base64,PHN2ZyB3aWR0aD0iMSIgaGVpZ2h0PSIxIiB4bWxucz0iaHR0cDovL3d3dy53My5vcmcvMjAwMC9zdmciPjwvc3ZnPg==\" class=\"lazyload\" data-load-mode=\"1\"><\/iframe><\/span><\/p>\n<p>Foto: \u0218tiri.md.<\/p>\n","protected":false},"excerpt":{"rendered":"<p>Tragedia a avut loc \u00een urm\u0103 cu dou\u0103 zile. Seara, c\u00e2nd p\u0103rin\u0163ii au v\u0103zut c\u0103 b\u0103iatul nu mai revine acas\u0103, au \u00eenceput c\u0103ut\u0103rile, transmite\u00a0\u0218tiri.md. \u00cen jurul orei 23:00, au anun\u0163at \u015fi poli\u0163ia despre dispari\u0163ia copilului. Dup\u0103 aproape dou\u0103 ore de c\u0103ut\u0103ri, oamenii legii au reu\u015fit s\u0103-l g\u0103seasc\u0103 pe b\u0103iat, \u00eens\u0103 a fost prea t\u00e2rziu. B\u0103iatul [&hellip;]<\/p>\n","protected":false},"author":4,"featured_media":137204,"comment_status":"closed","ping_status":"closed","sticky":false,"template":"","format":"standard","meta":{"footnotes":""},"categories":[6349],"tags":[27858],"class_list":["post-137203","post","type-post","status-publish","format-standard","has-post-thumbnail","hentry","category-social","tag-ce-spun-vecinii-si-primarul-despre-copilul-gasit-mort-in-masina-vecinilor"],"yoast_head":"<!-- This site is optimized with the Yoast SEO plugin v27.4 - https:\/\/yoast.com\/product\/yoast-seo-wordpress\/ -->\n<title>Ce spun vecinii \u0219i primarul despre copilul g\u0103sit mort \u00een ma\u0219ina vecinilor - BTV<\/title>\n<meta name=\"robots\" content=\"index, follow, max-snippet:-1, max-image-preview:large, max-video-preview:-1\" \/>\n<link rel=\"canonical\" href=\"https:\/\/www.btv.md\/ro\/ce-spun-vecinii-si-primarul-despre-copilul-gasit-mort-in-masina-vecinilor\/\" \/>\n<meta property=\"og:locale\" content=\"ro_RO\" \/>\n<meta property=\"og:type\" content=\"article\" \/>\n<meta property=\"og:title\" content=\"Ce spun vecinii \u0219i primarul despre copilul g\u0103sit mort \u00een ma\u0219ina vecinilor - BTV\" \/>\n<meta property=\"og:description\" content=\"Tragedia a avut loc \u00een urm\u0103 cu dou\u0103 zile. Seara, c\u00e2nd p\u0103rin\u0163ii au v\u0103zut c\u0103 b\u0103iatul nu mai revine acas\u0103, au \u00eenceput c\u0103ut\u0103rile, transmite\u00a0\u0218tiri.md. \u00cen jurul orei 23:00, au anun\u0163at \u015fi poli\u0163ia despre dispari\u0163ia copilului. Dup\u0103 aproape dou\u0103 ore de c\u0103ut\u0103ri, oamenii legii au reu\u015fit s\u0103-l g\u0103seasc\u0103 pe b\u0103iat, \u00eens\u0103 a fost prea t\u00e2rziu. B\u0103iatul [&hellip;]\" \/>\n<meta property=\"og:url\" content=\"https:\/\/www.btv.md\/ro\/ce-spun-vecinii-si-primarul-despre-copilul-gasit-mort-in-masina-vecinilor\/\" \/>\n<meta property=\"og:site_name\" content=\"BTV\" \/>\n<meta property=\"article:publisher\" content=\"https:\/\/www.facebook.com\/btvmoldova\/\" \/>\n<meta property=\"article:published_time\" content=\"2021-07-17T07:32:57+00:00\" \/>\n<meta property=\"og:image\" content=\"https:\/\/www.btv.md\/wp-content\/uploads\/2021\/07\/bb82367b69efe6588cef2dd0eaaf90c7.jpg\" \/>\n\t<meta property=\"og:image:width\" content=\"809\" \/>\n\t<meta property=\"og:image:height\" content=\"456\" \/>\n\t<meta property=\"og:image:type\" content=\"image\/jpeg\" \/>\n<meta name=\"author\" content=\"admin\" \/>\n<meta name=\"twitter:label1\" content=\"Scris de\" \/>\n\t<meta name=\"twitter:data1\" content=\"admin\" \/>\n\t<meta name=\"twitter:label2\" content=\"Timp estimat pentru citire\" \/>\n\t<meta name=\"twitter:data2\" content=\"2 minute\" \/>\n<script type=\"application\/ld+json\" class=\"yoast-schema-graph\">{\"@context\":\"https:\\\/\\\/schema.org\",\"@graph\":[{\"@type\":\"Article\",\"@id\":\"https:\\\/\\\/www.btv.md\\\/ro\\\/ce-spun-vecinii-si-primarul-despre-copilul-gasit-mort-in-masina-vecinilor\\\/#article\",\"isPartOf\":{\"@id\":\"https:\\\/\\\/www.btv.md\\\/ro\\\/ce-spun-vecinii-si-primarul-despre-copilul-gasit-mort-in-masina-vecinilor\\\/\"},\"author\":{\"name\":\"admin\",\"@id\":\"https:\\\/\\\/www.btv.md\\\/#\\\/schema\\\/person\\\/8fadce81561b3ce2c34c46dadc4ccbf2\"},\"headline\":\"Ce spun vecinii \u0219i primarul despre copilul g\u0103sit mort \u00een ma\u0219ina vecinilor\",\"datePublished\":\"2021-07-17T07:32:57+00:00\",\"mainEntityOfPage\":{\"@id\":\"https:\\\/\\\/www.btv.md\\\/ro\\\/ce-spun-vecinii-si-primarul-despre-copilul-gasit-mort-in-masina-vecinilor\\\/\"},\"wordCount\":535,\"image\":{\"@id\":\"https:\\\/\\\/www.btv.md\\\/ro\\\/ce-spun-vecinii-si-primarul-despre-copilul-gasit-mort-in-masina-vecinilor\\\/#primaryimage\"},\"thumbnailUrl\":\"https:\\\/\\\/www.btv.md\\\/wp-content\\\/uploads\\\/2021\\\/07\\\/bb82367b69efe6588cef2dd0eaaf90c7.jpg\",\"keywords\":[\"Ce spun vecinii \u0219i primarul despre copilul g\u0103sit mort \u00een ma\u0219ina vecinilor\"],\"articleSection\":[\"Social\"],\"inLanguage\":\"ro-RO\"},{\"@type\":\"WebPage\",\"@id\":\"https:\\\/\\\/www.btv.md\\\/ro\\\/ce-spun-vecinii-si-primarul-despre-copilul-gasit-mort-in-masina-vecinilor\\\/\",\"url\":\"https:\\\/\\\/www.btv.md\\\/ro\\\/ce-spun-vecinii-si-primarul-despre-copilul-gasit-mort-in-masina-vecinilor\\\/\",\"name\":\"Ce spun vecinii \u0219i primarul despre copilul g\u0103sit mort \u00een ma\u0219ina vecinilor - BTV\",\"isPartOf\":{\"@id\":\"https:\\\/\\\/www.btv.md\\\/#website\"},\"primaryImageOfPage\":{\"@id\":\"https:\\\/\\\/www.btv.md\\\/ro\\\/ce-spun-vecinii-si-primarul-despre-copilul-gasit-mort-in-masina-vecinilor\\\/#primaryimage\"},\"image\":{\"@id\":\"https:\\\/\\\/www.btv.md\\\/ro\\\/ce-spun-vecinii-si-primarul-despre-copilul-gasit-mort-in-masina-vecinilor\\\/#primaryimage\"},\"thumbnailUrl\":\"https:\\\/\\\/www.btv.md\\\/wp-content\\\/uploads\\\/2021\\\/07\\\/bb82367b69efe6588cef2dd0eaaf90c7.jpg\",\"datePublished\":\"2021-07-17T07:32:57+00:00\",\"author\":{\"@id\":\"https:\\\/\\\/www.btv.md\\\/#\\\/schema\\\/person\\\/8fadce81561b3ce2c34c46dadc4ccbf2\"},\"inLanguage\":\"ro-RO\",\"potentialAction\":[{\"@type\":\"ReadAction\",\"target\":[\"https:\\\/\\\/www.btv.md\\\/ro\\\/ce-spun-vecinii-si-primarul-despre-copilul-gasit-mort-in-masina-vecinilor\\\/\"]}]},{\"@type\":\"ImageObject\",\"inLanguage\":\"ro-RO\",\"@id\":\"https:\\\/\\\/www.btv.md\\\/ro\\\/ce-spun-vecinii-si-primarul-despre-copilul-gasit-mort-in-masina-vecinilor\\\/#primaryimage\",\"url\":\"https:\\\/\\\/www.btv.md\\\/wp-content\\\/uploads\\\/2021\\\/07\\\/bb82367b69efe6588cef2dd0eaaf90c7.jpg\",\"contentUrl\":\"https:\\\/\\\/www.btv.md\\\/wp-content\\\/uploads\\\/2021\\\/07\\\/bb82367b69efe6588cef2dd0eaaf90c7.jpg\",\"width\":809,\"height\":456},{\"@type\":\"WebSite\",\"@id\":\"https:\\\/\\\/www.btv.md\\\/#website\",\"url\":\"https:\\\/\\\/www.btv.md\\\/\",\"name\":\"BTV\",\"description\":\"\u0411\u0435\u043b\u044c\u0446\u043a\u043e\u0435 \u0442\u0435\u043b\u0435\u0432\u0438\u0434\u0435\u043d\u0438\u0435\",\"potentialAction\":[{\"@type\":\"SearchAction\",\"target\":{\"@type\":\"EntryPoint\",\"urlTemplate\":\"https:\\\/\\\/www.btv.md\\\/?s={search_term_string}\"},\"query-input\":{\"@type\":\"PropertyValueSpecification\",\"valueRequired\":true,\"valueName\":\"search_term_string\"}}],\"inLanguage\":\"ro-RO\"},{\"@type\":\"Person\",\"@id\":\"https:\\\/\\\/www.btv.md\\\/#\\\/schema\\\/person\\\/8fadce81561b3ce2c34c46dadc4ccbf2\",\"name\":\"admin\"}]}<\/script>\n<!-- \/ Yoast SEO plugin. -->","yoast_head_json":{"title":"Ce spun vecinii \u0219i primarul despre copilul g\u0103sit mort \u00een ma\u0219ina vecinilor - BTV","robots":{"index":"index","follow":"follow","max-snippet":"max-snippet:-1","max-image-preview":"max-image-preview:large","max-video-preview":"max-video-preview:-1"},"canonical":"https:\/\/www.btv.md\/ro\/ce-spun-vecinii-si-primarul-despre-copilul-gasit-mort-in-masina-vecinilor\/","og_locale":"ro_RO","og_type":"article","og_title":"Ce spun vecinii \u0219i primarul despre copilul g\u0103sit mort \u00een ma\u0219ina vecinilor - BTV","og_description":"Tragedia a avut loc \u00een urm\u0103 cu dou\u0103 zile. Seara, c\u00e2nd p\u0103rin\u0163ii au v\u0103zut c\u0103 b\u0103iatul nu mai revine acas\u0103, au \u00eenceput c\u0103ut\u0103rile, transmite\u00a0\u0218tiri.md. \u00cen jurul orei 23:00, au anun\u0163at \u015fi poli\u0163ia despre dispari\u0163ia copilului. Dup\u0103 aproape dou\u0103 ore de c\u0103ut\u0103ri, oamenii legii au reu\u015fit s\u0103-l g\u0103seasc\u0103 pe b\u0103iat, \u00eens\u0103 a fost prea t\u00e2rziu. B\u0103iatul [&hellip;]","og_url":"https:\/\/www.btv.md\/ro\/ce-spun-vecinii-si-primarul-despre-copilul-gasit-mort-in-masina-vecinilor\/","og_site_name":"BTV","article_publisher":"https:\/\/www.facebook.com\/btvmoldova\/","article_published_time":"2021-07-17T07:32:57+00:00","og_image":[{"width":809,"height":456,"url":"https:\/\/www.btv.md\/wp-content\/uploads\/2021\/07\/bb82367b69efe6588cef2dd0eaaf90c7.jpg","type":"image\/jpeg"}],"author":"admin","twitter_misc":{"Scris de":"admin","Timp estimat pentru citire":"2 minute"},"schema":{"@context":"https:\/\/schema.org","@graph":[{"@type":"Article","@id":"https:\/\/www.btv.md\/ro\/ce-spun-vecinii-si-primarul-despre-copilul-gasit-mort-in-masina-vecinilor\/#article","isPartOf":{"@id":"https:\/\/www.btv.md\/ro\/ce-spun-vecinii-si-primarul-despre-copilul-gasit-mort-in-masina-vecinilor\/"},"author":{"name":"admin","@id":"https:\/\/www.btv.md\/#\/schema\/person\/8fadce81561b3ce2c34c46dadc4ccbf2"},"headline":"Ce spun vecinii \u0219i primarul despre copilul g\u0103sit mort \u00een ma\u0219ina vecinilor","datePublished":"2021-07-17T07:32:57+00:00","mainEntityOfPage":{"@id":"https:\/\/www.btv.md\/ro\/ce-spun-vecinii-si-primarul-despre-copilul-gasit-mort-in-masina-vecinilor\/"},"wordCount":535,"image":{"@id":"https:\/\/www.btv.md\/ro\/ce-spun-vecinii-si-primarul-despre-copilul-gasit-mort-in-masina-vecinilor\/#primaryimage"},"thumbnailUrl":"https:\/\/www.btv.md\/wp-content\/uploads\/2021\/07\/bb82367b69efe6588cef2dd0eaaf90c7.jpg","keywords":["Ce spun vecinii \u0219i primarul despre copilul g\u0103sit mort \u00een ma\u0219ina vecinilor"],"articleSection":["Social"],"inLanguage":"ro-RO"},{"@type":"WebPage","@id":"https:\/\/www.btv.md\/ro\/ce-spun-vecinii-si-primarul-despre-copilul-gasit-mort-in-masina-vecinilor\/","url":"https:\/\/www.btv.md\/ro\/ce-spun-vecinii-si-primarul-despre-copilul-gasit-mort-in-masina-vecinilor\/","name":"Ce spun vecinii \u0219i primarul despre copilul g\u0103sit mort \u00een ma\u0219ina vecinilor - BTV","isPartOf":{"@id":"https:\/\/www.btv.md\/#website"},"primaryImageOfPage":{"@id":"https:\/\/www.btv.md\/ro\/ce-spun-vecinii-si-primarul-despre-copilul-gasit-mort-in-masina-vecinilor\/#primaryimage"},"image":{"@id":"https:\/\/www.btv.md\/ro\/ce-spun-vecinii-si-primarul-despre-copilul-gasit-mort-in-masina-vecinilor\/#primaryimage"},"thumbnailUrl":"https:\/\/www.btv.md\/wp-content\/uploads\/2021\/07\/bb82367b69efe6588cef2dd0eaaf90c7.jpg","datePublished":"2021-07-17T07:32:57+00:00","author":{"@id":"https:\/\/www.btv.md\/#\/schema\/person\/8fadce81561b3ce2c34c46dadc4ccbf2"},"inLanguage":"ro-RO","potentialAction":[{"@type":"ReadAction","target":["https:\/\/www.btv.md\/ro\/ce-spun-vecinii-si-primarul-despre-copilul-gasit-mort-in-masina-vecinilor\/"]}]},{"@type":"ImageObject","inLanguage":"ro-RO","@id":"https:\/\/www.btv.md\/ro\/ce-spun-vecinii-si-primarul-despre-copilul-gasit-mort-in-masina-vecinilor\/#primaryimage","url":"https:\/\/www.btv.md\/wp-content\/uploads\/2021\/07\/bb82367b69efe6588cef2dd0eaaf90c7.jpg","contentUrl":"https:\/\/www.btv.md\/wp-content\/uploads\/2021\/07\/bb82367b69efe6588cef2dd0eaaf90c7.jpg","width":809,"height":456},{"@type":"WebSite","@id":"https:\/\/www.btv.md\/#website","url":"https:\/\/www.btv.md\/","name":"BTV","description":"\u0411\u0435\u043b\u044c\u0446\u043a\u043e\u0435 \u0442\u0435\u043b\u0435\u0432\u0438\u0434\u0435\u043d\u0438\u0435","potentialAction":[{"@type":"SearchAction","target":{"@type":"EntryPoint","urlTemplate":"https:\/\/www.btv.md\/?s={search_term_string}"},"query-input":{"@type":"PropertyValueSpecification","valueRequired":true,"valueName":"search_term_string"}}],"inLanguage":"ro-RO"},{"@type":"Person","@id":"https:\/\/www.btv.md\/#\/schema\/person\/8fadce81561b3ce2c34c46dadc4ccbf2","name":"admin"}]}},"_links":{"self":[{"href":"https:\/\/www.btv.md\/ro\/wp-json\/wp\/v2\/posts\/137203","targetHints":{"allow":["GET"]}}],"collection":[{"href":"https:\/\/www.btv.md\/ro\/wp-json\/wp\/v2\/posts"}],"about":[{"href":"https:\/\/www.btv.md\/ro\/wp-json\/wp\/v2\/types\/post"}],"author":[{"embeddable":true,"href":"https:\/\/www.btv.md\/ro\/wp-json\/wp\/v2\/users\/4"}],"replies":[{"embeddable":true,"href":"https:\/\/www.btv.md\/ro\/wp-json\/wp\/v2\/comments?post=137203"}],"version-history":[{"count":0,"href":"https:\/\/www.btv.md\/ro\/wp-json\/wp\/v2\/posts\/137203\/revisions"}],"wp:featuredmedia":[{"embeddable":true,"href":"https:\/\/www.btv.md\/ro\/wp-json\/wp\/v2\/media\/137204"}],"wp:attachment":[{"href":"https:\/\/www.btv.md\/ro\/wp-json\/wp\/v2\/media?parent=137203"}],"wp:term":[{"taxonomy":"category","embeddable":true,"href":"https:\/\/www.btv.md\/ro\/wp-json\/wp\/v2\/categories?post=137203"},{"taxonomy":"post_tag","embeddable":true,"href":"https:\/\/www.btv.md\/ro\/wp-json\/wp\/v2\/tags?post=137203"}],"curies":[{"name":"wp","href":"https:\/\/api.w.org\/{rel}","templated":true}]}}