{"id":137207,"date":"2021-07-17T10:35:03","date_gmt":"2021-07-17T07:35:03","guid":{"rendered":"https:\/\/www.btv.md\/?p=137207"},"modified":"2021-07-17T10:35:03","modified_gmt":"2021-07-17T07:35:03","slug":"foto-evadare-ca-in-filme-cu-loganul-politiei-la-hincesti","status":"publish","type":"post","link":"https:\/\/www.btv.md\/ro\/foto-evadare-ca-in-filme-cu-loganul-politiei-la-hincesti\/","title":{"rendered":"FOTO \/\/ Evadare ca \u00een filme cu Loganul poli\u021biei, la H\u00eence\u0219ti"},"content":{"rendered":"<p><strong>Un t\u00e2n\u0103r re\u021binut a vrut s\u0103 \u0219tearg\u0103 putina din inspectoratul de poli\u021bie cu ma\u0219ina oamenilor legii, peste 10 minute dup\u0103 ce a fost escortat, dar s-a r\u0103sturnat \u00eentr-o curb\u0103. Incidentul a avut lo \u00een dup\u0103-amiaza zilei de ieri, \u00een jurul orei 17:05, \u00een ora\u0219ul H\u00eence\u0219ti, transmite <a href=\"https:\/\/deschide.md\/ro\/stiri\/social\/88641\/FOTO--Evadare-ca-%C3%AEn-filme-cu-Loganul-poli%C8%9Biei-la-H%C3%AEnce%C8%99ti.htm\">deschide.md<\/a>.<\/strong><\/p>\n<p>Este vorba despre un t\u00e2n\u0103r \u00een v\u00e2rst\u0103 de 31 de ani, originar din S\u0103rata-Galben\u0103, care ieri a fost escortat la Inspectoratul de Poli\u021bie H\u00eence\u0219ti, pentru a fi documentat \u00eentr-un caz de tulburare a lini\u0219tei publice.<\/p>\n<p>D\u00e2nsul a profitat de neaten\u021bia poli\u021bi\u0219tilor, a urcat \u00een ma\u0219ina poli\u021biei care era parcat\u0103 \u00een fa\u021ba inspectoratului \u0219i a \u00eencercat s\u0103 dea bir cu fugi\u021bii. A pornit motorul, iar c\u00e2nd a dat \u00een spate, a lovit un alt automobil de marca Toyota, dup\u0103 care a for\u021bat pedala de accelera\u021bie \u0219i s-a deplasat \u00eentr-o direc\u021bie necunoscut\u0103.<\/p>\n<p>Ulterior, la o distan\u021b\u0103 de aproximativ 2 km, \u00eentr-o curb\u0103, t\u00e2n\u0103rul a pierdut controlul volanului, iar ma\u0219ina a derapat de pe traseu \u0219i s-a r\u0103sturnat.<\/p>\n<p>Fugarul a fost anterior condamnat \u0219i se afl\u0103 la eviden\u021ba medicului narcolog.<\/p>\n<p>D\u00e2nsul a fost re\u021binut pentru 72 de ore, iar pe numele s\u0103u a fost pornit\u0103 o cauz\u0103 penal\u0103. Totodat\u0103, a fost ini\u021biat\u0103 \u0219i o anchet\u0103 de serviciu pentru a stabili toate circumstan\u021bele \u00een care s-a produs incidentul.<\/p>\n<p>Foto: deschide.md.<\/p>\n","protected":false},"excerpt":{"rendered":"<p>Un t\u00e2n\u0103r re\u021binut a vrut s\u0103 \u0219tearg\u0103 putina din inspectoratul de poli\u021bie cu ma\u0219ina oamenilor legii, peste 10 minute dup\u0103 ce a fost escortat, dar s-a r\u0103sturnat \u00eentr-o curb\u0103. Incidentul a avut lo \u00een dup\u0103-amiaza zilei de ieri, \u00een jurul orei 17:05, \u00een ora\u0219ul H\u00eence\u0219ti, transmite deschide.md. Este vorba despre un t\u00e2n\u0103r \u00een v\u00e2rst\u0103 de [&hellip;]<\/p>\n","protected":false},"author":4,"featured_media":137208,"comment_status":"closed","ping_status":"closed","sticky":false,"template":"","format":"standard","meta":{"footnotes":""},"categories":[6349],"tags":[27859,24241],"class_list":["post-137207","post","type-post","status-publish","format-standard","has-post-thumbnail","hentry","category-social","tag-foto-evadare-ca-in-filme-cu-loganul-politiei","tag-la-hincesti"],"yoast_head":"<!-- This site is optimized with the Yoast SEO plugin v27.4 - https:\/\/yoast.com\/product\/yoast-seo-wordpress\/ -->\n<title>FOTO \/\/ Evadare ca \u00een filme cu Loganul poli\u021biei, la H\u00eence\u0219ti - BTV<\/title>\n<meta name=\"robots\" content=\"index, follow, max-snippet:-1, max-image-preview:large, max-video-preview:-1\" \/>\n<link rel=\"canonical\" href=\"https:\/\/www.btv.md\/ro\/foto-evadare-ca-in-filme-cu-loganul-politiei-la-hincesti\/\" \/>\n<meta property=\"og:locale\" content=\"ro_RO\" \/>\n<meta property=\"og:type\" content=\"article\" \/>\n<meta property=\"og:title\" content=\"FOTO \/\/ Evadare ca \u00een filme cu Loganul poli\u021biei, la H\u00eence\u0219ti - BTV\" \/>\n<meta property=\"og:description\" content=\"Un t\u00e2n\u0103r re\u021binut a vrut s\u0103 \u0219tearg\u0103 putina din inspectoratul de poli\u021bie cu ma\u0219ina oamenilor legii, peste 10 minute dup\u0103 ce a fost escortat, dar s-a r\u0103sturnat \u00eentr-o curb\u0103. Incidentul a avut lo \u00een dup\u0103-amiaza zilei de ieri, \u00een jurul orei 17:05, \u00een ora\u0219ul H\u00eence\u0219ti, transmite deschide.md. Este vorba despre un t\u00e2n\u0103r \u00een v\u00e2rst\u0103 de [&hellip;]\" \/>\n<meta property=\"og:url\" content=\"https:\/\/www.btv.md\/ro\/foto-evadare-ca-in-filme-cu-loganul-politiei-la-hincesti\/\" \/>\n<meta property=\"og:site_name\" content=\"BTV\" \/>\n<meta property=\"article:publisher\" content=\"https:\/\/www.facebook.com\/btvmoldova\/\" \/>\n<meta property=\"article:published_time\" content=\"2021-07-17T07:35:03+00:00\" \/>\n<meta property=\"og:image\" content=\"https:\/\/www.btv.md\/wp-content\/uploads\/2021\/07\/images_cms-image-000120509.jpg\" \/>\n\t<meta property=\"og:image:width\" content=\"758\" \/>\n\t<meta property=\"og:image:height\" content=\"426\" \/>\n\t<meta property=\"og:image:type\" content=\"image\/jpeg\" \/>\n<meta name=\"author\" content=\"admin\" \/>\n<meta name=\"twitter:label1\" content=\"Scris de\" \/>\n\t<meta name=\"twitter:data1\" content=\"admin\" \/>\n\t<meta name=\"twitter:label2\" content=\"Timp estimat pentru citire\" \/>\n\t<meta name=\"twitter:data2\" content=\"1 minut\" \/>\n<script type=\"application\/ld+json\" class=\"yoast-schema-graph\">{\"@context\":\"https:\\\/\\\/schema.org\",\"@graph\":[{\"@type\":\"Article\",\"@id\":\"https:\\\/\\\/www.btv.md\\\/ro\\\/foto-evadare-ca-in-filme-cu-loganul-politiei-la-hincesti\\\/#article\",\"isPartOf\":{\"@id\":\"https:\\\/\\\/www.btv.md\\\/ro\\\/foto-evadare-ca-in-filme-cu-loganul-politiei-la-hincesti\\\/\"},\"author\":{\"name\":\"admin\",\"@id\":\"https:\\\/\\\/www.btv.md\\\/#\\\/schema\\\/person\\\/8fadce81561b3ce2c34c46dadc4ccbf2\"},\"headline\":\"FOTO \\\/\\\/ Evadare ca \u00een filme cu Loganul poli\u021biei, la H\u00eence\u0219ti\",\"datePublished\":\"2021-07-17T07:35:03+00:00\",\"mainEntityOfPage\":{\"@id\":\"https:\\\/\\\/www.btv.md\\\/ro\\\/foto-evadare-ca-in-filme-cu-loganul-politiei-la-hincesti\\\/\"},\"wordCount\":263,\"image\":{\"@id\":\"https:\\\/\\\/www.btv.md\\\/ro\\\/foto-evadare-ca-in-filme-cu-loganul-politiei-la-hincesti\\\/#primaryimage\"},\"thumbnailUrl\":\"https:\\\/\\\/www.btv.md\\\/wp-content\\\/uploads\\\/2021\\\/07\\\/images_cms-image-000120509.jpg\",\"keywords\":[\"FOTO \\\/\\\/ Evadare ca \u00een filme cu Loganul poli\u021biei\",\"la H\u00eence\u0219ti\"],\"articleSection\":[\"Social\"],\"inLanguage\":\"ro-RO\"},{\"@type\":\"WebPage\",\"@id\":\"https:\\\/\\\/www.btv.md\\\/ro\\\/foto-evadare-ca-in-filme-cu-loganul-politiei-la-hincesti\\\/\",\"url\":\"https:\\\/\\\/www.btv.md\\\/ro\\\/foto-evadare-ca-in-filme-cu-loganul-politiei-la-hincesti\\\/\",\"name\":\"FOTO \\\/\\\/ Evadare ca \u00een filme cu Loganul poli\u021biei, la H\u00eence\u0219ti - BTV\",\"isPartOf\":{\"@id\":\"https:\\\/\\\/www.btv.md\\\/#website\"},\"primaryImageOfPage\":{\"@id\":\"https:\\\/\\\/www.btv.md\\\/ro\\\/foto-evadare-ca-in-filme-cu-loganul-politiei-la-hincesti\\\/#primaryimage\"},\"image\":{\"@id\":\"https:\\\/\\\/www.btv.md\\\/ro\\\/foto-evadare-ca-in-filme-cu-loganul-politiei-la-hincesti\\\/#primaryimage\"},\"thumbnailUrl\":\"https:\\\/\\\/www.btv.md\\\/wp-content\\\/uploads\\\/2021\\\/07\\\/images_cms-image-000120509.jpg\",\"datePublished\":\"2021-07-17T07:35:03+00:00\",\"author\":{\"@id\":\"https:\\\/\\\/www.btv.md\\\/#\\\/schema\\\/person\\\/8fadce81561b3ce2c34c46dadc4ccbf2\"},\"inLanguage\":\"ro-RO\",\"potentialAction\":[{\"@type\":\"ReadAction\",\"target\":[\"https:\\\/\\\/www.btv.md\\\/ro\\\/foto-evadare-ca-in-filme-cu-loganul-politiei-la-hincesti\\\/\"]}]},{\"@type\":\"ImageObject\",\"inLanguage\":\"ro-RO\",\"@id\":\"https:\\\/\\\/www.btv.md\\\/ro\\\/foto-evadare-ca-in-filme-cu-loganul-politiei-la-hincesti\\\/#primaryimage\",\"url\":\"https:\\\/\\\/www.btv.md\\\/wp-content\\\/uploads\\\/2021\\\/07\\\/images_cms-image-000120509.jpg\",\"contentUrl\":\"https:\\\/\\\/www.btv.md\\\/wp-content\\\/uploads\\\/2021\\\/07\\\/images_cms-image-000120509.jpg\",\"width\":758,\"height\":426},{\"@type\":\"WebSite\",\"@id\":\"https:\\\/\\\/www.btv.md\\\/#website\",\"url\":\"https:\\\/\\\/www.btv.md\\\/\",\"name\":\"BTV\",\"description\":\"\u0411\u0435\u043b\u044c\u0446\u043a\u043e\u0435 \u0442\u0435\u043b\u0435\u0432\u0438\u0434\u0435\u043d\u0438\u0435\",\"potentialAction\":[{\"@type\":\"SearchAction\",\"target\":{\"@type\":\"EntryPoint\",\"urlTemplate\":\"https:\\\/\\\/www.btv.md\\\/?s={search_term_string}\"},\"query-input\":{\"@type\":\"PropertyValueSpecification\",\"valueRequired\":true,\"valueName\":\"search_term_string\"}}],\"inLanguage\":\"ro-RO\"},{\"@type\":\"Person\",\"@id\":\"https:\\\/\\\/www.btv.md\\\/#\\\/schema\\\/person\\\/8fadce81561b3ce2c34c46dadc4ccbf2\",\"name\":\"admin\"}]}<\/script>\n<!-- \/ Yoast SEO plugin. -->","yoast_head_json":{"title":"FOTO \/\/ Evadare ca \u00een filme cu Loganul poli\u021biei, la H\u00eence\u0219ti - BTV","robots":{"index":"index","follow":"follow","max-snippet":"max-snippet:-1","max-image-preview":"max-image-preview:large","max-video-preview":"max-video-preview:-1"},"canonical":"https:\/\/www.btv.md\/ro\/foto-evadare-ca-in-filme-cu-loganul-politiei-la-hincesti\/","og_locale":"ro_RO","og_type":"article","og_title":"FOTO \/\/ Evadare ca \u00een filme cu Loganul poli\u021biei, la H\u00eence\u0219ti - BTV","og_description":"Un t\u00e2n\u0103r re\u021binut a vrut s\u0103 \u0219tearg\u0103 putina din inspectoratul de poli\u021bie cu ma\u0219ina oamenilor legii, peste 10 minute dup\u0103 ce a fost escortat, dar s-a r\u0103sturnat \u00eentr-o curb\u0103. Incidentul a avut lo \u00een dup\u0103-amiaza zilei de ieri, \u00een jurul orei 17:05, \u00een ora\u0219ul H\u00eence\u0219ti, transmite deschide.md. Este vorba despre un t\u00e2n\u0103r \u00een v\u00e2rst\u0103 de [&hellip;]","og_url":"https:\/\/www.btv.md\/ro\/foto-evadare-ca-in-filme-cu-loganul-politiei-la-hincesti\/","og_site_name":"BTV","article_publisher":"https:\/\/www.facebook.com\/btvmoldova\/","article_published_time":"2021-07-17T07:35:03+00:00","og_image":[{"width":758,"height":426,"url":"https:\/\/www.btv.md\/wp-content\/uploads\/2021\/07\/images_cms-image-000120509.jpg","type":"image\/jpeg"}],"author":"admin","twitter_misc":{"Scris de":"admin","Timp estimat pentru citire":"1 minut"},"schema":{"@context":"https:\/\/schema.org","@graph":[{"@type":"Article","@id":"https:\/\/www.btv.md\/ro\/foto-evadare-ca-in-filme-cu-loganul-politiei-la-hincesti\/#article","isPartOf":{"@id":"https:\/\/www.btv.md\/ro\/foto-evadare-ca-in-filme-cu-loganul-politiei-la-hincesti\/"},"author":{"name":"admin","@id":"https:\/\/www.btv.md\/#\/schema\/person\/8fadce81561b3ce2c34c46dadc4ccbf2"},"headline":"FOTO \/\/ Evadare ca \u00een filme cu Loganul poli\u021biei, la H\u00eence\u0219ti","datePublished":"2021-07-17T07:35:03+00:00","mainEntityOfPage":{"@id":"https:\/\/www.btv.md\/ro\/foto-evadare-ca-in-filme-cu-loganul-politiei-la-hincesti\/"},"wordCount":263,"image":{"@id":"https:\/\/www.btv.md\/ro\/foto-evadare-ca-in-filme-cu-loganul-politiei-la-hincesti\/#primaryimage"},"thumbnailUrl":"https:\/\/www.btv.md\/wp-content\/uploads\/2021\/07\/images_cms-image-000120509.jpg","keywords":["FOTO \/\/ Evadare ca \u00een filme cu Loganul poli\u021biei","la H\u00eence\u0219ti"],"articleSection":["Social"],"inLanguage":"ro-RO"},{"@type":"WebPage","@id":"https:\/\/www.btv.md\/ro\/foto-evadare-ca-in-filme-cu-loganul-politiei-la-hincesti\/","url":"https:\/\/www.btv.md\/ro\/foto-evadare-ca-in-filme-cu-loganul-politiei-la-hincesti\/","name":"FOTO \/\/ Evadare ca \u00een filme cu Loganul poli\u021biei, la H\u00eence\u0219ti - BTV","isPartOf":{"@id":"https:\/\/www.btv.md\/#website"},"primaryImageOfPage":{"@id":"https:\/\/www.btv.md\/ro\/foto-evadare-ca-in-filme-cu-loganul-politiei-la-hincesti\/#primaryimage"},"image":{"@id":"https:\/\/www.btv.md\/ro\/foto-evadare-ca-in-filme-cu-loganul-politiei-la-hincesti\/#primaryimage"},"thumbnailUrl":"https:\/\/www.btv.md\/wp-content\/uploads\/2021\/07\/images_cms-image-000120509.jpg","datePublished":"2021-07-17T07:35:03+00:00","author":{"@id":"https:\/\/www.btv.md\/#\/schema\/person\/8fadce81561b3ce2c34c46dadc4ccbf2"},"inLanguage":"ro-RO","potentialAction":[{"@type":"ReadAction","target":["https:\/\/www.btv.md\/ro\/foto-evadare-ca-in-filme-cu-loganul-politiei-la-hincesti\/"]}]},{"@type":"ImageObject","inLanguage":"ro-RO","@id":"https:\/\/www.btv.md\/ro\/foto-evadare-ca-in-filme-cu-loganul-politiei-la-hincesti\/#primaryimage","url":"https:\/\/www.btv.md\/wp-content\/uploads\/2021\/07\/images_cms-image-000120509.jpg","contentUrl":"https:\/\/www.btv.md\/wp-content\/uploads\/2021\/07\/images_cms-image-000120509.jpg","width":758,"height":426},{"@type":"WebSite","@id":"https:\/\/www.btv.md\/#website","url":"https:\/\/www.btv.md\/","name":"BTV","description":"\u0411\u0435\u043b\u044c\u0446\u043a\u043e\u0435 \u0442\u0435\u043b\u0435\u0432\u0438\u0434\u0435\u043d\u0438\u0435","potentialAction":[{"@type":"SearchAction","target":{"@type":"EntryPoint","urlTemplate":"https:\/\/www.btv.md\/?s={search_term_string}"},"query-input":{"@type":"PropertyValueSpecification","valueRequired":true,"valueName":"search_term_string"}}],"inLanguage":"ro-RO"},{"@type":"Person","@id":"https:\/\/www.btv.md\/#\/schema\/person\/8fadce81561b3ce2c34c46dadc4ccbf2","name":"admin"}]}},"_links":{"self":[{"href":"https:\/\/www.btv.md\/ro\/wp-json\/wp\/v2\/posts\/137207","targetHints":{"allow":["GET"]}}],"collection":[{"href":"https:\/\/www.btv.md\/ro\/wp-json\/wp\/v2\/posts"}],"about":[{"href":"https:\/\/www.btv.md\/ro\/wp-json\/wp\/v2\/types\/post"}],"author":[{"embeddable":true,"href":"https:\/\/www.btv.md\/ro\/wp-json\/wp\/v2\/users\/4"}],"replies":[{"embeddable":true,"href":"https:\/\/www.btv.md\/ro\/wp-json\/wp\/v2\/comments?post=137207"}],"version-history":[{"count":0,"href":"https:\/\/www.btv.md\/ro\/wp-json\/wp\/v2\/posts\/137207\/revisions"}],"wp:featuredmedia":[{"embeddable":true,"href":"https:\/\/www.btv.md\/ro\/wp-json\/wp\/v2\/media\/137208"}],"wp:attachment":[{"href":"https:\/\/www.btv.md\/ro\/wp-json\/wp\/v2\/media?parent=137207"}],"wp:term":[{"taxonomy":"category","embeddable":true,"href":"https:\/\/www.btv.md\/ro\/wp-json\/wp\/v2\/categories?post=137207"},{"taxonomy":"post_tag","embeddable":true,"href":"https:\/\/www.btv.md\/ro\/wp-json\/wp\/v2\/tags?post=137207"}],"curies":[{"name":"wp","href":"https:\/\/api.w.org\/{rel}","templated":true}]}}