{"id":137211,"date":"2021-07-17T10:37:13","date_gmt":"2021-07-17T07:37:13","guid":{"rendered":"https:\/\/www.btv.md\/?p=137211"},"modified":"2021-07-17T10:37:13","modified_gmt":"2021-07-17T07:37:13","slug":"orasul-chisinau-a-implinit-585-de-ani","status":"publish","type":"post","link":"https:\/\/www.btv.md\/ro\/orasul-chisinau-a-implinit-585-de-ani\/","title":{"rendered":"Ora\u0219ul Chi\u0219in\u0103u a \u00eemplinit 585 de ani"},"content":{"rendered":"<p><strong>Capitala Republicii Moldova, ora\u0219ul Chi\u0219in\u0103u, a \u00eemplinit ast\u0103zi 585 de ani de la prima atestare documentar\u0103, informeaz\u0103 <a href=\"https:\/\/www.moldpres.md\/news\/2021\/07\/17\/21005168\">MOLDPRES<\/a>.<\/strong><\/p>\n<p>Potrivit \u201dCalendarului Na\u021bional\u201d, Chi\u0219in\u0103ul a fost atestat ca a\u0219ezare rural\u0103 la 17 iulie 1436 (Chi\u0219in\u0103ul lui Acba\u0219). A doua men\u021biune documentar\u0103, \u00een ordine cronologic\u0103, dateaz\u0103 din 1466, \u00een documentul de proprietate, eliberat de \u0218tefan cel Mare, prin care confirm\u0103 unchiului s\u0103u Vlaicu P\u00e2rc\u0103lab de Cetatea Alb\u0103, o seli\u0219te, cu \u00eentreaga mo\u0219ie \u0219i cu moar\u0103. La 25 aprilie 1576, mo\u0219ia Chi\u0219in\u0103ului devine proprietate a lui Drago\u0219, apoi a lui Hodor, Cre\u021bu \u0219i Ro\u0219ca (1608-1616), Chiri\u021ba Dumitrachi (1640). A fost posesiune a m\u0103n\u0103stirilor din Ia\u0219i \u201eSf. Vineri\u201d, \u201eGalata\u201d (1640-1641) \u0219.a.<\/p>\n<p>Pe timpul domniei lui Vasile Lupu, localitatea a fost cunoscut\u0103 ca principal centru economic pe noul drum comercial moldovenesc Suceava-Ia\u0219i-Tighina-Cetatea Alb\u0103 (1650). Localitatea a fost men\u021bionat\u0103 documentar ca t\u00e2rg \u00een \u021binutul L\u0103pu\u0219na, iar locuitorii ei ca t\u00e2rgove\u021bi (2 martie 1666). \u00cen 1677, \u201eCronica polon\u0103\u201d de Miron Costin insereaz\u0103 Chi\u0219in\u0103ul printre ora\u0219ele din \u021aara de Jos a Moldovei. Cronicarul precizeaz\u0103 c\u0103 \u00een \u021binutul L\u0103pu\u0219na se aflau ora\u0219ul L\u0103pu\u0219na \u0219i or\u0103\u0219elul Chi\u0219in\u0103u.<\/p>\n<p>Prima atestare ca ora\u0219 dateaz\u0103 din 1677. Este men\u021bionat \u0219i de Dimitrie Cantemir \u00een \u201eDescriptio Moldaviae\u201d (1714-1716). Chi\u0219in\u0103ul a fost devastat de turci \u0219i t\u0103tari \u00een mai multe r\u00e2nduri. \u00cen urma R\u0103zboiului ruso-turc din 1812, c\u00e2nd spa\u021biul dintre Prut \u0219i Nistru este anexat la Imperiul Rus, centrul regiunii Basarabia este stabilit la Chi\u0219in\u0103u. Treptat, Chi\u0219in\u0103ul se extinde teritorial spre actualul bulevard \u0218tefan cel Mare.<\/p>\n<p>\u00cen 1830-1836 este \u00een\u0103l\u021bat\u0103 Catedrala \u201eNa\u0219terea Domnului\u201d, cu monumentala Clopotni\u021b\u0103 \u00een preajm\u0103, \u0219i pus\u0103 baza unei gr\u0103dini publice. \u00cen 1856, Alexandru Bernardazzi a fost confirmat arhitect principal al ora\u0219ului, datorit\u0103 c\u0103ruia Chi\u0219in\u0103ul se transform\u0103 \u00eentr-un centru urban de tip european. Devine centru al mi\u0219c\u0103rii na\u021bionale din Basarabia (1917). Aici se constituie \u201eSfatul \u0162\u0103rii\u201d, care la 27 martie 1918 proclam\u0103 Unirea Basarabiei cu Rom\u00e2nia. Ora\u0219ul \u00ee\u0219i recap\u0103t\u0103 aspectul rom\u00e2nesc dup\u0103 proclamarea Unirii. Aici sunt deschise mai multe \u0219coli, tipografii, biblioteci, teatre. \u00cencep s\u0103 func\u021bioneze un \u0219ir de \u00eentreprinderi ale industriei alimentare: prima moar\u0103 mecanizat\u0103, fabrica de p\u00e2ine, fabrica de mezeluri, fabrica de cvas \u0219i limonad\u0103, fabrica de bomboane, fabrici de \u00eenc\u0103l\u021b\u0103minte, tricotaje, fabrica de bl\u0103nuri, sunt organizate expozi\u021bii de m\u0103rfuri industriale \u0219i ma\u0219ini agricole.<\/p>\n<p>De asemenea, dup\u0103 1918, Chi\u0219in\u0103ul a devenit un centru notabil de cultur\u0103. Institu\u021biile culturale ce activau la acea vreme &#8211; Casa \u0218coalelor \u0219i a Culturii Poporului, \u00eentre\u021bineau \u00een jude\u021b 179 de c\u0103mine culturale, dintre care 130 aveau personalitate juridic\u0103. Chi\u0219in\u0103ul se integreaz\u0103 \u00een re\u021beaua de drumuri a Rom\u00e2niei. Se dezvolt\u0103 \u00eenv\u0103\u021b\u0103m\u00e2ntul. Sunt editate un \u0219ir de reviste \u0219i ziare. \u00cen 1934, Pantelimon Halippa a fondat prima institu\u021bie de \u0219tiin\u021be academice din Basarabia \u201eInstitutul Social din Basarabia\u201d. Aici activau \u0219i \u0219coli de muzic\u0103: Conservatorul \u201dUnirea\u201d, Conservatorul Na\u021bional. Se deschid \u201eMuzeul Na\u021bional de Istorie a Naturii\u201d \u0219i \u201eMuzeul Istorico-Arheologic Bisericesc\u201d. Existau mai multe cinematografe: \u201eOdeon\u201d, \u201eOrfeu\u201d, \u201eExpress\u201d etc. \u00cen 1940 are loc inaugurarea Filarmonicii de Stat \u0219i a Muzeului de Arte Plastice, crearea Uniunii Compozitorilor, a Uniunii Pictorilor, deschiderea Institutului Agricol, a Institutului Pedagogic etc.<\/p>\n<p>Amplasat \u00een partea central\u0103 a \u021b\u0103rii, ora\u0219ul este traversat de r\u00e2ul B\u00e2c cu afluen\u021bii Durle\u0219ti \u0219i Bulbocica. Din punct de vedere administrativ, este divizat \u00een cinci sectoare: Botanica, Buiucani, Centru, Ciocana, R\u00e2\u0219cani; \u0219ase ora\u0219e: Codru, Cricova, Durle\u0219ti, S\u00e2ngera, Vadul lui Voda, Vatra \u0219i 28 de localit\u0103\u021bi rurale. \u00cen anii de regim sovietic a crescut mult popula\u021bia, mai ales pe contul migra\u021biei din Rusia \u0219i Ucraina.<\/p>\n<p>Teritoriul ocupat actualmente de ora\u0219ul Chi\u0219in\u0103u a fost locuit din cele mai vechi timpuri. \u00cen rezultatul investiga\u021biilor arheologice, au fost descoperite urme ale unor sta\u021biuni din epoca paleolitic\u0103, a\u0219ez\u0103ri din epoca timpurie a fierului, tezaure cu monede romane din secolul al IV-lea, care arat\u0103 leg\u0103tura popula\u021biei b\u0103\u0219tina\u0219e cu provinciile romane de la Dun\u0103rea de Jos \u0219i nordul M\u0103rii Negre; a\u0219ez\u0103ri din secolele VIII-IX, monumente ale perioadei t\u0103taro-mongole de la mijlocul secolului al XIV-lea. La 1 ianuarie 2018, Chi\u0219in\u0103ul g\u0103zduia peste 678 000 de locuitori, cu tot cu periferii.<\/p>\n<p>Chi\u0219in\u0103ul este legat prin c\u0103i ferate \u0219i drumuri cu toate municipiile, ora\u0219ele \u0219i centrele raionale \u0219i multe sate din \u021bar\u0103; de asemenea, cu centre urbane din Rom\u00e2nia, Ucraina, Bulgaria, Turcia, Belarus, Rusia \u0219i alte state. Dup\u0103 independen\u021b\u0103, capitala a fost centrul vie\u021bii economice \u0219i politice. Au fost redenumite sectoarele capitalei, apoi schimbate denumirile str\u0103zilor, \u00eentr-un specific mai local.<\/p>\n<p>Pe parcursul ultimilor ani, capitala Moldovei \u0219i-a schimbat considerabil imaginea. Au fost inaugurate noi linii de troleibuz spre Por\u021bile ora\u0219ului, Gara de Sud, Po\u0219ta Veche, Buiucanii Vechi, Durle\u0219ti. \u0218i-au deschis u\u0219ile \u201eCasa limbii rom\u00e2ne\u201d, \u201eCentrul Academic Eminescu\u201d, Casa C\u0103r\u021bii \u201ePetru Movil\u0103\u201d. Aleea Clasicilor Literaturii Rom\u00e2ne din inima Chi\u0219in\u0103ului este un loc unic de acest fel \u00een \u00eentreaga lume. Pe parcursul ultimului deceniu, Aleea a fost completat\u0103 cu busturile marilor scriitori: Nichita St\u0103nescu, Octavian Goga, George Co\u0219buc, George Bacovia, Mihail Sadoveanu.<\/p>\n<p>Chi\u0219in\u0103ul g\u0103zduie\u0219te ambasadele multor state, reprezentan\u021be ale unor institu\u021bii \u0219i organisme interna\u021bionale. Aici au loc reuniuni, conferin\u021be \u0219tiin\u021bifice mondiale, se deschid expozi\u021bii \u0219i t\u00e2rguri. Organul local al puterii de stat este Prim\u0103ria municipiului (Consiliul Municipal).<\/p>\n<p>Foto din resurse deschise.<\/p>\n","protected":false},"excerpt":{"rendered":"<p>Capitala Republicii Moldova, ora\u0219ul Chi\u0219in\u0103u, a \u00eemplinit ast\u0103zi 585 de ani de la prima atestare documentar\u0103, informeaz\u0103 MOLDPRES. Potrivit \u201dCalendarului Na\u021bional\u201d, Chi\u0219in\u0103ul a fost atestat ca a\u0219ezare rural\u0103 la 17 iulie 1436 (Chi\u0219in\u0103ul lui Acba\u0219). A doua men\u021biune documentar\u0103, \u00een ordine cronologic\u0103, dateaz\u0103 din 1466, \u00een documentul de proprietate, eliberat de \u0218tefan cel Mare, prin [&hellip;]<\/p>\n","protected":false},"author":4,"featured_media":137212,"comment_status":"closed","ping_status":"closed","sticky":false,"template":"","format":"standard","meta":{"footnotes":""},"categories":[6349],"tags":[27860],"class_list":["post-137211","post","type-post","status-publish","format-standard","has-post-thumbnail","hentry","category-social","tag-orasul-chisinau-a-implinit-585-de-ani"],"yoast_head":"<!-- This site is optimized with the Yoast SEO plugin v27.4 - https:\/\/yoast.com\/product\/yoast-seo-wordpress\/ -->\n<title>Ora\u0219ul Chi\u0219in\u0103u a \u00eemplinit 585 de ani - BTV<\/title>\n<meta name=\"robots\" content=\"index, follow, max-snippet:-1, max-image-preview:large, max-video-preview:-1\" \/>\n<link rel=\"canonical\" href=\"https:\/\/www.btv.md\/ro\/orasul-chisinau-a-implinit-585-de-ani\/\" \/>\n<meta property=\"og:locale\" content=\"ro_RO\" \/>\n<meta property=\"og:type\" content=\"article\" \/>\n<meta property=\"og:title\" content=\"Ora\u0219ul Chi\u0219in\u0103u a \u00eemplinit 585 de ani - BTV\" \/>\n<meta property=\"og:description\" content=\"Capitala Republicii Moldova, ora\u0219ul Chi\u0219in\u0103u, a \u00eemplinit ast\u0103zi 585 de ani de la prima atestare documentar\u0103, informeaz\u0103 MOLDPRES. Potrivit \u201dCalendarului Na\u021bional\u201d, Chi\u0219in\u0103ul a fost atestat ca a\u0219ezare rural\u0103 la 17 iulie 1436 (Chi\u0219in\u0103ul lui Acba\u0219). A doua men\u021biune documentar\u0103, \u00een ordine cronologic\u0103, dateaz\u0103 din 1466, \u00een documentul de proprietate, eliberat de \u0218tefan cel Mare, prin [&hellip;]\" \/>\n<meta property=\"og:url\" content=\"https:\/\/www.btv.md\/ro\/orasul-chisinau-a-implinit-585-de-ani\/\" \/>\n<meta property=\"og:site_name\" content=\"BTV\" \/>\n<meta property=\"article:publisher\" content=\"https:\/\/www.facebook.com\/btvmoldova\/\" \/>\n<meta property=\"article:published_time\" content=\"2021-07-17T07:37:13+00:00\" \/>\n<meta property=\"og:image\" content=\"https:\/\/www.btv.md\/wp-content\/uploads\/2021\/07\/1068107__5d7c5585a4989-750x375-1.jpg\" \/>\n\t<meta property=\"og:image:width\" content=\"750\" \/>\n\t<meta property=\"og:image:height\" content=\"375\" \/>\n\t<meta property=\"og:image:type\" content=\"image\/jpeg\" \/>\n<meta name=\"author\" content=\"admin\" \/>\n<meta name=\"twitter:label1\" content=\"Scris de\" \/>\n\t<meta name=\"twitter:data1\" content=\"admin\" \/>\n\t<meta name=\"twitter:label2\" content=\"Timp estimat pentru citire\" \/>\n\t<meta name=\"twitter:data2\" content=\"4 minute\" \/>\n<script type=\"application\/ld+json\" class=\"yoast-schema-graph\">{\"@context\":\"https:\\\/\\\/schema.org\",\"@graph\":[{\"@type\":\"Article\",\"@id\":\"https:\\\/\\\/www.btv.md\\\/ro\\\/orasul-chisinau-a-implinit-585-de-ani\\\/#article\",\"isPartOf\":{\"@id\":\"https:\\\/\\\/www.btv.md\\\/ro\\\/orasul-chisinau-a-implinit-585-de-ani\\\/\"},\"author\":{\"name\":\"admin\",\"@id\":\"https:\\\/\\\/www.btv.md\\\/#\\\/schema\\\/person\\\/8fadce81561b3ce2c34c46dadc4ccbf2\"},\"headline\":\"Ora\u0219ul Chi\u0219in\u0103u a \u00eemplinit 585 de ani\",\"datePublished\":\"2021-07-17T07:37:13+00:00\",\"mainEntityOfPage\":{\"@id\":\"https:\\\/\\\/www.btv.md\\\/ro\\\/orasul-chisinau-a-implinit-585-de-ani\\\/\"},\"wordCount\":964,\"image\":{\"@id\":\"https:\\\/\\\/www.btv.md\\\/ro\\\/orasul-chisinau-a-implinit-585-de-ani\\\/#primaryimage\"},\"thumbnailUrl\":\"https:\\\/\\\/www.btv.md\\\/wp-content\\\/uploads\\\/2021\\\/07\\\/1068107__5d7c5585a4989-750x375-1.jpg\",\"keywords\":[\"Ora\u0219ul Chi\u0219in\u0103u a \u00eemplinit 585 de ani\"],\"articleSection\":[\"Social\"],\"inLanguage\":\"ro-RO\"},{\"@type\":\"WebPage\",\"@id\":\"https:\\\/\\\/www.btv.md\\\/ro\\\/orasul-chisinau-a-implinit-585-de-ani\\\/\",\"url\":\"https:\\\/\\\/www.btv.md\\\/ro\\\/orasul-chisinau-a-implinit-585-de-ani\\\/\",\"name\":\"Ora\u0219ul Chi\u0219in\u0103u a \u00eemplinit 585 de ani - BTV\",\"isPartOf\":{\"@id\":\"https:\\\/\\\/www.btv.md\\\/#website\"},\"primaryImageOfPage\":{\"@id\":\"https:\\\/\\\/www.btv.md\\\/ro\\\/orasul-chisinau-a-implinit-585-de-ani\\\/#primaryimage\"},\"image\":{\"@id\":\"https:\\\/\\\/www.btv.md\\\/ro\\\/orasul-chisinau-a-implinit-585-de-ani\\\/#primaryimage\"},\"thumbnailUrl\":\"https:\\\/\\\/www.btv.md\\\/wp-content\\\/uploads\\\/2021\\\/07\\\/1068107__5d7c5585a4989-750x375-1.jpg\",\"datePublished\":\"2021-07-17T07:37:13+00:00\",\"author\":{\"@id\":\"https:\\\/\\\/www.btv.md\\\/#\\\/schema\\\/person\\\/8fadce81561b3ce2c34c46dadc4ccbf2\"},\"inLanguage\":\"ro-RO\",\"potentialAction\":[{\"@type\":\"ReadAction\",\"target\":[\"https:\\\/\\\/www.btv.md\\\/ro\\\/orasul-chisinau-a-implinit-585-de-ani\\\/\"]}]},{\"@type\":\"ImageObject\",\"inLanguage\":\"ro-RO\",\"@id\":\"https:\\\/\\\/www.btv.md\\\/ro\\\/orasul-chisinau-a-implinit-585-de-ani\\\/#primaryimage\",\"url\":\"https:\\\/\\\/www.btv.md\\\/wp-content\\\/uploads\\\/2021\\\/07\\\/1068107__5d7c5585a4989-750x375-1.jpg\",\"contentUrl\":\"https:\\\/\\\/www.btv.md\\\/wp-content\\\/uploads\\\/2021\\\/07\\\/1068107__5d7c5585a4989-750x375-1.jpg\",\"width\":750,\"height\":375},{\"@type\":\"WebSite\",\"@id\":\"https:\\\/\\\/www.btv.md\\\/#website\",\"url\":\"https:\\\/\\\/www.btv.md\\\/\",\"name\":\"BTV\",\"description\":\"\u0411\u0435\u043b\u044c\u0446\u043a\u043e\u0435 \u0442\u0435\u043b\u0435\u0432\u0438\u0434\u0435\u043d\u0438\u0435\",\"potentialAction\":[{\"@type\":\"SearchAction\",\"target\":{\"@type\":\"EntryPoint\",\"urlTemplate\":\"https:\\\/\\\/www.btv.md\\\/?s={search_term_string}\"},\"query-input\":{\"@type\":\"PropertyValueSpecification\",\"valueRequired\":true,\"valueName\":\"search_term_string\"}}],\"inLanguage\":\"ro-RO\"},{\"@type\":\"Person\",\"@id\":\"https:\\\/\\\/www.btv.md\\\/#\\\/schema\\\/person\\\/8fadce81561b3ce2c34c46dadc4ccbf2\",\"name\":\"admin\"}]}<\/script>\n<!-- \/ Yoast SEO plugin. -->","yoast_head_json":{"title":"Ora\u0219ul Chi\u0219in\u0103u a \u00eemplinit 585 de ani - BTV","robots":{"index":"index","follow":"follow","max-snippet":"max-snippet:-1","max-image-preview":"max-image-preview:large","max-video-preview":"max-video-preview:-1"},"canonical":"https:\/\/www.btv.md\/ro\/orasul-chisinau-a-implinit-585-de-ani\/","og_locale":"ro_RO","og_type":"article","og_title":"Ora\u0219ul Chi\u0219in\u0103u a \u00eemplinit 585 de ani - BTV","og_description":"Capitala Republicii Moldova, ora\u0219ul Chi\u0219in\u0103u, a \u00eemplinit ast\u0103zi 585 de ani de la prima atestare documentar\u0103, informeaz\u0103 MOLDPRES. Potrivit \u201dCalendarului Na\u021bional\u201d, Chi\u0219in\u0103ul a fost atestat ca a\u0219ezare rural\u0103 la 17 iulie 1436 (Chi\u0219in\u0103ul lui Acba\u0219). A doua men\u021biune documentar\u0103, \u00een ordine cronologic\u0103, dateaz\u0103 din 1466, \u00een documentul de proprietate, eliberat de \u0218tefan cel Mare, prin [&hellip;]","og_url":"https:\/\/www.btv.md\/ro\/orasul-chisinau-a-implinit-585-de-ani\/","og_site_name":"BTV","article_publisher":"https:\/\/www.facebook.com\/btvmoldova\/","article_published_time":"2021-07-17T07:37:13+00:00","og_image":[{"width":750,"height":375,"url":"https:\/\/www.btv.md\/wp-content\/uploads\/2021\/07\/1068107__5d7c5585a4989-750x375-1.jpg","type":"image\/jpeg"}],"author":"admin","twitter_misc":{"Scris de":"admin","Timp estimat pentru citire":"4 minute"},"schema":{"@context":"https:\/\/schema.org","@graph":[{"@type":"Article","@id":"https:\/\/www.btv.md\/ro\/orasul-chisinau-a-implinit-585-de-ani\/#article","isPartOf":{"@id":"https:\/\/www.btv.md\/ro\/orasul-chisinau-a-implinit-585-de-ani\/"},"author":{"name":"admin","@id":"https:\/\/www.btv.md\/#\/schema\/person\/8fadce81561b3ce2c34c46dadc4ccbf2"},"headline":"Ora\u0219ul Chi\u0219in\u0103u a \u00eemplinit 585 de ani","datePublished":"2021-07-17T07:37:13+00:00","mainEntityOfPage":{"@id":"https:\/\/www.btv.md\/ro\/orasul-chisinau-a-implinit-585-de-ani\/"},"wordCount":964,"image":{"@id":"https:\/\/www.btv.md\/ro\/orasul-chisinau-a-implinit-585-de-ani\/#primaryimage"},"thumbnailUrl":"https:\/\/www.btv.md\/wp-content\/uploads\/2021\/07\/1068107__5d7c5585a4989-750x375-1.jpg","keywords":["Ora\u0219ul Chi\u0219in\u0103u a \u00eemplinit 585 de ani"],"articleSection":["Social"],"inLanguage":"ro-RO"},{"@type":"WebPage","@id":"https:\/\/www.btv.md\/ro\/orasul-chisinau-a-implinit-585-de-ani\/","url":"https:\/\/www.btv.md\/ro\/orasul-chisinau-a-implinit-585-de-ani\/","name":"Ora\u0219ul Chi\u0219in\u0103u a \u00eemplinit 585 de ani - BTV","isPartOf":{"@id":"https:\/\/www.btv.md\/#website"},"primaryImageOfPage":{"@id":"https:\/\/www.btv.md\/ro\/orasul-chisinau-a-implinit-585-de-ani\/#primaryimage"},"image":{"@id":"https:\/\/www.btv.md\/ro\/orasul-chisinau-a-implinit-585-de-ani\/#primaryimage"},"thumbnailUrl":"https:\/\/www.btv.md\/wp-content\/uploads\/2021\/07\/1068107__5d7c5585a4989-750x375-1.jpg","datePublished":"2021-07-17T07:37:13+00:00","author":{"@id":"https:\/\/www.btv.md\/#\/schema\/person\/8fadce81561b3ce2c34c46dadc4ccbf2"},"inLanguage":"ro-RO","potentialAction":[{"@type":"ReadAction","target":["https:\/\/www.btv.md\/ro\/orasul-chisinau-a-implinit-585-de-ani\/"]}]},{"@type":"ImageObject","inLanguage":"ro-RO","@id":"https:\/\/www.btv.md\/ro\/orasul-chisinau-a-implinit-585-de-ani\/#primaryimage","url":"https:\/\/www.btv.md\/wp-content\/uploads\/2021\/07\/1068107__5d7c5585a4989-750x375-1.jpg","contentUrl":"https:\/\/www.btv.md\/wp-content\/uploads\/2021\/07\/1068107__5d7c5585a4989-750x375-1.jpg","width":750,"height":375},{"@type":"WebSite","@id":"https:\/\/www.btv.md\/#website","url":"https:\/\/www.btv.md\/","name":"BTV","description":"\u0411\u0435\u043b\u044c\u0446\u043a\u043e\u0435 \u0442\u0435\u043b\u0435\u0432\u0438\u0434\u0435\u043d\u0438\u0435","potentialAction":[{"@type":"SearchAction","target":{"@type":"EntryPoint","urlTemplate":"https:\/\/www.btv.md\/?s={search_term_string}"},"query-input":{"@type":"PropertyValueSpecification","valueRequired":true,"valueName":"search_term_string"}}],"inLanguage":"ro-RO"},{"@type":"Person","@id":"https:\/\/www.btv.md\/#\/schema\/person\/8fadce81561b3ce2c34c46dadc4ccbf2","name":"admin"}]}},"_links":{"self":[{"href":"https:\/\/www.btv.md\/ro\/wp-json\/wp\/v2\/posts\/137211","targetHints":{"allow":["GET"]}}],"collection":[{"href":"https:\/\/www.btv.md\/ro\/wp-json\/wp\/v2\/posts"}],"about":[{"href":"https:\/\/www.btv.md\/ro\/wp-json\/wp\/v2\/types\/post"}],"author":[{"embeddable":true,"href":"https:\/\/www.btv.md\/ro\/wp-json\/wp\/v2\/users\/4"}],"replies":[{"embeddable":true,"href":"https:\/\/www.btv.md\/ro\/wp-json\/wp\/v2\/comments?post=137211"}],"version-history":[{"count":0,"href":"https:\/\/www.btv.md\/ro\/wp-json\/wp\/v2\/posts\/137211\/revisions"}],"wp:featuredmedia":[{"embeddable":true,"href":"https:\/\/www.btv.md\/ro\/wp-json\/wp\/v2\/media\/137212"}],"wp:attachment":[{"href":"https:\/\/www.btv.md\/ro\/wp-json\/wp\/v2\/media?parent=137211"}],"wp:term":[{"taxonomy":"category","embeddable":true,"href":"https:\/\/www.btv.md\/ro\/wp-json\/wp\/v2\/categories?post=137211"},{"taxonomy":"post_tag","embeddable":true,"href":"https:\/\/www.btv.md\/ro\/wp-json\/wp\/v2\/tags?post=137211"}],"curies":[{"name":"wp","href":"https:\/\/api.w.org\/{rel}","templated":true}]}}