{"id":137234,"date":"2021-07-17T14:32:34","date_gmt":"2021-07-17T11:32:34","guid":{"rendered":"https:\/\/www.btv.md\/?p=137234"},"modified":"2021-07-17T14:32:34","modified_gmt":"2021-07-17T11:32:34","slug":"un-tanar-a-murit-in-timpul-unei-curse-sportive-la-hancesti","status":"publish","type":"post","link":"https:\/\/www.btv.md\/ro\/un-tanar-a-murit-in-timpul-unei-curse-sportive-la-hancesti\/","title":{"rendered":"Un t\u00e2n\u0103r a murit \u00een timpul unei curse sportive la H\u00e2nce\u0219ti"},"content":{"rendered":"<p><strong>Potrivit poli\u021biei locale, victima este un t\u00e2n\u0103r \u00een v\u00e2rst\u0103 de 29 de ani, originar din Str\u0103\u0219eni, transmite\u00a0<a href=\"https:\/\/stiri.md\/article\/social\/un-tanar-a-murit-in-timpul-unei-curse-sportive-la-hancesti\">\u0218tiri.md<\/a>.<\/strong><\/p>\n<p>Acesta participase la maratonul \u201e\u00cempreun\u0103 pentru un mod sportiv de via\u021b\u0103\u201d, \u00eens\u0103 la finlul cursei a fost g\u0103sit z\u0103c\u00e2nd \u00een stare de incon\u0219tien\u021b\u0103.<\/p>\n<p>La fa\u021ba locului a fost solicitat\u0103 ambulan\u021ba, \u00eens\u0103 din nefericire medicii au putut doar s\u0103 constate decesul.<\/p>\n<p>Evenimentul a fost organizat de AO \u201eRun Moldova\u201d \u0219i Consiliul raional H\u00eence\u0219ti pentru sportivi amatori care au alergat pe o distan\u021b\u0103 de 5 \u0219i 10 km.<\/p>\n<p>Foto: \u0218tiri.md.<\/p>\n","protected":false},"excerpt":{"rendered":"<p>Potrivit poli\u021biei locale, victima este un t\u00e2n\u0103r \u00een v\u00e2rst\u0103 de 29 de ani, originar din Str\u0103\u0219eni, transmite\u00a0\u0218tiri.md. Acesta participase la maratonul \u201e\u00cempreun\u0103 pentru un mod sportiv de via\u021b\u0103\u201d, \u00eens\u0103 la finlul cursei a fost g\u0103sit z\u0103c\u00e2nd \u00een stare de incon\u0219tien\u021b\u0103. La fa\u021ba locului a fost solicitat\u0103 ambulan\u021ba, \u00eens\u0103 din nefericire medicii au putut doar s\u0103 [&hellip;]<\/p>\n","protected":false},"author":4,"featured_media":137235,"comment_status":"closed","ping_status":"closed","sticky":false,"template":"","format":"standard","meta":{"footnotes":""},"categories":[6349],"tags":[27865],"class_list":["post-137234","post","type-post","status-publish","format-standard","has-post-thumbnail","hentry","category-social","tag-un-tanar-a-murit-in-timpul-unei-curse-sportive-la-hancesti"],"yoast_head":"<!-- This site is optimized with the Yoast SEO plugin v27.4 - https:\/\/yoast.com\/product\/yoast-seo-wordpress\/ -->\n<title>Un t\u00e2n\u0103r a murit \u00een timpul unei curse sportive la H\u00e2nce\u0219ti - BTV<\/title>\n<meta name=\"robots\" content=\"index, follow, max-snippet:-1, max-image-preview:large, max-video-preview:-1\" \/>\n<link rel=\"canonical\" href=\"https:\/\/www.btv.md\/ro\/un-tanar-a-murit-in-timpul-unei-curse-sportive-la-hancesti\/\" \/>\n<meta property=\"og:locale\" content=\"ro_RO\" \/>\n<meta property=\"og:type\" content=\"article\" \/>\n<meta property=\"og:title\" content=\"Un t\u00e2n\u0103r a murit \u00een timpul unei curse sportive la H\u00e2nce\u0219ti - BTV\" \/>\n<meta property=\"og:description\" content=\"Potrivit poli\u021biei locale, victima este un t\u00e2n\u0103r \u00een v\u00e2rst\u0103 de 29 de ani, originar din Str\u0103\u0219eni, transmite\u00a0\u0218tiri.md. Acesta participase la maratonul \u201e\u00cempreun\u0103 pentru un mod sportiv de via\u021b\u0103\u201d, \u00eens\u0103 la finlul cursei a fost g\u0103sit z\u0103c\u00e2nd \u00een stare de incon\u0219tien\u021b\u0103. La fa\u021ba locului a fost solicitat\u0103 ambulan\u021ba, \u00eens\u0103 din nefericire medicii au putut doar s\u0103 [&hellip;]\" \/>\n<meta property=\"og:url\" content=\"https:\/\/www.btv.md\/ro\/un-tanar-a-murit-in-timpul-unei-curse-sportive-la-hancesti\/\" \/>\n<meta property=\"og:site_name\" content=\"BTV\" \/>\n<meta property=\"article:publisher\" content=\"https:\/\/www.facebook.com\/btvmoldova\/\" \/>\n<meta property=\"article:published_time\" content=\"2021-07-17T11:32:34+00:00\" \/>\n<meta property=\"og:image\" content=\"https:\/\/www.btv.md\/wp-content\/uploads\/2021\/07\/a8662494cfef6fb034ca2127e3afcb3c.jpg\" \/>\n\t<meta property=\"og:image:width\" content=\"809\" \/>\n\t<meta property=\"og:image:height\" content=\"456\" \/>\n\t<meta property=\"og:image:type\" content=\"image\/jpeg\" \/>\n<meta name=\"author\" content=\"admin\" \/>\n<meta name=\"twitter:label1\" content=\"Scris de\" \/>\n\t<meta name=\"twitter:data1\" content=\"admin\" \/>\n\t<meta name=\"twitter:label2\" content=\"Timp estimat pentru citire\" \/>\n\t<meta name=\"twitter:data2\" content=\"1 minut\" \/>\n<script type=\"application\/ld+json\" class=\"yoast-schema-graph\">{\"@context\":\"https:\\\/\\\/schema.org\",\"@graph\":[{\"@type\":\"Article\",\"@id\":\"https:\\\/\\\/www.btv.md\\\/ro\\\/un-tanar-a-murit-in-timpul-unei-curse-sportive-la-hancesti\\\/#article\",\"isPartOf\":{\"@id\":\"https:\\\/\\\/www.btv.md\\\/ro\\\/un-tanar-a-murit-in-timpul-unei-curse-sportive-la-hancesti\\\/\"},\"author\":{\"name\":\"admin\",\"@id\":\"https:\\\/\\\/www.btv.md\\\/#\\\/schema\\\/person\\\/8fadce81561b3ce2c34c46dadc4ccbf2\"},\"headline\":\"Un t\u00e2n\u0103r a murit \u00een timpul unei curse sportive la H\u00e2nce\u0219ti\",\"datePublished\":\"2021-07-17T11:32:34+00:00\",\"mainEntityOfPage\":{\"@id\":\"https:\\\/\\\/www.btv.md\\\/ro\\\/un-tanar-a-murit-in-timpul-unei-curse-sportive-la-hancesti\\\/\"},\"wordCount\":113,\"image\":{\"@id\":\"https:\\\/\\\/www.btv.md\\\/ro\\\/un-tanar-a-murit-in-timpul-unei-curse-sportive-la-hancesti\\\/#primaryimage\"},\"thumbnailUrl\":\"https:\\\/\\\/www.btv.md\\\/wp-content\\\/uploads\\\/2021\\\/07\\\/a8662494cfef6fb034ca2127e3afcb3c.jpg\",\"keywords\":[\"Un t\u00e2n\u0103r a murit \u00een timpul unei curse sportive la H\u00e2nce\u0219ti\"],\"articleSection\":[\"Social\"],\"inLanguage\":\"ro-RO\"},{\"@type\":\"WebPage\",\"@id\":\"https:\\\/\\\/www.btv.md\\\/ro\\\/un-tanar-a-murit-in-timpul-unei-curse-sportive-la-hancesti\\\/\",\"url\":\"https:\\\/\\\/www.btv.md\\\/ro\\\/un-tanar-a-murit-in-timpul-unei-curse-sportive-la-hancesti\\\/\",\"name\":\"Un t\u00e2n\u0103r a murit \u00een timpul unei curse sportive la H\u00e2nce\u0219ti - BTV\",\"isPartOf\":{\"@id\":\"https:\\\/\\\/www.btv.md\\\/#website\"},\"primaryImageOfPage\":{\"@id\":\"https:\\\/\\\/www.btv.md\\\/ro\\\/un-tanar-a-murit-in-timpul-unei-curse-sportive-la-hancesti\\\/#primaryimage\"},\"image\":{\"@id\":\"https:\\\/\\\/www.btv.md\\\/ro\\\/un-tanar-a-murit-in-timpul-unei-curse-sportive-la-hancesti\\\/#primaryimage\"},\"thumbnailUrl\":\"https:\\\/\\\/www.btv.md\\\/wp-content\\\/uploads\\\/2021\\\/07\\\/a8662494cfef6fb034ca2127e3afcb3c.jpg\",\"datePublished\":\"2021-07-17T11:32:34+00:00\",\"author\":{\"@id\":\"https:\\\/\\\/www.btv.md\\\/#\\\/schema\\\/person\\\/8fadce81561b3ce2c34c46dadc4ccbf2\"},\"inLanguage\":\"ro-RO\",\"potentialAction\":[{\"@type\":\"ReadAction\",\"target\":[\"https:\\\/\\\/www.btv.md\\\/ro\\\/un-tanar-a-murit-in-timpul-unei-curse-sportive-la-hancesti\\\/\"]}]},{\"@type\":\"ImageObject\",\"inLanguage\":\"ro-RO\",\"@id\":\"https:\\\/\\\/www.btv.md\\\/ro\\\/un-tanar-a-murit-in-timpul-unei-curse-sportive-la-hancesti\\\/#primaryimage\",\"url\":\"https:\\\/\\\/www.btv.md\\\/wp-content\\\/uploads\\\/2021\\\/07\\\/a8662494cfef6fb034ca2127e3afcb3c.jpg\",\"contentUrl\":\"https:\\\/\\\/www.btv.md\\\/wp-content\\\/uploads\\\/2021\\\/07\\\/a8662494cfef6fb034ca2127e3afcb3c.jpg\",\"width\":809,\"height\":456},{\"@type\":\"WebSite\",\"@id\":\"https:\\\/\\\/www.btv.md\\\/#website\",\"url\":\"https:\\\/\\\/www.btv.md\\\/\",\"name\":\"BTV\",\"description\":\"\u0411\u0435\u043b\u044c\u0446\u043a\u043e\u0435 \u0442\u0435\u043b\u0435\u0432\u0438\u0434\u0435\u043d\u0438\u0435\",\"potentialAction\":[{\"@type\":\"SearchAction\",\"target\":{\"@type\":\"EntryPoint\",\"urlTemplate\":\"https:\\\/\\\/www.btv.md\\\/?s={search_term_string}\"},\"query-input\":{\"@type\":\"PropertyValueSpecification\",\"valueRequired\":true,\"valueName\":\"search_term_string\"}}],\"inLanguage\":\"ro-RO\"},{\"@type\":\"Person\",\"@id\":\"https:\\\/\\\/www.btv.md\\\/#\\\/schema\\\/person\\\/8fadce81561b3ce2c34c46dadc4ccbf2\",\"name\":\"admin\"}]}<\/script>\n<!-- \/ Yoast SEO plugin. -->","yoast_head_json":{"title":"Un t\u00e2n\u0103r a murit \u00een timpul unei curse sportive la H\u00e2nce\u0219ti - BTV","robots":{"index":"index","follow":"follow","max-snippet":"max-snippet:-1","max-image-preview":"max-image-preview:large","max-video-preview":"max-video-preview:-1"},"canonical":"https:\/\/www.btv.md\/ro\/un-tanar-a-murit-in-timpul-unei-curse-sportive-la-hancesti\/","og_locale":"ro_RO","og_type":"article","og_title":"Un t\u00e2n\u0103r a murit \u00een timpul unei curse sportive la H\u00e2nce\u0219ti - BTV","og_description":"Potrivit poli\u021biei locale, victima este un t\u00e2n\u0103r \u00een v\u00e2rst\u0103 de 29 de ani, originar din Str\u0103\u0219eni, transmite\u00a0\u0218tiri.md. Acesta participase la maratonul \u201e\u00cempreun\u0103 pentru un mod sportiv de via\u021b\u0103\u201d, \u00eens\u0103 la finlul cursei a fost g\u0103sit z\u0103c\u00e2nd \u00een stare de incon\u0219tien\u021b\u0103. La fa\u021ba locului a fost solicitat\u0103 ambulan\u021ba, \u00eens\u0103 din nefericire medicii au putut doar s\u0103 [&hellip;]","og_url":"https:\/\/www.btv.md\/ro\/un-tanar-a-murit-in-timpul-unei-curse-sportive-la-hancesti\/","og_site_name":"BTV","article_publisher":"https:\/\/www.facebook.com\/btvmoldova\/","article_published_time":"2021-07-17T11:32:34+00:00","og_image":[{"width":809,"height":456,"url":"https:\/\/www.btv.md\/wp-content\/uploads\/2021\/07\/a8662494cfef6fb034ca2127e3afcb3c.jpg","type":"image\/jpeg"}],"author":"admin","twitter_misc":{"Scris de":"admin","Timp estimat pentru citire":"1 minut"},"schema":{"@context":"https:\/\/schema.org","@graph":[{"@type":"Article","@id":"https:\/\/www.btv.md\/ro\/un-tanar-a-murit-in-timpul-unei-curse-sportive-la-hancesti\/#article","isPartOf":{"@id":"https:\/\/www.btv.md\/ro\/un-tanar-a-murit-in-timpul-unei-curse-sportive-la-hancesti\/"},"author":{"name":"admin","@id":"https:\/\/www.btv.md\/#\/schema\/person\/8fadce81561b3ce2c34c46dadc4ccbf2"},"headline":"Un t\u00e2n\u0103r a murit \u00een timpul unei curse sportive la H\u00e2nce\u0219ti","datePublished":"2021-07-17T11:32:34+00:00","mainEntityOfPage":{"@id":"https:\/\/www.btv.md\/ro\/un-tanar-a-murit-in-timpul-unei-curse-sportive-la-hancesti\/"},"wordCount":113,"image":{"@id":"https:\/\/www.btv.md\/ro\/un-tanar-a-murit-in-timpul-unei-curse-sportive-la-hancesti\/#primaryimage"},"thumbnailUrl":"https:\/\/www.btv.md\/wp-content\/uploads\/2021\/07\/a8662494cfef6fb034ca2127e3afcb3c.jpg","keywords":["Un t\u00e2n\u0103r a murit \u00een timpul unei curse sportive la H\u00e2nce\u0219ti"],"articleSection":["Social"],"inLanguage":"ro-RO"},{"@type":"WebPage","@id":"https:\/\/www.btv.md\/ro\/un-tanar-a-murit-in-timpul-unei-curse-sportive-la-hancesti\/","url":"https:\/\/www.btv.md\/ro\/un-tanar-a-murit-in-timpul-unei-curse-sportive-la-hancesti\/","name":"Un t\u00e2n\u0103r a murit \u00een timpul unei curse sportive la H\u00e2nce\u0219ti - BTV","isPartOf":{"@id":"https:\/\/www.btv.md\/#website"},"primaryImageOfPage":{"@id":"https:\/\/www.btv.md\/ro\/un-tanar-a-murit-in-timpul-unei-curse-sportive-la-hancesti\/#primaryimage"},"image":{"@id":"https:\/\/www.btv.md\/ro\/un-tanar-a-murit-in-timpul-unei-curse-sportive-la-hancesti\/#primaryimage"},"thumbnailUrl":"https:\/\/www.btv.md\/wp-content\/uploads\/2021\/07\/a8662494cfef6fb034ca2127e3afcb3c.jpg","datePublished":"2021-07-17T11:32:34+00:00","author":{"@id":"https:\/\/www.btv.md\/#\/schema\/person\/8fadce81561b3ce2c34c46dadc4ccbf2"},"inLanguage":"ro-RO","potentialAction":[{"@type":"ReadAction","target":["https:\/\/www.btv.md\/ro\/un-tanar-a-murit-in-timpul-unei-curse-sportive-la-hancesti\/"]}]},{"@type":"ImageObject","inLanguage":"ro-RO","@id":"https:\/\/www.btv.md\/ro\/un-tanar-a-murit-in-timpul-unei-curse-sportive-la-hancesti\/#primaryimage","url":"https:\/\/www.btv.md\/wp-content\/uploads\/2021\/07\/a8662494cfef6fb034ca2127e3afcb3c.jpg","contentUrl":"https:\/\/www.btv.md\/wp-content\/uploads\/2021\/07\/a8662494cfef6fb034ca2127e3afcb3c.jpg","width":809,"height":456},{"@type":"WebSite","@id":"https:\/\/www.btv.md\/#website","url":"https:\/\/www.btv.md\/","name":"BTV","description":"\u0411\u0435\u043b\u044c\u0446\u043a\u043e\u0435 \u0442\u0435\u043b\u0435\u0432\u0438\u0434\u0435\u043d\u0438\u0435","potentialAction":[{"@type":"SearchAction","target":{"@type":"EntryPoint","urlTemplate":"https:\/\/www.btv.md\/?s={search_term_string}"},"query-input":{"@type":"PropertyValueSpecification","valueRequired":true,"valueName":"search_term_string"}}],"inLanguage":"ro-RO"},{"@type":"Person","@id":"https:\/\/www.btv.md\/#\/schema\/person\/8fadce81561b3ce2c34c46dadc4ccbf2","name":"admin"}]}},"_links":{"self":[{"href":"https:\/\/www.btv.md\/ro\/wp-json\/wp\/v2\/posts\/137234","targetHints":{"allow":["GET"]}}],"collection":[{"href":"https:\/\/www.btv.md\/ro\/wp-json\/wp\/v2\/posts"}],"about":[{"href":"https:\/\/www.btv.md\/ro\/wp-json\/wp\/v2\/types\/post"}],"author":[{"embeddable":true,"href":"https:\/\/www.btv.md\/ro\/wp-json\/wp\/v2\/users\/4"}],"replies":[{"embeddable":true,"href":"https:\/\/www.btv.md\/ro\/wp-json\/wp\/v2\/comments?post=137234"}],"version-history":[{"count":0,"href":"https:\/\/www.btv.md\/ro\/wp-json\/wp\/v2\/posts\/137234\/revisions"}],"wp:featuredmedia":[{"embeddable":true,"href":"https:\/\/www.btv.md\/ro\/wp-json\/wp\/v2\/media\/137235"}],"wp:attachment":[{"href":"https:\/\/www.btv.md\/ro\/wp-json\/wp\/v2\/media?parent=137234"}],"wp:term":[{"taxonomy":"category","embeddable":true,"href":"https:\/\/www.btv.md\/ro\/wp-json\/wp\/v2\/categories?post=137234"},{"taxonomy":"post_tag","embeddable":true,"href":"https:\/\/www.btv.md\/ro\/wp-json\/wp\/v2\/tags?post=137234"}],"curies":[{"name":"wp","href":"https:\/\/api.w.org\/{rel}","templated":true}]}}