{"id":13753,"date":"2016-05-30T17:08:39","date_gmt":"2016-05-30T14:08:39","guid":{"rendered":"http:\/\/btv.md\/?p=13753"},"modified":"2016-05-30T17:08:39","modified_gmt":"2016-05-30T14:08:39","slug":"cum-un-militar-din-balti-a-mentinut-pacea-in-coasta-de-fildes","status":"publish","type":"post","link":"https:\/\/www.btv.md\/ro\/cum-un-militar-din-balti-a-mentinut-pacea-in-coasta-de-fildes\/","title":{"rendered":"CUM UN MILITAR DIN B\u0102L\u021aI A MEN\u021aINUT PACEA \u00ceN COASTA DE FILDE\u0218"},"content":{"rendered":"<p><strong>Dup\u0103 ce a \u00eendeplinit serviciul militar \u00een termen \u00een cadrul Armatei Na\u021bionale  \u0219i a studiat  la diverse institu\u021bii  cu profil militar s-a pomenit  s\u0103 men\u021bin\u0103 pacea pe continentul negru, Africa. Este istoria unicului pacificator din municipiul B\u0103l\u021bi, Alexandru M\u0103rcu\u021ba. Care la ai s\u0103i 38 de ani a participat de dou\u0103 ori \u00een misiuni de men\u021binere a p\u0103cii sub egida ONU.<\/strong><\/p>\n<p>\u201e<em>Pentru a beneficia de \u0219ansa de a pleca \u00een misiuni de men\u021binere a P\u0103cii  sau misiuni umanitare, sub egida ONU este necesar s\u0103 cuno\u0219ti m\u0103car o limb\u0103 str\u0103in\u0103 \u0219i trebuie s\u0103 ai permis de conducere \u0219i s\u0103 ai un dosar imaculat, din punct de vedere al pedepselor s\u0103 fii o persoan\u0103 dostoinic\u0103 \u0219i capabil\u0103, pentru c\u0103 merg\u00e2nd \u00eentr-o misiune de men\u021binere a p\u0103cii nu merg s\u0103 m\u0103 reprezint pe mine, merg s\u0103 reprezint \u021bara  pentru c\u0103 pe um\u0103rul st\u00e2ng am aborat drapelul de stat<\/em>\u201d.<\/p>\n<p>B\u0103rbatul a obsolvit  Colegiul Na\u021bional Militar \u201e Dimitrie Cantemir \u201d de la Breaza \u0219i Academia Militar\u0103 de la Sibiu, Rom\u00e2nia. Potrivit lui meseria de pacificator implic\u0103 at\u00e2t d\u0103ruire de sine c\u00e2t \u0219i curaj. <\/p>\n<p>\u201e<em>Misiunele acestea interna\u021bionale de care natur\u0103 nu ar fi  ele, cer de la tine o putere psihologic\u0103 obligatoriu, pentru c\u0103 departe de familie ai retr\u0103iri, ai foarte mult\u0103 energie negativ\u0103 pe care trebuie s\u0103 o elimeni \u00eentr-un fel oarecare<\/em>\u201d.<\/p>\n<p>Dup\u0103 ce a v\u0103zut cu proprii ochi ororile r\u0103zboiului din Irak, Alexandru M\u0103rcu\u021b\u0103 s-a \u00eenrolat \u00eentr-o alt\u0103 misiune de men\u021binere a p\u0103cii.<\/p>\n<p>\u201e<em>\u021aara \u00een care am nimerit se nume\u0219te Cote d&#8217;ivoire, o \u021bar\u0103 foarte bogat\u0103, cu tradi\u021bii istorii, care c\u00e2ndva cu timpul aceasta se numea \u201e Pierla Africii\u201d  cu oameni foarte cumin\u021bi,  cu oameni cumsecade, chiar dac\u0103 s-ar p\u0103rea c\u0103 95 % sunt musulmani \u0219i este o \u021bar\u0103 periculoas\u0103, mi-a f\u0103cut pl\u0103cere s\u0103 interac\u021bionez cu ei<\/em>\u201d.<\/p>\n<p>Alexandru spune c\u0103 cel mai greu \u00een misiunele de men\u021binere a p\u0103cii este s\u0103 fii departe de cei dragi.<\/p>\n<p>\u00cen prezent Alexandru M\u0103rcu\u021b\u0103 activeaz\u0103 \u00een cadrul Brig\u0103zii de Infanterie Motorizat\u0103 Nr. 1 din municipiul B\u0103l\u021bi.  Militarul \u00eei \u00eendeamn\u0103 pe solda\u021bii care \u00ee\u0219i satisfac serviciul \u00een terment s\u0103 fie devota\u021bi \u021b\u0103rii.<\/p>\n<p>\u201e<em>Eu m\u0103 str\u0103dui s\u0103 le insuflu spiritual de patriotism, aici ne-am n\u0103scut indiferent de condi\u021biile sau situa\u021bia care este \u00een \u021bar\u0103, noi suntem moldoveni \u0219i trebuie s\u0103 ne iubim \u021bara \u0219i trebuie s\u0103 ne facem datoria de ce\u021b\u0103\u021bean al patriei<\/em>\u201d.  <\/p>\n<p>Militarii moldoveni particip\u0103 \u00een misiuni de men\u0163inere a p\u0103cii sub egida ONU deja de 12 ani \u015fi au fost deta\u015fa\u0163i \u00een Sudan, Coasta de Filde\u015f, Liberia, Georgia sau Kosovo.<\/p>\n<p><iframe width=\"420\" height=\"315\" data-src=\"https:\/\/www.youtube.com\/embed\/2xP1IjyOKiY\" frameborder=\"0\" allowfullscreen src=\"data:image\/svg+xml;base64,PHN2ZyB3aWR0aD0iMSIgaGVpZ2h0PSIxIiB4bWxucz0iaHR0cDovL3d3dy53My5vcmcvMjAwMC9zdmciPjwvc3ZnPg==\" class=\"lazyload\" data-load-mode=\"1\"><\/iframe><\/p>\n","protected":false},"excerpt":{"rendered":"<p>Dup\u0103 ce a \u00eendeplinit serviciul militar \u00een termen \u00een cadrul Armatei Na\u021bionale \u0219i a studiat la diverse institu\u021bii cu profil militar s-a pomenit s\u0103 men\u021bin\u0103 pacea pe continentul negru, Africa. Este istoria unicului pacificator din municipiul B\u0103l\u021bi, Alexandru M\u0103rcu\u021ba. Care la ai s\u0103i 38 de ani a participat de dou\u0103 ori \u00een misiuni de men\u021binere [&hellip;]<\/p>\n","protected":false},"author":4,"featured_media":13755,"comment_status":"closed","ping_status":"closed","sticky":false,"template":"","format":"standard","meta":{"footnotes":""},"categories":[6353],"tags":[],"class_list":["post-13753","post","type-post","status-publish","format-standard","has-post-thumbnail","hentry","category-oras"],"yoast_head":"<!-- This site is optimized with the Yoast SEO plugin v27.4 - https:\/\/yoast.com\/product\/yoast-seo-wordpress\/ -->\n<title>CUM UN MILITAR DIN B\u0102L\u021aI A MEN\u021aINUT PACEA \u00ceN COASTA DE FILDE\u0218  - BTV<\/title>\n<meta name=\"robots\" content=\"index, follow, max-snippet:-1, max-image-preview:large, max-video-preview:-1\" \/>\n<link rel=\"canonical\" href=\"https:\/\/www.btv.md\/ro\/cum-un-militar-din-balti-a-mentinut-pacea-in-coasta-de-fildes\/\" \/>\n<meta property=\"og:locale\" content=\"ro_RO\" \/>\n<meta property=\"og:type\" content=\"article\" \/>\n<meta property=\"og:title\" content=\"CUM UN MILITAR DIN B\u0102L\u021aI A MEN\u021aINUT PACEA \u00ceN COASTA DE FILDE\u0218  - BTV\" \/>\n<meta property=\"og:description\" content=\"Dup\u0103 ce a \u00eendeplinit serviciul militar \u00een termen \u00een cadrul Armatei Na\u021bionale \u0219i a studiat la diverse institu\u021bii cu profil militar s-a pomenit s\u0103 men\u021bin\u0103 pacea pe continentul negru, Africa. Este istoria unicului pacificator din municipiul B\u0103l\u021bi, Alexandru M\u0103rcu\u021ba. Care la ai s\u0103i 38 de ani a participat de dou\u0103 ori \u00een misiuni de men\u021binere [&hellip;]\" \/>\n<meta property=\"og:url\" content=\"https:\/\/www.btv.md\/ro\/cum-un-militar-din-balti-a-mentinut-pacea-in-coasta-de-fildes\/\" \/>\n<meta property=\"og:site_name\" content=\"BTV\" \/>\n<meta property=\"article:publisher\" content=\"https:\/\/www.facebook.com\/btvmoldova\/\" \/>\n<meta property=\"article:published_time\" content=\"2016-05-30T14:08:39+00:00\" \/>\n<meta property=\"og:image\" content=\"https:\/\/www.btv.md\/wp-content\/uploads\/2016\/05\/3.jpg\" \/>\n\t<meta property=\"og:image:width\" content=\"636\" \/>\n\t<meta property=\"og:image:height\" content=\"378\" \/>\n\t<meta property=\"og:image:type\" content=\"image\/jpeg\" \/>\n<meta name=\"author\" content=\"admin\" \/>\n<meta name=\"twitter:label1\" content=\"Scris de\" \/>\n\t<meta name=\"twitter:data1\" content=\"admin\" \/>\n\t<meta name=\"twitter:label2\" content=\"Timp estimat pentru citire\" \/>\n\t<meta name=\"twitter:data2\" content=\"2 minute\" \/>\n<script type=\"application\/ld+json\" class=\"yoast-schema-graph\">{\"@context\":\"https:\\\/\\\/schema.org\",\"@graph\":[{\"@type\":\"Article\",\"@id\":\"https:\\\/\\\/www.btv.md\\\/ro\\\/cum-un-militar-din-balti-a-mentinut-pacea-in-coasta-de-fildes\\\/#article\",\"isPartOf\":{\"@id\":\"https:\\\/\\\/www.btv.md\\\/ro\\\/cum-un-militar-din-balti-a-mentinut-pacea-in-coasta-de-fildes\\\/\"},\"author\":{\"name\":\"admin\",\"@id\":\"https:\\\/\\\/www.btv.md\\\/#\\\/schema\\\/person\\\/8fadce81561b3ce2c34c46dadc4ccbf2\"},\"headline\":\"CUM UN MILITAR DIN B\u0102L\u021aI A MEN\u021aINUT PACEA \u00ceN COASTA DE FILDE\u0218\",\"datePublished\":\"2016-05-30T14:08:39+00:00\",\"mainEntityOfPage\":{\"@id\":\"https:\\\/\\\/www.btv.md\\\/ro\\\/cum-un-militar-din-balti-a-mentinut-pacea-in-coasta-de-fildes\\\/\"},\"wordCount\":477,\"image\":{\"@id\":\"https:\\\/\\\/www.btv.md\\\/ro\\\/cum-un-militar-din-balti-a-mentinut-pacea-in-coasta-de-fildes\\\/#primaryimage\"},\"thumbnailUrl\":\"https:\\\/\\\/www.btv.md\\\/wp-content\\\/uploads\\\/2016\\\/05\\\/3.jpg\",\"articleSection\":[\"Ora\u0219\"],\"inLanguage\":\"ro-RO\"},{\"@type\":\"WebPage\",\"@id\":\"https:\\\/\\\/www.btv.md\\\/ro\\\/cum-un-militar-din-balti-a-mentinut-pacea-in-coasta-de-fildes\\\/\",\"url\":\"https:\\\/\\\/www.btv.md\\\/ro\\\/cum-un-militar-din-balti-a-mentinut-pacea-in-coasta-de-fildes\\\/\",\"name\":\"CUM UN MILITAR DIN B\u0102L\u021aI A MEN\u021aINUT PACEA \u00ceN COASTA DE FILDE\u0218 - BTV\",\"isPartOf\":{\"@id\":\"https:\\\/\\\/www.btv.md\\\/#website\"},\"primaryImageOfPage\":{\"@id\":\"https:\\\/\\\/www.btv.md\\\/ro\\\/cum-un-militar-din-balti-a-mentinut-pacea-in-coasta-de-fildes\\\/#primaryimage\"},\"image\":{\"@id\":\"https:\\\/\\\/www.btv.md\\\/ro\\\/cum-un-militar-din-balti-a-mentinut-pacea-in-coasta-de-fildes\\\/#primaryimage\"},\"thumbnailUrl\":\"https:\\\/\\\/www.btv.md\\\/wp-content\\\/uploads\\\/2016\\\/05\\\/3.jpg\",\"datePublished\":\"2016-05-30T14:08:39+00:00\",\"author\":{\"@id\":\"https:\\\/\\\/www.btv.md\\\/#\\\/schema\\\/person\\\/8fadce81561b3ce2c34c46dadc4ccbf2\"},\"inLanguage\":\"ro-RO\",\"potentialAction\":[{\"@type\":\"ReadAction\",\"target\":[\"https:\\\/\\\/www.btv.md\\\/ro\\\/cum-un-militar-din-balti-a-mentinut-pacea-in-coasta-de-fildes\\\/\"]}]},{\"@type\":\"ImageObject\",\"inLanguage\":\"ro-RO\",\"@id\":\"https:\\\/\\\/www.btv.md\\\/ro\\\/cum-un-militar-din-balti-a-mentinut-pacea-in-coasta-de-fildes\\\/#primaryimage\",\"url\":\"https:\\\/\\\/www.btv.md\\\/wp-content\\\/uploads\\\/2016\\\/05\\\/3.jpg\",\"contentUrl\":\"https:\\\/\\\/www.btv.md\\\/wp-content\\\/uploads\\\/2016\\\/05\\\/3.jpg\",\"width\":636,\"height\":378},{\"@type\":\"WebSite\",\"@id\":\"https:\\\/\\\/www.btv.md\\\/#website\",\"url\":\"https:\\\/\\\/www.btv.md\\\/\",\"name\":\"BTV\",\"description\":\"\u0411\u0435\u043b\u044c\u0446\u043a\u043e\u0435 \u0442\u0435\u043b\u0435\u0432\u0438\u0434\u0435\u043d\u0438\u0435\",\"potentialAction\":[{\"@type\":\"SearchAction\",\"target\":{\"@type\":\"EntryPoint\",\"urlTemplate\":\"https:\\\/\\\/www.btv.md\\\/?s={search_term_string}\"},\"query-input\":{\"@type\":\"PropertyValueSpecification\",\"valueRequired\":true,\"valueName\":\"search_term_string\"}}],\"inLanguage\":\"ro-RO\"},{\"@type\":\"Person\",\"@id\":\"https:\\\/\\\/www.btv.md\\\/#\\\/schema\\\/person\\\/8fadce81561b3ce2c34c46dadc4ccbf2\",\"name\":\"admin\"}]}<\/script>\n<!-- \/ Yoast SEO plugin. -->","yoast_head_json":{"title":"CUM UN MILITAR DIN B\u0102L\u021aI A MEN\u021aINUT PACEA \u00ceN COASTA DE FILDE\u0218  - BTV","robots":{"index":"index","follow":"follow","max-snippet":"max-snippet:-1","max-image-preview":"max-image-preview:large","max-video-preview":"max-video-preview:-1"},"canonical":"https:\/\/www.btv.md\/ro\/cum-un-militar-din-balti-a-mentinut-pacea-in-coasta-de-fildes\/","og_locale":"ro_RO","og_type":"article","og_title":"CUM UN MILITAR DIN B\u0102L\u021aI A MEN\u021aINUT PACEA \u00ceN COASTA DE FILDE\u0218  - BTV","og_description":"Dup\u0103 ce a \u00eendeplinit serviciul militar \u00een termen \u00een cadrul Armatei Na\u021bionale \u0219i a studiat la diverse institu\u021bii cu profil militar s-a pomenit s\u0103 men\u021bin\u0103 pacea pe continentul negru, Africa. Este istoria unicului pacificator din municipiul B\u0103l\u021bi, Alexandru M\u0103rcu\u021ba. Care la ai s\u0103i 38 de ani a participat de dou\u0103 ori \u00een misiuni de men\u021binere [&hellip;]","og_url":"https:\/\/www.btv.md\/ro\/cum-un-militar-din-balti-a-mentinut-pacea-in-coasta-de-fildes\/","og_site_name":"BTV","article_publisher":"https:\/\/www.facebook.com\/btvmoldova\/","article_published_time":"2016-05-30T14:08:39+00:00","og_image":[{"width":636,"height":378,"url":"https:\/\/www.btv.md\/wp-content\/uploads\/2016\/05\/3.jpg","type":"image\/jpeg"}],"author":"admin","twitter_misc":{"Scris de":"admin","Timp estimat pentru citire":"2 minute"},"schema":{"@context":"https:\/\/schema.org","@graph":[{"@type":"Article","@id":"https:\/\/www.btv.md\/ro\/cum-un-militar-din-balti-a-mentinut-pacea-in-coasta-de-fildes\/#article","isPartOf":{"@id":"https:\/\/www.btv.md\/ro\/cum-un-militar-din-balti-a-mentinut-pacea-in-coasta-de-fildes\/"},"author":{"name":"admin","@id":"https:\/\/www.btv.md\/#\/schema\/person\/8fadce81561b3ce2c34c46dadc4ccbf2"},"headline":"CUM UN MILITAR DIN B\u0102L\u021aI A MEN\u021aINUT PACEA \u00ceN COASTA DE FILDE\u0218","datePublished":"2016-05-30T14:08:39+00:00","mainEntityOfPage":{"@id":"https:\/\/www.btv.md\/ro\/cum-un-militar-din-balti-a-mentinut-pacea-in-coasta-de-fildes\/"},"wordCount":477,"image":{"@id":"https:\/\/www.btv.md\/ro\/cum-un-militar-din-balti-a-mentinut-pacea-in-coasta-de-fildes\/#primaryimage"},"thumbnailUrl":"https:\/\/www.btv.md\/wp-content\/uploads\/2016\/05\/3.jpg","articleSection":["Ora\u0219"],"inLanguage":"ro-RO"},{"@type":"WebPage","@id":"https:\/\/www.btv.md\/ro\/cum-un-militar-din-balti-a-mentinut-pacea-in-coasta-de-fildes\/","url":"https:\/\/www.btv.md\/ro\/cum-un-militar-din-balti-a-mentinut-pacea-in-coasta-de-fildes\/","name":"CUM UN MILITAR DIN B\u0102L\u021aI A MEN\u021aINUT PACEA \u00ceN COASTA DE FILDE\u0218 - BTV","isPartOf":{"@id":"https:\/\/www.btv.md\/#website"},"primaryImageOfPage":{"@id":"https:\/\/www.btv.md\/ro\/cum-un-militar-din-balti-a-mentinut-pacea-in-coasta-de-fildes\/#primaryimage"},"image":{"@id":"https:\/\/www.btv.md\/ro\/cum-un-militar-din-balti-a-mentinut-pacea-in-coasta-de-fildes\/#primaryimage"},"thumbnailUrl":"https:\/\/www.btv.md\/wp-content\/uploads\/2016\/05\/3.jpg","datePublished":"2016-05-30T14:08:39+00:00","author":{"@id":"https:\/\/www.btv.md\/#\/schema\/person\/8fadce81561b3ce2c34c46dadc4ccbf2"},"inLanguage":"ro-RO","potentialAction":[{"@type":"ReadAction","target":["https:\/\/www.btv.md\/ro\/cum-un-militar-din-balti-a-mentinut-pacea-in-coasta-de-fildes\/"]}]},{"@type":"ImageObject","inLanguage":"ro-RO","@id":"https:\/\/www.btv.md\/ro\/cum-un-militar-din-balti-a-mentinut-pacea-in-coasta-de-fildes\/#primaryimage","url":"https:\/\/www.btv.md\/wp-content\/uploads\/2016\/05\/3.jpg","contentUrl":"https:\/\/www.btv.md\/wp-content\/uploads\/2016\/05\/3.jpg","width":636,"height":378},{"@type":"WebSite","@id":"https:\/\/www.btv.md\/#website","url":"https:\/\/www.btv.md\/","name":"BTV","description":"\u0411\u0435\u043b\u044c\u0446\u043a\u043e\u0435 \u0442\u0435\u043b\u0435\u0432\u0438\u0434\u0435\u043d\u0438\u0435","potentialAction":[{"@type":"SearchAction","target":{"@type":"EntryPoint","urlTemplate":"https:\/\/www.btv.md\/?s={search_term_string}"},"query-input":{"@type":"PropertyValueSpecification","valueRequired":true,"valueName":"search_term_string"}}],"inLanguage":"ro-RO"},{"@type":"Person","@id":"https:\/\/www.btv.md\/#\/schema\/person\/8fadce81561b3ce2c34c46dadc4ccbf2","name":"admin"}]}},"_links":{"self":[{"href":"https:\/\/www.btv.md\/ro\/wp-json\/wp\/v2\/posts\/13753","targetHints":{"allow":["GET"]}}],"collection":[{"href":"https:\/\/www.btv.md\/ro\/wp-json\/wp\/v2\/posts"}],"about":[{"href":"https:\/\/www.btv.md\/ro\/wp-json\/wp\/v2\/types\/post"}],"author":[{"embeddable":true,"href":"https:\/\/www.btv.md\/ro\/wp-json\/wp\/v2\/users\/4"}],"replies":[{"embeddable":true,"href":"https:\/\/www.btv.md\/ro\/wp-json\/wp\/v2\/comments?post=13753"}],"version-history":[{"count":0,"href":"https:\/\/www.btv.md\/ro\/wp-json\/wp\/v2\/posts\/13753\/revisions"}],"wp:featuredmedia":[{"embeddable":true,"href":"https:\/\/www.btv.md\/ro\/wp-json\/wp\/v2\/media\/13755"}],"wp:attachment":[{"href":"https:\/\/www.btv.md\/ro\/wp-json\/wp\/v2\/media?parent=13753"}],"wp:term":[{"taxonomy":"category","embeddable":true,"href":"https:\/\/www.btv.md\/ro\/wp-json\/wp\/v2\/categories?post=13753"},{"taxonomy":"post_tag","embeddable":true,"href":"https:\/\/www.btv.md\/ro\/wp-json\/wp\/v2\/tags?post=13753"}],"curies":[{"name":"wp","href":"https:\/\/api.w.org\/{rel}","templated":true}]}}