{"id":13821,"date":"2016-05-31T14:19:17","date_gmt":"2016-05-31T11:19:17","guid":{"rendered":"http:\/\/btv.md\/?p=13821"},"modified":"2016-05-31T14:19:17","modified_gmt":"2016-05-31T11:19:17","slug":"numar-record-de-sportivi-moldoveni-la-rio","status":"publish","type":"post","link":"https:\/\/www.btv.md\/ro\/numar-record-de-sportivi-moldoveni-la-rio\/","title":{"rendered":"NUM\u0102R RECORD DE SPORTIVI MOLDOVENI  LA RIO"},"content":{"rendered":"<p><strong>Republica Moldova devine tot mai absent\u0103 la Jocurile Olimpice. Aproape  20 de sportivi vor reprezentat\u0103  \u021bara noastr\u0103 la Jocurile Olimpice de la Rio de Janiero. Jocuri care se vor desf\u0103\u0219ura \u00een vara acestui an. Unii sportivi de performan\u021b\u0103 care au participat la astfel de competi\u021bii spun c\u0103 lotul olimpic din acest an, reprezint\u0103 cel mai prost rezultat din istoria sportului moldovenesc de performan\u021b\u0103. <\/strong><\/p>\n<p>Campionul Mondial la haltere, Vadim Vacarciuc a precizat c\u0103 num\u0103rul membrilor lotului olimpic din acest an nu reflect\u0103 gloria \u0219i performan\u021ba sportului moldovenesc din ultimii 20 de ani.<\/p>\n<p>Sportivul a mai ad\u0103uga c\u0103 din cauza fin\u0103\u021b\u0103rii proaste a probelor sportive de importan\u021b\u0103 olimpic\u0103 din \u021bar\u0103  are de suferit imaginea Moldovei.<\/p>\n<p>Salariul mediu al unui antrenor \u00een Republica Moldova este de  5 mii de lei, iar a unui sportiv de performan\u021b\u0103 care a ob\u021binut rezultate importante la competi\u021biile sportive interna\u021bionale este de p\u00e2n\u0103 la 15 mii de lei. <\/p>\n<p><iframe width=\"420\" height=\"315\" data-src=\"https:\/\/www.youtube.com\/embed\/iVe1vMoLNwI\" frameborder=\"0\" allowfullscreen src=\"data:image\/svg+xml;base64,PHN2ZyB3aWR0aD0iMSIgaGVpZ2h0PSIxIiB4bWxucz0iaHR0cDovL3d3dy53My5vcmcvMjAwMC9zdmciPjwvc3ZnPg==\" class=\"lazyload\" data-load-mode=\"1\"><\/iframe><\/p>\n","protected":false},"excerpt":{"rendered":"<p>Republica Moldova devine tot mai absent\u0103 la Jocurile Olimpice. Aproape 20 de sportivi vor reprezentat\u0103 \u021bara noastr\u0103 la Jocurile Olimpice de la Rio de Janiero. Jocuri care se vor desf\u0103\u0219ura \u00een vara acestui an. Unii sportivi de performan\u021b\u0103 care au participat la astfel de competi\u021bii spun c\u0103 lotul olimpic din acest an, reprezint\u0103 cel mai [&hellip;]<\/p>\n","protected":false},"author":4,"featured_media":13823,"comment_status":"closed","ping_status":"closed","sticky":false,"template":"","format":"standard","meta":{"footnotes":""},"categories":[6353],"tags":[],"class_list":["post-13821","post","type-post","status-publish","format-standard","has-post-thumbnail","hentry","category-oras"],"yoast_head":"<!-- This site is optimized with the Yoast SEO plugin v27.4 - https:\/\/yoast.com\/product\/yoast-seo-wordpress\/ -->\n<title>NUM\u0102R RECORD DE SPORTIVI MOLDOVENI LA RIO - BTV<\/title>\n<meta name=\"robots\" content=\"index, follow, max-snippet:-1, max-image-preview:large, max-video-preview:-1\" \/>\n<link rel=\"canonical\" href=\"https:\/\/www.btv.md\/ro\/numar-record-de-sportivi-moldoveni-la-rio\/\" \/>\n<meta property=\"og:locale\" content=\"ro_RO\" \/>\n<meta property=\"og:type\" content=\"article\" \/>\n<meta property=\"og:title\" content=\"NUM\u0102R RECORD DE SPORTIVI MOLDOVENI LA RIO - BTV\" \/>\n<meta property=\"og:description\" content=\"Republica Moldova devine tot mai absent\u0103 la Jocurile Olimpice. Aproape 20 de sportivi vor reprezentat\u0103 \u021bara noastr\u0103 la Jocurile Olimpice de la Rio de Janiero. Jocuri care se vor desf\u0103\u0219ura \u00een vara acestui an. Unii sportivi de performan\u021b\u0103 care au participat la astfel de competi\u021bii spun c\u0103 lotul olimpic din acest an, reprezint\u0103 cel mai [&hellip;]\" \/>\n<meta property=\"og:url\" content=\"https:\/\/www.btv.md\/ro\/numar-record-de-sportivi-moldoveni-la-rio\/\" \/>\n<meta property=\"og:site_name\" content=\"BTV\" \/>\n<meta property=\"article:publisher\" content=\"https:\/\/www.facebook.com\/btvmoldova\/\" \/>\n<meta property=\"article:published_time\" content=\"2016-05-31T11:19:17+00:00\" \/>\n<meta property=\"og:image\" content=\"https:\/\/www.btv.md\/wp-content\/uploads\/2016\/05\/0_62d79ee8ea1722acb5815c9155dd025b.jpg\" \/>\n\t<meta property=\"og:image:width\" content=\"580\" \/>\n\t<meta property=\"og:image:height\" content=\"388\" \/>\n\t<meta property=\"og:image:type\" content=\"image\/jpeg\" \/>\n<meta name=\"author\" content=\"admin\" \/>\n<meta name=\"twitter:label1\" content=\"Scris de\" \/>\n\t<meta name=\"twitter:data1\" content=\"admin\" \/>\n\t<meta name=\"twitter:label2\" content=\"Timp estimat pentru citire\" \/>\n\t<meta name=\"twitter:data2\" content=\"1 minut\" \/>\n<script type=\"application\/ld+json\" class=\"yoast-schema-graph\">{\"@context\":\"https:\\\/\\\/schema.org\",\"@graph\":[{\"@type\":\"Article\",\"@id\":\"https:\\\/\\\/www.btv.md\\\/ro\\\/numar-record-de-sportivi-moldoveni-la-rio\\\/#article\",\"isPartOf\":{\"@id\":\"https:\\\/\\\/www.btv.md\\\/ro\\\/numar-record-de-sportivi-moldoveni-la-rio\\\/\"},\"author\":{\"name\":\"admin\",\"@id\":\"https:\\\/\\\/www.btv.md\\\/#\\\/schema\\\/person\\\/8fadce81561b3ce2c34c46dadc4ccbf2\"},\"headline\":\"NUM\u0102R RECORD DE SPORTIVI MOLDOVENI LA RIO\",\"datePublished\":\"2016-05-31T11:19:17+00:00\",\"mainEntityOfPage\":{\"@id\":\"https:\\\/\\\/www.btv.md\\\/ro\\\/numar-record-de-sportivi-moldoveni-la-rio\\\/\"},\"wordCount\":164,\"image\":{\"@id\":\"https:\\\/\\\/www.btv.md\\\/ro\\\/numar-record-de-sportivi-moldoveni-la-rio\\\/#primaryimage\"},\"thumbnailUrl\":\"https:\\\/\\\/www.btv.md\\\/wp-content\\\/uploads\\\/2016\\\/05\\\/0_62d79ee8ea1722acb5815c9155dd025b.jpg\",\"articleSection\":[\"Ora\u0219\"],\"inLanguage\":\"ro-RO\"},{\"@type\":\"WebPage\",\"@id\":\"https:\\\/\\\/www.btv.md\\\/ro\\\/numar-record-de-sportivi-moldoveni-la-rio\\\/\",\"url\":\"https:\\\/\\\/www.btv.md\\\/ro\\\/numar-record-de-sportivi-moldoveni-la-rio\\\/\",\"name\":\"NUM\u0102R RECORD DE SPORTIVI MOLDOVENI LA RIO - BTV\",\"isPartOf\":{\"@id\":\"https:\\\/\\\/www.btv.md\\\/#website\"},\"primaryImageOfPage\":{\"@id\":\"https:\\\/\\\/www.btv.md\\\/ro\\\/numar-record-de-sportivi-moldoveni-la-rio\\\/#primaryimage\"},\"image\":{\"@id\":\"https:\\\/\\\/www.btv.md\\\/ro\\\/numar-record-de-sportivi-moldoveni-la-rio\\\/#primaryimage\"},\"thumbnailUrl\":\"https:\\\/\\\/www.btv.md\\\/wp-content\\\/uploads\\\/2016\\\/05\\\/0_62d79ee8ea1722acb5815c9155dd025b.jpg\",\"datePublished\":\"2016-05-31T11:19:17+00:00\",\"author\":{\"@id\":\"https:\\\/\\\/www.btv.md\\\/#\\\/schema\\\/person\\\/8fadce81561b3ce2c34c46dadc4ccbf2\"},\"inLanguage\":\"ro-RO\",\"potentialAction\":[{\"@type\":\"ReadAction\",\"target\":[\"https:\\\/\\\/www.btv.md\\\/ro\\\/numar-record-de-sportivi-moldoveni-la-rio\\\/\"]}]},{\"@type\":\"ImageObject\",\"inLanguage\":\"ro-RO\",\"@id\":\"https:\\\/\\\/www.btv.md\\\/ro\\\/numar-record-de-sportivi-moldoveni-la-rio\\\/#primaryimage\",\"url\":\"https:\\\/\\\/www.btv.md\\\/wp-content\\\/uploads\\\/2016\\\/05\\\/0_62d79ee8ea1722acb5815c9155dd025b.jpg\",\"contentUrl\":\"https:\\\/\\\/www.btv.md\\\/wp-content\\\/uploads\\\/2016\\\/05\\\/0_62d79ee8ea1722acb5815c9155dd025b.jpg\",\"width\":580,\"height\":388},{\"@type\":\"WebSite\",\"@id\":\"https:\\\/\\\/www.btv.md\\\/#website\",\"url\":\"https:\\\/\\\/www.btv.md\\\/\",\"name\":\"BTV\",\"description\":\"\u0411\u0435\u043b\u044c\u0446\u043a\u043e\u0435 \u0442\u0435\u043b\u0435\u0432\u0438\u0434\u0435\u043d\u0438\u0435\",\"potentialAction\":[{\"@type\":\"SearchAction\",\"target\":{\"@type\":\"EntryPoint\",\"urlTemplate\":\"https:\\\/\\\/www.btv.md\\\/?s={search_term_string}\"},\"query-input\":{\"@type\":\"PropertyValueSpecification\",\"valueRequired\":true,\"valueName\":\"search_term_string\"}}],\"inLanguage\":\"ro-RO\"},{\"@type\":\"Person\",\"@id\":\"https:\\\/\\\/www.btv.md\\\/#\\\/schema\\\/person\\\/8fadce81561b3ce2c34c46dadc4ccbf2\",\"name\":\"admin\"}]}<\/script>\n<!-- \/ Yoast SEO plugin. -->","yoast_head_json":{"title":"NUM\u0102R RECORD DE SPORTIVI MOLDOVENI LA RIO - BTV","robots":{"index":"index","follow":"follow","max-snippet":"max-snippet:-1","max-image-preview":"max-image-preview:large","max-video-preview":"max-video-preview:-1"},"canonical":"https:\/\/www.btv.md\/ro\/numar-record-de-sportivi-moldoveni-la-rio\/","og_locale":"ro_RO","og_type":"article","og_title":"NUM\u0102R RECORD DE SPORTIVI MOLDOVENI LA RIO - BTV","og_description":"Republica Moldova devine tot mai absent\u0103 la Jocurile Olimpice. Aproape 20 de sportivi vor reprezentat\u0103 \u021bara noastr\u0103 la Jocurile Olimpice de la Rio de Janiero. Jocuri care se vor desf\u0103\u0219ura \u00een vara acestui an. Unii sportivi de performan\u021b\u0103 care au participat la astfel de competi\u021bii spun c\u0103 lotul olimpic din acest an, reprezint\u0103 cel mai [&hellip;]","og_url":"https:\/\/www.btv.md\/ro\/numar-record-de-sportivi-moldoveni-la-rio\/","og_site_name":"BTV","article_publisher":"https:\/\/www.facebook.com\/btvmoldova\/","article_published_time":"2016-05-31T11:19:17+00:00","og_image":[{"width":580,"height":388,"url":"https:\/\/www.btv.md\/wp-content\/uploads\/2016\/05\/0_62d79ee8ea1722acb5815c9155dd025b.jpg","type":"image\/jpeg"}],"author":"admin","twitter_misc":{"Scris de":"admin","Timp estimat pentru citire":"1 minut"},"schema":{"@context":"https:\/\/schema.org","@graph":[{"@type":"Article","@id":"https:\/\/www.btv.md\/ro\/numar-record-de-sportivi-moldoveni-la-rio\/#article","isPartOf":{"@id":"https:\/\/www.btv.md\/ro\/numar-record-de-sportivi-moldoveni-la-rio\/"},"author":{"name":"admin","@id":"https:\/\/www.btv.md\/#\/schema\/person\/8fadce81561b3ce2c34c46dadc4ccbf2"},"headline":"NUM\u0102R RECORD DE SPORTIVI MOLDOVENI LA RIO","datePublished":"2016-05-31T11:19:17+00:00","mainEntityOfPage":{"@id":"https:\/\/www.btv.md\/ro\/numar-record-de-sportivi-moldoveni-la-rio\/"},"wordCount":164,"image":{"@id":"https:\/\/www.btv.md\/ro\/numar-record-de-sportivi-moldoveni-la-rio\/#primaryimage"},"thumbnailUrl":"https:\/\/www.btv.md\/wp-content\/uploads\/2016\/05\/0_62d79ee8ea1722acb5815c9155dd025b.jpg","articleSection":["Ora\u0219"],"inLanguage":"ro-RO"},{"@type":"WebPage","@id":"https:\/\/www.btv.md\/ro\/numar-record-de-sportivi-moldoveni-la-rio\/","url":"https:\/\/www.btv.md\/ro\/numar-record-de-sportivi-moldoveni-la-rio\/","name":"NUM\u0102R RECORD DE SPORTIVI MOLDOVENI LA RIO - BTV","isPartOf":{"@id":"https:\/\/www.btv.md\/#website"},"primaryImageOfPage":{"@id":"https:\/\/www.btv.md\/ro\/numar-record-de-sportivi-moldoveni-la-rio\/#primaryimage"},"image":{"@id":"https:\/\/www.btv.md\/ro\/numar-record-de-sportivi-moldoveni-la-rio\/#primaryimage"},"thumbnailUrl":"https:\/\/www.btv.md\/wp-content\/uploads\/2016\/05\/0_62d79ee8ea1722acb5815c9155dd025b.jpg","datePublished":"2016-05-31T11:19:17+00:00","author":{"@id":"https:\/\/www.btv.md\/#\/schema\/person\/8fadce81561b3ce2c34c46dadc4ccbf2"},"inLanguage":"ro-RO","potentialAction":[{"@type":"ReadAction","target":["https:\/\/www.btv.md\/ro\/numar-record-de-sportivi-moldoveni-la-rio\/"]}]},{"@type":"ImageObject","inLanguage":"ro-RO","@id":"https:\/\/www.btv.md\/ro\/numar-record-de-sportivi-moldoveni-la-rio\/#primaryimage","url":"https:\/\/www.btv.md\/wp-content\/uploads\/2016\/05\/0_62d79ee8ea1722acb5815c9155dd025b.jpg","contentUrl":"https:\/\/www.btv.md\/wp-content\/uploads\/2016\/05\/0_62d79ee8ea1722acb5815c9155dd025b.jpg","width":580,"height":388},{"@type":"WebSite","@id":"https:\/\/www.btv.md\/#website","url":"https:\/\/www.btv.md\/","name":"BTV","description":"\u0411\u0435\u043b\u044c\u0446\u043a\u043e\u0435 \u0442\u0435\u043b\u0435\u0432\u0438\u0434\u0435\u043d\u0438\u0435","potentialAction":[{"@type":"SearchAction","target":{"@type":"EntryPoint","urlTemplate":"https:\/\/www.btv.md\/?s={search_term_string}"},"query-input":{"@type":"PropertyValueSpecification","valueRequired":true,"valueName":"search_term_string"}}],"inLanguage":"ro-RO"},{"@type":"Person","@id":"https:\/\/www.btv.md\/#\/schema\/person\/8fadce81561b3ce2c34c46dadc4ccbf2","name":"admin"}]}},"_links":{"self":[{"href":"https:\/\/www.btv.md\/ro\/wp-json\/wp\/v2\/posts\/13821","targetHints":{"allow":["GET"]}}],"collection":[{"href":"https:\/\/www.btv.md\/ro\/wp-json\/wp\/v2\/posts"}],"about":[{"href":"https:\/\/www.btv.md\/ro\/wp-json\/wp\/v2\/types\/post"}],"author":[{"embeddable":true,"href":"https:\/\/www.btv.md\/ro\/wp-json\/wp\/v2\/users\/4"}],"replies":[{"embeddable":true,"href":"https:\/\/www.btv.md\/ro\/wp-json\/wp\/v2\/comments?post=13821"}],"version-history":[{"count":0,"href":"https:\/\/www.btv.md\/ro\/wp-json\/wp\/v2\/posts\/13821\/revisions"}],"wp:featuredmedia":[{"embeddable":true,"href":"https:\/\/www.btv.md\/ro\/wp-json\/wp\/v2\/media\/13823"}],"wp:attachment":[{"href":"https:\/\/www.btv.md\/ro\/wp-json\/wp\/v2\/media?parent=13821"}],"wp:term":[{"taxonomy":"category","embeddable":true,"href":"https:\/\/www.btv.md\/ro\/wp-json\/wp\/v2\/categories?post=13821"},{"taxonomy":"post_tag","embeddable":true,"href":"https:\/\/www.btv.md\/ro\/wp-json\/wp\/v2\/tags?post=13821"}],"curies":[{"name":"wp","href":"https:\/\/api.w.org\/{rel}","templated":true}]}}