{"id":13825,"date":"2016-05-31T15:07:53","date_gmt":"2016-05-31T12:07:53","guid":{"rendered":"http:\/\/btv.md\/?p=13825"},"modified":"2016-05-31T15:07:53","modified_gmt":"2016-05-31T12:07:53","slug":"ingrijorator-ce-se-intampla-cu-apa-din-lacurile-din-balti","status":"publish","type":"post","link":"https:\/\/www.btv.md\/ro\/ingrijorator-ce-se-intampla-cu-apa-din-lacurile-din-balti\/","title":{"rendered":"\u00ceNGRIJOR\u0102TOR! CE SE  \u00ceNT\u00c2MPL\u0102 CU APA DIN  LACURILE  DIN  B\u0102L\u021aI"},"content":{"rendered":"<p><strong>Sc\u0103ldatul \u00een lacurile din B\u0103l\u021bi prezint\u0103 pericol pentru s\u0103n\u0103tatea b\u0103l\u021benilor. Despre aceasta a anun\u021bat \u0219eful sec\u021biei s\u0103n\u0103tatea mediului din cadrul Centrului de S\u0103n\u0103tate Public\u0103 B\u0103l\u021bi, Ion Pirogan. Potrivit acestuia, sc\u0103ldatul \u00een lacurile municipale prezint\u0103 un risc de contaminare cu maladii infec\u0163ioase, boli diareice sau  de piele.<\/strong><\/p>\n<p>De asemenea, reprezentantul Centrului de S\u0103n\u0103tate Public\u0103 a mai ad\u0103ugat c\u0103 nici nisipul de pe plajele lacurilor nu este \u00eentr-o stare mai bun\u0103. Specialistul a \u021binut s\u0103 men\u021bioneze c\u0103 acesta este plin cu ou\u0103 de parizi\u021bi. El a mai ad\u0103ugat c\u0103 \u00een zonele de agrement lipsesc condi\u021bii elemetare de igien\u0103, care afecteaz\u0103 \u0219i mai mult calitatea apei.<\/p>\n<p>De cealalt\u0103 parte, inginerul \u0219ef de la \u00eentreprinderea municipal\u0103 \u201eAmenajarea teritoriului \u0219i spa\u021bii verzi\u201d, sus\u021bine c\u0103 zonele de odihn\u0103 sunt aproape gata pentru a primi oaspe\u021bi, iar nisipul urmeaz\u0103 s\u0103 fie \u00eennoit de cur\u00e2nd.<\/p>\n<p>Se pare c\u0103 cei mai preg\u0103ti\u021bi sunt salvatorii. De\u0219i sc\u0103ldatul \u00een lacurile municipale nu este recomandat, experien\u021ba din anii preceden\u021bi arat\u0103 c\u0103 exist\u0103 mul\u021bi curajo\u0219i care se \u00eemb\u0103iesc \u00een apele poluate.<\/p>\n<p>Speciali\u0219tii recomand\u0103 oamenilor s\u0103 evite sc\u0103ldatul \u00een zonele poluate \u0219i s\u0103 respecte recomand\u0103rile de pe panourile informative plasate \u00een zonele de agrement. Este vorba \u00een primul r\u00e2nd de Lacul Or\u0103\u0219enesc \u0219i Lacul Comsomolist, unde vin cei mai mul\u021bi vizitatori. <\/p>\n<p>NATALIA  TOCARCIUC<br \/>\nCORNELIU  VIERU<br \/>\nIURIE  BOLD<\/p>\n<p><iframe width=\"420\" height=\"315\" data-src=\"https:\/\/www.youtube.com\/embed\/Vkbl3tLvcAo\" frameborder=\"0\" allowfullscreen src=\"data:image\/svg+xml;base64,PHN2ZyB3aWR0aD0iMSIgaGVpZ2h0PSIxIiB4bWxucz0iaHR0cDovL3d3dy53My5vcmcvMjAwMC9zdmciPjwvc3ZnPg==\" class=\"lazyload\" data-load-mode=\"1\"><\/iframe><\/p>\n","protected":false},"excerpt":{"rendered":"<p>Sc\u0103ldatul \u00een lacurile din B\u0103l\u021bi prezint\u0103 pericol pentru s\u0103n\u0103tatea b\u0103l\u021benilor. Despre aceasta a anun\u021bat \u0219eful sec\u021biei s\u0103n\u0103tatea mediului din cadrul Centrului de S\u0103n\u0103tate Public\u0103 B\u0103l\u021bi, Ion Pirogan. Potrivit acestuia, sc\u0103ldatul \u00een lacurile municipale prezint\u0103 un risc de contaminare cu maladii infec\u0163ioase, boli diareice sau de piele. De asemenea, reprezentantul Centrului de S\u0103n\u0103tate Public\u0103 a mai [&hellip;]<\/p>\n","protected":false},"author":4,"featured_media":13827,"comment_status":"closed","ping_status":"closed","sticky":false,"template":"","format":"standard","meta":{"footnotes":""},"categories":[6353],"tags":[],"class_list":["post-13825","post","type-post","status-publish","format-standard","has-post-thumbnail","hentry","category-oras"],"yoast_head":"<!-- This site is optimized with the Yoast SEO plugin v27.4 - https:\/\/yoast.com\/product\/yoast-seo-wordpress\/ -->\n<title>\u00ceNGRIJOR\u0102TOR! CE SE \u00ceNT\u00c2MPL\u0102 CU APA DIN LACURILE DIN B\u0102L\u021aI - BTV<\/title>\n<meta name=\"robots\" content=\"index, follow, max-snippet:-1, max-image-preview:large, max-video-preview:-1\" \/>\n<link rel=\"canonical\" href=\"https:\/\/www.btv.md\/ro\/ingrijorator-ce-se-intampla-cu-apa-din-lacurile-din-balti\/\" \/>\n<meta property=\"og:locale\" content=\"ro_RO\" \/>\n<meta property=\"og:type\" content=\"article\" \/>\n<meta property=\"og:title\" content=\"\u00ceNGRIJOR\u0102TOR! CE SE \u00ceNT\u00c2MPL\u0102 CU APA DIN LACURILE DIN B\u0102L\u021aI - BTV\" \/>\n<meta property=\"og:description\" content=\"Sc\u0103ldatul \u00een lacurile din B\u0103l\u021bi prezint\u0103 pericol pentru s\u0103n\u0103tatea b\u0103l\u021benilor. Despre aceasta a anun\u021bat \u0219eful sec\u021biei s\u0103n\u0103tatea mediului din cadrul Centrului de S\u0103n\u0103tate Public\u0103 B\u0103l\u021bi, Ion Pirogan. Potrivit acestuia, sc\u0103ldatul \u00een lacurile municipale prezint\u0103 un risc de contaminare cu maladii infec\u0163ioase, boli diareice sau de piele. De asemenea, reprezentantul Centrului de S\u0103n\u0103tate Public\u0103 a mai [&hellip;]\" \/>\n<meta property=\"og:url\" content=\"https:\/\/www.btv.md\/ro\/ingrijorator-ce-se-intampla-cu-apa-din-lacurile-din-balti\/\" \/>\n<meta property=\"og:site_name\" content=\"BTV\" \/>\n<meta property=\"article:publisher\" content=\"https:\/\/www.facebook.com\/btvmoldova\/\" \/>\n<meta property=\"article:published_time\" content=\"2016-05-31T12:07:53+00:00\" \/>\n<meta property=\"og:image\" content=\"https:\/\/www.btv.md\/wp-content\/uploads\/2016\/05\/lacul.png\" \/>\n\t<meta property=\"og:image:width\" content=\"1016\" \/>\n\t<meta property=\"og:image:height\" content=\"522\" \/>\n\t<meta property=\"og:image:type\" content=\"image\/png\" \/>\n<meta name=\"author\" content=\"admin\" \/>\n<meta name=\"twitter:label1\" content=\"Scris de\" \/>\n\t<meta name=\"twitter:data1\" content=\"admin\" \/>\n\t<meta name=\"twitter:label2\" content=\"Timp estimat pentru citire\" \/>\n\t<meta name=\"twitter:data2\" content=\"1 minut\" \/>\n<script type=\"application\/ld+json\" class=\"yoast-schema-graph\">{\"@context\":\"https:\\\/\\\/schema.org\",\"@graph\":[{\"@type\":\"Article\",\"@id\":\"https:\\\/\\\/www.btv.md\\\/ro\\\/ingrijorator-ce-se-intampla-cu-apa-din-lacurile-din-balti\\\/#article\",\"isPartOf\":{\"@id\":\"https:\\\/\\\/www.btv.md\\\/ro\\\/ingrijorator-ce-se-intampla-cu-apa-din-lacurile-din-balti\\\/\"},\"author\":{\"name\":\"admin\",\"@id\":\"https:\\\/\\\/www.btv.md\\\/#\\\/schema\\\/person\\\/8fadce81561b3ce2c34c46dadc4ccbf2\"},\"headline\":\"\u00ceNGRIJOR\u0102TOR! CE SE \u00ceNT\u00c2MPL\u0102 CU APA DIN LACURILE DIN B\u0102L\u021aI\",\"datePublished\":\"2016-05-31T12:07:53+00:00\",\"mainEntityOfPage\":{\"@id\":\"https:\\\/\\\/www.btv.md\\\/ro\\\/ingrijorator-ce-se-intampla-cu-apa-din-lacurile-din-balti\\\/\"},\"wordCount\":270,\"image\":{\"@id\":\"https:\\\/\\\/www.btv.md\\\/ro\\\/ingrijorator-ce-se-intampla-cu-apa-din-lacurile-din-balti\\\/#primaryimage\"},\"thumbnailUrl\":\"https:\\\/\\\/www.btv.md\\\/wp-content\\\/uploads\\\/2016\\\/05\\\/lacul.png\",\"articleSection\":[\"Ora\u0219\"],\"inLanguage\":\"ro-RO\"},{\"@type\":\"WebPage\",\"@id\":\"https:\\\/\\\/www.btv.md\\\/ro\\\/ingrijorator-ce-se-intampla-cu-apa-din-lacurile-din-balti\\\/\",\"url\":\"https:\\\/\\\/www.btv.md\\\/ro\\\/ingrijorator-ce-se-intampla-cu-apa-din-lacurile-din-balti\\\/\",\"name\":\"\u00ceNGRIJOR\u0102TOR! CE SE \u00ceNT\u00c2MPL\u0102 CU APA DIN LACURILE DIN B\u0102L\u021aI - BTV\",\"isPartOf\":{\"@id\":\"https:\\\/\\\/www.btv.md\\\/#website\"},\"primaryImageOfPage\":{\"@id\":\"https:\\\/\\\/www.btv.md\\\/ro\\\/ingrijorator-ce-se-intampla-cu-apa-din-lacurile-din-balti\\\/#primaryimage\"},\"image\":{\"@id\":\"https:\\\/\\\/www.btv.md\\\/ro\\\/ingrijorator-ce-se-intampla-cu-apa-din-lacurile-din-balti\\\/#primaryimage\"},\"thumbnailUrl\":\"https:\\\/\\\/www.btv.md\\\/wp-content\\\/uploads\\\/2016\\\/05\\\/lacul.png\",\"datePublished\":\"2016-05-31T12:07:53+00:00\",\"author\":{\"@id\":\"https:\\\/\\\/www.btv.md\\\/#\\\/schema\\\/person\\\/8fadce81561b3ce2c34c46dadc4ccbf2\"},\"inLanguage\":\"ro-RO\",\"potentialAction\":[{\"@type\":\"ReadAction\",\"target\":[\"https:\\\/\\\/www.btv.md\\\/ro\\\/ingrijorator-ce-se-intampla-cu-apa-din-lacurile-din-balti\\\/\"]}]},{\"@type\":\"ImageObject\",\"inLanguage\":\"ro-RO\",\"@id\":\"https:\\\/\\\/www.btv.md\\\/ro\\\/ingrijorator-ce-se-intampla-cu-apa-din-lacurile-din-balti\\\/#primaryimage\",\"url\":\"https:\\\/\\\/www.btv.md\\\/wp-content\\\/uploads\\\/2016\\\/05\\\/lacul.png\",\"contentUrl\":\"https:\\\/\\\/www.btv.md\\\/wp-content\\\/uploads\\\/2016\\\/05\\\/lacul.png\",\"width\":1016,\"height\":522},{\"@type\":\"WebSite\",\"@id\":\"https:\\\/\\\/www.btv.md\\\/#website\",\"url\":\"https:\\\/\\\/www.btv.md\\\/\",\"name\":\"BTV\",\"description\":\"\u0411\u0435\u043b\u044c\u0446\u043a\u043e\u0435 \u0442\u0435\u043b\u0435\u0432\u0438\u0434\u0435\u043d\u0438\u0435\",\"potentialAction\":[{\"@type\":\"SearchAction\",\"target\":{\"@type\":\"EntryPoint\",\"urlTemplate\":\"https:\\\/\\\/www.btv.md\\\/?s={search_term_string}\"},\"query-input\":{\"@type\":\"PropertyValueSpecification\",\"valueRequired\":true,\"valueName\":\"search_term_string\"}}],\"inLanguage\":\"ro-RO\"},{\"@type\":\"Person\",\"@id\":\"https:\\\/\\\/www.btv.md\\\/#\\\/schema\\\/person\\\/8fadce81561b3ce2c34c46dadc4ccbf2\",\"name\":\"admin\"}]}<\/script>\n<!-- \/ Yoast SEO plugin. -->","yoast_head_json":{"title":"\u00ceNGRIJOR\u0102TOR! CE SE \u00ceNT\u00c2MPL\u0102 CU APA DIN LACURILE DIN B\u0102L\u021aI - BTV","robots":{"index":"index","follow":"follow","max-snippet":"max-snippet:-1","max-image-preview":"max-image-preview:large","max-video-preview":"max-video-preview:-1"},"canonical":"https:\/\/www.btv.md\/ro\/ingrijorator-ce-se-intampla-cu-apa-din-lacurile-din-balti\/","og_locale":"ro_RO","og_type":"article","og_title":"\u00ceNGRIJOR\u0102TOR! CE SE \u00ceNT\u00c2MPL\u0102 CU APA DIN LACURILE DIN B\u0102L\u021aI - BTV","og_description":"Sc\u0103ldatul \u00een lacurile din B\u0103l\u021bi prezint\u0103 pericol pentru s\u0103n\u0103tatea b\u0103l\u021benilor. Despre aceasta a anun\u021bat \u0219eful sec\u021biei s\u0103n\u0103tatea mediului din cadrul Centrului de S\u0103n\u0103tate Public\u0103 B\u0103l\u021bi, Ion Pirogan. Potrivit acestuia, sc\u0103ldatul \u00een lacurile municipale prezint\u0103 un risc de contaminare cu maladii infec\u0163ioase, boli diareice sau de piele. De asemenea, reprezentantul Centrului de S\u0103n\u0103tate Public\u0103 a mai [&hellip;]","og_url":"https:\/\/www.btv.md\/ro\/ingrijorator-ce-se-intampla-cu-apa-din-lacurile-din-balti\/","og_site_name":"BTV","article_publisher":"https:\/\/www.facebook.com\/btvmoldova\/","article_published_time":"2016-05-31T12:07:53+00:00","og_image":[{"width":1016,"height":522,"url":"https:\/\/www.btv.md\/wp-content\/uploads\/2016\/05\/lacul.png","type":"image\/png"}],"author":"admin","twitter_misc":{"Scris de":"admin","Timp estimat pentru citire":"1 minut"},"schema":{"@context":"https:\/\/schema.org","@graph":[{"@type":"Article","@id":"https:\/\/www.btv.md\/ro\/ingrijorator-ce-se-intampla-cu-apa-din-lacurile-din-balti\/#article","isPartOf":{"@id":"https:\/\/www.btv.md\/ro\/ingrijorator-ce-se-intampla-cu-apa-din-lacurile-din-balti\/"},"author":{"name":"admin","@id":"https:\/\/www.btv.md\/#\/schema\/person\/8fadce81561b3ce2c34c46dadc4ccbf2"},"headline":"\u00ceNGRIJOR\u0102TOR! CE SE \u00ceNT\u00c2MPL\u0102 CU APA DIN LACURILE DIN B\u0102L\u021aI","datePublished":"2016-05-31T12:07:53+00:00","mainEntityOfPage":{"@id":"https:\/\/www.btv.md\/ro\/ingrijorator-ce-se-intampla-cu-apa-din-lacurile-din-balti\/"},"wordCount":270,"image":{"@id":"https:\/\/www.btv.md\/ro\/ingrijorator-ce-se-intampla-cu-apa-din-lacurile-din-balti\/#primaryimage"},"thumbnailUrl":"https:\/\/www.btv.md\/wp-content\/uploads\/2016\/05\/lacul.png","articleSection":["Ora\u0219"],"inLanguage":"ro-RO"},{"@type":"WebPage","@id":"https:\/\/www.btv.md\/ro\/ingrijorator-ce-se-intampla-cu-apa-din-lacurile-din-balti\/","url":"https:\/\/www.btv.md\/ro\/ingrijorator-ce-se-intampla-cu-apa-din-lacurile-din-balti\/","name":"\u00ceNGRIJOR\u0102TOR! CE SE \u00ceNT\u00c2MPL\u0102 CU APA DIN LACURILE DIN B\u0102L\u021aI - BTV","isPartOf":{"@id":"https:\/\/www.btv.md\/#website"},"primaryImageOfPage":{"@id":"https:\/\/www.btv.md\/ro\/ingrijorator-ce-se-intampla-cu-apa-din-lacurile-din-balti\/#primaryimage"},"image":{"@id":"https:\/\/www.btv.md\/ro\/ingrijorator-ce-se-intampla-cu-apa-din-lacurile-din-balti\/#primaryimage"},"thumbnailUrl":"https:\/\/www.btv.md\/wp-content\/uploads\/2016\/05\/lacul.png","datePublished":"2016-05-31T12:07:53+00:00","author":{"@id":"https:\/\/www.btv.md\/#\/schema\/person\/8fadce81561b3ce2c34c46dadc4ccbf2"},"inLanguage":"ro-RO","potentialAction":[{"@type":"ReadAction","target":["https:\/\/www.btv.md\/ro\/ingrijorator-ce-se-intampla-cu-apa-din-lacurile-din-balti\/"]}]},{"@type":"ImageObject","inLanguage":"ro-RO","@id":"https:\/\/www.btv.md\/ro\/ingrijorator-ce-se-intampla-cu-apa-din-lacurile-din-balti\/#primaryimage","url":"https:\/\/www.btv.md\/wp-content\/uploads\/2016\/05\/lacul.png","contentUrl":"https:\/\/www.btv.md\/wp-content\/uploads\/2016\/05\/lacul.png","width":1016,"height":522},{"@type":"WebSite","@id":"https:\/\/www.btv.md\/#website","url":"https:\/\/www.btv.md\/","name":"BTV","description":"\u0411\u0435\u043b\u044c\u0446\u043a\u043e\u0435 \u0442\u0435\u043b\u0435\u0432\u0438\u0434\u0435\u043d\u0438\u0435","potentialAction":[{"@type":"SearchAction","target":{"@type":"EntryPoint","urlTemplate":"https:\/\/www.btv.md\/?s={search_term_string}"},"query-input":{"@type":"PropertyValueSpecification","valueRequired":true,"valueName":"search_term_string"}}],"inLanguage":"ro-RO"},{"@type":"Person","@id":"https:\/\/www.btv.md\/#\/schema\/person\/8fadce81561b3ce2c34c46dadc4ccbf2","name":"admin"}]}},"_links":{"self":[{"href":"https:\/\/www.btv.md\/ro\/wp-json\/wp\/v2\/posts\/13825","targetHints":{"allow":["GET"]}}],"collection":[{"href":"https:\/\/www.btv.md\/ro\/wp-json\/wp\/v2\/posts"}],"about":[{"href":"https:\/\/www.btv.md\/ro\/wp-json\/wp\/v2\/types\/post"}],"author":[{"embeddable":true,"href":"https:\/\/www.btv.md\/ro\/wp-json\/wp\/v2\/users\/4"}],"replies":[{"embeddable":true,"href":"https:\/\/www.btv.md\/ro\/wp-json\/wp\/v2\/comments?post=13825"}],"version-history":[{"count":0,"href":"https:\/\/www.btv.md\/ro\/wp-json\/wp\/v2\/posts\/13825\/revisions"}],"wp:featuredmedia":[{"embeddable":true,"href":"https:\/\/www.btv.md\/ro\/wp-json\/wp\/v2\/media\/13827"}],"wp:attachment":[{"href":"https:\/\/www.btv.md\/ro\/wp-json\/wp\/v2\/media?parent=13825"}],"wp:term":[{"taxonomy":"category","embeddable":true,"href":"https:\/\/www.btv.md\/ro\/wp-json\/wp\/v2\/categories?post=13825"},{"taxonomy":"post_tag","embeddable":true,"href":"https:\/\/www.btv.md\/ro\/wp-json\/wp\/v2\/tags?post=13825"}],"curies":[{"name":"wp","href":"https:\/\/api.w.org\/{rel}","templated":true}]}}