{"id":13829,"date":"2016-05-31T15:37:34","date_gmt":"2016-05-31T12:37:34","guid":{"rendered":"http:\/\/btv.md\/?p=13829"},"modified":"2016-05-31T15:52:58","modified_gmt":"2016-05-31T12:52:58","slug":"copiii-de-la-gradinita-din-balti-au-marcat-ziua-lor","status":"publish","type":"post","link":"https:\/\/www.btv.md\/ro\/copiii-de-la-gradinita-din-balti-au-marcat-ziua-lor\/","title":{"rendered":"COPIII DE LA GR\u0102DINI\u021aA DIN B\u0102L\u021aI AU MARCAT ZIUA LOR"},"content":{"rendered":"<p><strong>\u00cen ajun de Ziua Interna\u021bional\u0103 a Copiilor, micu\u021bii de la Gr\u0103dini\u021ba Nr. 24  din municipiul B\u0103l\u021bi au avut parte de s\u0103rb\u0103toare. Ace\u0219tia au recitate poezii, au dansat \u0219i au c\u00e2ntat. P\u0103rin\u021bii, prezen\u021bi la eveniment spun c\u0103 au r\u0103mas impresiona\u021bi de presta\u021bia picilor.<\/strong><\/p>\n<p>La acest eveniment a fost prezent \u0219i fotbalistul  Echipei de fotbal   Zaria,  Gheorghe Ovseannicov, care a adus cu el Cupa Moldovei, trofeu c\u00e2\u0219tigat de b\u0103l\u021beni acum o s\u0103pt\u0103m\u00e2n\u0103. <\/p>\n<p>Directoarea Gr\u0103dini\u021bei Nr.24 din municipiul B\u0103l\u021bi, Daniela Seu, spune c\u0103 pentru cei peste 170 de copiii care frecventeaz\u0103 gr\u0103dini\u021ba, aceast\u0103 s\u0103rb\u0103toare este una deosebit\u0103. <\/p>\n<p><iframe width=\"420\" height=\"315\" data-src=\"https:\/\/www.youtube.com\/embed\/iJLP7HXhyTY\" frameborder=\"0\" allowfullscreen src=\"data:image\/svg+xml;base64,PHN2ZyB3aWR0aD0iMSIgaGVpZ2h0PSIxIiB4bWxucz0iaHR0cDovL3d3dy53My5vcmcvMjAwMC9zdmciPjwvc3ZnPg==\" class=\"lazyload\" data-load-mode=\"1\"><\/iframe><\/p>\n","protected":false},"excerpt":{"rendered":"<p>\u00cen ajun de Ziua Interna\u021bional\u0103 a Copiilor, micu\u021bii de la Gr\u0103dini\u021ba Nr. 24 din municipiul B\u0103l\u021bi au avut parte de s\u0103rb\u0103toare. Ace\u0219tia au recitate poezii, au dansat \u0219i au c\u00e2ntat. P\u0103rin\u021bii, prezen\u021bi la eveniment spun c\u0103 au r\u0103mas impresiona\u021bi de presta\u021bia picilor. La acest eveniment a fost prezent \u0219i fotbalistul Echipei de fotbal Zaria, Gheorghe [&hellip;]<\/p>\n","protected":false},"author":4,"featured_media":13831,"comment_status":"closed","ping_status":"closed","sticky":false,"template":"","format":"standard","meta":{"footnotes":""},"categories":[6353],"tags":[],"class_list":["post-13829","post","type-post","status-publish","format-standard","has-post-thumbnail","hentry","category-oras"],"yoast_head":"<!-- This site is optimized with the Yoast SEO plugin v27.4 - https:\/\/yoast.com\/product\/yoast-seo-wordpress\/ -->\n<title>COPIII DE LA GR\u0102DINI\u021aA DIN B\u0102L\u021aI AU MARCAT ZIUA LOR  - BTV<\/title>\n<meta name=\"robots\" content=\"index, follow, max-snippet:-1, max-image-preview:large, max-video-preview:-1\" \/>\n<link rel=\"canonical\" href=\"https:\/\/www.btv.md\/ro\/copiii-de-la-gradinita-din-balti-au-marcat-ziua-lor\/\" \/>\n<meta property=\"og:locale\" content=\"ro_RO\" \/>\n<meta property=\"og:type\" content=\"article\" \/>\n<meta property=\"og:title\" content=\"COPIII DE LA GR\u0102DINI\u021aA DIN B\u0102L\u021aI AU MARCAT ZIUA LOR  - BTV\" \/>\n<meta property=\"og:description\" content=\"\u00cen ajun de Ziua Interna\u021bional\u0103 a Copiilor, micu\u021bii de la Gr\u0103dini\u021ba Nr. 24 din municipiul B\u0103l\u021bi au avut parte de s\u0103rb\u0103toare. Ace\u0219tia au recitate poezii, au dansat \u0219i au c\u00e2ntat. P\u0103rin\u021bii, prezen\u021bi la eveniment spun c\u0103 au r\u0103mas impresiona\u021bi de presta\u021bia picilor. La acest eveniment a fost prezent \u0219i fotbalistul Echipei de fotbal Zaria, Gheorghe [&hellip;]\" \/>\n<meta property=\"og:url\" content=\"https:\/\/www.btv.md\/ro\/copiii-de-la-gradinita-din-balti-au-marcat-ziua-lor\/\" \/>\n<meta property=\"og:site_name\" content=\"BTV\" \/>\n<meta property=\"article:publisher\" content=\"https:\/\/www.facebook.com\/btvmoldova\/\" \/>\n<meta property=\"article:published_time\" content=\"2016-05-31T12:37:34+00:00\" \/>\n<meta property=\"article:modified_time\" content=\"2016-05-31T12:52:58+00:00\" \/>\n<meta property=\"og:image\" content=\"https:\/\/www.btv.md\/wp-content\/uploads\/2016\/05\/copiii.png\" \/>\n\t<meta property=\"og:image:width\" content=\"1019\" \/>\n\t<meta property=\"og:image:height\" content=\"571\" \/>\n\t<meta property=\"og:image:type\" content=\"image\/png\" \/>\n<meta name=\"author\" content=\"admin\" \/>\n<meta name=\"twitter:label1\" content=\"Scris de\" \/>\n\t<meta name=\"twitter:data1\" content=\"admin\" \/>\n\t<meta name=\"twitter:label2\" content=\"Timp estimat pentru citire\" \/>\n\t<meta name=\"twitter:data2\" content=\"1 minut\" \/>\n<script type=\"application\/ld+json\" class=\"yoast-schema-graph\">{\"@context\":\"https:\\\/\\\/schema.org\",\"@graph\":[{\"@type\":\"Article\",\"@id\":\"https:\\\/\\\/www.btv.md\\\/ro\\\/copiii-de-la-gradinita-din-balti-au-marcat-ziua-lor\\\/#article\",\"isPartOf\":{\"@id\":\"https:\\\/\\\/www.btv.md\\\/ro\\\/copiii-de-la-gradinita-din-balti-au-marcat-ziua-lor\\\/\"},\"author\":{\"name\":\"admin\",\"@id\":\"https:\\\/\\\/www.btv.md\\\/#\\\/schema\\\/person\\\/8fadce81561b3ce2c34c46dadc4ccbf2\"},\"headline\":\"COPIII DE LA GR\u0102DINI\u021aA DIN B\u0102L\u021aI AU MARCAT ZIUA LOR\",\"datePublished\":\"2016-05-31T12:37:34+00:00\",\"dateModified\":\"2016-05-31T12:52:58+00:00\",\"mainEntityOfPage\":{\"@id\":\"https:\\\/\\\/www.btv.md\\\/ro\\\/copiii-de-la-gradinita-din-balti-au-marcat-ziua-lor\\\/\"},\"wordCount\":136,\"image\":{\"@id\":\"https:\\\/\\\/www.btv.md\\\/ro\\\/copiii-de-la-gradinita-din-balti-au-marcat-ziua-lor\\\/#primaryimage\"},\"thumbnailUrl\":\"https:\\\/\\\/www.btv.md\\\/wp-content\\\/uploads\\\/2016\\\/05\\\/copiii.png\",\"articleSection\":[\"Ora\u0219\"],\"inLanguage\":\"ro-RO\"},{\"@type\":\"WebPage\",\"@id\":\"https:\\\/\\\/www.btv.md\\\/ro\\\/copiii-de-la-gradinita-din-balti-au-marcat-ziua-lor\\\/\",\"url\":\"https:\\\/\\\/www.btv.md\\\/ro\\\/copiii-de-la-gradinita-din-balti-au-marcat-ziua-lor\\\/\",\"name\":\"COPIII DE LA GR\u0102DINI\u021aA DIN B\u0102L\u021aI AU MARCAT ZIUA LOR - BTV\",\"isPartOf\":{\"@id\":\"https:\\\/\\\/www.btv.md\\\/#website\"},\"primaryImageOfPage\":{\"@id\":\"https:\\\/\\\/www.btv.md\\\/ro\\\/copiii-de-la-gradinita-din-balti-au-marcat-ziua-lor\\\/#primaryimage\"},\"image\":{\"@id\":\"https:\\\/\\\/www.btv.md\\\/ro\\\/copiii-de-la-gradinita-din-balti-au-marcat-ziua-lor\\\/#primaryimage\"},\"thumbnailUrl\":\"https:\\\/\\\/www.btv.md\\\/wp-content\\\/uploads\\\/2016\\\/05\\\/copiii.png\",\"datePublished\":\"2016-05-31T12:37:34+00:00\",\"dateModified\":\"2016-05-31T12:52:58+00:00\",\"author\":{\"@id\":\"https:\\\/\\\/www.btv.md\\\/#\\\/schema\\\/person\\\/8fadce81561b3ce2c34c46dadc4ccbf2\"},\"inLanguage\":\"ro-RO\",\"potentialAction\":[{\"@type\":\"ReadAction\",\"target\":[\"https:\\\/\\\/www.btv.md\\\/ro\\\/copiii-de-la-gradinita-din-balti-au-marcat-ziua-lor\\\/\"]}]},{\"@type\":\"ImageObject\",\"inLanguage\":\"ro-RO\",\"@id\":\"https:\\\/\\\/www.btv.md\\\/ro\\\/copiii-de-la-gradinita-din-balti-au-marcat-ziua-lor\\\/#primaryimage\",\"url\":\"https:\\\/\\\/www.btv.md\\\/wp-content\\\/uploads\\\/2016\\\/05\\\/copiii.png\",\"contentUrl\":\"https:\\\/\\\/www.btv.md\\\/wp-content\\\/uploads\\\/2016\\\/05\\\/copiii.png\",\"width\":1019,\"height\":571},{\"@type\":\"WebSite\",\"@id\":\"https:\\\/\\\/www.btv.md\\\/#website\",\"url\":\"https:\\\/\\\/www.btv.md\\\/\",\"name\":\"BTV\",\"description\":\"\u0411\u0435\u043b\u044c\u0446\u043a\u043e\u0435 \u0442\u0435\u043b\u0435\u0432\u0438\u0434\u0435\u043d\u0438\u0435\",\"potentialAction\":[{\"@type\":\"SearchAction\",\"target\":{\"@type\":\"EntryPoint\",\"urlTemplate\":\"https:\\\/\\\/www.btv.md\\\/?s={search_term_string}\"},\"query-input\":{\"@type\":\"PropertyValueSpecification\",\"valueRequired\":true,\"valueName\":\"search_term_string\"}}],\"inLanguage\":\"ro-RO\"},{\"@type\":\"Person\",\"@id\":\"https:\\\/\\\/www.btv.md\\\/#\\\/schema\\\/person\\\/8fadce81561b3ce2c34c46dadc4ccbf2\",\"name\":\"admin\"}]}<\/script>\n<!-- \/ Yoast SEO plugin. -->","yoast_head_json":{"title":"COPIII DE LA GR\u0102DINI\u021aA DIN B\u0102L\u021aI AU MARCAT ZIUA LOR  - BTV","robots":{"index":"index","follow":"follow","max-snippet":"max-snippet:-1","max-image-preview":"max-image-preview:large","max-video-preview":"max-video-preview:-1"},"canonical":"https:\/\/www.btv.md\/ro\/copiii-de-la-gradinita-din-balti-au-marcat-ziua-lor\/","og_locale":"ro_RO","og_type":"article","og_title":"COPIII DE LA GR\u0102DINI\u021aA DIN B\u0102L\u021aI AU MARCAT ZIUA LOR  - BTV","og_description":"\u00cen ajun de Ziua Interna\u021bional\u0103 a Copiilor, micu\u021bii de la Gr\u0103dini\u021ba Nr. 24 din municipiul B\u0103l\u021bi au avut parte de s\u0103rb\u0103toare. Ace\u0219tia au recitate poezii, au dansat \u0219i au c\u00e2ntat. P\u0103rin\u021bii, prezen\u021bi la eveniment spun c\u0103 au r\u0103mas impresiona\u021bi de presta\u021bia picilor. La acest eveniment a fost prezent \u0219i fotbalistul Echipei de fotbal Zaria, Gheorghe [&hellip;]","og_url":"https:\/\/www.btv.md\/ro\/copiii-de-la-gradinita-din-balti-au-marcat-ziua-lor\/","og_site_name":"BTV","article_publisher":"https:\/\/www.facebook.com\/btvmoldova\/","article_published_time":"2016-05-31T12:37:34+00:00","article_modified_time":"2016-05-31T12:52:58+00:00","og_image":[{"width":1019,"height":571,"url":"https:\/\/www.btv.md\/wp-content\/uploads\/2016\/05\/copiii.png","type":"image\/png"}],"author":"admin","twitter_misc":{"Scris de":"admin","Timp estimat pentru citire":"1 minut"},"schema":{"@context":"https:\/\/schema.org","@graph":[{"@type":"Article","@id":"https:\/\/www.btv.md\/ro\/copiii-de-la-gradinita-din-balti-au-marcat-ziua-lor\/#article","isPartOf":{"@id":"https:\/\/www.btv.md\/ro\/copiii-de-la-gradinita-din-balti-au-marcat-ziua-lor\/"},"author":{"name":"admin","@id":"https:\/\/www.btv.md\/#\/schema\/person\/8fadce81561b3ce2c34c46dadc4ccbf2"},"headline":"COPIII DE LA GR\u0102DINI\u021aA DIN B\u0102L\u021aI AU MARCAT ZIUA LOR","datePublished":"2016-05-31T12:37:34+00:00","dateModified":"2016-05-31T12:52:58+00:00","mainEntityOfPage":{"@id":"https:\/\/www.btv.md\/ro\/copiii-de-la-gradinita-din-balti-au-marcat-ziua-lor\/"},"wordCount":136,"image":{"@id":"https:\/\/www.btv.md\/ro\/copiii-de-la-gradinita-din-balti-au-marcat-ziua-lor\/#primaryimage"},"thumbnailUrl":"https:\/\/www.btv.md\/wp-content\/uploads\/2016\/05\/copiii.png","articleSection":["Ora\u0219"],"inLanguage":"ro-RO"},{"@type":"WebPage","@id":"https:\/\/www.btv.md\/ro\/copiii-de-la-gradinita-din-balti-au-marcat-ziua-lor\/","url":"https:\/\/www.btv.md\/ro\/copiii-de-la-gradinita-din-balti-au-marcat-ziua-lor\/","name":"COPIII DE LA GR\u0102DINI\u021aA DIN B\u0102L\u021aI AU MARCAT ZIUA LOR - BTV","isPartOf":{"@id":"https:\/\/www.btv.md\/#website"},"primaryImageOfPage":{"@id":"https:\/\/www.btv.md\/ro\/copiii-de-la-gradinita-din-balti-au-marcat-ziua-lor\/#primaryimage"},"image":{"@id":"https:\/\/www.btv.md\/ro\/copiii-de-la-gradinita-din-balti-au-marcat-ziua-lor\/#primaryimage"},"thumbnailUrl":"https:\/\/www.btv.md\/wp-content\/uploads\/2016\/05\/copiii.png","datePublished":"2016-05-31T12:37:34+00:00","dateModified":"2016-05-31T12:52:58+00:00","author":{"@id":"https:\/\/www.btv.md\/#\/schema\/person\/8fadce81561b3ce2c34c46dadc4ccbf2"},"inLanguage":"ro-RO","potentialAction":[{"@type":"ReadAction","target":["https:\/\/www.btv.md\/ro\/copiii-de-la-gradinita-din-balti-au-marcat-ziua-lor\/"]}]},{"@type":"ImageObject","inLanguage":"ro-RO","@id":"https:\/\/www.btv.md\/ro\/copiii-de-la-gradinita-din-balti-au-marcat-ziua-lor\/#primaryimage","url":"https:\/\/www.btv.md\/wp-content\/uploads\/2016\/05\/copiii.png","contentUrl":"https:\/\/www.btv.md\/wp-content\/uploads\/2016\/05\/copiii.png","width":1019,"height":571},{"@type":"WebSite","@id":"https:\/\/www.btv.md\/#website","url":"https:\/\/www.btv.md\/","name":"BTV","description":"\u0411\u0435\u043b\u044c\u0446\u043a\u043e\u0435 \u0442\u0435\u043b\u0435\u0432\u0438\u0434\u0435\u043d\u0438\u0435","potentialAction":[{"@type":"SearchAction","target":{"@type":"EntryPoint","urlTemplate":"https:\/\/www.btv.md\/?s={search_term_string}"},"query-input":{"@type":"PropertyValueSpecification","valueRequired":true,"valueName":"search_term_string"}}],"inLanguage":"ro-RO"},{"@type":"Person","@id":"https:\/\/www.btv.md\/#\/schema\/person\/8fadce81561b3ce2c34c46dadc4ccbf2","name":"admin"}]}},"_links":{"self":[{"href":"https:\/\/www.btv.md\/ro\/wp-json\/wp\/v2\/posts\/13829","targetHints":{"allow":["GET"]}}],"collection":[{"href":"https:\/\/www.btv.md\/ro\/wp-json\/wp\/v2\/posts"}],"about":[{"href":"https:\/\/www.btv.md\/ro\/wp-json\/wp\/v2\/types\/post"}],"author":[{"embeddable":true,"href":"https:\/\/www.btv.md\/ro\/wp-json\/wp\/v2\/users\/4"}],"replies":[{"embeddable":true,"href":"https:\/\/www.btv.md\/ro\/wp-json\/wp\/v2\/comments?post=13829"}],"version-history":[{"count":0,"href":"https:\/\/www.btv.md\/ro\/wp-json\/wp\/v2\/posts\/13829\/revisions"}],"wp:featuredmedia":[{"embeddable":true,"href":"https:\/\/www.btv.md\/ro\/wp-json\/wp\/v2\/media\/13831"}],"wp:attachment":[{"href":"https:\/\/www.btv.md\/ro\/wp-json\/wp\/v2\/media?parent=13829"}],"wp:term":[{"taxonomy":"category","embeddable":true,"href":"https:\/\/www.btv.md\/ro\/wp-json\/wp\/v2\/categories?post=13829"},{"taxonomy":"post_tag","embeddable":true,"href":"https:\/\/www.btv.md\/ro\/wp-json\/wp\/v2\/tags?post=13829"}],"curies":[{"name":"wp","href":"https:\/\/api.w.org\/{rel}","templated":true}]}}