{"id":13851,"date":"2016-05-31T18:32:31","date_gmt":"2016-05-31T15:32:31","guid":{"rendered":"http:\/\/btv.md\/?p=13851"},"modified":"2016-05-31T18:32:31","modified_gmt":"2016-05-31T15:32:31","slug":"emotii-pentru-absolventi-si-fericire-pentru-elevi-prin-scoli-si-licee-s-a-dat-ultimul-sunet","status":"publish","type":"post","link":"https:\/\/www.btv.md\/ro\/emotii-pentru-absolventi-si-fericire-pentru-elevi-prin-scoli-si-licee-s-a-dat-ultimul-sunet\/","title":{"rendered":"EMO\u021aII PENTRU ABSOLVEN\u021aI \u0218I FERICIRE PENTRU ELEVI. PRIN \u015eCOLI \u015eI LICEE S-A DAT ULTIMUL SUNET"},"content":{"rendered":"<p><strong>Ultimul clopo\u021bel a sunat mar\u021bi, 31 mai pentru elevii de la Liceul teoretic \u201eGeorge Co\u0219buc \u201d din B\u0103l\u021bi. Ferici\u021bi c\u0103 au \u00eencheiat un nou an \u0219colar, elevii au preg\u0103tit un adev\u0103rat program artistic. Cei mai emo\u021biona\u021bi au fost  absolven\u021bii clasei a 9-a, care spun c\u0103 sunt preg\u0103ti\u021bi pentru examenele de absolvire a gimnaziului.<\/strong><\/p>\n<p>Profesorii spun c\u0103 ultimul sunet pune punct pe emo\u021biile \u0219i momentele pl\u0103cute tr\u0103ite  al\u0103turi de absolven\u021bi. <\/p>\n<p>P\u0103rin\u021bii \u0219i-au st\u0103mp\u00e2nit de-abia emo\u021biile c\u00e2nd \u0219i-au vazut odraslele la careu.<\/p>\n<p>\u00cen municipiul B\u0103l\u021bi sunt peste treicezi de institu\u021bii \u0219colare.<\/p>\n<p><iframe width=\"420\" height=\"315\" data-src=\"https:\/\/www.youtube.com\/embed\/09jAHzr12-g\" frameborder=\"0\" allowfullscreen src=\"data:image\/svg+xml;base64,PHN2ZyB3aWR0aD0iMSIgaGVpZ2h0PSIxIiB4bWxucz0iaHR0cDovL3d3dy53My5vcmcvMjAwMC9zdmciPjwvc3ZnPg==\" class=\"lazyload\" data-load-mode=\"1\"><\/iframe><\/p>\n","protected":false},"excerpt":{"rendered":"<p>Ultimul clopo\u021bel a sunat mar\u021bi, 31 mai pentru elevii de la Liceul teoretic \u201eGeorge Co\u0219buc \u201d din B\u0103l\u021bi. Ferici\u021bi c\u0103 au \u00eencheiat un nou an \u0219colar, elevii au preg\u0103tit un adev\u0103rat program artistic. Cei mai emo\u021biona\u021bi au fost absolven\u021bii clasei a 9-a, care spun c\u0103 sunt preg\u0103ti\u021bi pentru examenele de absolvire a gimnaziului. Profesorii spun [&hellip;]<\/p>\n","protected":false},"author":4,"featured_media":13852,"comment_status":"closed","ping_status":"closed","sticky":false,"template":"","format":"standard","meta":{"footnotes":""},"categories":[6353],"tags":[],"class_list":["post-13851","post","type-post","status-publish","format-standard","has-post-thumbnail","hentry","category-oras"],"yoast_head":"<!-- This site is optimized with the Yoast SEO plugin v27.4 - https:\/\/yoast.com\/product\/yoast-seo-wordpress\/ -->\n<title>EMO\u021aII PENTRU ABSOLVEN\u021aI \u0218I FERICIRE PENTRU ELEVI. PRIN \u015eCOLI \u015eI LICEE S-A DAT ULTIMUL SUNET  - BTV<\/title>\n<meta name=\"robots\" content=\"index, follow, max-snippet:-1, max-image-preview:large, max-video-preview:-1\" \/>\n<link rel=\"canonical\" href=\"https:\/\/www.btv.md\/ro\/emotii-pentru-absolventi-si-fericire-pentru-elevi-prin-scoli-si-licee-s-a-dat-ultimul-sunet\/\" \/>\n<meta property=\"og:locale\" content=\"ro_RO\" \/>\n<meta property=\"og:type\" content=\"article\" \/>\n<meta property=\"og:title\" content=\"EMO\u021aII PENTRU ABSOLVEN\u021aI \u0218I FERICIRE PENTRU ELEVI. PRIN \u015eCOLI \u015eI LICEE S-A DAT ULTIMUL SUNET  - BTV\" \/>\n<meta property=\"og:description\" content=\"Ultimul clopo\u021bel a sunat mar\u021bi, 31 mai pentru elevii de la Liceul teoretic \u201eGeorge Co\u0219buc \u201d din B\u0103l\u021bi. Ferici\u021bi c\u0103 au \u00eencheiat un nou an \u0219colar, elevii au preg\u0103tit un adev\u0103rat program artistic. Cei mai emo\u021biona\u021bi au fost absolven\u021bii clasei a 9-a, care spun c\u0103 sunt preg\u0103ti\u021bi pentru examenele de absolvire a gimnaziului. Profesorii spun [&hellip;]\" \/>\n<meta property=\"og:url\" content=\"https:\/\/www.btv.md\/ro\/emotii-pentru-absolventi-si-fericire-pentru-elevi-prin-scoli-si-licee-s-a-dat-ultimul-sunet\/\" \/>\n<meta property=\"og:site_name\" content=\"BTV\" \/>\n<meta property=\"article:publisher\" content=\"https:\/\/www.facebook.com\/btvmoldova\/\" \/>\n<meta property=\"article:published_time\" content=\"2016-05-31T15:32:31+00:00\" \/>\n<meta property=\"og:image\" content=\"https:\/\/www.btv.md\/wp-content\/uploads\/2016\/05\/lineica.png\" \/>\n\t<meta property=\"og:image:width\" content=\"1009\" \/>\n\t<meta property=\"og:image:height\" content=\"571\" \/>\n\t<meta property=\"og:image:type\" content=\"image\/png\" \/>\n<meta name=\"author\" content=\"admin\" \/>\n<meta name=\"twitter:label1\" content=\"Scris de\" \/>\n\t<meta name=\"twitter:data1\" content=\"admin\" \/>\n\t<meta name=\"twitter:label2\" content=\"Timp estimat pentru citire\" \/>\n\t<meta name=\"twitter:data2\" content=\"1 minut\" \/>\n<script type=\"application\/ld+json\" class=\"yoast-schema-graph\">{\"@context\":\"https:\\\/\\\/schema.org\",\"@graph\":[{\"@type\":\"Article\",\"@id\":\"https:\\\/\\\/www.btv.md\\\/ro\\\/emotii-pentru-absolventi-si-fericire-pentru-elevi-prin-scoli-si-licee-s-a-dat-ultimul-sunet\\\/#article\",\"isPartOf\":{\"@id\":\"https:\\\/\\\/www.btv.md\\\/ro\\\/emotii-pentru-absolventi-si-fericire-pentru-elevi-prin-scoli-si-licee-s-a-dat-ultimul-sunet\\\/\"},\"author\":{\"name\":\"admin\",\"@id\":\"https:\\\/\\\/www.btv.md\\\/#\\\/schema\\\/person\\\/8fadce81561b3ce2c34c46dadc4ccbf2\"},\"headline\":\"EMO\u021aII PENTRU ABSOLVEN\u021aI \u0218I FERICIRE PENTRU ELEVI. PRIN \u015eCOLI \u015eI LICEE S-A DAT ULTIMUL SUNET\",\"datePublished\":\"2016-05-31T15:32:31+00:00\",\"mainEntityOfPage\":{\"@id\":\"https:\\\/\\\/www.btv.md\\\/ro\\\/emotii-pentru-absolventi-si-fericire-pentru-elevi-prin-scoli-si-licee-s-a-dat-ultimul-sunet\\\/\"},\"wordCount\":131,\"image\":{\"@id\":\"https:\\\/\\\/www.btv.md\\\/ro\\\/emotii-pentru-absolventi-si-fericire-pentru-elevi-prin-scoli-si-licee-s-a-dat-ultimul-sunet\\\/#primaryimage\"},\"thumbnailUrl\":\"https:\\\/\\\/www.btv.md\\\/wp-content\\\/uploads\\\/2016\\\/05\\\/lineica.png\",\"articleSection\":[\"Ora\u0219\"],\"inLanguage\":\"ro-RO\"},{\"@type\":\"WebPage\",\"@id\":\"https:\\\/\\\/www.btv.md\\\/ro\\\/emotii-pentru-absolventi-si-fericire-pentru-elevi-prin-scoli-si-licee-s-a-dat-ultimul-sunet\\\/\",\"url\":\"https:\\\/\\\/www.btv.md\\\/ro\\\/emotii-pentru-absolventi-si-fericire-pentru-elevi-prin-scoli-si-licee-s-a-dat-ultimul-sunet\\\/\",\"name\":\"EMO\u021aII PENTRU ABSOLVEN\u021aI \u0218I FERICIRE PENTRU ELEVI. PRIN \u015eCOLI \u015eI LICEE S-A DAT ULTIMUL SUNET - BTV\",\"isPartOf\":{\"@id\":\"https:\\\/\\\/www.btv.md\\\/#website\"},\"primaryImageOfPage\":{\"@id\":\"https:\\\/\\\/www.btv.md\\\/ro\\\/emotii-pentru-absolventi-si-fericire-pentru-elevi-prin-scoli-si-licee-s-a-dat-ultimul-sunet\\\/#primaryimage\"},\"image\":{\"@id\":\"https:\\\/\\\/www.btv.md\\\/ro\\\/emotii-pentru-absolventi-si-fericire-pentru-elevi-prin-scoli-si-licee-s-a-dat-ultimul-sunet\\\/#primaryimage\"},\"thumbnailUrl\":\"https:\\\/\\\/www.btv.md\\\/wp-content\\\/uploads\\\/2016\\\/05\\\/lineica.png\",\"datePublished\":\"2016-05-31T15:32:31+00:00\",\"author\":{\"@id\":\"https:\\\/\\\/www.btv.md\\\/#\\\/schema\\\/person\\\/8fadce81561b3ce2c34c46dadc4ccbf2\"},\"inLanguage\":\"ro-RO\",\"potentialAction\":[{\"@type\":\"ReadAction\",\"target\":[\"https:\\\/\\\/www.btv.md\\\/ro\\\/emotii-pentru-absolventi-si-fericire-pentru-elevi-prin-scoli-si-licee-s-a-dat-ultimul-sunet\\\/\"]}]},{\"@type\":\"ImageObject\",\"inLanguage\":\"ro-RO\",\"@id\":\"https:\\\/\\\/www.btv.md\\\/ro\\\/emotii-pentru-absolventi-si-fericire-pentru-elevi-prin-scoli-si-licee-s-a-dat-ultimul-sunet\\\/#primaryimage\",\"url\":\"https:\\\/\\\/www.btv.md\\\/wp-content\\\/uploads\\\/2016\\\/05\\\/lineica.png\",\"contentUrl\":\"https:\\\/\\\/www.btv.md\\\/wp-content\\\/uploads\\\/2016\\\/05\\\/lineica.png\",\"width\":1009,\"height\":571},{\"@type\":\"WebSite\",\"@id\":\"https:\\\/\\\/www.btv.md\\\/#website\",\"url\":\"https:\\\/\\\/www.btv.md\\\/\",\"name\":\"BTV\",\"description\":\"\u0411\u0435\u043b\u044c\u0446\u043a\u043e\u0435 \u0442\u0435\u043b\u0435\u0432\u0438\u0434\u0435\u043d\u0438\u0435\",\"potentialAction\":[{\"@type\":\"SearchAction\",\"target\":{\"@type\":\"EntryPoint\",\"urlTemplate\":\"https:\\\/\\\/www.btv.md\\\/?s={search_term_string}\"},\"query-input\":{\"@type\":\"PropertyValueSpecification\",\"valueRequired\":true,\"valueName\":\"search_term_string\"}}],\"inLanguage\":\"ro-RO\"},{\"@type\":\"Person\",\"@id\":\"https:\\\/\\\/www.btv.md\\\/#\\\/schema\\\/person\\\/8fadce81561b3ce2c34c46dadc4ccbf2\",\"name\":\"admin\"}]}<\/script>\n<!-- \/ Yoast SEO plugin. -->","yoast_head_json":{"title":"EMO\u021aII PENTRU ABSOLVEN\u021aI \u0218I FERICIRE PENTRU ELEVI. PRIN \u015eCOLI \u015eI LICEE S-A DAT ULTIMUL SUNET  - BTV","robots":{"index":"index","follow":"follow","max-snippet":"max-snippet:-1","max-image-preview":"max-image-preview:large","max-video-preview":"max-video-preview:-1"},"canonical":"https:\/\/www.btv.md\/ro\/emotii-pentru-absolventi-si-fericire-pentru-elevi-prin-scoli-si-licee-s-a-dat-ultimul-sunet\/","og_locale":"ro_RO","og_type":"article","og_title":"EMO\u021aII PENTRU ABSOLVEN\u021aI \u0218I FERICIRE PENTRU ELEVI. PRIN \u015eCOLI \u015eI LICEE S-A DAT ULTIMUL SUNET  - BTV","og_description":"Ultimul clopo\u021bel a sunat mar\u021bi, 31 mai pentru elevii de la Liceul teoretic \u201eGeorge Co\u0219buc \u201d din B\u0103l\u021bi. Ferici\u021bi c\u0103 au \u00eencheiat un nou an \u0219colar, elevii au preg\u0103tit un adev\u0103rat program artistic. Cei mai emo\u021biona\u021bi au fost absolven\u021bii clasei a 9-a, care spun c\u0103 sunt preg\u0103ti\u021bi pentru examenele de absolvire a gimnaziului. Profesorii spun [&hellip;]","og_url":"https:\/\/www.btv.md\/ro\/emotii-pentru-absolventi-si-fericire-pentru-elevi-prin-scoli-si-licee-s-a-dat-ultimul-sunet\/","og_site_name":"BTV","article_publisher":"https:\/\/www.facebook.com\/btvmoldova\/","article_published_time":"2016-05-31T15:32:31+00:00","og_image":[{"width":1009,"height":571,"url":"https:\/\/www.btv.md\/wp-content\/uploads\/2016\/05\/lineica.png","type":"image\/png"}],"author":"admin","twitter_misc":{"Scris de":"admin","Timp estimat pentru citire":"1 minut"},"schema":{"@context":"https:\/\/schema.org","@graph":[{"@type":"Article","@id":"https:\/\/www.btv.md\/ro\/emotii-pentru-absolventi-si-fericire-pentru-elevi-prin-scoli-si-licee-s-a-dat-ultimul-sunet\/#article","isPartOf":{"@id":"https:\/\/www.btv.md\/ro\/emotii-pentru-absolventi-si-fericire-pentru-elevi-prin-scoli-si-licee-s-a-dat-ultimul-sunet\/"},"author":{"name":"admin","@id":"https:\/\/www.btv.md\/#\/schema\/person\/8fadce81561b3ce2c34c46dadc4ccbf2"},"headline":"EMO\u021aII PENTRU ABSOLVEN\u021aI \u0218I FERICIRE PENTRU ELEVI. PRIN \u015eCOLI \u015eI LICEE S-A DAT ULTIMUL SUNET","datePublished":"2016-05-31T15:32:31+00:00","mainEntityOfPage":{"@id":"https:\/\/www.btv.md\/ro\/emotii-pentru-absolventi-si-fericire-pentru-elevi-prin-scoli-si-licee-s-a-dat-ultimul-sunet\/"},"wordCount":131,"image":{"@id":"https:\/\/www.btv.md\/ro\/emotii-pentru-absolventi-si-fericire-pentru-elevi-prin-scoli-si-licee-s-a-dat-ultimul-sunet\/#primaryimage"},"thumbnailUrl":"https:\/\/www.btv.md\/wp-content\/uploads\/2016\/05\/lineica.png","articleSection":["Ora\u0219"],"inLanguage":"ro-RO"},{"@type":"WebPage","@id":"https:\/\/www.btv.md\/ro\/emotii-pentru-absolventi-si-fericire-pentru-elevi-prin-scoli-si-licee-s-a-dat-ultimul-sunet\/","url":"https:\/\/www.btv.md\/ro\/emotii-pentru-absolventi-si-fericire-pentru-elevi-prin-scoli-si-licee-s-a-dat-ultimul-sunet\/","name":"EMO\u021aII PENTRU ABSOLVEN\u021aI \u0218I FERICIRE PENTRU ELEVI. PRIN \u015eCOLI \u015eI LICEE S-A DAT ULTIMUL SUNET - BTV","isPartOf":{"@id":"https:\/\/www.btv.md\/#website"},"primaryImageOfPage":{"@id":"https:\/\/www.btv.md\/ro\/emotii-pentru-absolventi-si-fericire-pentru-elevi-prin-scoli-si-licee-s-a-dat-ultimul-sunet\/#primaryimage"},"image":{"@id":"https:\/\/www.btv.md\/ro\/emotii-pentru-absolventi-si-fericire-pentru-elevi-prin-scoli-si-licee-s-a-dat-ultimul-sunet\/#primaryimage"},"thumbnailUrl":"https:\/\/www.btv.md\/wp-content\/uploads\/2016\/05\/lineica.png","datePublished":"2016-05-31T15:32:31+00:00","author":{"@id":"https:\/\/www.btv.md\/#\/schema\/person\/8fadce81561b3ce2c34c46dadc4ccbf2"},"inLanguage":"ro-RO","potentialAction":[{"@type":"ReadAction","target":["https:\/\/www.btv.md\/ro\/emotii-pentru-absolventi-si-fericire-pentru-elevi-prin-scoli-si-licee-s-a-dat-ultimul-sunet\/"]}]},{"@type":"ImageObject","inLanguage":"ro-RO","@id":"https:\/\/www.btv.md\/ro\/emotii-pentru-absolventi-si-fericire-pentru-elevi-prin-scoli-si-licee-s-a-dat-ultimul-sunet\/#primaryimage","url":"https:\/\/www.btv.md\/wp-content\/uploads\/2016\/05\/lineica.png","contentUrl":"https:\/\/www.btv.md\/wp-content\/uploads\/2016\/05\/lineica.png","width":1009,"height":571},{"@type":"WebSite","@id":"https:\/\/www.btv.md\/#website","url":"https:\/\/www.btv.md\/","name":"BTV","description":"\u0411\u0435\u043b\u044c\u0446\u043a\u043e\u0435 \u0442\u0435\u043b\u0435\u0432\u0438\u0434\u0435\u043d\u0438\u0435","potentialAction":[{"@type":"SearchAction","target":{"@type":"EntryPoint","urlTemplate":"https:\/\/www.btv.md\/?s={search_term_string}"},"query-input":{"@type":"PropertyValueSpecification","valueRequired":true,"valueName":"search_term_string"}}],"inLanguage":"ro-RO"},{"@type":"Person","@id":"https:\/\/www.btv.md\/#\/schema\/person\/8fadce81561b3ce2c34c46dadc4ccbf2","name":"admin"}]}},"_links":{"self":[{"href":"https:\/\/www.btv.md\/ro\/wp-json\/wp\/v2\/posts\/13851","targetHints":{"allow":["GET"]}}],"collection":[{"href":"https:\/\/www.btv.md\/ro\/wp-json\/wp\/v2\/posts"}],"about":[{"href":"https:\/\/www.btv.md\/ro\/wp-json\/wp\/v2\/types\/post"}],"author":[{"embeddable":true,"href":"https:\/\/www.btv.md\/ro\/wp-json\/wp\/v2\/users\/4"}],"replies":[{"embeddable":true,"href":"https:\/\/www.btv.md\/ro\/wp-json\/wp\/v2\/comments?post=13851"}],"version-history":[{"count":0,"href":"https:\/\/www.btv.md\/ro\/wp-json\/wp\/v2\/posts\/13851\/revisions"}],"wp:featuredmedia":[{"embeddable":true,"href":"https:\/\/www.btv.md\/ro\/wp-json\/wp\/v2\/media\/13852"}],"wp:attachment":[{"href":"https:\/\/www.btv.md\/ro\/wp-json\/wp\/v2\/media?parent=13851"}],"wp:term":[{"taxonomy":"category","embeddable":true,"href":"https:\/\/www.btv.md\/ro\/wp-json\/wp\/v2\/categories?post=13851"},{"taxonomy":"post_tag","embeddable":true,"href":"https:\/\/www.btv.md\/ro\/wp-json\/wp\/v2\/tags?post=13851"}],"curies":[{"name":"wp","href":"https:\/\/api.w.org\/{rel}","templated":true}]}}