{"id":13873,"date":"2016-06-01T11:36:46","date_gmt":"2016-06-01T08:36:46","guid":{"rendered":"http:\/\/btv.md\/?p=13873"},"modified":"2016-06-01T11:37:37","modified_gmt":"2016-06-01T08:37:37","slug":"tragedie-la-balti-doua-persoane-au-murit-in-incendiu","status":"publish","type":"post","link":"https:\/\/www.btv.md\/ro\/tragedie-la-balti-doua-persoane-au-murit-in-incendiu\/","title":{"rendered":"TRAGEDIE  LA  B\u0102L\u021aI. DOU\u0102  PERSOANE  AU  MURIT  \u00ceN  INCENDIU"},"content":{"rendered":"<p><strong>O femeie \u0219i un b\u0103rbat \u00een v\u00e2rst\u0103 de 67 de ani au murit \u00een urma unui incendiu produs \u00eentr-o locuin\u021b\u0103 de pe strada Br\u00e2ncu\u0219i din municipiul B\u0103l\u021bi. Tragedia s-a produs \u00een diminea\u021ba zilei de miercuri, aproape de ora 4.00. La locul incendiului a fost \u00eendreptat\u0103 o autospecial\u0103.<\/strong><\/p>\n<p>B\u0103rbatul a fost g\u0103sit chiar l\u00e2ng\u0103 u\u0219a de la intrare, \u00eens\u0103 prea t\u00e2rziu. Acesta nu mai d\u0103dea nici un semn de via\u021b\u0103. \u00cen timpul stingerii fl\u0103c\u0103rilor \u00een cas\u0103 a fost depistat \u015fi corpul ne\u00eensufle\u021bit al femeii. Aceasta s-a dovedit a fi vecina b\u0103rbatului.<\/p>\n<p>Potrivit ofi\u021berului de pres\u0103 al Direc\u021biei Situa\u021bii Excep\u021bionale, Andrei Adam, serviciul pompieri a fost solicitat de c\u0103tre un vecin, care a observat c\u0103 locuin\u021ba ia foc.<\/p>\n<p>\u201e<em>Ajun\u015fi la fa\u021ba locului, pompierii au stabilit c\u0103 o odaie a casei este inundat\u0103 cu fum, iar l\u00e2ng\u0103 u\u015fa de la intrare a fost depistat un b\u0103rbat f\u0103r\u0103 semne de via\u0163\u0103, care a fost imediat evacuat \u00een afara casei. La ora 03:54  la fa\u0163a locului a fost solicitat \u0219i un echipaj SMURD, care au efectuat manevre de resuscitare b\u0103rbatului timp de 30 minute, \u00eens\u0103 f\u0103r\u0103 rezultat<\/em>\u201d.<\/p>\n<p>Cauza preliminar\u0103 a izbucnirii incendiului ar fi impruden\u0163a \u00een timpul fumatului.<\/p>\n<p>NATALIA  TOCARCIUC<br \/>\nCHIRA  BATRANAC<\/p>\n<p><iframe width=\"420\" height=\"315\" data-src=\"https:\/\/www.youtube.com\/embed\/zfoqZorG1IU\" frameborder=\"0\" allowfullscreen src=\"data:image\/svg+xml;base64,PHN2ZyB3aWR0aD0iMSIgaGVpZ2h0PSIxIiB4bWxucz0iaHR0cDovL3d3dy53My5vcmcvMjAwMC9zdmciPjwvc3ZnPg==\" class=\"lazyload\" data-load-mode=\"1\"><\/iframe><\/p>\n","protected":false},"excerpt":{"rendered":"<p>O femeie \u0219i un b\u0103rbat \u00een v\u00e2rst\u0103 de 67 de ani au murit \u00een urma unui incendiu produs \u00eentr-o locuin\u021b\u0103 de pe strada Br\u00e2ncu\u0219i din municipiul B\u0103l\u021bi. Tragedia s-a produs \u00een diminea\u021ba zilei de miercuri, aproape de ora 4.00. La locul incendiului a fost \u00eendreptat\u0103 o autospecial\u0103. B\u0103rbatul a fost g\u0103sit chiar l\u00e2ng\u0103 u\u0219a de [&hellip;]<\/p>\n","protected":false},"author":4,"featured_media":13874,"comment_status":"closed","ping_status":"closed","sticky":false,"template":"","format":"standard","meta":{"footnotes":""},"categories":[6353],"tags":[],"class_list":["post-13873","post","type-post","status-publish","format-standard","has-post-thumbnail","hentry","category-oras"],"yoast_head":"<!-- This site is optimized with the Yoast SEO plugin v27.4 - https:\/\/yoast.com\/product\/yoast-seo-wordpress\/ -->\n<title>TRAGEDIE LA B\u0102L\u021aI. DOU\u0102 PERSOANE AU MURIT \u00ceN INCENDIU - BTV<\/title>\n<meta name=\"robots\" content=\"index, follow, max-snippet:-1, max-image-preview:large, max-video-preview:-1\" \/>\n<link rel=\"canonical\" href=\"https:\/\/www.btv.md\/ro\/tragedie-la-balti-doua-persoane-au-murit-in-incendiu\/\" \/>\n<meta property=\"og:locale\" content=\"ro_RO\" \/>\n<meta property=\"og:type\" content=\"article\" \/>\n<meta property=\"og:title\" content=\"TRAGEDIE LA B\u0102L\u021aI. DOU\u0102 PERSOANE AU MURIT \u00ceN INCENDIU - BTV\" \/>\n<meta property=\"og:description\" content=\"O femeie \u0219i un b\u0103rbat \u00een v\u00e2rst\u0103 de 67 de ani au murit \u00een urma unui incendiu produs \u00eentr-o locuin\u021b\u0103 de pe strada Br\u00e2ncu\u0219i din municipiul B\u0103l\u021bi. Tragedia s-a produs \u00een diminea\u021ba zilei de miercuri, aproape de ora 4.00. La locul incendiului a fost \u00eendreptat\u0103 o autospecial\u0103. B\u0103rbatul a fost g\u0103sit chiar l\u00e2ng\u0103 u\u0219a de [&hellip;]\" \/>\n<meta property=\"og:url\" content=\"https:\/\/www.btv.md\/ro\/tragedie-la-balti-doua-persoane-au-murit-in-incendiu\/\" \/>\n<meta property=\"og:site_name\" content=\"BTV\" \/>\n<meta property=\"article:publisher\" content=\"https:\/\/www.facebook.com\/btvmoldova\/\" \/>\n<meta property=\"article:published_time\" content=\"2016-06-01T08:36:46+00:00\" \/>\n<meta property=\"article:modified_time\" content=\"2016-06-01T08:37:37+00:00\" \/>\n<meta property=\"og:image\" content=\"https:\/\/www.btv.md\/wp-content\/uploads\/2016\/06\/foc1.jpg\" \/>\n\t<meta property=\"og:image:width\" content=\"1890\" \/>\n\t<meta property=\"og:image:height\" content=\"1063\" \/>\n\t<meta property=\"og:image:type\" content=\"image\/jpeg\" \/>\n<meta name=\"author\" content=\"admin\" \/>\n<meta name=\"twitter:label1\" content=\"Scris de\" \/>\n\t<meta name=\"twitter:data1\" content=\"admin\" \/>\n\t<meta name=\"twitter:label2\" content=\"Timp estimat pentru citire\" \/>\n\t<meta name=\"twitter:data2\" content=\"1 minut\" \/>\n<script type=\"application\/ld+json\" class=\"yoast-schema-graph\">{\"@context\":\"https:\\\/\\\/schema.org\",\"@graph\":[{\"@type\":\"Article\",\"@id\":\"https:\\\/\\\/www.btv.md\\\/ro\\\/tragedie-la-balti-doua-persoane-au-murit-in-incendiu\\\/#article\",\"isPartOf\":{\"@id\":\"https:\\\/\\\/www.btv.md\\\/ro\\\/tragedie-la-balti-doua-persoane-au-murit-in-incendiu\\\/\"},\"author\":{\"name\":\"admin\",\"@id\":\"https:\\\/\\\/www.btv.md\\\/#\\\/schema\\\/person\\\/8fadce81561b3ce2c34c46dadc4ccbf2\"},\"headline\":\"TRAGEDIE LA B\u0102L\u021aI. DOU\u0102 PERSOANE AU MURIT \u00ceN INCENDIU\",\"datePublished\":\"2016-06-01T08:36:46+00:00\",\"dateModified\":\"2016-06-01T08:37:37+00:00\",\"mainEntityOfPage\":{\"@id\":\"https:\\\/\\\/www.btv.md\\\/ro\\\/tragedie-la-balti-doua-persoane-au-murit-in-incendiu\\\/\"},\"wordCount\":238,\"image\":{\"@id\":\"https:\\\/\\\/www.btv.md\\\/ro\\\/tragedie-la-balti-doua-persoane-au-murit-in-incendiu\\\/#primaryimage\"},\"thumbnailUrl\":\"https:\\\/\\\/www.btv.md\\\/wp-content\\\/uploads\\\/2016\\\/06\\\/foc1.jpg\",\"articleSection\":[\"Ora\u0219\"],\"inLanguage\":\"ro-RO\"},{\"@type\":\"WebPage\",\"@id\":\"https:\\\/\\\/www.btv.md\\\/ro\\\/tragedie-la-balti-doua-persoane-au-murit-in-incendiu\\\/\",\"url\":\"https:\\\/\\\/www.btv.md\\\/ro\\\/tragedie-la-balti-doua-persoane-au-murit-in-incendiu\\\/\",\"name\":\"TRAGEDIE LA B\u0102L\u021aI. DOU\u0102 PERSOANE AU MURIT \u00ceN INCENDIU - BTV\",\"isPartOf\":{\"@id\":\"https:\\\/\\\/www.btv.md\\\/#website\"},\"primaryImageOfPage\":{\"@id\":\"https:\\\/\\\/www.btv.md\\\/ro\\\/tragedie-la-balti-doua-persoane-au-murit-in-incendiu\\\/#primaryimage\"},\"image\":{\"@id\":\"https:\\\/\\\/www.btv.md\\\/ro\\\/tragedie-la-balti-doua-persoane-au-murit-in-incendiu\\\/#primaryimage\"},\"thumbnailUrl\":\"https:\\\/\\\/www.btv.md\\\/wp-content\\\/uploads\\\/2016\\\/06\\\/foc1.jpg\",\"datePublished\":\"2016-06-01T08:36:46+00:00\",\"dateModified\":\"2016-06-01T08:37:37+00:00\",\"author\":{\"@id\":\"https:\\\/\\\/www.btv.md\\\/#\\\/schema\\\/person\\\/8fadce81561b3ce2c34c46dadc4ccbf2\"},\"inLanguage\":\"ro-RO\",\"potentialAction\":[{\"@type\":\"ReadAction\",\"target\":[\"https:\\\/\\\/www.btv.md\\\/ro\\\/tragedie-la-balti-doua-persoane-au-murit-in-incendiu\\\/\"]}]},{\"@type\":\"ImageObject\",\"inLanguage\":\"ro-RO\",\"@id\":\"https:\\\/\\\/www.btv.md\\\/ro\\\/tragedie-la-balti-doua-persoane-au-murit-in-incendiu\\\/#primaryimage\",\"url\":\"https:\\\/\\\/www.btv.md\\\/wp-content\\\/uploads\\\/2016\\\/06\\\/foc1.jpg\",\"contentUrl\":\"https:\\\/\\\/www.btv.md\\\/wp-content\\\/uploads\\\/2016\\\/06\\\/foc1.jpg\",\"width\":1890,\"height\":1063},{\"@type\":\"WebSite\",\"@id\":\"https:\\\/\\\/www.btv.md\\\/#website\",\"url\":\"https:\\\/\\\/www.btv.md\\\/\",\"name\":\"BTV\",\"description\":\"\u0411\u0435\u043b\u044c\u0446\u043a\u043e\u0435 \u0442\u0435\u043b\u0435\u0432\u0438\u0434\u0435\u043d\u0438\u0435\",\"potentialAction\":[{\"@type\":\"SearchAction\",\"target\":{\"@type\":\"EntryPoint\",\"urlTemplate\":\"https:\\\/\\\/www.btv.md\\\/?s={search_term_string}\"},\"query-input\":{\"@type\":\"PropertyValueSpecification\",\"valueRequired\":true,\"valueName\":\"search_term_string\"}}],\"inLanguage\":\"ro-RO\"},{\"@type\":\"Person\",\"@id\":\"https:\\\/\\\/www.btv.md\\\/#\\\/schema\\\/person\\\/8fadce81561b3ce2c34c46dadc4ccbf2\",\"name\":\"admin\"}]}<\/script>\n<!-- \/ Yoast SEO plugin. -->","yoast_head_json":{"title":"TRAGEDIE LA B\u0102L\u021aI. DOU\u0102 PERSOANE AU MURIT \u00ceN INCENDIU - BTV","robots":{"index":"index","follow":"follow","max-snippet":"max-snippet:-1","max-image-preview":"max-image-preview:large","max-video-preview":"max-video-preview:-1"},"canonical":"https:\/\/www.btv.md\/ro\/tragedie-la-balti-doua-persoane-au-murit-in-incendiu\/","og_locale":"ro_RO","og_type":"article","og_title":"TRAGEDIE LA B\u0102L\u021aI. DOU\u0102 PERSOANE AU MURIT \u00ceN INCENDIU - BTV","og_description":"O femeie \u0219i un b\u0103rbat \u00een v\u00e2rst\u0103 de 67 de ani au murit \u00een urma unui incendiu produs \u00eentr-o locuin\u021b\u0103 de pe strada Br\u00e2ncu\u0219i din municipiul B\u0103l\u021bi. Tragedia s-a produs \u00een diminea\u021ba zilei de miercuri, aproape de ora 4.00. La locul incendiului a fost \u00eendreptat\u0103 o autospecial\u0103. B\u0103rbatul a fost g\u0103sit chiar l\u00e2ng\u0103 u\u0219a de [&hellip;]","og_url":"https:\/\/www.btv.md\/ro\/tragedie-la-balti-doua-persoane-au-murit-in-incendiu\/","og_site_name":"BTV","article_publisher":"https:\/\/www.facebook.com\/btvmoldova\/","article_published_time":"2016-06-01T08:36:46+00:00","article_modified_time":"2016-06-01T08:37:37+00:00","og_image":[{"width":1890,"height":1063,"url":"https:\/\/www.btv.md\/wp-content\/uploads\/2016\/06\/foc1.jpg","type":"image\/jpeg"}],"author":"admin","twitter_misc":{"Scris de":"admin","Timp estimat pentru citire":"1 minut"},"schema":{"@context":"https:\/\/schema.org","@graph":[{"@type":"Article","@id":"https:\/\/www.btv.md\/ro\/tragedie-la-balti-doua-persoane-au-murit-in-incendiu\/#article","isPartOf":{"@id":"https:\/\/www.btv.md\/ro\/tragedie-la-balti-doua-persoane-au-murit-in-incendiu\/"},"author":{"name":"admin","@id":"https:\/\/www.btv.md\/#\/schema\/person\/8fadce81561b3ce2c34c46dadc4ccbf2"},"headline":"TRAGEDIE LA B\u0102L\u021aI. DOU\u0102 PERSOANE AU MURIT \u00ceN INCENDIU","datePublished":"2016-06-01T08:36:46+00:00","dateModified":"2016-06-01T08:37:37+00:00","mainEntityOfPage":{"@id":"https:\/\/www.btv.md\/ro\/tragedie-la-balti-doua-persoane-au-murit-in-incendiu\/"},"wordCount":238,"image":{"@id":"https:\/\/www.btv.md\/ro\/tragedie-la-balti-doua-persoane-au-murit-in-incendiu\/#primaryimage"},"thumbnailUrl":"https:\/\/www.btv.md\/wp-content\/uploads\/2016\/06\/foc1.jpg","articleSection":["Ora\u0219"],"inLanguage":"ro-RO"},{"@type":"WebPage","@id":"https:\/\/www.btv.md\/ro\/tragedie-la-balti-doua-persoane-au-murit-in-incendiu\/","url":"https:\/\/www.btv.md\/ro\/tragedie-la-balti-doua-persoane-au-murit-in-incendiu\/","name":"TRAGEDIE LA B\u0102L\u021aI. DOU\u0102 PERSOANE AU MURIT \u00ceN INCENDIU - BTV","isPartOf":{"@id":"https:\/\/www.btv.md\/#website"},"primaryImageOfPage":{"@id":"https:\/\/www.btv.md\/ro\/tragedie-la-balti-doua-persoane-au-murit-in-incendiu\/#primaryimage"},"image":{"@id":"https:\/\/www.btv.md\/ro\/tragedie-la-balti-doua-persoane-au-murit-in-incendiu\/#primaryimage"},"thumbnailUrl":"https:\/\/www.btv.md\/wp-content\/uploads\/2016\/06\/foc1.jpg","datePublished":"2016-06-01T08:36:46+00:00","dateModified":"2016-06-01T08:37:37+00:00","author":{"@id":"https:\/\/www.btv.md\/#\/schema\/person\/8fadce81561b3ce2c34c46dadc4ccbf2"},"inLanguage":"ro-RO","potentialAction":[{"@type":"ReadAction","target":["https:\/\/www.btv.md\/ro\/tragedie-la-balti-doua-persoane-au-murit-in-incendiu\/"]}]},{"@type":"ImageObject","inLanguage":"ro-RO","@id":"https:\/\/www.btv.md\/ro\/tragedie-la-balti-doua-persoane-au-murit-in-incendiu\/#primaryimage","url":"https:\/\/www.btv.md\/wp-content\/uploads\/2016\/06\/foc1.jpg","contentUrl":"https:\/\/www.btv.md\/wp-content\/uploads\/2016\/06\/foc1.jpg","width":1890,"height":1063},{"@type":"WebSite","@id":"https:\/\/www.btv.md\/#website","url":"https:\/\/www.btv.md\/","name":"BTV","description":"\u0411\u0435\u043b\u044c\u0446\u043a\u043e\u0435 \u0442\u0435\u043b\u0435\u0432\u0438\u0434\u0435\u043d\u0438\u0435","potentialAction":[{"@type":"SearchAction","target":{"@type":"EntryPoint","urlTemplate":"https:\/\/www.btv.md\/?s={search_term_string}"},"query-input":{"@type":"PropertyValueSpecification","valueRequired":true,"valueName":"search_term_string"}}],"inLanguage":"ro-RO"},{"@type":"Person","@id":"https:\/\/www.btv.md\/#\/schema\/person\/8fadce81561b3ce2c34c46dadc4ccbf2","name":"admin"}]}},"_links":{"self":[{"href":"https:\/\/www.btv.md\/ro\/wp-json\/wp\/v2\/posts\/13873","targetHints":{"allow":["GET"]}}],"collection":[{"href":"https:\/\/www.btv.md\/ro\/wp-json\/wp\/v2\/posts"}],"about":[{"href":"https:\/\/www.btv.md\/ro\/wp-json\/wp\/v2\/types\/post"}],"author":[{"embeddable":true,"href":"https:\/\/www.btv.md\/ro\/wp-json\/wp\/v2\/users\/4"}],"replies":[{"embeddable":true,"href":"https:\/\/www.btv.md\/ro\/wp-json\/wp\/v2\/comments?post=13873"}],"version-history":[{"count":0,"href":"https:\/\/www.btv.md\/ro\/wp-json\/wp\/v2\/posts\/13873\/revisions"}],"wp:featuredmedia":[{"embeddable":true,"href":"https:\/\/www.btv.md\/ro\/wp-json\/wp\/v2\/media\/13874"}],"wp:attachment":[{"href":"https:\/\/www.btv.md\/ro\/wp-json\/wp\/v2\/media?parent=13873"}],"wp:term":[{"taxonomy":"category","embeddable":true,"href":"https:\/\/www.btv.md\/ro\/wp-json\/wp\/v2\/categories?post=13873"},{"taxonomy":"post_tag","embeddable":true,"href":"https:\/\/www.btv.md\/ro\/wp-json\/wp\/v2\/tags?post=13873"}],"curies":[{"name":"wp","href":"https:\/\/api.w.org\/{rel}","templated":true}]}}