{"id":13890,"date":"2016-06-01T14:52:13","date_gmt":"2016-06-01T11:52:13","guid":{"rendered":"http:\/\/btv.md\/?p=13890"},"modified":"2016-06-01T14:52:13","modified_gmt":"2016-06-01T11:52:13","slug":"copiii-din-balti-au-fost-rasfatati-cu-muzica-si-dulciuri","status":"publish","type":"post","link":"https:\/\/www.btv.md\/ro\/copiii-din-balti-au-fost-rasfatati-cu-muzica-si-dulciuri\/","title":{"rendered":"COPIII  DIN  B\u0102L\u021aI  AU  FOST  R\u0102SF\u0102\u021aA\u021aI  CU  MUZIC\u0102  \u0218I  DULCIURI"},"content":{"rendered":"<p><strong>Bucurie mare pentru sute de copii din B\u0103l\u021bi. Dup\u0103 ce au evoluat pe scena palatului de cultur\u0103 \u201eFlac\u0103ra\u201d sau au stat \u00een r\u00e2ndul spectatorilor, to\u021bi copiii de la mic la mare, au primit \u00een dar \u00eenghe\u021bat\u0103, suc \u0219i dulciuri. Actul de caritate a fost organizat de c\u0103tre asocia\u021bia ob\u0219teasc\u0103 \u201eSperan\u021ba\u201d, \u00een frunte cu Raisa Ceremu\u0219, care a \u0219i \u00eemp\u0103r\u021bit darurile.<\/strong><\/p>\n<p>P\u0103rin\u021bii \u0219i odraslele lor spun c\u0103 au r\u0103mas pl\u0103cut surprin\u0219i \u0219i c\u0103 este un gest frumos care vine s\u0103 anun\u021be despre Ziua Interna\u021bional\u0103 a Copilului.<\/p>\n<p>Surprizele nu se vor opri aici. Raisa Ceremu\u0219 a men\u021bionat c\u0103 repartizarea darurilor cu ocazia Zilei Copiilor, abia a \u00eenceput, iar de cadouri se vor bucura \u0219i mai mul\u021bi copii din nordul \u021b\u0103rii.<\/p>\n<p>NATALIA  TOCARCIUC<br \/>\nCORNELIU  VIERU<br \/>\nCHIRA  BATRANAC<\/p>\n<p><iframe width=\"420\" height=\"315\" data-src=\"https:\/\/www.youtube.com\/embed\/D1sK1KVKYFs\" frameborder=\"0\" allowfullscreen src=\"data:image\/svg+xml;base64,PHN2ZyB3aWR0aD0iMSIgaGVpZ2h0PSIxIiB4bWxucz0iaHR0cDovL3d3dy53My5vcmcvMjAwMC9zdmciPjwvc3ZnPg==\" class=\"lazyload\" data-load-mode=\"1\"><\/iframe><\/p>\n","protected":false},"excerpt":{"rendered":"<p>Bucurie mare pentru sute de copii din B\u0103l\u021bi. Dup\u0103 ce au evoluat pe scena palatului de cultur\u0103 \u201eFlac\u0103ra\u201d sau au stat \u00een r\u00e2ndul spectatorilor, to\u021bi copiii de la mic la mare, au primit \u00een dar \u00eenghe\u021bat\u0103, suc \u0219i dulciuri. Actul de caritate a fost organizat de c\u0103tre asocia\u021bia ob\u0219teasc\u0103 \u201eSperan\u021ba\u201d, \u00een frunte cu Raisa Ceremu\u0219, [&hellip;]<\/p>\n","protected":false},"author":4,"featured_media":13891,"comment_status":"closed","ping_status":"closed","sticky":false,"template":"","format":"standard","meta":{"footnotes":""},"categories":[6353],"tags":[],"class_list":["post-13890","post","type-post","status-publish","format-standard","has-post-thumbnail","hentry","category-oras"],"yoast_head":"<!-- This site is optimized with the Yoast SEO plugin v27.4 - https:\/\/yoast.com\/product\/yoast-seo-wordpress\/ -->\n<title>COPIII DIN B\u0102L\u021aI AU FOST R\u0102SF\u0102\u021aA\u021aI CU MUZIC\u0102 \u0218I DULCIURI - BTV<\/title>\n<meta name=\"robots\" content=\"index, follow, max-snippet:-1, max-image-preview:large, max-video-preview:-1\" \/>\n<link rel=\"canonical\" href=\"https:\/\/www.btv.md\/ro\/copiii-din-balti-au-fost-rasfatati-cu-muzica-si-dulciuri\/\" \/>\n<meta property=\"og:locale\" content=\"ro_RO\" \/>\n<meta property=\"og:type\" content=\"article\" \/>\n<meta property=\"og:title\" content=\"COPIII DIN B\u0102L\u021aI AU FOST R\u0102SF\u0102\u021aA\u021aI CU MUZIC\u0102 \u0218I DULCIURI - BTV\" \/>\n<meta property=\"og:description\" content=\"Bucurie mare pentru sute de copii din B\u0103l\u021bi. Dup\u0103 ce au evoluat pe scena palatului de cultur\u0103 \u201eFlac\u0103ra\u201d sau au stat \u00een r\u00e2ndul spectatorilor, to\u021bi copiii de la mic la mare, au primit \u00een dar \u00eenghe\u021bat\u0103, suc \u0219i dulciuri. Actul de caritate a fost organizat de c\u0103tre asocia\u021bia ob\u0219teasc\u0103 \u201eSperan\u021ba\u201d, \u00een frunte cu Raisa Ceremu\u0219, [&hellip;]\" \/>\n<meta property=\"og:url\" content=\"https:\/\/www.btv.md\/ro\/copiii-din-balti-au-fost-rasfatati-cu-muzica-si-dulciuri\/\" \/>\n<meta property=\"og:site_name\" content=\"BTV\" \/>\n<meta property=\"article:publisher\" content=\"https:\/\/www.facebook.com\/btvmoldova\/\" \/>\n<meta property=\"article:published_time\" content=\"2016-06-01T11:52:13+00:00\" \/>\n<meta property=\"og:image\" content=\"https:\/\/www.btv.md\/wp-content\/uploads\/2016\/06\/ceremus.png\" \/>\n\t<meta property=\"og:image:width\" content=\"949\" \/>\n\t<meta property=\"og:image:height\" content=\"573\" \/>\n\t<meta property=\"og:image:type\" content=\"image\/png\" \/>\n<meta name=\"author\" content=\"admin\" \/>\n<meta name=\"twitter:label1\" content=\"Scris de\" \/>\n\t<meta name=\"twitter:data1\" content=\"admin\" \/>\n\t<meta name=\"twitter:label2\" content=\"Timp estimat pentru citire\" \/>\n\t<meta name=\"twitter:data2\" content=\"1 minut\" \/>\n<script type=\"application\/ld+json\" class=\"yoast-schema-graph\">{\"@context\":\"https:\\\/\\\/schema.org\",\"@graph\":[{\"@type\":\"Article\",\"@id\":\"https:\\\/\\\/www.btv.md\\\/ro\\\/copiii-din-balti-au-fost-rasfatati-cu-muzica-si-dulciuri\\\/#article\",\"isPartOf\":{\"@id\":\"https:\\\/\\\/www.btv.md\\\/ro\\\/copiii-din-balti-au-fost-rasfatati-cu-muzica-si-dulciuri\\\/\"},\"author\":{\"name\":\"admin\",\"@id\":\"https:\\\/\\\/www.btv.md\\\/#\\\/schema\\\/person\\\/8fadce81561b3ce2c34c46dadc4ccbf2\"},\"headline\":\"COPIII DIN B\u0102L\u021aI AU FOST R\u0102SF\u0102\u021aA\u021aI CU MUZIC\u0102 \u0218I DULCIURI\",\"datePublished\":\"2016-06-01T11:52:13+00:00\",\"mainEntityOfPage\":{\"@id\":\"https:\\\/\\\/www.btv.md\\\/ro\\\/copiii-din-balti-au-fost-rasfatati-cu-muzica-si-dulciuri\\\/\"},\"wordCount\":160,\"image\":{\"@id\":\"https:\\\/\\\/www.btv.md\\\/ro\\\/copiii-din-balti-au-fost-rasfatati-cu-muzica-si-dulciuri\\\/#primaryimage\"},\"thumbnailUrl\":\"https:\\\/\\\/www.btv.md\\\/wp-content\\\/uploads\\\/2016\\\/06\\\/ceremus.png\",\"articleSection\":[\"Ora\u0219\"],\"inLanguage\":\"ro-RO\"},{\"@type\":\"WebPage\",\"@id\":\"https:\\\/\\\/www.btv.md\\\/ro\\\/copiii-din-balti-au-fost-rasfatati-cu-muzica-si-dulciuri\\\/\",\"url\":\"https:\\\/\\\/www.btv.md\\\/ro\\\/copiii-din-balti-au-fost-rasfatati-cu-muzica-si-dulciuri\\\/\",\"name\":\"COPIII DIN B\u0102L\u021aI AU FOST R\u0102SF\u0102\u021aA\u021aI CU MUZIC\u0102 \u0218I DULCIURI - BTV\",\"isPartOf\":{\"@id\":\"https:\\\/\\\/www.btv.md\\\/#website\"},\"primaryImageOfPage\":{\"@id\":\"https:\\\/\\\/www.btv.md\\\/ro\\\/copiii-din-balti-au-fost-rasfatati-cu-muzica-si-dulciuri\\\/#primaryimage\"},\"image\":{\"@id\":\"https:\\\/\\\/www.btv.md\\\/ro\\\/copiii-din-balti-au-fost-rasfatati-cu-muzica-si-dulciuri\\\/#primaryimage\"},\"thumbnailUrl\":\"https:\\\/\\\/www.btv.md\\\/wp-content\\\/uploads\\\/2016\\\/06\\\/ceremus.png\",\"datePublished\":\"2016-06-01T11:52:13+00:00\",\"author\":{\"@id\":\"https:\\\/\\\/www.btv.md\\\/#\\\/schema\\\/person\\\/8fadce81561b3ce2c34c46dadc4ccbf2\"},\"inLanguage\":\"ro-RO\",\"potentialAction\":[{\"@type\":\"ReadAction\",\"target\":[\"https:\\\/\\\/www.btv.md\\\/ro\\\/copiii-din-balti-au-fost-rasfatati-cu-muzica-si-dulciuri\\\/\"]}]},{\"@type\":\"ImageObject\",\"inLanguage\":\"ro-RO\",\"@id\":\"https:\\\/\\\/www.btv.md\\\/ro\\\/copiii-din-balti-au-fost-rasfatati-cu-muzica-si-dulciuri\\\/#primaryimage\",\"url\":\"https:\\\/\\\/www.btv.md\\\/wp-content\\\/uploads\\\/2016\\\/06\\\/ceremus.png\",\"contentUrl\":\"https:\\\/\\\/www.btv.md\\\/wp-content\\\/uploads\\\/2016\\\/06\\\/ceremus.png\",\"width\":949,\"height\":573},{\"@type\":\"WebSite\",\"@id\":\"https:\\\/\\\/www.btv.md\\\/#website\",\"url\":\"https:\\\/\\\/www.btv.md\\\/\",\"name\":\"BTV\",\"description\":\"\u0411\u0435\u043b\u044c\u0446\u043a\u043e\u0435 \u0442\u0435\u043b\u0435\u0432\u0438\u0434\u0435\u043d\u0438\u0435\",\"potentialAction\":[{\"@type\":\"SearchAction\",\"target\":{\"@type\":\"EntryPoint\",\"urlTemplate\":\"https:\\\/\\\/www.btv.md\\\/?s={search_term_string}\"},\"query-input\":{\"@type\":\"PropertyValueSpecification\",\"valueRequired\":true,\"valueName\":\"search_term_string\"}}],\"inLanguage\":\"ro-RO\"},{\"@type\":\"Person\",\"@id\":\"https:\\\/\\\/www.btv.md\\\/#\\\/schema\\\/person\\\/8fadce81561b3ce2c34c46dadc4ccbf2\",\"name\":\"admin\"}]}<\/script>\n<!-- \/ Yoast SEO plugin. -->","yoast_head_json":{"title":"COPIII DIN B\u0102L\u021aI AU FOST R\u0102SF\u0102\u021aA\u021aI CU MUZIC\u0102 \u0218I DULCIURI - BTV","robots":{"index":"index","follow":"follow","max-snippet":"max-snippet:-1","max-image-preview":"max-image-preview:large","max-video-preview":"max-video-preview:-1"},"canonical":"https:\/\/www.btv.md\/ro\/copiii-din-balti-au-fost-rasfatati-cu-muzica-si-dulciuri\/","og_locale":"ro_RO","og_type":"article","og_title":"COPIII DIN B\u0102L\u021aI AU FOST R\u0102SF\u0102\u021aA\u021aI CU MUZIC\u0102 \u0218I DULCIURI - BTV","og_description":"Bucurie mare pentru sute de copii din B\u0103l\u021bi. Dup\u0103 ce au evoluat pe scena palatului de cultur\u0103 \u201eFlac\u0103ra\u201d sau au stat \u00een r\u00e2ndul spectatorilor, to\u021bi copiii de la mic la mare, au primit \u00een dar \u00eenghe\u021bat\u0103, suc \u0219i dulciuri. Actul de caritate a fost organizat de c\u0103tre asocia\u021bia ob\u0219teasc\u0103 \u201eSperan\u021ba\u201d, \u00een frunte cu Raisa Ceremu\u0219, [&hellip;]","og_url":"https:\/\/www.btv.md\/ro\/copiii-din-balti-au-fost-rasfatati-cu-muzica-si-dulciuri\/","og_site_name":"BTV","article_publisher":"https:\/\/www.facebook.com\/btvmoldova\/","article_published_time":"2016-06-01T11:52:13+00:00","og_image":[{"width":949,"height":573,"url":"https:\/\/www.btv.md\/wp-content\/uploads\/2016\/06\/ceremus.png","type":"image\/png"}],"author":"admin","twitter_misc":{"Scris de":"admin","Timp estimat pentru citire":"1 minut"},"schema":{"@context":"https:\/\/schema.org","@graph":[{"@type":"Article","@id":"https:\/\/www.btv.md\/ro\/copiii-din-balti-au-fost-rasfatati-cu-muzica-si-dulciuri\/#article","isPartOf":{"@id":"https:\/\/www.btv.md\/ro\/copiii-din-balti-au-fost-rasfatati-cu-muzica-si-dulciuri\/"},"author":{"name":"admin","@id":"https:\/\/www.btv.md\/#\/schema\/person\/8fadce81561b3ce2c34c46dadc4ccbf2"},"headline":"COPIII DIN B\u0102L\u021aI AU FOST R\u0102SF\u0102\u021aA\u021aI CU MUZIC\u0102 \u0218I DULCIURI","datePublished":"2016-06-01T11:52:13+00:00","mainEntityOfPage":{"@id":"https:\/\/www.btv.md\/ro\/copiii-din-balti-au-fost-rasfatati-cu-muzica-si-dulciuri\/"},"wordCount":160,"image":{"@id":"https:\/\/www.btv.md\/ro\/copiii-din-balti-au-fost-rasfatati-cu-muzica-si-dulciuri\/#primaryimage"},"thumbnailUrl":"https:\/\/www.btv.md\/wp-content\/uploads\/2016\/06\/ceremus.png","articleSection":["Ora\u0219"],"inLanguage":"ro-RO"},{"@type":"WebPage","@id":"https:\/\/www.btv.md\/ro\/copiii-din-balti-au-fost-rasfatati-cu-muzica-si-dulciuri\/","url":"https:\/\/www.btv.md\/ro\/copiii-din-balti-au-fost-rasfatati-cu-muzica-si-dulciuri\/","name":"COPIII DIN B\u0102L\u021aI AU FOST R\u0102SF\u0102\u021aA\u021aI CU MUZIC\u0102 \u0218I DULCIURI - BTV","isPartOf":{"@id":"https:\/\/www.btv.md\/#website"},"primaryImageOfPage":{"@id":"https:\/\/www.btv.md\/ro\/copiii-din-balti-au-fost-rasfatati-cu-muzica-si-dulciuri\/#primaryimage"},"image":{"@id":"https:\/\/www.btv.md\/ro\/copiii-din-balti-au-fost-rasfatati-cu-muzica-si-dulciuri\/#primaryimage"},"thumbnailUrl":"https:\/\/www.btv.md\/wp-content\/uploads\/2016\/06\/ceremus.png","datePublished":"2016-06-01T11:52:13+00:00","author":{"@id":"https:\/\/www.btv.md\/#\/schema\/person\/8fadce81561b3ce2c34c46dadc4ccbf2"},"inLanguage":"ro-RO","potentialAction":[{"@type":"ReadAction","target":["https:\/\/www.btv.md\/ro\/copiii-din-balti-au-fost-rasfatati-cu-muzica-si-dulciuri\/"]}]},{"@type":"ImageObject","inLanguage":"ro-RO","@id":"https:\/\/www.btv.md\/ro\/copiii-din-balti-au-fost-rasfatati-cu-muzica-si-dulciuri\/#primaryimage","url":"https:\/\/www.btv.md\/wp-content\/uploads\/2016\/06\/ceremus.png","contentUrl":"https:\/\/www.btv.md\/wp-content\/uploads\/2016\/06\/ceremus.png","width":949,"height":573},{"@type":"WebSite","@id":"https:\/\/www.btv.md\/#website","url":"https:\/\/www.btv.md\/","name":"BTV","description":"\u0411\u0435\u043b\u044c\u0446\u043a\u043e\u0435 \u0442\u0435\u043b\u0435\u0432\u0438\u0434\u0435\u043d\u0438\u0435","potentialAction":[{"@type":"SearchAction","target":{"@type":"EntryPoint","urlTemplate":"https:\/\/www.btv.md\/?s={search_term_string}"},"query-input":{"@type":"PropertyValueSpecification","valueRequired":true,"valueName":"search_term_string"}}],"inLanguage":"ro-RO"},{"@type":"Person","@id":"https:\/\/www.btv.md\/#\/schema\/person\/8fadce81561b3ce2c34c46dadc4ccbf2","name":"admin"}]}},"_links":{"self":[{"href":"https:\/\/www.btv.md\/ro\/wp-json\/wp\/v2\/posts\/13890","targetHints":{"allow":["GET"]}}],"collection":[{"href":"https:\/\/www.btv.md\/ro\/wp-json\/wp\/v2\/posts"}],"about":[{"href":"https:\/\/www.btv.md\/ro\/wp-json\/wp\/v2\/types\/post"}],"author":[{"embeddable":true,"href":"https:\/\/www.btv.md\/ro\/wp-json\/wp\/v2\/users\/4"}],"replies":[{"embeddable":true,"href":"https:\/\/www.btv.md\/ro\/wp-json\/wp\/v2\/comments?post=13890"}],"version-history":[{"count":0,"href":"https:\/\/www.btv.md\/ro\/wp-json\/wp\/v2\/posts\/13890\/revisions"}],"wp:featuredmedia":[{"embeddable":true,"href":"https:\/\/www.btv.md\/ro\/wp-json\/wp\/v2\/media\/13891"}],"wp:attachment":[{"href":"https:\/\/www.btv.md\/ro\/wp-json\/wp\/v2\/media?parent=13890"}],"wp:term":[{"taxonomy":"category","embeddable":true,"href":"https:\/\/www.btv.md\/ro\/wp-json\/wp\/v2\/categories?post=13890"},{"taxonomy":"post_tag","embeddable":true,"href":"https:\/\/www.btv.md\/ro\/wp-json\/wp\/v2\/tags?post=13890"}],"curies":[{"name":"wp","href":"https:\/\/api.w.org\/{rel}","templated":true}]}}