{"id":13922,"date":"2016-06-01T18:09:09","date_gmt":"2016-06-01T15:09:09","guid":{"rendered":"http:\/\/btv.md\/?p=13922"},"modified":"2016-06-01T18:09:09","modified_gmt":"2016-06-01T15:09:09","slug":"expozitie-concurs-la-pinacoteca-din-balti-castigatorii-merg-la-etapa-republicana","status":"publish","type":"post","link":"https:\/\/www.btv.md\/ro\/expozitie-concurs-la-pinacoteca-din-balti-castigatorii-merg-la-etapa-republicana\/","title":{"rendered":"EXPOZI\u021aIE  CONCURS  LA  PINACOTECA  DIN  B\u0102L\u021aI. C\u00c2\u0218TIG\u0102TORII  MERG  LA  ETAPA  REPUBLICAN\u0102"},"content":{"rendered":"<p><strong>Expozi\u021bia \u201eLumea \u00een viziunea copiilor\u201d \u0219i-a deschis u\u0219ile pentru vizitatori. La data de 1 iunie la Pinacoteca \u201eAntioh Cantemir\u201d din B\u0103l\u021bi a fost inaugurat\u0103 expozi\u021bia tinerelor talente, care num\u0103r\u0103 peste o sut\u0103 de crea\u021bii. Specialista principal\u0103 a Direc\u021biei \u00cenv\u0103\u021b\u0103m\u00e2nt Tineret \u0219i Sport, Irina Bucea\u021bchi, a men\u021bionat c\u0103 aceasta este o expozi\u021bie concurs, la care au participat aproape 400 de elevi din municipiu.<\/strong><\/p>\n<p>\u201e<em>\u00cen incinta Pinacotecii \u201eAntioh Cantemir\u201d a fost inaugurat\u0103 expozi\u021bia \u201eLumea \u00een viziunea copiilor\u201d. De fapt, este o expozi\u021bie concurs, pentru c\u0103 \u00een luna februarie martie am selectat din circa 400 de lucr\u0103ri pe care le-am primit \u00een cadrul acestui concurs, cele mai bune 112. Ast\u0103zi au fost invita\u021bi \u00eenving\u0103torii concursului, c\u0103rora le-au fost \u00eenm\u00e2nate diplome \u0219i c\u0103r\u021bi \u00een semn de recuno\u0219tin\u021b\u0103 pentru munca depus\u0103.<\/em>\u201d<\/p>\n<p>Din cei peste o sut\u0103 de elevi, care s-au f\u0103cut remarca\u021bi,  27 vor participa la cea de-a doua etap\u0103 a concursului. Este vorba despre elevii care au ocupat locuri de frunte \u00een prima etap\u0103, organizat\u0103 la nivel municipal. <\/p>\n<p>\u201e<em>Din aceste 112 lucr\u0103ri, 27 de participan\u021bi din cele trei categorii de v\u00e2rste (6-9, 10-14, 15-19 ani) vor participa la etapa republican\u0103 a concursului.<\/em>\u201d<\/p>\n<p>Participan\u021bii la concurs sunt m\u00e2ndri de rezultate.<\/p>\n<p>Primii curio\u0219i, care au venit s\u0103 vad\u0103 expozi\u021bia, spun c\u0103 lucr\u0103rile sunt uimitoare.<\/p>\n<p>Criticul de art\u0103, Roman Florescu, consider\u0103 c\u0103 unele picturi au \u00eentrecut a\u0219tept\u0103rile.<\/p>\n<p>Expozi\u021bia este deschis\u0103 publicului p\u00e2n\u0103 pe data de 15 iunie.<\/p>\n<p>NATALIA  TOCARCIUC<br \/>\nPAVEL  LUCHIAN<br \/>\nIURIE  BOLD<br \/>\n<iframe width=\"420\" height=\"315\" data-src=\"https:\/\/www.youtube.com\/embed\/kKdS3_gQ1RE\" frameborder=\"0\" allowfullscreen src=\"data:image\/svg+xml;base64,PHN2ZyB3aWR0aD0iMSIgaGVpZ2h0PSIxIiB4bWxucz0iaHR0cDovL3d3dy53My5vcmcvMjAwMC9zdmciPjwvc3ZnPg==\" class=\"lazyload\" data-load-mode=\"1\"><\/iframe><\/p>\n","protected":false},"excerpt":{"rendered":"<p>Expozi\u021bia \u201eLumea \u00een viziunea copiilor\u201d \u0219i-a deschis u\u0219ile pentru vizitatori. La data de 1 iunie la Pinacoteca \u201eAntioh Cantemir\u201d din B\u0103l\u021bi a fost inaugurat\u0103 expozi\u021bia tinerelor talente, care num\u0103r\u0103 peste o sut\u0103 de crea\u021bii. Specialista principal\u0103 a Direc\u021biei \u00cenv\u0103\u021b\u0103m\u00e2nt Tineret \u0219i Sport, Irina Bucea\u021bchi, a men\u021bionat c\u0103 aceasta este o expozi\u021bie concurs, la care au [&hellip;]<\/p>\n","protected":false},"author":4,"featured_media":13923,"comment_status":"closed","ping_status":"closed","sticky":false,"template":"","format":"standard","meta":{"footnotes":""},"categories":[6353],"tags":[],"class_list":["post-13922","post","type-post","status-publish","format-standard","has-post-thumbnail","hentry","category-oras"],"yoast_head":"<!-- This site is optimized with the Yoast SEO plugin v27.4 - https:\/\/yoast.com\/product\/yoast-seo-wordpress\/ -->\n<title>EXPOZI\u021aIE CONCURS LA PINACOTECA DIN B\u0102L\u021aI. C\u00c2\u0218TIG\u0102TORII MERG LA ETAPA REPUBLICAN\u0102 - BTV<\/title>\n<meta name=\"robots\" content=\"index, follow, max-snippet:-1, max-image-preview:large, max-video-preview:-1\" \/>\n<link rel=\"canonical\" href=\"https:\/\/www.btv.md\/ro\/expozitie-concurs-la-pinacoteca-din-balti-castigatorii-merg-la-etapa-republicana\/\" \/>\n<meta property=\"og:locale\" content=\"ro_RO\" \/>\n<meta property=\"og:type\" content=\"article\" \/>\n<meta property=\"og:title\" content=\"EXPOZI\u021aIE CONCURS LA PINACOTECA DIN B\u0102L\u021aI. C\u00c2\u0218TIG\u0102TORII MERG LA ETAPA REPUBLICAN\u0102 - BTV\" \/>\n<meta property=\"og:description\" content=\"Expozi\u021bia \u201eLumea \u00een viziunea copiilor\u201d \u0219i-a deschis u\u0219ile pentru vizitatori. La data de 1 iunie la Pinacoteca \u201eAntioh Cantemir\u201d din B\u0103l\u021bi a fost inaugurat\u0103 expozi\u021bia tinerelor talente, care num\u0103r\u0103 peste o sut\u0103 de crea\u021bii. Specialista principal\u0103 a Direc\u021biei \u00cenv\u0103\u021b\u0103m\u00e2nt Tineret \u0219i Sport, Irina Bucea\u021bchi, a men\u021bionat c\u0103 aceasta este o expozi\u021bie concurs, la care au [&hellip;]\" \/>\n<meta property=\"og:url\" content=\"https:\/\/www.btv.md\/ro\/expozitie-concurs-la-pinacoteca-din-balti-castigatorii-merg-la-etapa-republicana\/\" \/>\n<meta property=\"og:site_name\" content=\"BTV\" \/>\n<meta property=\"article:publisher\" content=\"https:\/\/www.facebook.com\/btvmoldova\/\" \/>\n<meta property=\"article:published_time\" content=\"2016-06-01T15:09:09+00:00\" \/>\n<meta property=\"og:image\" content=\"https:\/\/www.btv.md\/wp-content\/uploads\/2016\/06\/EXPO.png\" \/>\n\t<meta property=\"og:image:width\" content=\"1025\" \/>\n\t<meta property=\"og:image:height\" content=\"577\" \/>\n\t<meta property=\"og:image:type\" content=\"image\/png\" \/>\n<meta name=\"author\" content=\"admin\" \/>\n<meta name=\"twitter:label1\" content=\"Scris de\" \/>\n\t<meta name=\"twitter:data1\" content=\"admin\" \/>\n\t<meta name=\"twitter:label2\" content=\"Timp estimat pentru citire\" \/>\n\t<meta name=\"twitter:data2\" content=\"1 minut\" \/>\n<script type=\"application\/ld+json\" class=\"yoast-schema-graph\">{\"@context\":\"https:\\\/\\\/schema.org\",\"@graph\":[{\"@type\":\"Article\",\"@id\":\"https:\\\/\\\/www.btv.md\\\/ro\\\/expozitie-concurs-la-pinacoteca-din-balti-castigatorii-merg-la-etapa-republicana\\\/#article\",\"isPartOf\":{\"@id\":\"https:\\\/\\\/www.btv.md\\\/ro\\\/expozitie-concurs-la-pinacoteca-din-balti-castigatorii-merg-la-etapa-republicana\\\/\"},\"author\":{\"name\":\"admin\",\"@id\":\"https:\\\/\\\/www.btv.md\\\/#\\\/schema\\\/person\\\/8fadce81561b3ce2c34c46dadc4ccbf2\"},\"headline\":\"EXPOZI\u021aIE CONCURS LA PINACOTECA DIN B\u0102L\u021aI. C\u00c2\u0218TIG\u0102TORII MERG LA ETAPA REPUBLICAN\u0102\",\"datePublished\":\"2016-06-01T15:09:09+00:00\",\"mainEntityOfPage\":{\"@id\":\"https:\\\/\\\/www.btv.md\\\/ro\\\/expozitie-concurs-la-pinacoteca-din-balti-castigatorii-merg-la-etapa-republicana\\\/\"},\"wordCount\":282,\"image\":{\"@id\":\"https:\\\/\\\/www.btv.md\\\/ro\\\/expozitie-concurs-la-pinacoteca-din-balti-castigatorii-merg-la-etapa-republicana\\\/#primaryimage\"},\"thumbnailUrl\":\"https:\\\/\\\/www.btv.md\\\/wp-content\\\/uploads\\\/2016\\\/06\\\/EXPO.png\",\"articleSection\":[\"Ora\u0219\"],\"inLanguage\":\"ro-RO\"},{\"@type\":\"WebPage\",\"@id\":\"https:\\\/\\\/www.btv.md\\\/ro\\\/expozitie-concurs-la-pinacoteca-din-balti-castigatorii-merg-la-etapa-republicana\\\/\",\"url\":\"https:\\\/\\\/www.btv.md\\\/ro\\\/expozitie-concurs-la-pinacoteca-din-balti-castigatorii-merg-la-etapa-republicana\\\/\",\"name\":\"EXPOZI\u021aIE CONCURS LA PINACOTECA DIN B\u0102L\u021aI. C\u00c2\u0218TIG\u0102TORII MERG LA ETAPA REPUBLICAN\u0102 - BTV\",\"isPartOf\":{\"@id\":\"https:\\\/\\\/www.btv.md\\\/#website\"},\"primaryImageOfPage\":{\"@id\":\"https:\\\/\\\/www.btv.md\\\/ro\\\/expozitie-concurs-la-pinacoteca-din-balti-castigatorii-merg-la-etapa-republicana\\\/#primaryimage\"},\"image\":{\"@id\":\"https:\\\/\\\/www.btv.md\\\/ro\\\/expozitie-concurs-la-pinacoteca-din-balti-castigatorii-merg-la-etapa-republicana\\\/#primaryimage\"},\"thumbnailUrl\":\"https:\\\/\\\/www.btv.md\\\/wp-content\\\/uploads\\\/2016\\\/06\\\/EXPO.png\",\"datePublished\":\"2016-06-01T15:09:09+00:00\",\"author\":{\"@id\":\"https:\\\/\\\/www.btv.md\\\/#\\\/schema\\\/person\\\/8fadce81561b3ce2c34c46dadc4ccbf2\"},\"inLanguage\":\"ro-RO\",\"potentialAction\":[{\"@type\":\"ReadAction\",\"target\":[\"https:\\\/\\\/www.btv.md\\\/ro\\\/expozitie-concurs-la-pinacoteca-din-balti-castigatorii-merg-la-etapa-republicana\\\/\"]}]},{\"@type\":\"ImageObject\",\"inLanguage\":\"ro-RO\",\"@id\":\"https:\\\/\\\/www.btv.md\\\/ro\\\/expozitie-concurs-la-pinacoteca-din-balti-castigatorii-merg-la-etapa-republicana\\\/#primaryimage\",\"url\":\"https:\\\/\\\/www.btv.md\\\/wp-content\\\/uploads\\\/2016\\\/06\\\/EXPO.png\",\"contentUrl\":\"https:\\\/\\\/www.btv.md\\\/wp-content\\\/uploads\\\/2016\\\/06\\\/EXPO.png\",\"width\":1025,\"height\":577},{\"@type\":\"WebSite\",\"@id\":\"https:\\\/\\\/www.btv.md\\\/#website\",\"url\":\"https:\\\/\\\/www.btv.md\\\/\",\"name\":\"BTV\",\"description\":\"\u0411\u0435\u043b\u044c\u0446\u043a\u043e\u0435 \u0442\u0435\u043b\u0435\u0432\u0438\u0434\u0435\u043d\u0438\u0435\",\"potentialAction\":[{\"@type\":\"SearchAction\",\"target\":{\"@type\":\"EntryPoint\",\"urlTemplate\":\"https:\\\/\\\/www.btv.md\\\/?s={search_term_string}\"},\"query-input\":{\"@type\":\"PropertyValueSpecification\",\"valueRequired\":true,\"valueName\":\"search_term_string\"}}],\"inLanguage\":\"ro-RO\"},{\"@type\":\"Person\",\"@id\":\"https:\\\/\\\/www.btv.md\\\/#\\\/schema\\\/person\\\/8fadce81561b3ce2c34c46dadc4ccbf2\",\"name\":\"admin\"}]}<\/script>\n<!-- \/ Yoast SEO plugin. -->","yoast_head_json":{"title":"EXPOZI\u021aIE CONCURS LA PINACOTECA DIN B\u0102L\u021aI. C\u00c2\u0218TIG\u0102TORII MERG LA ETAPA REPUBLICAN\u0102 - BTV","robots":{"index":"index","follow":"follow","max-snippet":"max-snippet:-1","max-image-preview":"max-image-preview:large","max-video-preview":"max-video-preview:-1"},"canonical":"https:\/\/www.btv.md\/ro\/expozitie-concurs-la-pinacoteca-din-balti-castigatorii-merg-la-etapa-republicana\/","og_locale":"ro_RO","og_type":"article","og_title":"EXPOZI\u021aIE CONCURS LA PINACOTECA DIN B\u0102L\u021aI. C\u00c2\u0218TIG\u0102TORII MERG LA ETAPA REPUBLICAN\u0102 - BTV","og_description":"Expozi\u021bia \u201eLumea \u00een viziunea copiilor\u201d \u0219i-a deschis u\u0219ile pentru vizitatori. La data de 1 iunie la Pinacoteca \u201eAntioh Cantemir\u201d din B\u0103l\u021bi a fost inaugurat\u0103 expozi\u021bia tinerelor talente, care num\u0103r\u0103 peste o sut\u0103 de crea\u021bii. Specialista principal\u0103 a Direc\u021biei \u00cenv\u0103\u021b\u0103m\u00e2nt Tineret \u0219i Sport, Irina Bucea\u021bchi, a men\u021bionat c\u0103 aceasta este o expozi\u021bie concurs, la care au [&hellip;]","og_url":"https:\/\/www.btv.md\/ro\/expozitie-concurs-la-pinacoteca-din-balti-castigatorii-merg-la-etapa-republicana\/","og_site_name":"BTV","article_publisher":"https:\/\/www.facebook.com\/btvmoldova\/","article_published_time":"2016-06-01T15:09:09+00:00","og_image":[{"width":1025,"height":577,"url":"https:\/\/www.btv.md\/wp-content\/uploads\/2016\/06\/EXPO.png","type":"image\/png"}],"author":"admin","twitter_misc":{"Scris de":"admin","Timp estimat pentru citire":"1 minut"},"schema":{"@context":"https:\/\/schema.org","@graph":[{"@type":"Article","@id":"https:\/\/www.btv.md\/ro\/expozitie-concurs-la-pinacoteca-din-balti-castigatorii-merg-la-etapa-republicana\/#article","isPartOf":{"@id":"https:\/\/www.btv.md\/ro\/expozitie-concurs-la-pinacoteca-din-balti-castigatorii-merg-la-etapa-republicana\/"},"author":{"name":"admin","@id":"https:\/\/www.btv.md\/#\/schema\/person\/8fadce81561b3ce2c34c46dadc4ccbf2"},"headline":"EXPOZI\u021aIE CONCURS LA PINACOTECA DIN B\u0102L\u021aI. C\u00c2\u0218TIG\u0102TORII MERG LA ETAPA REPUBLICAN\u0102","datePublished":"2016-06-01T15:09:09+00:00","mainEntityOfPage":{"@id":"https:\/\/www.btv.md\/ro\/expozitie-concurs-la-pinacoteca-din-balti-castigatorii-merg-la-etapa-republicana\/"},"wordCount":282,"image":{"@id":"https:\/\/www.btv.md\/ro\/expozitie-concurs-la-pinacoteca-din-balti-castigatorii-merg-la-etapa-republicana\/#primaryimage"},"thumbnailUrl":"https:\/\/www.btv.md\/wp-content\/uploads\/2016\/06\/EXPO.png","articleSection":["Ora\u0219"],"inLanguage":"ro-RO"},{"@type":"WebPage","@id":"https:\/\/www.btv.md\/ro\/expozitie-concurs-la-pinacoteca-din-balti-castigatorii-merg-la-etapa-republicana\/","url":"https:\/\/www.btv.md\/ro\/expozitie-concurs-la-pinacoteca-din-balti-castigatorii-merg-la-etapa-republicana\/","name":"EXPOZI\u021aIE CONCURS LA PINACOTECA DIN B\u0102L\u021aI. C\u00c2\u0218TIG\u0102TORII MERG LA ETAPA REPUBLICAN\u0102 - BTV","isPartOf":{"@id":"https:\/\/www.btv.md\/#website"},"primaryImageOfPage":{"@id":"https:\/\/www.btv.md\/ro\/expozitie-concurs-la-pinacoteca-din-balti-castigatorii-merg-la-etapa-republicana\/#primaryimage"},"image":{"@id":"https:\/\/www.btv.md\/ro\/expozitie-concurs-la-pinacoteca-din-balti-castigatorii-merg-la-etapa-republicana\/#primaryimage"},"thumbnailUrl":"https:\/\/www.btv.md\/wp-content\/uploads\/2016\/06\/EXPO.png","datePublished":"2016-06-01T15:09:09+00:00","author":{"@id":"https:\/\/www.btv.md\/#\/schema\/person\/8fadce81561b3ce2c34c46dadc4ccbf2"},"inLanguage":"ro-RO","potentialAction":[{"@type":"ReadAction","target":["https:\/\/www.btv.md\/ro\/expozitie-concurs-la-pinacoteca-din-balti-castigatorii-merg-la-etapa-republicana\/"]}]},{"@type":"ImageObject","inLanguage":"ro-RO","@id":"https:\/\/www.btv.md\/ro\/expozitie-concurs-la-pinacoteca-din-balti-castigatorii-merg-la-etapa-republicana\/#primaryimage","url":"https:\/\/www.btv.md\/wp-content\/uploads\/2016\/06\/EXPO.png","contentUrl":"https:\/\/www.btv.md\/wp-content\/uploads\/2016\/06\/EXPO.png","width":1025,"height":577},{"@type":"WebSite","@id":"https:\/\/www.btv.md\/#website","url":"https:\/\/www.btv.md\/","name":"BTV","description":"\u0411\u0435\u043b\u044c\u0446\u043a\u043e\u0435 \u0442\u0435\u043b\u0435\u0432\u0438\u0434\u0435\u043d\u0438\u0435","potentialAction":[{"@type":"SearchAction","target":{"@type":"EntryPoint","urlTemplate":"https:\/\/www.btv.md\/?s={search_term_string}"},"query-input":{"@type":"PropertyValueSpecification","valueRequired":true,"valueName":"search_term_string"}}],"inLanguage":"ro-RO"},{"@type":"Person","@id":"https:\/\/www.btv.md\/#\/schema\/person\/8fadce81561b3ce2c34c46dadc4ccbf2","name":"admin"}]}},"_links":{"self":[{"href":"https:\/\/www.btv.md\/ro\/wp-json\/wp\/v2\/posts\/13922","targetHints":{"allow":["GET"]}}],"collection":[{"href":"https:\/\/www.btv.md\/ro\/wp-json\/wp\/v2\/posts"}],"about":[{"href":"https:\/\/www.btv.md\/ro\/wp-json\/wp\/v2\/types\/post"}],"author":[{"embeddable":true,"href":"https:\/\/www.btv.md\/ro\/wp-json\/wp\/v2\/users\/4"}],"replies":[{"embeddable":true,"href":"https:\/\/www.btv.md\/ro\/wp-json\/wp\/v2\/comments?post=13922"}],"version-history":[{"count":0,"href":"https:\/\/www.btv.md\/ro\/wp-json\/wp\/v2\/posts\/13922\/revisions"}],"wp:featuredmedia":[{"embeddable":true,"href":"https:\/\/www.btv.md\/ro\/wp-json\/wp\/v2\/media\/13923"}],"wp:attachment":[{"href":"https:\/\/www.btv.md\/ro\/wp-json\/wp\/v2\/media?parent=13922"}],"wp:term":[{"taxonomy":"category","embeddable":true,"href":"https:\/\/www.btv.md\/ro\/wp-json\/wp\/v2\/categories?post=13922"},{"taxonomy":"post_tag","embeddable":true,"href":"https:\/\/www.btv.md\/ro\/wp-json\/wp\/v2\/tags?post=13922"}],"curies":[{"name":"wp","href":"https:\/\/api.w.org\/{rel}","templated":true}]}}