{"id":13955,"date":"2016-06-02T12:35:35","date_gmt":"2016-06-02T09:35:35","guid":{"rendered":"http:\/\/btv.md\/?p=13955"},"modified":"2016-06-02T12:35:35","modified_gmt":"2016-06-02T09:35:35","slug":"nadia-savcenko-m-am-intors-si-ma-apuc-de-treaba","status":"publish","type":"post","link":"https:\/\/www.btv.md\/ro\/nadia-savcenko-m-am-intors-si-ma-apuc-de-treaba\/","title":{"rendered":"NADIA  SAVCENKO:  \u201eM-AM  \u00ceNTORS  \u0218I  M\u0102  APUC  DE  TREAB\u0102\u201d"},"content":{"rendered":"<p>Pilotul militar ucrainean Nadia Savcenko, aleas\u0103 deputat\u0103 \u00een timp ce se afla \u00eencarcerat\u0103 \u00een Rusia, \u015fi-a f\u0103cut mar\u0163i &#8216;intrarea \u00een parlament&#8217; printr-un apel adresat deputa\u0163ilor &#8216;s\u0103 nu tr\u0103deze Ucraina&#8217;, relateaz\u0103 AFP \u015fi postul de televiziune ucrainean 112.ua \u00een pagina sa electronic\u0103, scrie Agerpres. <\/p>\n<p>&#8216;<em>Sunt deputat\u0103 a Ucrainei. M-am \u00eentors \u015fi m\u0103 apuc de treab\u0103<\/em>&#8216;, a declarat ea \u00een fa\u0163a parlamentarilor, cu un drapel ucrainean pe umeri \u015fi cu un steag al t\u0103tarilor din Crimeea \u00een m\u00e2ini. <\/p>\n<p>&#8216;<em>Poporul Ucrainei nu ne va permite s\u0103 st\u0103m \u00een aceste fotolii dac\u0103 \u00eel vom tr\u0103da<\/em>&#8216;, a ad\u0103ugat Savcenko, deputat\u0103 din partea partidului Batkiv\u015fcina al fostului premier Iulia Timo\u015fenko. La sosirea sa la Kiev dup\u0103 doi ani de \u00eenchisoare \u00een Rusia, Savcenko a respins-o pe Timo\u015fenko atunci c\u00e2nd aceasta a vrut s\u0103 o \u00eembr\u0103\u0163i\u015feze, iar c\u00e2nd politiciana i-a \u00eentins un buchet de flori, femeia pilot i-a spus c\u0103 ar face mai bine s\u0103 i le dea mamei ei. Timo\u015fenko s-a conformat \u015fi i-a pus buchetul \u00een bra\u0163ele mamei Nadiei, a relatat presa ucrainean\u0103, anticip\u00e2nd disensiuni \u00eentre fosta prizonier\u0103 la ru\u015fi \u015fi Timo\u015fenko. <\/p>\n<p>&#8216;<em>Ucraina este mai important\u0103 dec\u00e2t noi to\u0163i<\/em>&#8216;, a mai lansat ea \u00een discursul s\u0103u plin de emo\u0163ie, \u00een finalul c\u0103ruia a intonat imnul ucrainean. <\/p>\n<p>Savcenko, condamnat\u0103 la 22 de ani de \u00eenchisoare pentru presupusa complicitate la uciderea a doi jurnali\u015fti \u00een estul Ucrainei \u00een 2014, a fost eliberat\u0103 s\u0103pt\u0103m\u00e2na trecut\u0103, la schimb cu doi militari ru\u015fi, condamna\u0163i la 14 de \u00eenchisoare \u00een Ucraina, dup\u0103 ce au fost captura\u0163i \u00een teatrul de opera\u0163iuni din Donbas. <\/p>\n<p><a href=\"http:\/\/www.romanialibera.ro\/\" target=\"_blank\">romanialibera.ro<\/a><\/p>\n","protected":false},"excerpt":{"rendered":"<p>Pilotul militar ucrainean Nadia Savcenko, aleas\u0103 deputat\u0103 \u00een timp ce se afla \u00eencarcerat\u0103 \u00een Rusia, \u015fi-a f\u0103cut mar\u0163i &#8216;intrarea \u00een parlament&#8217; printr-un apel adresat deputa\u0163ilor &#8216;s\u0103 nu tr\u0103deze Ucraina&#8217;, relateaz\u0103 AFP \u015fi postul de televiziune ucrainean 112.ua \u00een pagina sa electronic\u0103, scrie Agerpres. &#8216;Sunt deputat\u0103 a Ucrainei. M-am \u00eentors \u015fi m\u0103 apuc de treab\u0103&#8216;, a [&hellip;]<\/p>\n","protected":false},"author":4,"featured_media":13957,"comment_status":"closed","ping_status":"closed","sticky":false,"template":"","format":"standard","meta":{"footnotes":""},"categories":[6354],"tags":[],"class_list":["post-13955","post","type-post","status-publish","format-standard","has-post-thumbnail","hentry","category-externe-ro"],"yoast_head":"<!-- This site is optimized with the Yoast SEO plugin v27.4 - https:\/\/yoast.com\/product\/yoast-seo-wordpress\/ -->\n<title>NADIA SAVCENKO: \u201eM-AM \u00ceNTORS \u0218I M\u0102 APUC DE TREAB\u0102\u201d - BTV<\/title>\n<meta name=\"robots\" content=\"index, follow, max-snippet:-1, max-image-preview:large, max-video-preview:-1\" \/>\n<link rel=\"canonical\" href=\"https:\/\/www.btv.md\/ro\/nadia-savcenko-m-am-intors-si-ma-apuc-de-treaba\/\" \/>\n<meta property=\"og:locale\" content=\"ro_RO\" \/>\n<meta property=\"og:type\" content=\"article\" \/>\n<meta property=\"og:title\" content=\"NADIA SAVCENKO: \u201eM-AM \u00ceNTORS \u0218I M\u0102 APUC DE TREAB\u0102\u201d - BTV\" \/>\n<meta property=\"og:description\" content=\"Pilotul militar ucrainean Nadia Savcenko, aleas\u0103 deputat\u0103 \u00een timp ce se afla \u00eencarcerat\u0103 \u00een Rusia, \u015fi-a f\u0103cut mar\u0163i &#8216;intrarea \u00een parlament&#8217; printr-un apel adresat deputa\u0163ilor &#8216;s\u0103 nu tr\u0103deze Ucraina&#8217;, relateaz\u0103 AFP \u015fi postul de televiziune ucrainean 112.ua \u00een pagina sa electronic\u0103, scrie Agerpres. &#8216;Sunt deputat\u0103 a Ucrainei. M-am \u00eentors \u015fi m\u0103 apuc de treab\u0103&#8216;, a [&hellip;]\" \/>\n<meta property=\"og:url\" content=\"https:\/\/www.btv.md\/ro\/nadia-savcenko-m-am-intors-si-ma-apuc-de-treaba\/\" \/>\n<meta property=\"og:site_name\" content=\"BTV\" \/>\n<meta property=\"article:publisher\" content=\"https:\/\/www.facebook.com\/btvmoldova\/\" \/>\n<meta property=\"article:published_time\" content=\"2016-06-02T09:35:35+00:00\" \/>\n<meta property=\"og:image\" content=\"https:\/\/www.btv.md\/wp-content\/uploads\/2016\/06\/1405358754-2571-nadejda-savchenko.png\" \/>\n\t<meta property=\"og:image:width\" content=\"620\" \/>\n\t<meta property=\"og:image:height\" content=\"386\" \/>\n\t<meta property=\"og:image:type\" content=\"image\/png\" \/>\n<meta name=\"author\" content=\"admin\" \/>\n<meta name=\"twitter:label1\" content=\"Scris de\" \/>\n\t<meta name=\"twitter:data1\" content=\"admin\" \/>\n\t<meta name=\"twitter:label2\" content=\"Timp estimat pentru citire\" \/>\n\t<meta name=\"twitter:data2\" content=\"1 minut\" \/>\n<script type=\"application\/ld+json\" class=\"yoast-schema-graph\">{\"@context\":\"https:\\\/\\\/schema.org\",\"@graph\":[{\"@type\":\"Article\",\"@id\":\"https:\\\/\\\/www.btv.md\\\/ro\\\/nadia-savcenko-m-am-intors-si-ma-apuc-de-treaba\\\/#article\",\"isPartOf\":{\"@id\":\"https:\\\/\\\/www.btv.md\\\/ro\\\/nadia-savcenko-m-am-intors-si-ma-apuc-de-treaba\\\/\"},\"author\":{\"name\":\"admin\",\"@id\":\"https:\\\/\\\/www.btv.md\\\/#\\\/schema\\\/person\\\/8fadce81561b3ce2c34c46dadc4ccbf2\"},\"headline\":\"NADIA SAVCENKO: \u201eM-AM \u00ceNTORS \u0218I M\u0102 APUC DE TREAB\u0102\u201d\",\"datePublished\":\"2016-06-02T09:35:35+00:00\",\"mainEntityOfPage\":{\"@id\":\"https:\\\/\\\/www.btv.md\\\/ro\\\/nadia-savcenko-m-am-intors-si-ma-apuc-de-treaba\\\/\"},\"wordCount\":294,\"image\":{\"@id\":\"https:\\\/\\\/www.btv.md\\\/ro\\\/nadia-savcenko-m-am-intors-si-ma-apuc-de-treaba\\\/#primaryimage\"},\"thumbnailUrl\":\"https:\\\/\\\/www.btv.md\\\/wp-content\\\/uploads\\\/2016\\\/06\\\/1405358754-2571-nadejda-savchenko.png\",\"articleSection\":[\"Externe\"],\"inLanguage\":\"ro-RO\"},{\"@type\":\"WebPage\",\"@id\":\"https:\\\/\\\/www.btv.md\\\/ro\\\/nadia-savcenko-m-am-intors-si-ma-apuc-de-treaba\\\/\",\"url\":\"https:\\\/\\\/www.btv.md\\\/ro\\\/nadia-savcenko-m-am-intors-si-ma-apuc-de-treaba\\\/\",\"name\":\"NADIA SAVCENKO: \u201eM-AM \u00ceNTORS \u0218I M\u0102 APUC DE TREAB\u0102\u201d - BTV\",\"isPartOf\":{\"@id\":\"https:\\\/\\\/www.btv.md\\\/#website\"},\"primaryImageOfPage\":{\"@id\":\"https:\\\/\\\/www.btv.md\\\/ro\\\/nadia-savcenko-m-am-intors-si-ma-apuc-de-treaba\\\/#primaryimage\"},\"image\":{\"@id\":\"https:\\\/\\\/www.btv.md\\\/ro\\\/nadia-savcenko-m-am-intors-si-ma-apuc-de-treaba\\\/#primaryimage\"},\"thumbnailUrl\":\"https:\\\/\\\/www.btv.md\\\/wp-content\\\/uploads\\\/2016\\\/06\\\/1405358754-2571-nadejda-savchenko.png\",\"datePublished\":\"2016-06-02T09:35:35+00:00\",\"author\":{\"@id\":\"https:\\\/\\\/www.btv.md\\\/#\\\/schema\\\/person\\\/8fadce81561b3ce2c34c46dadc4ccbf2\"},\"inLanguage\":\"ro-RO\",\"potentialAction\":[{\"@type\":\"ReadAction\",\"target\":[\"https:\\\/\\\/www.btv.md\\\/ro\\\/nadia-savcenko-m-am-intors-si-ma-apuc-de-treaba\\\/\"]}]},{\"@type\":\"ImageObject\",\"inLanguage\":\"ro-RO\",\"@id\":\"https:\\\/\\\/www.btv.md\\\/ro\\\/nadia-savcenko-m-am-intors-si-ma-apuc-de-treaba\\\/#primaryimage\",\"url\":\"https:\\\/\\\/www.btv.md\\\/wp-content\\\/uploads\\\/2016\\\/06\\\/1405358754-2571-nadejda-savchenko.png\",\"contentUrl\":\"https:\\\/\\\/www.btv.md\\\/wp-content\\\/uploads\\\/2016\\\/06\\\/1405358754-2571-nadejda-savchenko.png\",\"width\":620,\"height\":386},{\"@type\":\"WebSite\",\"@id\":\"https:\\\/\\\/www.btv.md\\\/#website\",\"url\":\"https:\\\/\\\/www.btv.md\\\/\",\"name\":\"BTV\",\"description\":\"\u0411\u0435\u043b\u044c\u0446\u043a\u043e\u0435 \u0442\u0435\u043b\u0435\u0432\u0438\u0434\u0435\u043d\u0438\u0435\",\"potentialAction\":[{\"@type\":\"SearchAction\",\"target\":{\"@type\":\"EntryPoint\",\"urlTemplate\":\"https:\\\/\\\/www.btv.md\\\/?s={search_term_string}\"},\"query-input\":{\"@type\":\"PropertyValueSpecification\",\"valueRequired\":true,\"valueName\":\"search_term_string\"}}],\"inLanguage\":\"ro-RO\"},{\"@type\":\"Person\",\"@id\":\"https:\\\/\\\/www.btv.md\\\/#\\\/schema\\\/person\\\/8fadce81561b3ce2c34c46dadc4ccbf2\",\"name\":\"admin\"}]}<\/script>\n<!-- \/ Yoast SEO plugin. -->","yoast_head_json":{"title":"NADIA SAVCENKO: \u201eM-AM \u00ceNTORS \u0218I M\u0102 APUC DE TREAB\u0102\u201d - BTV","robots":{"index":"index","follow":"follow","max-snippet":"max-snippet:-1","max-image-preview":"max-image-preview:large","max-video-preview":"max-video-preview:-1"},"canonical":"https:\/\/www.btv.md\/ro\/nadia-savcenko-m-am-intors-si-ma-apuc-de-treaba\/","og_locale":"ro_RO","og_type":"article","og_title":"NADIA SAVCENKO: \u201eM-AM \u00ceNTORS \u0218I M\u0102 APUC DE TREAB\u0102\u201d - BTV","og_description":"Pilotul militar ucrainean Nadia Savcenko, aleas\u0103 deputat\u0103 \u00een timp ce se afla \u00eencarcerat\u0103 \u00een Rusia, \u015fi-a f\u0103cut mar\u0163i &#8216;intrarea \u00een parlament&#8217; printr-un apel adresat deputa\u0163ilor &#8216;s\u0103 nu tr\u0103deze Ucraina&#8217;, relateaz\u0103 AFP \u015fi postul de televiziune ucrainean 112.ua \u00een pagina sa electronic\u0103, scrie Agerpres. &#8216;Sunt deputat\u0103 a Ucrainei. M-am \u00eentors \u015fi m\u0103 apuc de treab\u0103&#8216;, a [&hellip;]","og_url":"https:\/\/www.btv.md\/ro\/nadia-savcenko-m-am-intors-si-ma-apuc-de-treaba\/","og_site_name":"BTV","article_publisher":"https:\/\/www.facebook.com\/btvmoldova\/","article_published_time":"2016-06-02T09:35:35+00:00","og_image":[{"width":620,"height":386,"url":"https:\/\/www.btv.md\/wp-content\/uploads\/2016\/06\/1405358754-2571-nadejda-savchenko.png","type":"image\/png"}],"author":"admin","twitter_misc":{"Scris de":"admin","Timp estimat pentru citire":"1 minut"},"schema":{"@context":"https:\/\/schema.org","@graph":[{"@type":"Article","@id":"https:\/\/www.btv.md\/ro\/nadia-savcenko-m-am-intors-si-ma-apuc-de-treaba\/#article","isPartOf":{"@id":"https:\/\/www.btv.md\/ro\/nadia-savcenko-m-am-intors-si-ma-apuc-de-treaba\/"},"author":{"name":"admin","@id":"https:\/\/www.btv.md\/#\/schema\/person\/8fadce81561b3ce2c34c46dadc4ccbf2"},"headline":"NADIA SAVCENKO: \u201eM-AM \u00ceNTORS \u0218I M\u0102 APUC DE TREAB\u0102\u201d","datePublished":"2016-06-02T09:35:35+00:00","mainEntityOfPage":{"@id":"https:\/\/www.btv.md\/ro\/nadia-savcenko-m-am-intors-si-ma-apuc-de-treaba\/"},"wordCount":294,"image":{"@id":"https:\/\/www.btv.md\/ro\/nadia-savcenko-m-am-intors-si-ma-apuc-de-treaba\/#primaryimage"},"thumbnailUrl":"https:\/\/www.btv.md\/wp-content\/uploads\/2016\/06\/1405358754-2571-nadejda-savchenko.png","articleSection":["Externe"],"inLanguage":"ro-RO"},{"@type":"WebPage","@id":"https:\/\/www.btv.md\/ro\/nadia-savcenko-m-am-intors-si-ma-apuc-de-treaba\/","url":"https:\/\/www.btv.md\/ro\/nadia-savcenko-m-am-intors-si-ma-apuc-de-treaba\/","name":"NADIA SAVCENKO: \u201eM-AM \u00ceNTORS \u0218I M\u0102 APUC DE TREAB\u0102\u201d - BTV","isPartOf":{"@id":"https:\/\/www.btv.md\/#website"},"primaryImageOfPage":{"@id":"https:\/\/www.btv.md\/ro\/nadia-savcenko-m-am-intors-si-ma-apuc-de-treaba\/#primaryimage"},"image":{"@id":"https:\/\/www.btv.md\/ro\/nadia-savcenko-m-am-intors-si-ma-apuc-de-treaba\/#primaryimage"},"thumbnailUrl":"https:\/\/www.btv.md\/wp-content\/uploads\/2016\/06\/1405358754-2571-nadejda-savchenko.png","datePublished":"2016-06-02T09:35:35+00:00","author":{"@id":"https:\/\/www.btv.md\/#\/schema\/person\/8fadce81561b3ce2c34c46dadc4ccbf2"},"inLanguage":"ro-RO","potentialAction":[{"@type":"ReadAction","target":["https:\/\/www.btv.md\/ro\/nadia-savcenko-m-am-intors-si-ma-apuc-de-treaba\/"]}]},{"@type":"ImageObject","inLanguage":"ro-RO","@id":"https:\/\/www.btv.md\/ro\/nadia-savcenko-m-am-intors-si-ma-apuc-de-treaba\/#primaryimage","url":"https:\/\/www.btv.md\/wp-content\/uploads\/2016\/06\/1405358754-2571-nadejda-savchenko.png","contentUrl":"https:\/\/www.btv.md\/wp-content\/uploads\/2016\/06\/1405358754-2571-nadejda-savchenko.png","width":620,"height":386},{"@type":"WebSite","@id":"https:\/\/www.btv.md\/#website","url":"https:\/\/www.btv.md\/","name":"BTV","description":"\u0411\u0435\u043b\u044c\u0446\u043a\u043e\u0435 \u0442\u0435\u043b\u0435\u0432\u0438\u0434\u0435\u043d\u0438\u0435","potentialAction":[{"@type":"SearchAction","target":{"@type":"EntryPoint","urlTemplate":"https:\/\/www.btv.md\/?s={search_term_string}"},"query-input":{"@type":"PropertyValueSpecification","valueRequired":true,"valueName":"search_term_string"}}],"inLanguage":"ro-RO"},{"@type":"Person","@id":"https:\/\/www.btv.md\/#\/schema\/person\/8fadce81561b3ce2c34c46dadc4ccbf2","name":"admin"}]}},"_links":{"self":[{"href":"https:\/\/www.btv.md\/ro\/wp-json\/wp\/v2\/posts\/13955","targetHints":{"allow":["GET"]}}],"collection":[{"href":"https:\/\/www.btv.md\/ro\/wp-json\/wp\/v2\/posts"}],"about":[{"href":"https:\/\/www.btv.md\/ro\/wp-json\/wp\/v2\/types\/post"}],"author":[{"embeddable":true,"href":"https:\/\/www.btv.md\/ro\/wp-json\/wp\/v2\/users\/4"}],"replies":[{"embeddable":true,"href":"https:\/\/www.btv.md\/ro\/wp-json\/wp\/v2\/comments?post=13955"}],"version-history":[{"count":0,"href":"https:\/\/www.btv.md\/ro\/wp-json\/wp\/v2\/posts\/13955\/revisions"}],"wp:featuredmedia":[{"embeddable":true,"href":"https:\/\/www.btv.md\/ro\/wp-json\/wp\/v2\/media\/13957"}],"wp:attachment":[{"href":"https:\/\/www.btv.md\/ro\/wp-json\/wp\/v2\/media?parent=13955"}],"wp:term":[{"taxonomy":"category","embeddable":true,"href":"https:\/\/www.btv.md\/ro\/wp-json\/wp\/v2\/categories?post=13955"},{"taxonomy":"post_tag","embeddable":true,"href":"https:\/\/www.btv.md\/ro\/wp-json\/wp\/v2\/tags?post=13955"}],"curies":[{"name":"wp","href":"https:\/\/api.w.org\/{rel}","templated":true}]}}