{"id":13958,"date":"2016-06-02T12:38:08","date_gmt":"2016-06-02T09:38:08","guid":{"rendered":"http:\/\/btv.md\/?p=13958"},"modified":"2016-06-02T12:38:08","modified_gmt":"2016-06-02T09:38:08","slug":"unde-se-afla-cel-mai-mare-tunel-din-lume","status":"publish","type":"post","link":"https:\/\/www.btv.md\/ro\/unde-se-afla-cel-mai-mare-tunel-din-lume\/","title":{"rendered":"UNDE  SE  AFL\u0102  CEL  MAI  MARE  TUNEL  DIN  LUME"},"content":{"rendered":"<p><strong>Elve\u021bia a inaugurat cel mai lung \u0219i cel mai ad\u00e2nc tunel de cale ferat\u0103 din \u00eentreaga lume, a c\u0103rui construc\u021bie a durat 17 ani, a costat 12,2 miliarde de franci elve\u021bieni (12 miliarde de dolari) \u0219i reprezint\u0103 un simbol al Europei unite, transmit AP, Reuters \u0219i DPA.<\/strong><\/p>\n<p>Noul tunel Gotthard are o lungime de 57,1 km, trece pe sub mun\u021bii Alpi \u0219i dep\u0103\u0219e\u0219te tunelul Seikan, de 53,8 kilometri. Tunelul va reduce timpul de c\u0103l\u0103torie, va atenua traficul pe autostr\u0103zi \u0219i poluarea. Zilnic vor trece prin tunel 260 de trenuri de marf\u0103 \u0219i 65 de trenuri de pasageri. <\/p>\n<p>Primele dou\u0103 trenuri care vor str\u0103bate tunelul vor transporta 1.000 de cet\u0103\u021beni elve\u021bieni, un gest simbolic de respect fa\u021b\u0103 de pl\u0103titorii de taxe din Elve\u021bia care au finan\u021bat proiectul. Tunelul Gotthard face parte dintr-un proiect de infrastructur\u0103 de 23 miliarde de franci elve\u021bieni care urmeaz\u0103 s\u0103 fie finalizat p\u00e2n\u0103 \u00een 2020 \u0219i va \u00eembun\u0103t\u0103\u021bi transportul pe cale ferat\u0103, conect\u00e2nd centrele industriale din nordul \u0219i sudul Europei. Linia de cale ferat\u0103 va uni acum portul olandez Rotterdam de la Marea Nordului cu portul italian Genova de la marea Mediteran\u0103. <\/p>\n<p>Traficul regulat prin tunel va fi posibil din decembrie, a anun\u021bat Compania na\u021bional\u0103 elve\u021bian\u0103 de c\u0103i ferate SBB, p\u00e2n\u0103 atunci fiind prev\u0103zute teste.<\/p>\n<p><a href=\"http:\/\/www.agerpres.ro\/\" target=\"_blank\">agerpres.ro<\/a><\/p>\n","protected":false},"excerpt":{"rendered":"<p>Elve\u021bia a inaugurat cel mai lung \u0219i cel mai ad\u00e2nc tunel de cale ferat\u0103 din \u00eentreaga lume, a c\u0103rui construc\u021bie a durat 17 ani, a costat 12,2 miliarde de franci elve\u021bieni (12 miliarde de dolari) \u0219i reprezint\u0103 un simbol al Europei unite, transmit AP, Reuters \u0219i DPA. Noul tunel Gotthard are o lungime de 57,1 [&hellip;]<\/p>\n","protected":false},"author":4,"featured_media":13960,"comment_status":"closed","ping_status":"closed","sticky":false,"template":"","format":"standard","meta":{"footnotes":""},"categories":[6354],"tags":[],"class_list":["post-13958","post","type-post","status-publish","format-standard","has-post-thumbnail","hentry","category-externe-ro"],"yoast_head":"<!-- This site is optimized with the Yoast SEO plugin v27.4 - https:\/\/yoast.com\/product\/yoast-seo-wordpress\/ -->\n<title>UNDE SE AFL\u0102 CEL MAI MARE TUNEL DIN LUME - BTV<\/title>\n<meta name=\"robots\" content=\"index, follow, max-snippet:-1, max-image-preview:large, max-video-preview:-1\" \/>\n<link rel=\"canonical\" href=\"https:\/\/www.btv.md\/ro\/unde-se-afla-cel-mai-mare-tunel-din-lume\/\" \/>\n<meta property=\"og:locale\" content=\"ro_RO\" \/>\n<meta property=\"og:type\" content=\"article\" \/>\n<meta property=\"og:title\" content=\"UNDE SE AFL\u0102 CEL MAI MARE TUNEL DIN LUME - BTV\" \/>\n<meta property=\"og:description\" content=\"Elve\u021bia a inaugurat cel mai lung \u0219i cel mai ad\u00e2nc tunel de cale ferat\u0103 din \u00eentreaga lume, a c\u0103rui construc\u021bie a durat 17 ani, a costat 12,2 miliarde de franci elve\u021bieni (12 miliarde de dolari) \u0219i reprezint\u0103 un simbol al Europei unite, transmit AP, Reuters \u0219i DPA. Noul tunel Gotthard are o lungime de 57,1 [&hellip;]\" \/>\n<meta property=\"og:url\" content=\"https:\/\/www.btv.md\/ro\/unde-se-afla-cel-mai-mare-tunel-din-lume\/\" \/>\n<meta property=\"og:site_name\" content=\"BTV\" \/>\n<meta property=\"article:publisher\" content=\"https:\/\/www.facebook.com\/btvmoldova\/\" \/>\n<meta property=\"article:published_time\" content=\"2016-06-02T09:38:08+00:00\" \/>\n<meta property=\"og:image\" content=\"https:\/\/www.btv.md\/wp-content\/uploads\/2016\/06\/tunel_article-main-image.jpg\" \/>\n\t<meta property=\"og:image:width\" content=\"660\" \/>\n\t<meta property=\"og:image:height\" content=\"275\" \/>\n\t<meta property=\"og:image:type\" content=\"image\/jpeg\" \/>\n<meta name=\"author\" content=\"admin\" \/>\n<meta name=\"twitter:label1\" content=\"Scris de\" \/>\n\t<meta name=\"twitter:data1\" content=\"admin\" \/>\n\t<meta name=\"twitter:label2\" content=\"Timp estimat pentru citire\" \/>\n\t<meta name=\"twitter:data2\" content=\"1 minut\" \/>\n<script type=\"application\/ld+json\" class=\"yoast-schema-graph\">{\"@context\":\"https:\\\/\\\/schema.org\",\"@graph\":[{\"@type\":\"Article\",\"@id\":\"https:\\\/\\\/www.btv.md\\\/ro\\\/unde-se-afla-cel-mai-mare-tunel-din-lume\\\/#article\",\"isPartOf\":{\"@id\":\"https:\\\/\\\/www.btv.md\\\/ro\\\/unde-se-afla-cel-mai-mare-tunel-din-lume\\\/\"},\"author\":{\"name\":\"admin\",\"@id\":\"https:\\\/\\\/www.btv.md\\\/#\\\/schema\\\/person\\\/8fadce81561b3ce2c34c46dadc4ccbf2\"},\"headline\":\"UNDE SE AFL\u0102 CEL MAI MARE TUNEL DIN LUME\",\"datePublished\":\"2016-06-02T09:38:08+00:00\",\"mainEntityOfPage\":{\"@id\":\"https:\\\/\\\/www.btv.md\\\/ro\\\/unde-se-afla-cel-mai-mare-tunel-din-lume\\\/\"},\"wordCount\":237,\"image\":{\"@id\":\"https:\\\/\\\/www.btv.md\\\/ro\\\/unde-se-afla-cel-mai-mare-tunel-din-lume\\\/#primaryimage\"},\"thumbnailUrl\":\"https:\\\/\\\/www.btv.md\\\/wp-content\\\/uploads\\\/2016\\\/06\\\/tunel_article-main-image.jpg\",\"articleSection\":[\"Externe\"],\"inLanguage\":\"ro-RO\"},{\"@type\":\"WebPage\",\"@id\":\"https:\\\/\\\/www.btv.md\\\/ro\\\/unde-se-afla-cel-mai-mare-tunel-din-lume\\\/\",\"url\":\"https:\\\/\\\/www.btv.md\\\/ro\\\/unde-se-afla-cel-mai-mare-tunel-din-lume\\\/\",\"name\":\"UNDE SE AFL\u0102 CEL MAI MARE TUNEL DIN LUME - BTV\",\"isPartOf\":{\"@id\":\"https:\\\/\\\/www.btv.md\\\/#website\"},\"primaryImageOfPage\":{\"@id\":\"https:\\\/\\\/www.btv.md\\\/ro\\\/unde-se-afla-cel-mai-mare-tunel-din-lume\\\/#primaryimage\"},\"image\":{\"@id\":\"https:\\\/\\\/www.btv.md\\\/ro\\\/unde-se-afla-cel-mai-mare-tunel-din-lume\\\/#primaryimage\"},\"thumbnailUrl\":\"https:\\\/\\\/www.btv.md\\\/wp-content\\\/uploads\\\/2016\\\/06\\\/tunel_article-main-image.jpg\",\"datePublished\":\"2016-06-02T09:38:08+00:00\",\"author\":{\"@id\":\"https:\\\/\\\/www.btv.md\\\/#\\\/schema\\\/person\\\/8fadce81561b3ce2c34c46dadc4ccbf2\"},\"inLanguage\":\"ro-RO\",\"potentialAction\":[{\"@type\":\"ReadAction\",\"target\":[\"https:\\\/\\\/www.btv.md\\\/ro\\\/unde-se-afla-cel-mai-mare-tunel-din-lume\\\/\"]}]},{\"@type\":\"ImageObject\",\"inLanguage\":\"ro-RO\",\"@id\":\"https:\\\/\\\/www.btv.md\\\/ro\\\/unde-se-afla-cel-mai-mare-tunel-din-lume\\\/#primaryimage\",\"url\":\"https:\\\/\\\/www.btv.md\\\/wp-content\\\/uploads\\\/2016\\\/06\\\/tunel_article-main-image.jpg\",\"contentUrl\":\"https:\\\/\\\/www.btv.md\\\/wp-content\\\/uploads\\\/2016\\\/06\\\/tunel_article-main-image.jpg\",\"width\":660,\"height\":275},{\"@type\":\"WebSite\",\"@id\":\"https:\\\/\\\/www.btv.md\\\/#website\",\"url\":\"https:\\\/\\\/www.btv.md\\\/\",\"name\":\"BTV\",\"description\":\"\u0411\u0435\u043b\u044c\u0446\u043a\u043e\u0435 \u0442\u0435\u043b\u0435\u0432\u0438\u0434\u0435\u043d\u0438\u0435\",\"potentialAction\":[{\"@type\":\"SearchAction\",\"target\":{\"@type\":\"EntryPoint\",\"urlTemplate\":\"https:\\\/\\\/www.btv.md\\\/?s={search_term_string}\"},\"query-input\":{\"@type\":\"PropertyValueSpecification\",\"valueRequired\":true,\"valueName\":\"search_term_string\"}}],\"inLanguage\":\"ro-RO\"},{\"@type\":\"Person\",\"@id\":\"https:\\\/\\\/www.btv.md\\\/#\\\/schema\\\/person\\\/8fadce81561b3ce2c34c46dadc4ccbf2\",\"name\":\"admin\"}]}<\/script>\n<!-- \/ Yoast SEO plugin. -->","yoast_head_json":{"title":"UNDE SE AFL\u0102 CEL MAI MARE TUNEL DIN LUME - BTV","robots":{"index":"index","follow":"follow","max-snippet":"max-snippet:-1","max-image-preview":"max-image-preview:large","max-video-preview":"max-video-preview:-1"},"canonical":"https:\/\/www.btv.md\/ro\/unde-se-afla-cel-mai-mare-tunel-din-lume\/","og_locale":"ro_RO","og_type":"article","og_title":"UNDE SE AFL\u0102 CEL MAI MARE TUNEL DIN LUME - BTV","og_description":"Elve\u021bia a inaugurat cel mai lung \u0219i cel mai ad\u00e2nc tunel de cale ferat\u0103 din \u00eentreaga lume, a c\u0103rui construc\u021bie a durat 17 ani, a costat 12,2 miliarde de franci elve\u021bieni (12 miliarde de dolari) \u0219i reprezint\u0103 un simbol al Europei unite, transmit AP, Reuters \u0219i DPA. Noul tunel Gotthard are o lungime de 57,1 [&hellip;]","og_url":"https:\/\/www.btv.md\/ro\/unde-se-afla-cel-mai-mare-tunel-din-lume\/","og_site_name":"BTV","article_publisher":"https:\/\/www.facebook.com\/btvmoldova\/","article_published_time":"2016-06-02T09:38:08+00:00","og_image":[{"width":660,"height":275,"url":"https:\/\/www.btv.md\/wp-content\/uploads\/2016\/06\/tunel_article-main-image.jpg","type":"image\/jpeg"}],"author":"admin","twitter_misc":{"Scris de":"admin","Timp estimat pentru citire":"1 minut"},"schema":{"@context":"https:\/\/schema.org","@graph":[{"@type":"Article","@id":"https:\/\/www.btv.md\/ro\/unde-se-afla-cel-mai-mare-tunel-din-lume\/#article","isPartOf":{"@id":"https:\/\/www.btv.md\/ro\/unde-se-afla-cel-mai-mare-tunel-din-lume\/"},"author":{"name":"admin","@id":"https:\/\/www.btv.md\/#\/schema\/person\/8fadce81561b3ce2c34c46dadc4ccbf2"},"headline":"UNDE SE AFL\u0102 CEL MAI MARE TUNEL DIN LUME","datePublished":"2016-06-02T09:38:08+00:00","mainEntityOfPage":{"@id":"https:\/\/www.btv.md\/ro\/unde-se-afla-cel-mai-mare-tunel-din-lume\/"},"wordCount":237,"image":{"@id":"https:\/\/www.btv.md\/ro\/unde-se-afla-cel-mai-mare-tunel-din-lume\/#primaryimage"},"thumbnailUrl":"https:\/\/www.btv.md\/wp-content\/uploads\/2016\/06\/tunel_article-main-image.jpg","articleSection":["Externe"],"inLanguage":"ro-RO"},{"@type":"WebPage","@id":"https:\/\/www.btv.md\/ro\/unde-se-afla-cel-mai-mare-tunel-din-lume\/","url":"https:\/\/www.btv.md\/ro\/unde-se-afla-cel-mai-mare-tunel-din-lume\/","name":"UNDE SE AFL\u0102 CEL MAI MARE TUNEL DIN LUME - BTV","isPartOf":{"@id":"https:\/\/www.btv.md\/#website"},"primaryImageOfPage":{"@id":"https:\/\/www.btv.md\/ro\/unde-se-afla-cel-mai-mare-tunel-din-lume\/#primaryimage"},"image":{"@id":"https:\/\/www.btv.md\/ro\/unde-se-afla-cel-mai-mare-tunel-din-lume\/#primaryimage"},"thumbnailUrl":"https:\/\/www.btv.md\/wp-content\/uploads\/2016\/06\/tunel_article-main-image.jpg","datePublished":"2016-06-02T09:38:08+00:00","author":{"@id":"https:\/\/www.btv.md\/#\/schema\/person\/8fadce81561b3ce2c34c46dadc4ccbf2"},"inLanguage":"ro-RO","potentialAction":[{"@type":"ReadAction","target":["https:\/\/www.btv.md\/ro\/unde-se-afla-cel-mai-mare-tunel-din-lume\/"]}]},{"@type":"ImageObject","inLanguage":"ro-RO","@id":"https:\/\/www.btv.md\/ro\/unde-se-afla-cel-mai-mare-tunel-din-lume\/#primaryimage","url":"https:\/\/www.btv.md\/wp-content\/uploads\/2016\/06\/tunel_article-main-image.jpg","contentUrl":"https:\/\/www.btv.md\/wp-content\/uploads\/2016\/06\/tunel_article-main-image.jpg","width":660,"height":275},{"@type":"WebSite","@id":"https:\/\/www.btv.md\/#website","url":"https:\/\/www.btv.md\/","name":"BTV","description":"\u0411\u0435\u043b\u044c\u0446\u043a\u043e\u0435 \u0442\u0435\u043b\u0435\u0432\u0438\u0434\u0435\u043d\u0438\u0435","potentialAction":[{"@type":"SearchAction","target":{"@type":"EntryPoint","urlTemplate":"https:\/\/www.btv.md\/?s={search_term_string}"},"query-input":{"@type":"PropertyValueSpecification","valueRequired":true,"valueName":"search_term_string"}}],"inLanguage":"ro-RO"},{"@type":"Person","@id":"https:\/\/www.btv.md\/#\/schema\/person\/8fadce81561b3ce2c34c46dadc4ccbf2","name":"admin"}]}},"_links":{"self":[{"href":"https:\/\/www.btv.md\/ro\/wp-json\/wp\/v2\/posts\/13958","targetHints":{"allow":["GET"]}}],"collection":[{"href":"https:\/\/www.btv.md\/ro\/wp-json\/wp\/v2\/posts"}],"about":[{"href":"https:\/\/www.btv.md\/ro\/wp-json\/wp\/v2\/types\/post"}],"author":[{"embeddable":true,"href":"https:\/\/www.btv.md\/ro\/wp-json\/wp\/v2\/users\/4"}],"replies":[{"embeddable":true,"href":"https:\/\/www.btv.md\/ro\/wp-json\/wp\/v2\/comments?post=13958"}],"version-history":[{"count":0,"href":"https:\/\/www.btv.md\/ro\/wp-json\/wp\/v2\/posts\/13958\/revisions"}],"wp:featuredmedia":[{"embeddable":true,"href":"https:\/\/www.btv.md\/ro\/wp-json\/wp\/v2\/media\/13960"}],"wp:attachment":[{"href":"https:\/\/www.btv.md\/ro\/wp-json\/wp\/v2\/media?parent=13958"}],"wp:term":[{"taxonomy":"category","embeddable":true,"href":"https:\/\/www.btv.md\/ro\/wp-json\/wp\/v2\/categories?post=13958"},{"taxonomy":"post_tag","embeddable":true,"href":"https:\/\/www.btv.md\/ro\/wp-json\/wp\/v2\/tags?post=13958"}],"curies":[{"name":"wp","href":"https:\/\/api.w.org\/{rel}","templated":true}]}}