{"id":13964,"date":"2016-06-02T12:46:51","date_gmt":"2016-06-02T09:46:51","guid":{"rendered":"http:\/\/btv.md\/?p=13964"},"modified":"2016-06-02T12:46:51","modified_gmt":"2016-06-02T09:46:51","slug":"16-ani-de-inchisoare-pentru-capitanul-vasului-costa-concordia","status":"publish","type":"post","link":"https:\/\/www.btv.md\/ro\/16-ani-de-inchisoare-pentru-capitanul-vasului-costa-concordia\/","title":{"rendered":"16 ANI DE  \u00ceNCHISOARE  PENTRU C\u0102PITANUL VASULUI COSTA CONCORDIA"},"content":{"rendered":"<p><strong>O nou\u0103 decizie judec\u0103toreasc\u0103 \u00een cazul c\u0103pitanului vasului Costa Concordia, care a e\u015fuat \u00een urm\u0103 cu patru ani \u00een largul coastelor italiene, provoc\u00e2nd moartea a 32 de oameni.<\/strong><\/p>\n<p>Curtea de Apel din Floren\u0163a a confirmat condamnarea de 16 ani pentru c\u0103pitanul Francesco Schettino, pronun\u0163at\u0103 \u00een prim\u0103 instan\u0163\u0103.<\/p>\n<p>Decizia vine dup\u0103 ce avoca\u0163ii c\u0103pitanului au f\u0103cut apel la prima pronun\u0163are, iar procurorii au cerut la curtea de apel din Floren\u0163a cre\u015fterea condamn\u0103rii de la 16 la 27 ani de \u00eenchisoare. Instan\u0163a a respins cererea procurorilor, dar a confirmat prima condamnare pronun\u0163at\u0103 anul trecut.<\/p>\n<p>Francesco Schettino mai poate s\u0103 fac\u0103 apel la Curtea Suprem\u0103 de Justi\u0163ie a Italiei, ultima cale de atac. C\u0103pitanul a fost condamnat pentru ucidere din culp\u0103 ca urmare a izbirii navei Costa Concordia de o st\u00e2nc\u0103 \u00een apropierea insulei Giglio.<\/p>\n<p><a href=\"http:\/\/www.agerpres.ro\/\" target=\"_blank\">agerpres.ro<\/a><\/p>\n","protected":false},"excerpt":{"rendered":"<p>O nou\u0103 decizie judec\u0103toreasc\u0103 \u00een cazul c\u0103pitanului vasului Costa Concordia, care a e\u015fuat \u00een urm\u0103 cu patru ani \u00een largul coastelor italiene, provoc\u00e2nd moartea a 32 de oameni. Curtea de Apel din Floren\u0163a a confirmat condamnarea de 16 ani pentru c\u0103pitanul Francesco Schettino, pronun\u0163at\u0103 \u00een prim\u0103 instan\u0163\u0103. Decizia vine dup\u0103 ce avoca\u0163ii c\u0103pitanului au f\u0103cut [&hellip;]<\/p>\n","protected":false},"author":4,"featured_media":13965,"comment_status":"closed","ping_status":"closed","sticky":false,"template":"","format":"standard","meta":{"footnotes":""},"categories":[14],"tags":[],"class_list":["post-13964","post","type-post","status-publish","format-standard","has-post-thumbnail","hentry","category-externe"],"yoast_head":"<!-- This site is optimized with the Yoast SEO plugin v27.4 - https:\/\/yoast.com\/product\/yoast-seo-wordpress\/ -->\n<title>16 ANI DE \u00ceNCHISOARE PENTRU C\u0102PITANUL VASULUI COSTA CONCORDIA  - BTV<\/title>\n<meta name=\"robots\" content=\"index, follow, max-snippet:-1, max-image-preview:large, max-video-preview:-1\" \/>\n<link rel=\"canonical\" href=\"https:\/\/www.btv.md\/ro\/16-ani-de-inchisoare-pentru-capitanul-vasului-costa-concordia\/\" \/>\n<meta property=\"og:locale\" content=\"ro_RO\" \/>\n<meta property=\"og:type\" content=\"article\" \/>\n<meta property=\"og:title\" content=\"16 ANI DE \u00ceNCHISOARE PENTRU C\u0102PITANUL VASULUI COSTA CONCORDIA  - BTV\" \/>\n<meta property=\"og:description\" content=\"O nou\u0103 decizie judec\u0103toreasc\u0103 \u00een cazul c\u0103pitanului vasului Costa Concordia, care a e\u015fuat \u00een urm\u0103 cu patru ani \u00een largul coastelor italiene, provoc\u00e2nd moartea a 32 de oameni. Curtea de Apel din Floren\u0163a a confirmat condamnarea de 16 ani pentru c\u0103pitanul Francesco Schettino, pronun\u0163at\u0103 \u00een prim\u0103 instan\u0163\u0103. Decizia vine dup\u0103 ce avoca\u0163ii c\u0103pitanului au f\u0103cut [&hellip;]\" \/>\n<meta property=\"og:url\" content=\"https:\/\/www.btv.md\/ro\/16-ani-de-inchisoare-pentru-capitanul-vasului-costa-concordia\/\" \/>\n<meta property=\"og:site_name\" content=\"BTV\" \/>\n<meta property=\"article:publisher\" content=\"https:\/\/www.facebook.com\/btvmoldova\/\" \/>\n<meta property=\"article:published_time\" content=\"2016-06-02T09:46:51+00:00\" \/>\n<meta property=\"og:image\" content=\"https:\/\/www.btv.md\/wp-content\/uploads\/2016\/06\/646x404.jpg\" \/>\n\t<meta property=\"og:image:width\" content=\"637\" \/>\n\t<meta property=\"og:image:height\" content=\"373\" \/>\n\t<meta property=\"og:image:type\" content=\"image\/jpeg\" \/>\n<meta name=\"author\" content=\"admin\" \/>\n<meta name=\"twitter:label1\" content=\"Scris de\" \/>\n\t<meta name=\"twitter:data1\" content=\"admin\" \/>\n\t<meta name=\"twitter:label2\" content=\"Timp estimat pentru citire\" \/>\n\t<meta name=\"twitter:data2\" content=\"1 minut\" \/>\n<script type=\"application\/ld+json\" class=\"yoast-schema-graph\">{\"@context\":\"https:\\\/\\\/schema.org\",\"@graph\":[{\"@type\":\"Article\",\"@id\":\"https:\\\/\\\/www.btv.md\\\/ro\\\/16-ani-de-inchisoare-pentru-capitanul-vasului-costa-concordia\\\/#article\",\"isPartOf\":{\"@id\":\"https:\\\/\\\/www.btv.md\\\/ro\\\/16-ani-de-inchisoare-pentru-capitanul-vasului-costa-concordia\\\/\"},\"author\":{\"name\":\"admin\",\"@id\":\"https:\\\/\\\/www.btv.md\\\/#\\\/schema\\\/person\\\/8fadce81561b3ce2c34c46dadc4ccbf2\"},\"headline\":\"16 ANI DE \u00ceNCHISOARE PENTRU C\u0102PITANUL VASULUI COSTA CONCORDIA\",\"datePublished\":\"2016-06-02T09:46:51+00:00\",\"mainEntityOfPage\":{\"@id\":\"https:\\\/\\\/www.btv.md\\\/ro\\\/16-ani-de-inchisoare-pentru-capitanul-vasului-costa-concordia\\\/\"},\"wordCount\":158,\"image\":{\"@id\":\"https:\\\/\\\/www.btv.md\\\/ro\\\/16-ani-de-inchisoare-pentru-capitanul-vasului-costa-concordia\\\/#primaryimage\"},\"thumbnailUrl\":\"https:\\\/\\\/www.btv.md\\\/wp-content\\\/uploads\\\/2016\\\/06\\\/646x404.jpg\",\"articleSection\":[\"\u0417\u0430\u0440\u0443\u0431\u0435\u0436\u043d\u044b\u0435\"],\"inLanguage\":\"ro-RO\"},{\"@type\":\"WebPage\",\"@id\":\"https:\\\/\\\/www.btv.md\\\/ro\\\/16-ani-de-inchisoare-pentru-capitanul-vasului-costa-concordia\\\/\",\"url\":\"https:\\\/\\\/www.btv.md\\\/ro\\\/16-ani-de-inchisoare-pentru-capitanul-vasului-costa-concordia\\\/\",\"name\":\"16 ANI DE \u00ceNCHISOARE PENTRU C\u0102PITANUL VASULUI COSTA CONCORDIA - BTV\",\"isPartOf\":{\"@id\":\"https:\\\/\\\/www.btv.md\\\/#website\"},\"primaryImageOfPage\":{\"@id\":\"https:\\\/\\\/www.btv.md\\\/ro\\\/16-ani-de-inchisoare-pentru-capitanul-vasului-costa-concordia\\\/#primaryimage\"},\"image\":{\"@id\":\"https:\\\/\\\/www.btv.md\\\/ro\\\/16-ani-de-inchisoare-pentru-capitanul-vasului-costa-concordia\\\/#primaryimage\"},\"thumbnailUrl\":\"https:\\\/\\\/www.btv.md\\\/wp-content\\\/uploads\\\/2016\\\/06\\\/646x404.jpg\",\"datePublished\":\"2016-06-02T09:46:51+00:00\",\"author\":{\"@id\":\"https:\\\/\\\/www.btv.md\\\/#\\\/schema\\\/person\\\/8fadce81561b3ce2c34c46dadc4ccbf2\"},\"inLanguage\":\"ro-RO\",\"potentialAction\":[{\"@type\":\"ReadAction\",\"target\":[\"https:\\\/\\\/www.btv.md\\\/ro\\\/16-ani-de-inchisoare-pentru-capitanul-vasului-costa-concordia\\\/\"]}]},{\"@type\":\"ImageObject\",\"inLanguage\":\"ro-RO\",\"@id\":\"https:\\\/\\\/www.btv.md\\\/ro\\\/16-ani-de-inchisoare-pentru-capitanul-vasului-costa-concordia\\\/#primaryimage\",\"url\":\"https:\\\/\\\/www.btv.md\\\/wp-content\\\/uploads\\\/2016\\\/06\\\/646x404.jpg\",\"contentUrl\":\"https:\\\/\\\/www.btv.md\\\/wp-content\\\/uploads\\\/2016\\\/06\\\/646x404.jpg\",\"width\":637,\"height\":373},{\"@type\":\"WebSite\",\"@id\":\"https:\\\/\\\/www.btv.md\\\/#website\",\"url\":\"https:\\\/\\\/www.btv.md\\\/\",\"name\":\"BTV\",\"description\":\"\u0411\u0435\u043b\u044c\u0446\u043a\u043e\u0435 \u0442\u0435\u043b\u0435\u0432\u0438\u0434\u0435\u043d\u0438\u0435\",\"potentialAction\":[{\"@type\":\"SearchAction\",\"target\":{\"@type\":\"EntryPoint\",\"urlTemplate\":\"https:\\\/\\\/www.btv.md\\\/?s={search_term_string}\"},\"query-input\":{\"@type\":\"PropertyValueSpecification\",\"valueRequired\":true,\"valueName\":\"search_term_string\"}}],\"inLanguage\":\"ro-RO\"},{\"@type\":\"Person\",\"@id\":\"https:\\\/\\\/www.btv.md\\\/#\\\/schema\\\/person\\\/8fadce81561b3ce2c34c46dadc4ccbf2\",\"name\":\"admin\"}]}<\/script>\n<!-- \/ Yoast SEO plugin. -->","yoast_head_json":{"title":"16 ANI DE \u00ceNCHISOARE PENTRU C\u0102PITANUL VASULUI COSTA CONCORDIA  - BTV","robots":{"index":"index","follow":"follow","max-snippet":"max-snippet:-1","max-image-preview":"max-image-preview:large","max-video-preview":"max-video-preview:-1"},"canonical":"https:\/\/www.btv.md\/ro\/16-ani-de-inchisoare-pentru-capitanul-vasului-costa-concordia\/","og_locale":"ro_RO","og_type":"article","og_title":"16 ANI DE \u00ceNCHISOARE PENTRU C\u0102PITANUL VASULUI COSTA CONCORDIA  - BTV","og_description":"O nou\u0103 decizie judec\u0103toreasc\u0103 \u00een cazul c\u0103pitanului vasului Costa Concordia, care a e\u015fuat \u00een urm\u0103 cu patru ani \u00een largul coastelor italiene, provoc\u00e2nd moartea a 32 de oameni. Curtea de Apel din Floren\u0163a a confirmat condamnarea de 16 ani pentru c\u0103pitanul Francesco Schettino, pronun\u0163at\u0103 \u00een prim\u0103 instan\u0163\u0103. Decizia vine dup\u0103 ce avoca\u0163ii c\u0103pitanului au f\u0103cut [&hellip;]","og_url":"https:\/\/www.btv.md\/ro\/16-ani-de-inchisoare-pentru-capitanul-vasului-costa-concordia\/","og_site_name":"BTV","article_publisher":"https:\/\/www.facebook.com\/btvmoldova\/","article_published_time":"2016-06-02T09:46:51+00:00","og_image":[{"width":637,"height":373,"url":"https:\/\/www.btv.md\/wp-content\/uploads\/2016\/06\/646x404.jpg","type":"image\/jpeg"}],"author":"admin","twitter_misc":{"Scris de":"admin","Timp estimat pentru citire":"1 minut"},"schema":{"@context":"https:\/\/schema.org","@graph":[{"@type":"Article","@id":"https:\/\/www.btv.md\/ro\/16-ani-de-inchisoare-pentru-capitanul-vasului-costa-concordia\/#article","isPartOf":{"@id":"https:\/\/www.btv.md\/ro\/16-ani-de-inchisoare-pentru-capitanul-vasului-costa-concordia\/"},"author":{"name":"admin","@id":"https:\/\/www.btv.md\/#\/schema\/person\/8fadce81561b3ce2c34c46dadc4ccbf2"},"headline":"16 ANI DE \u00ceNCHISOARE PENTRU C\u0102PITANUL VASULUI COSTA CONCORDIA","datePublished":"2016-06-02T09:46:51+00:00","mainEntityOfPage":{"@id":"https:\/\/www.btv.md\/ro\/16-ani-de-inchisoare-pentru-capitanul-vasului-costa-concordia\/"},"wordCount":158,"image":{"@id":"https:\/\/www.btv.md\/ro\/16-ani-de-inchisoare-pentru-capitanul-vasului-costa-concordia\/#primaryimage"},"thumbnailUrl":"https:\/\/www.btv.md\/wp-content\/uploads\/2016\/06\/646x404.jpg","articleSection":["\u0417\u0430\u0440\u0443\u0431\u0435\u0436\u043d\u044b\u0435"],"inLanguage":"ro-RO"},{"@type":"WebPage","@id":"https:\/\/www.btv.md\/ro\/16-ani-de-inchisoare-pentru-capitanul-vasului-costa-concordia\/","url":"https:\/\/www.btv.md\/ro\/16-ani-de-inchisoare-pentru-capitanul-vasului-costa-concordia\/","name":"16 ANI DE \u00ceNCHISOARE PENTRU C\u0102PITANUL VASULUI COSTA CONCORDIA - BTV","isPartOf":{"@id":"https:\/\/www.btv.md\/#website"},"primaryImageOfPage":{"@id":"https:\/\/www.btv.md\/ro\/16-ani-de-inchisoare-pentru-capitanul-vasului-costa-concordia\/#primaryimage"},"image":{"@id":"https:\/\/www.btv.md\/ro\/16-ani-de-inchisoare-pentru-capitanul-vasului-costa-concordia\/#primaryimage"},"thumbnailUrl":"https:\/\/www.btv.md\/wp-content\/uploads\/2016\/06\/646x404.jpg","datePublished":"2016-06-02T09:46:51+00:00","author":{"@id":"https:\/\/www.btv.md\/#\/schema\/person\/8fadce81561b3ce2c34c46dadc4ccbf2"},"inLanguage":"ro-RO","potentialAction":[{"@type":"ReadAction","target":["https:\/\/www.btv.md\/ro\/16-ani-de-inchisoare-pentru-capitanul-vasului-costa-concordia\/"]}]},{"@type":"ImageObject","inLanguage":"ro-RO","@id":"https:\/\/www.btv.md\/ro\/16-ani-de-inchisoare-pentru-capitanul-vasului-costa-concordia\/#primaryimage","url":"https:\/\/www.btv.md\/wp-content\/uploads\/2016\/06\/646x404.jpg","contentUrl":"https:\/\/www.btv.md\/wp-content\/uploads\/2016\/06\/646x404.jpg","width":637,"height":373},{"@type":"WebSite","@id":"https:\/\/www.btv.md\/#website","url":"https:\/\/www.btv.md\/","name":"BTV","description":"\u0411\u0435\u043b\u044c\u0446\u043a\u043e\u0435 \u0442\u0435\u043b\u0435\u0432\u0438\u0434\u0435\u043d\u0438\u0435","potentialAction":[{"@type":"SearchAction","target":{"@type":"EntryPoint","urlTemplate":"https:\/\/www.btv.md\/?s={search_term_string}"},"query-input":{"@type":"PropertyValueSpecification","valueRequired":true,"valueName":"search_term_string"}}],"inLanguage":"ro-RO"},{"@type":"Person","@id":"https:\/\/www.btv.md\/#\/schema\/person\/8fadce81561b3ce2c34c46dadc4ccbf2","name":"admin"}]}},"_links":{"self":[{"href":"https:\/\/www.btv.md\/ro\/wp-json\/wp\/v2\/posts\/13964","targetHints":{"allow":["GET"]}}],"collection":[{"href":"https:\/\/www.btv.md\/ro\/wp-json\/wp\/v2\/posts"}],"about":[{"href":"https:\/\/www.btv.md\/ro\/wp-json\/wp\/v2\/types\/post"}],"author":[{"embeddable":true,"href":"https:\/\/www.btv.md\/ro\/wp-json\/wp\/v2\/users\/4"}],"replies":[{"embeddable":true,"href":"https:\/\/www.btv.md\/ro\/wp-json\/wp\/v2\/comments?post=13964"}],"version-history":[{"count":0,"href":"https:\/\/www.btv.md\/ro\/wp-json\/wp\/v2\/posts\/13964\/revisions"}],"wp:featuredmedia":[{"embeddable":true,"href":"https:\/\/www.btv.md\/ro\/wp-json\/wp\/v2\/media\/13965"}],"wp:attachment":[{"href":"https:\/\/www.btv.md\/ro\/wp-json\/wp\/v2\/media?parent=13964"}],"wp:term":[{"taxonomy":"category","embeddable":true,"href":"https:\/\/www.btv.md\/ro\/wp-json\/wp\/v2\/categories?post=13964"},{"taxonomy":"post_tag","embeddable":true,"href":"https:\/\/www.btv.md\/ro\/wp-json\/wp\/v2\/tags?post=13964"}],"curies":[{"name":"wp","href":"https:\/\/api.w.org\/{rel}","templated":true}]}}