{"id":13967,"date":"2016-06-02T12:49:50","date_gmt":"2016-06-02T09:49:50","guid":{"rendered":"http:\/\/btv.md\/?p=13967"},"modified":"2016-06-02T12:49:50","modified_gmt":"2016-06-02T09:49:50","slug":"tara-cu-cele-mai-dure-masuri-antifumat","status":"publish","type":"post","link":"https:\/\/www.btv.md\/ro\/tara-cu-cele-mai-dure-masuri-antifumat\/","title":{"rendered":"\u021aARA  CU  CELE  MAI  DURE  M\u0102SURI  ANTIFUMAT"},"content":{"rendered":"<p><strong>Dup\u0103 pachetul neutru \u015fi pre\u0163urile prohibitive, guvernul australian \u00ee\u015fi continu\u0103 m\u0103surile dure \u00eempotriva fumatului, citeaz\u0103 de Agerpres.<\/strong><\/p>\n<p>Statul Queensland propune chiar interzicerea v\u00e2nz\u0103rii de \u0163ig\u0103ri tinerilor n\u0103scu\u0163i dup\u0103 anul 2001. Acest lucru \u00eenseamn\u0103 c\u0103 tinerii de 15 ani nu vor avea niciodat\u0103 dreptul s\u0103 fumeze. <\/p>\n<p>Pachetul neutru este comercializat \u00een Australia din 2012. Pe de alt\u0103 parte, \u00een magazine \u0163ig\u0103rile se afl\u0103 \u00een spatele tejghelei v\u00e2nz\u0103torului sau \u00eenchise \u00eentr-un dulap pe care sunt afi\u015fate mesajele &#8222;Fumatul ucide&#8221; \u015fi &#8222;Opri\u0163i-v\u0103 din fumat&#8221;. Un pachet al uneia dintre cele mai v\u00e2ndute m\u0103rci de \u0163ig\u0103ri din lume cost\u0103 26,50 de dolari australieni (16,76 de euro) \u015fi este acoperit cu imagini \u015focante ale unor persoane grav bolnave din cauza fumatului. <\/p>\n<p>Australia nu se opre\u015fte \u00eens\u0103 aici. La prezentarea bugetului pe 2016-2017, una dintre m\u0103surile men\u0163ionate a vizat consumul de \u0163ig\u0103ri. \u00cencep\u00e2nd din septembrie 2017, anual, timp de patru ani, pre\u0163ul pachetelor de \u0163ig\u0103ri va cre\u015fte cu 12,5%, urm\u00e2nd s\u0103 ajung\u0103 la aproape 27 de euro \u00een 2020. O alt\u0103 m\u0103sur\u0103 restrictiv\u0103 este c\u0103 fum\u0103torii trebuie s\u0103 renun\u0163e la cartu\u015fele f\u0103r\u0103 tax\u0103 din aeroporturi sau aduse din str\u0103in\u0103tate: vor fi permise doar 25 de \u0163ig\u0103ri de pasager \u00een loc de 50 \u00een prezent. Guvernul va spori mijloacele destinate luptei \u00eempotriva traficului, m\u0103surile urm\u00e2nd s\u0103 aduc\u0103 statului 4,7 miliarde de dolari australieni (3 miliarde de euro). <\/p>\n<p>Ministrul s\u0103n\u0103t\u0103\u0163ii din Queensland, Cameron Dick, va reflecta la aceast\u0103 propunere. Printr-o lege votat\u0103 \u00een luna februarie, este interzis\u0103 v\u00e2nzarea \u0163ig\u0103rilor la festivaluri, \u00een sta\u0163iile de autobuz, de taxi, \u00een apropierea zonelor rezervate copiilor, pe str\u0103zile pietonale etc. Erau prev\u0103zute \u015fi balcoanele private, \u00eens\u0103 m\u0103sura a fost abandonat\u0103, unii men\u0163ion\u00e2nd \u00een acest caz \u00eenc\u0103lcarea libert\u0103\u0163ilor individuale. &#8222;<em>Fumatul a devenit \u00een mod clar social inacceptabil \u00een Queensland<\/em>&#8222;, a spus Cameron Dick. <\/p>\n<p>\u015ei celelalte state iau m\u0103suri antifumat. Victoria, unde se afl\u0103 ora\u015ful Melbourne, adaug\u0103 mereu locuri pe lista celor unde este interzis fumatul. Tasmania a propus interzicerea fumatului p\u00e2n\u0103 la 21 de ani \u015fi chiar p\u00e2n\u0103 la 25. \u00cen New South Wales, cine aprinde o \u0163igar\u0103 pe o plaj\u0103 din Sydney este pasibil de o amend\u0103 de 110 dolari (71 de euro). <\/p>\n<p>Toate aceste m\u0103suri ar fi eficiente, potrivit unor date difuzate de guvern: \u00een 1993 fumau 25% dintre persoanele de peste 14 ani, iar \u00een 2013, numai 12,8%.<\/p>\n<p><a href=\"http:\/\/www.romanialibera.ro\/\" target=\"_blank\">romanialibera.ro<\/a><\/p>\n","protected":false},"excerpt":{"rendered":"<p>Dup\u0103 pachetul neutru \u015fi pre\u0163urile prohibitive, guvernul australian \u00ee\u015fi continu\u0103 m\u0103surile dure \u00eempotriva fumatului, citeaz\u0103 de Agerpres. Statul Queensland propune chiar interzicerea v\u00e2nz\u0103rii de \u0163ig\u0103ri tinerilor n\u0103scu\u0163i dup\u0103 anul 2001. Acest lucru \u00eenseamn\u0103 c\u0103 tinerii de 15 ani nu vor avea niciodat\u0103 dreptul s\u0103 fumeze. Pachetul neutru este comercializat \u00een Australia din 2012. Pe de [&hellip;]<\/p>\n","protected":false},"author":4,"featured_media":13968,"comment_status":"closed","ping_status":"closed","sticky":false,"template":"","format":"standard","meta":{"footnotes":""},"categories":[6354],"tags":[],"class_list":["post-13967","post","type-post","status-publish","format-standard","has-post-thumbnail","hentry","category-externe-ro"],"yoast_head":"<!-- This site is optimized with the Yoast SEO plugin v27.4 - https:\/\/yoast.com\/product\/yoast-seo-wordpress\/ -->\n<title>\u021aARA CU CELE MAI DURE M\u0102SURI ANTIFUMAT - BTV<\/title>\n<meta name=\"robots\" content=\"index, follow, max-snippet:-1, max-image-preview:large, max-video-preview:-1\" \/>\n<link rel=\"canonical\" href=\"https:\/\/www.btv.md\/ro\/tara-cu-cele-mai-dure-masuri-antifumat\/\" \/>\n<meta property=\"og:locale\" content=\"ro_RO\" \/>\n<meta property=\"og:type\" content=\"article\" \/>\n<meta property=\"og:title\" content=\"\u021aARA CU CELE MAI DURE M\u0102SURI ANTIFUMAT - BTV\" \/>\n<meta property=\"og:description\" content=\"Dup\u0103 pachetul neutru \u015fi pre\u0163urile prohibitive, guvernul australian \u00ee\u015fi continu\u0103 m\u0103surile dure \u00eempotriva fumatului, citeaz\u0103 de Agerpres. Statul Queensland propune chiar interzicerea v\u00e2nz\u0103rii de \u0163ig\u0103ri tinerilor n\u0103scu\u0163i dup\u0103 anul 2001. Acest lucru \u00eenseamn\u0103 c\u0103 tinerii de 15 ani nu vor avea niciodat\u0103 dreptul s\u0103 fumeze. Pachetul neutru este comercializat \u00een Australia din 2012. Pe de [&hellip;]\" \/>\n<meta property=\"og:url\" content=\"https:\/\/www.btv.md\/ro\/tara-cu-cele-mai-dure-masuri-antifumat\/\" \/>\n<meta property=\"og:site_name\" content=\"BTV\" \/>\n<meta property=\"article:publisher\" content=\"https:\/\/www.facebook.com\/btvmoldova\/\" \/>\n<meta property=\"article:published_time\" content=\"2016-06-02T09:49:50+00:00\" \/>\n<meta property=\"og:image\" content=\"https:\/\/www.btv.md\/wp-content\/uploads\/2016\/06\/fumatul_interzis-640x360.jpg\" \/>\n\t<meta property=\"og:image:width\" content=\"640\" \/>\n\t<meta property=\"og:image:height\" content=\"360\" \/>\n\t<meta property=\"og:image:type\" content=\"image\/jpeg\" \/>\n<meta name=\"author\" content=\"admin\" \/>\n<meta name=\"twitter:label1\" content=\"Scris de\" \/>\n\t<meta name=\"twitter:data1\" content=\"admin\" \/>\n\t<meta name=\"twitter:label2\" content=\"Timp estimat pentru citire\" \/>\n\t<meta name=\"twitter:data2\" content=\"2 minute\" \/>\n<script type=\"application\/ld+json\" class=\"yoast-schema-graph\">{\"@context\":\"https:\\\/\\\/schema.org\",\"@graph\":[{\"@type\":\"Article\",\"@id\":\"https:\\\/\\\/www.btv.md\\\/ro\\\/tara-cu-cele-mai-dure-masuri-antifumat\\\/#article\",\"isPartOf\":{\"@id\":\"https:\\\/\\\/www.btv.md\\\/ro\\\/tara-cu-cele-mai-dure-masuri-antifumat\\\/\"},\"author\":{\"name\":\"admin\",\"@id\":\"https:\\\/\\\/www.btv.md\\\/#\\\/schema\\\/person\\\/8fadce81561b3ce2c34c46dadc4ccbf2\"},\"headline\":\"\u021aARA CU CELE MAI DURE M\u0102SURI ANTIFUMAT\",\"datePublished\":\"2016-06-02T09:49:50+00:00\",\"mainEntityOfPage\":{\"@id\":\"https:\\\/\\\/www.btv.md\\\/ro\\\/tara-cu-cele-mai-dure-masuri-antifumat\\\/\"},\"wordCount\":418,\"image\":{\"@id\":\"https:\\\/\\\/www.btv.md\\\/ro\\\/tara-cu-cele-mai-dure-masuri-antifumat\\\/#primaryimage\"},\"thumbnailUrl\":\"https:\\\/\\\/www.btv.md\\\/wp-content\\\/uploads\\\/2016\\\/06\\\/fumatul_interzis-640x360.jpg\",\"articleSection\":[\"Externe\"],\"inLanguage\":\"ro-RO\"},{\"@type\":\"WebPage\",\"@id\":\"https:\\\/\\\/www.btv.md\\\/ro\\\/tara-cu-cele-mai-dure-masuri-antifumat\\\/\",\"url\":\"https:\\\/\\\/www.btv.md\\\/ro\\\/tara-cu-cele-mai-dure-masuri-antifumat\\\/\",\"name\":\"\u021aARA CU CELE MAI DURE M\u0102SURI ANTIFUMAT - BTV\",\"isPartOf\":{\"@id\":\"https:\\\/\\\/www.btv.md\\\/#website\"},\"primaryImageOfPage\":{\"@id\":\"https:\\\/\\\/www.btv.md\\\/ro\\\/tara-cu-cele-mai-dure-masuri-antifumat\\\/#primaryimage\"},\"image\":{\"@id\":\"https:\\\/\\\/www.btv.md\\\/ro\\\/tara-cu-cele-mai-dure-masuri-antifumat\\\/#primaryimage\"},\"thumbnailUrl\":\"https:\\\/\\\/www.btv.md\\\/wp-content\\\/uploads\\\/2016\\\/06\\\/fumatul_interzis-640x360.jpg\",\"datePublished\":\"2016-06-02T09:49:50+00:00\",\"author\":{\"@id\":\"https:\\\/\\\/www.btv.md\\\/#\\\/schema\\\/person\\\/8fadce81561b3ce2c34c46dadc4ccbf2\"},\"inLanguage\":\"ro-RO\",\"potentialAction\":[{\"@type\":\"ReadAction\",\"target\":[\"https:\\\/\\\/www.btv.md\\\/ro\\\/tara-cu-cele-mai-dure-masuri-antifumat\\\/\"]}]},{\"@type\":\"ImageObject\",\"inLanguage\":\"ro-RO\",\"@id\":\"https:\\\/\\\/www.btv.md\\\/ro\\\/tara-cu-cele-mai-dure-masuri-antifumat\\\/#primaryimage\",\"url\":\"https:\\\/\\\/www.btv.md\\\/wp-content\\\/uploads\\\/2016\\\/06\\\/fumatul_interzis-640x360.jpg\",\"contentUrl\":\"https:\\\/\\\/www.btv.md\\\/wp-content\\\/uploads\\\/2016\\\/06\\\/fumatul_interzis-640x360.jpg\",\"width\":640,\"height\":360},{\"@type\":\"WebSite\",\"@id\":\"https:\\\/\\\/www.btv.md\\\/#website\",\"url\":\"https:\\\/\\\/www.btv.md\\\/\",\"name\":\"BTV\",\"description\":\"\u0411\u0435\u043b\u044c\u0446\u043a\u043e\u0435 \u0442\u0435\u043b\u0435\u0432\u0438\u0434\u0435\u043d\u0438\u0435\",\"potentialAction\":[{\"@type\":\"SearchAction\",\"target\":{\"@type\":\"EntryPoint\",\"urlTemplate\":\"https:\\\/\\\/www.btv.md\\\/?s={search_term_string}\"},\"query-input\":{\"@type\":\"PropertyValueSpecification\",\"valueRequired\":true,\"valueName\":\"search_term_string\"}}],\"inLanguage\":\"ro-RO\"},{\"@type\":\"Person\",\"@id\":\"https:\\\/\\\/www.btv.md\\\/#\\\/schema\\\/person\\\/8fadce81561b3ce2c34c46dadc4ccbf2\",\"name\":\"admin\"}]}<\/script>\n<!-- \/ Yoast SEO plugin. -->","yoast_head_json":{"title":"\u021aARA CU CELE MAI DURE M\u0102SURI ANTIFUMAT - BTV","robots":{"index":"index","follow":"follow","max-snippet":"max-snippet:-1","max-image-preview":"max-image-preview:large","max-video-preview":"max-video-preview:-1"},"canonical":"https:\/\/www.btv.md\/ro\/tara-cu-cele-mai-dure-masuri-antifumat\/","og_locale":"ro_RO","og_type":"article","og_title":"\u021aARA CU CELE MAI DURE M\u0102SURI ANTIFUMAT - BTV","og_description":"Dup\u0103 pachetul neutru \u015fi pre\u0163urile prohibitive, guvernul australian \u00ee\u015fi continu\u0103 m\u0103surile dure \u00eempotriva fumatului, citeaz\u0103 de Agerpres. Statul Queensland propune chiar interzicerea v\u00e2nz\u0103rii de \u0163ig\u0103ri tinerilor n\u0103scu\u0163i dup\u0103 anul 2001. Acest lucru \u00eenseamn\u0103 c\u0103 tinerii de 15 ani nu vor avea niciodat\u0103 dreptul s\u0103 fumeze. Pachetul neutru este comercializat \u00een Australia din 2012. Pe de [&hellip;]","og_url":"https:\/\/www.btv.md\/ro\/tara-cu-cele-mai-dure-masuri-antifumat\/","og_site_name":"BTV","article_publisher":"https:\/\/www.facebook.com\/btvmoldova\/","article_published_time":"2016-06-02T09:49:50+00:00","og_image":[{"width":640,"height":360,"url":"https:\/\/www.btv.md\/wp-content\/uploads\/2016\/06\/fumatul_interzis-640x360.jpg","type":"image\/jpeg"}],"author":"admin","twitter_misc":{"Scris de":"admin","Timp estimat pentru citire":"2 minute"},"schema":{"@context":"https:\/\/schema.org","@graph":[{"@type":"Article","@id":"https:\/\/www.btv.md\/ro\/tara-cu-cele-mai-dure-masuri-antifumat\/#article","isPartOf":{"@id":"https:\/\/www.btv.md\/ro\/tara-cu-cele-mai-dure-masuri-antifumat\/"},"author":{"name":"admin","@id":"https:\/\/www.btv.md\/#\/schema\/person\/8fadce81561b3ce2c34c46dadc4ccbf2"},"headline":"\u021aARA CU CELE MAI DURE M\u0102SURI ANTIFUMAT","datePublished":"2016-06-02T09:49:50+00:00","mainEntityOfPage":{"@id":"https:\/\/www.btv.md\/ro\/tara-cu-cele-mai-dure-masuri-antifumat\/"},"wordCount":418,"image":{"@id":"https:\/\/www.btv.md\/ro\/tara-cu-cele-mai-dure-masuri-antifumat\/#primaryimage"},"thumbnailUrl":"https:\/\/www.btv.md\/wp-content\/uploads\/2016\/06\/fumatul_interzis-640x360.jpg","articleSection":["Externe"],"inLanguage":"ro-RO"},{"@type":"WebPage","@id":"https:\/\/www.btv.md\/ro\/tara-cu-cele-mai-dure-masuri-antifumat\/","url":"https:\/\/www.btv.md\/ro\/tara-cu-cele-mai-dure-masuri-antifumat\/","name":"\u021aARA CU CELE MAI DURE M\u0102SURI ANTIFUMAT - BTV","isPartOf":{"@id":"https:\/\/www.btv.md\/#website"},"primaryImageOfPage":{"@id":"https:\/\/www.btv.md\/ro\/tara-cu-cele-mai-dure-masuri-antifumat\/#primaryimage"},"image":{"@id":"https:\/\/www.btv.md\/ro\/tara-cu-cele-mai-dure-masuri-antifumat\/#primaryimage"},"thumbnailUrl":"https:\/\/www.btv.md\/wp-content\/uploads\/2016\/06\/fumatul_interzis-640x360.jpg","datePublished":"2016-06-02T09:49:50+00:00","author":{"@id":"https:\/\/www.btv.md\/#\/schema\/person\/8fadce81561b3ce2c34c46dadc4ccbf2"},"inLanguage":"ro-RO","potentialAction":[{"@type":"ReadAction","target":["https:\/\/www.btv.md\/ro\/tara-cu-cele-mai-dure-masuri-antifumat\/"]}]},{"@type":"ImageObject","inLanguage":"ro-RO","@id":"https:\/\/www.btv.md\/ro\/tara-cu-cele-mai-dure-masuri-antifumat\/#primaryimage","url":"https:\/\/www.btv.md\/wp-content\/uploads\/2016\/06\/fumatul_interzis-640x360.jpg","contentUrl":"https:\/\/www.btv.md\/wp-content\/uploads\/2016\/06\/fumatul_interzis-640x360.jpg","width":640,"height":360},{"@type":"WebSite","@id":"https:\/\/www.btv.md\/#website","url":"https:\/\/www.btv.md\/","name":"BTV","description":"\u0411\u0435\u043b\u044c\u0446\u043a\u043e\u0435 \u0442\u0435\u043b\u0435\u0432\u0438\u0434\u0435\u043d\u0438\u0435","potentialAction":[{"@type":"SearchAction","target":{"@type":"EntryPoint","urlTemplate":"https:\/\/www.btv.md\/?s={search_term_string}"},"query-input":{"@type":"PropertyValueSpecification","valueRequired":true,"valueName":"search_term_string"}}],"inLanguage":"ro-RO"},{"@type":"Person","@id":"https:\/\/www.btv.md\/#\/schema\/person\/8fadce81561b3ce2c34c46dadc4ccbf2","name":"admin"}]}},"_links":{"self":[{"href":"https:\/\/www.btv.md\/ro\/wp-json\/wp\/v2\/posts\/13967","targetHints":{"allow":["GET"]}}],"collection":[{"href":"https:\/\/www.btv.md\/ro\/wp-json\/wp\/v2\/posts"}],"about":[{"href":"https:\/\/www.btv.md\/ro\/wp-json\/wp\/v2\/types\/post"}],"author":[{"embeddable":true,"href":"https:\/\/www.btv.md\/ro\/wp-json\/wp\/v2\/users\/4"}],"replies":[{"embeddable":true,"href":"https:\/\/www.btv.md\/ro\/wp-json\/wp\/v2\/comments?post=13967"}],"version-history":[{"count":0,"href":"https:\/\/www.btv.md\/ro\/wp-json\/wp\/v2\/posts\/13967\/revisions"}],"wp:featuredmedia":[{"embeddable":true,"href":"https:\/\/www.btv.md\/ro\/wp-json\/wp\/v2\/media\/13968"}],"wp:attachment":[{"href":"https:\/\/www.btv.md\/ro\/wp-json\/wp\/v2\/media?parent=13967"}],"wp:term":[{"taxonomy":"category","embeddable":true,"href":"https:\/\/www.btv.md\/ro\/wp-json\/wp\/v2\/categories?post=13967"},{"taxonomy":"post_tag","embeddable":true,"href":"https:\/\/www.btv.md\/ro\/wp-json\/wp\/v2\/tags?post=13967"}],"curies":[{"name":"wp","href":"https:\/\/api.w.org\/{rel}","templated":true}]}}