{"id":13992,"date":"2016-06-02T15:51:19","date_gmt":"2016-06-02T12:51:19","guid":{"rendered":"http:\/\/btv.md\/?p=13992"},"modified":"2016-06-02T16:06:20","modified_gmt":"2016-06-02T13:06:20","slug":"daruri-pentru-cei-mai-tristi-ca-noi","status":"publish","type":"post","link":"https:\/\/www.btv.md\/ro\/daruri-pentru-cei-mai-tristi-ca-noi\/","title":{"rendered":"DARURI  PENTRU  CEI  MAI  TRI\u0218TI  CA  NOI"},"content":{"rendered":"<p><strong>Daruri pentru cei mai tri\u0219ti ca noi. Copiii cu nevoi speciale de la gr\u0103dini\u021ba num\u0103rul 13 \u0219i 29 din B\u0103l\u021bi, au primit cadouri dulci din partea asocia\u021biei ob\u0219te\u0219ti \u201eSperan\u021ba\u201d.<\/strong><\/p>\n<p>Pre\u0219edintele asocia\u021biei, Raisa Ceremu\u0219, spune c\u0103 vin aici de fiecare dat\u0103 c\u00e2nd li se solicit\u0103 ajutor.<\/p>\n<p>La r\u00e2ndul lor, directorii gr\u0103dini\u021belor \u0219i-au exprimat mul\u021bumirea pentru gesturile de caritate, oferite cu regularitate pentru micu\u021bii de aici.<\/p>\n<p>Copiii spun c\u0103 au primit multe cadouri \u0219i c\u0103 s-au distrat pe cinste.<\/p>\n<p>Micu\u021bii au \u00eendemnat oamenii s\u0103 fac\u0103 mai multe lucruri bune.<\/p>\n<p>\u00cencep\u00e2nd cu s\u0103pt\u0103m\u00e2na viitoare, caravana cu cadouri va merge la copiii din satul Sadovoe \u0219i din raionul R\u00e2\u0219cani.<\/p>\n<p>NATALIA  TOCARCIUC<br \/>\nCORNELIU  VIERU<br \/>\nCHIRA BATRANAC<br \/>\n<iframe width=\"420\" height=\"315\" data-src=\"https:\/\/www.youtube.com\/embed\/eIf0Tl5UQIo\" frameborder=\"0\" allowfullscreen src=\"data:image\/svg+xml;base64,PHN2ZyB3aWR0aD0iMSIgaGVpZ2h0PSIxIiB4bWxucz0iaHR0cDovL3d3dy53My5vcmcvMjAwMC9zdmciPjwvc3ZnPg==\" class=\"lazyload\" data-load-mode=\"1\"><\/iframe><\/p>\n","protected":false},"excerpt":{"rendered":"<p>Daruri pentru cei mai tri\u0219ti ca noi. Copiii cu nevoi speciale de la gr\u0103dini\u021ba num\u0103rul 13 \u0219i 29 din B\u0103l\u021bi, au primit cadouri dulci din partea asocia\u021biei ob\u0219te\u0219ti \u201eSperan\u021ba\u201d. Pre\u0219edintele asocia\u021biei, Raisa Ceremu\u0219, spune c\u0103 vin aici de fiecare dat\u0103 c\u00e2nd li se solicit\u0103 ajutor. La r\u00e2ndul lor, directorii gr\u0103dini\u021belor \u0219i-au exprimat mul\u021bumirea pentru gesturile [&hellip;]<\/p>\n","protected":false},"author":4,"featured_media":13994,"comment_status":"closed","ping_status":"closed","sticky":false,"template":"","format":"standard","meta":{"footnotes":""},"categories":[6353],"tags":[],"class_list":["post-13992","post","type-post","status-publish","format-standard","has-post-thumbnail","hentry","category-oras"],"yoast_head":"<!-- This site is optimized with the Yoast SEO plugin v27.4 - https:\/\/yoast.com\/product\/yoast-seo-wordpress\/ -->\n<title>DARURI PENTRU CEI MAI TRI\u0218TI CA NOI - BTV<\/title>\n<meta name=\"robots\" content=\"index, follow, max-snippet:-1, max-image-preview:large, max-video-preview:-1\" \/>\n<link rel=\"canonical\" href=\"https:\/\/www.btv.md\/ro\/daruri-pentru-cei-mai-tristi-ca-noi\/\" \/>\n<meta property=\"og:locale\" content=\"ro_RO\" \/>\n<meta property=\"og:type\" content=\"article\" \/>\n<meta property=\"og:title\" content=\"DARURI PENTRU CEI MAI TRI\u0218TI CA NOI - BTV\" \/>\n<meta property=\"og:description\" content=\"Daruri pentru cei mai tri\u0219ti ca noi. Copiii cu nevoi speciale de la gr\u0103dini\u021ba num\u0103rul 13 \u0219i 29 din B\u0103l\u021bi, au primit cadouri dulci din partea asocia\u021biei ob\u0219te\u0219ti \u201eSperan\u021ba\u201d. Pre\u0219edintele asocia\u021biei, Raisa Ceremu\u0219, spune c\u0103 vin aici de fiecare dat\u0103 c\u00e2nd li se solicit\u0103 ajutor. La r\u00e2ndul lor, directorii gr\u0103dini\u021belor \u0219i-au exprimat mul\u021bumirea pentru gesturile [&hellip;]\" \/>\n<meta property=\"og:url\" content=\"https:\/\/www.btv.md\/ro\/daruri-pentru-cei-mai-tristi-ca-noi\/\" \/>\n<meta property=\"og:site_name\" content=\"BTV\" \/>\n<meta property=\"article:publisher\" content=\"https:\/\/www.facebook.com\/btvmoldova\/\" \/>\n<meta property=\"article:published_time\" content=\"2016-06-02T12:51:19+00:00\" \/>\n<meta property=\"article:modified_time\" content=\"2016-06-02T13:06:20+00:00\" \/>\n<meta property=\"og:image\" content=\"https:\/\/www.btv.md\/wp-content\/uploads\/2016\/06\/gradinite-copii.png\" \/>\n\t<meta property=\"og:image:width\" content=\"875\" \/>\n\t<meta property=\"og:image:height\" content=\"587\" \/>\n\t<meta property=\"og:image:type\" content=\"image\/png\" \/>\n<meta name=\"author\" content=\"admin\" \/>\n<meta name=\"twitter:label1\" content=\"Scris de\" \/>\n\t<meta name=\"twitter:data1\" content=\"admin\" \/>\n\t<meta name=\"twitter:label2\" content=\"Timp estimat pentru citire\" \/>\n\t<meta name=\"twitter:data2\" content=\"1 minut\" \/>\n<script type=\"application\/ld+json\" class=\"yoast-schema-graph\">{\"@context\":\"https:\\\/\\\/schema.org\",\"@graph\":[{\"@type\":\"Article\",\"@id\":\"https:\\\/\\\/www.btv.md\\\/ro\\\/daruri-pentru-cei-mai-tristi-ca-noi\\\/#article\",\"isPartOf\":{\"@id\":\"https:\\\/\\\/www.btv.md\\\/ro\\\/daruri-pentru-cei-mai-tristi-ca-noi\\\/\"},\"author\":{\"name\":\"admin\",\"@id\":\"https:\\\/\\\/www.btv.md\\\/#\\\/schema\\\/person\\\/8fadce81561b3ce2c34c46dadc4ccbf2\"},\"headline\":\"DARURI PENTRU CEI MAI TRI\u0218TI CA NOI\",\"datePublished\":\"2016-06-02T12:51:19+00:00\",\"dateModified\":\"2016-06-02T13:06:20+00:00\",\"mainEntityOfPage\":{\"@id\":\"https:\\\/\\\/www.btv.md\\\/ro\\\/daruri-pentru-cei-mai-tristi-ca-noi\\\/\"},\"wordCount\":141,\"image\":{\"@id\":\"https:\\\/\\\/www.btv.md\\\/ro\\\/daruri-pentru-cei-mai-tristi-ca-noi\\\/#primaryimage\"},\"thumbnailUrl\":\"https:\\\/\\\/www.btv.md\\\/wp-content\\\/uploads\\\/2016\\\/06\\\/gradinite-copii.png\",\"articleSection\":[\"Ora\u0219\"],\"inLanguage\":\"ro-RO\"},{\"@type\":\"WebPage\",\"@id\":\"https:\\\/\\\/www.btv.md\\\/ro\\\/daruri-pentru-cei-mai-tristi-ca-noi\\\/\",\"url\":\"https:\\\/\\\/www.btv.md\\\/ro\\\/daruri-pentru-cei-mai-tristi-ca-noi\\\/\",\"name\":\"DARURI PENTRU CEI MAI TRI\u0218TI CA NOI - BTV\",\"isPartOf\":{\"@id\":\"https:\\\/\\\/www.btv.md\\\/#website\"},\"primaryImageOfPage\":{\"@id\":\"https:\\\/\\\/www.btv.md\\\/ro\\\/daruri-pentru-cei-mai-tristi-ca-noi\\\/#primaryimage\"},\"image\":{\"@id\":\"https:\\\/\\\/www.btv.md\\\/ro\\\/daruri-pentru-cei-mai-tristi-ca-noi\\\/#primaryimage\"},\"thumbnailUrl\":\"https:\\\/\\\/www.btv.md\\\/wp-content\\\/uploads\\\/2016\\\/06\\\/gradinite-copii.png\",\"datePublished\":\"2016-06-02T12:51:19+00:00\",\"dateModified\":\"2016-06-02T13:06:20+00:00\",\"author\":{\"@id\":\"https:\\\/\\\/www.btv.md\\\/#\\\/schema\\\/person\\\/8fadce81561b3ce2c34c46dadc4ccbf2\"},\"inLanguage\":\"ro-RO\",\"potentialAction\":[{\"@type\":\"ReadAction\",\"target\":[\"https:\\\/\\\/www.btv.md\\\/ro\\\/daruri-pentru-cei-mai-tristi-ca-noi\\\/\"]}]},{\"@type\":\"ImageObject\",\"inLanguage\":\"ro-RO\",\"@id\":\"https:\\\/\\\/www.btv.md\\\/ro\\\/daruri-pentru-cei-mai-tristi-ca-noi\\\/#primaryimage\",\"url\":\"https:\\\/\\\/www.btv.md\\\/wp-content\\\/uploads\\\/2016\\\/06\\\/gradinite-copii.png\",\"contentUrl\":\"https:\\\/\\\/www.btv.md\\\/wp-content\\\/uploads\\\/2016\\\/06\\\/gradinite-copii.png\",\"width\":875,\"height\":587},{\"@type\":\"WebSite\",\"@id\":\"https:\\\/\\\/www.btv.md\\\/#website\",\"url\":\"https:\\\/\\\/www.btv.md\\\/\",\"name\":\"BTV\",\"description\":\"\u0411\u0435\u043b\u044c\u0446\u043a\u043e\u0435 \u0442\u0435\u043b\u0435\u0432\u0438\u0434\u0435\u043d\u0438\u0435\",\"potentialAction\":[{\"@type\":\"SearchAction\",\"target\":{\"@type\":\"EntryPoint\",\"urlTemplate\":\"https:\\\/\\\/www.btv.md\\\/?s={search_term_string}\"},\"query-input\":{\"@type\":\"PropertyValueSpecification\",\"valueRequired\":true,\"valueName\":\"search_term_string\"}}],\"inLanguage\":\"ro-RO\"},{\"@type\":\"Person\",\"@id\":\"https:\\\/\\\/www.btv.md\\\/#\\\/schema\\\/person\\\/8fadce81561b3ce2c34c46dadc4ccbf2\",\"name\":\"admin\"}]}<\/script>\n<!-- \/ Yoast SEO plugin. -->","yoast_head_json":{"title":"DARURI PENTRU CEI MAI TRI\u0218TI CA NOI - BTV","robots":{"index":"index","follow":"follow","max-snippet":"max-snippet:-1","max-image-preview":"max-image-preview:large","max-video-preview":"max-video-preview:-1"},"canonical":"https:\/\/www.btv.md\/ro\/daruri-pentru-cei-mai-tristi-ca-noi\/","og_locale":"ro_RO","og_type":"article","og_title":"DARURI PENTRU CEI MAI TRI\u0218TI CA NOI - BTV","og_description":"Daruri pentru cei mai tri\u0219ti ca noi. Copiii cu nevoi speciale de la gr\u0103dini\u021ba num\u0103rul 13 \u0219i 29 din B\u0103l\u021bi, au primit cadouri dulci din partea asocia\u021biei ob\u0219te\u0219ti \u201eSperan\u021ba\u201d. Pre\u0219edintele asocia\u021biei, Raisa Ceremu\u0219, spune c\u0103 vin aici de fiecare dat\u0103 c\u00e2nd li se solicit\u0103 ajutor. La r\u00e2ndul lor, directorii gr\u0103dini\u021belor \u0219i-au exprimat mul\u021bumirea pentru gesturile [&hellip;]","og_url":"https:\/\/www.btv.md\/ro\/daruri-pentru-cei-mai-tristi-ca-noi\/","og_site_name":"BTV","article_publisher":"https:\/\/www.facebook.com\/btvmoldova\/","article_published_time":"2016-06-02T12:51:19+00:00","article_modified_time":"2016-06-02T13:06:20+00:00","og_image":[{"width":875,"height":587,"url":"https:\/\/www.btv.md\/wp-content\/uploads\/2016\/06\/gradinite-copii.png","type":"image\/png"}],"author":"admin","twitter_misc":{"Scris de":"admin","Timp estimat pentru citire":"1 minut"},"schema":{"@context":"https:\/\/schema.org","@graph":[{"@type":"Article","@id":"https:\/\/www.btv.md\/ro\/daruri-pentru-cei-mai-tristi-ca-noi\/#article","isPartOf":{"@id":"https:\/\/www.btv.md\/ro\/daruri-pentru-cei-mai-tristi-ca-noi\/"},"author":{"name":"admin","@id":"https:\/\/www.btv.md\/#\/schema\/person\/8fadce81561b3ce2c34c46dadc4ccbf2"},"headline":"DARURI PENTRU CEI MAI TRI\u0218TI CA NOI","datePublished":"2016-06-02T12:51:19+00:00","dateModified":"2016-06-02T13:06:20+00:00","mainEntityOfPage":{"@id":"https:\/\/www.btv.md\/ro\/daruri-pentru-cei-mai-tristi-ca-noi\/"},"wordCount":141,"image":{"@id":"https:\/\/www.btv.md\/ro\/daruri-pentru-cei-mai-tristi-ca-noi\/#primaryimage"},"thumbnailUrl":"https:\/\/www.btv.md\/wp-content\/uploads\/2016\/06\/gradinite-copii.png","articleSection":["Ora\u0219"],"inLanguage":"ro-RO"},{"@type":"WebPage","@id":"https:\/\/www.btv.md\/ro\/daruri-pentru-cei-mai-tristi-ca-noi\/","url":"https:\/\/www.btv.md\/ro\/daruri-pentru-cei-mai-tristi-ca-noi\/","name":"DARURI PENTRU CEI MAI TRI\u0218TI CA NOI - BTV","isPartOf":{"@id":"https:\/\/www.btv.md\/#website"},"primaryImageOfPage":{"@id":"https:\/\/www.btv.md\/ro\/daruri-pentru-cei-mai-tristi-ca-noi\/#primaryimage"},"image":{"@id":"https:\/\/www.btv.md\/ro\/daruri-pentru-cei-mai-tristi-ca-noi\/#primaryimage"},"thumbnailUrl":"https:\/\/www.btv.md\/wp-content\/uploads\/2016\/06\/gradinite-copii.png","datePublished":"2016-06-02T12:51:19+00:00","dateModified":"2016-06-02T13:06:20+00:00","author":{"@id":"https:\/\/www.btv.md\/#\/schema\/person\/8fadce81561b3ce2c34c46dadc4ccbf2"},"inLanguage":"ro-RO","potentialAction":[{"@type":"ReadAction","target":["https:\/\/www.btv.md\/ro\/daruri-pentru-cei-mai-tristi-ca-noi\/"]}]},{"@type":"ImageObject","inLanguage":"ro-RO","@id":"https:\/\/www.btv.md\/ro\/daruri-pentru-cei-mai-tristi-ca-noi\/#primaryimage","url":"https:\/\/www.btv.md\/wp-content\/uploads\/2016\/06\/gradinite-copii.png","contentUrl":"https:\/\/www.btv.md\/wp-content\/uploads\/2016\/06\/gradinite-copii.png","width":875,"height":587},{"@type":"WebSite","@id":"https:\/\/www.btv.md\/#website","url":"https:\/\/www.btv.md\/","name":"BTV","description":"\u0411\u0435\u043b\u044c\u0446\u043a\u043e\u0435 \u0442\u0435\u043b\u0435\u0432\u0438\u0434\u0435\u043d\u0438\u0435","potentialAction":[{"@type":"SearchAction","target":{"@type":"EntryPoint","urlTemplate":"https:\/\/www.btv.md\/?s={search_term_string}"},"query-input":{"@type":"PropertyValueSpecification","valueRequired":true,"valueName":"search_term_string"}}],"inLanguage":"ro-RO"},{"@type":"Person","@id":"https:\/\/www.btv.md\/#\/schema\/person\/8fadce81561b3ce2c34c46dadc4ccbf2","name":"admin"}]}},"_links":{"self":[{"href":"https:\/\/www.btv.md\/ro\/wp-json\/wp\/v2\/posts\/13992","targetHints":{"allow":["GET"]}}],"collection":[{"href":"https:\/\/www.btv.md\/ro\/wp-json\/wp\/v2\/posts"}],"about":[{"href":"https:\/\/www.btv.md\/ro\/wp-json\/wp\/v2\/types\/post"}],"author":[{"embeddable":true,"href":"https:\/\/www.btv.md\/ro\/wp-json\/wp\/v2\/users\/4"}],"replies":[{"embeddable":true,"href":"https:\/\/www.btv.md\/ro\/wp-json\/wp\/v2\/comments?post=13992"}],"version-history":[{"count":0,"href":"https:\/\/www.btv.md\/ro\/wp-json\/wp\/v2\/posts\/13992\/revisions"}],"wp:featuredmedia":[{"embeddable":true,"href":"https:\/\/www.btv.md\/ro\/wp-json\/wp\/v2\/media\/13994"}],"wp:attachment":[{"href":"https:\/\/www.btv.md\/ro\/wp-json\/wp\/v2\/media?parent=13992"}],"wp:term":[{"taxonomy":"category","embeddable":true,"href":"https:\/\/www.btv.md\/ro\/wp-json\/wp\/v2\/categories?post=13992"},{"taxonomy":"post_tag","embeddable":true,"href":"https:\/\/www.btv.md\/ro\/wp-json\/wp\/v2\/tags?post=13992"}],"curies":[{"name":"wp","href":"https:\/\/api.w.org\/{rel}","templated":true}]}}