{"id":14014,"date":"2016-06-02T18:03:58","date_gmt":"2016-06-02T15:03:58","guid":{"rendered":"http:\/\/btv.md\/?p=14014"},"modified":"2016-06-02T18:03:58","modified_gmt":"2016-06-02T15:03:58","slug":"exercitiu-de-salvare-pentru-minorii-certati-cu-legea","status":"publish","type":"post","link":"https:\/\/www.btv.md\/ro\/exercitiu-de-salvare-pentru-minorii-certati-cu-legea\/","title":{"rendered":"EXERCI\u021aIU  DE SALVARE  PENTRU  MINORII  CERTA\u021aI  CU  LEGEA"},"content":{"rendered":"<p><strong>Minorii care se afl\u0103 sub supravegherea justi\u021biei au participat la un exerci\u021biu practic de instruire privind acordarea primului ajutor \u00een caz de \u00eenec. Potrivit reprezentan\u021bilor Biroului de Proba\u021biune B\u0103l\u021bi, activitatea are drept scop reintegrarea copiilor afla\u021bi \u00een conflict cu legea, \u00een societate.<\/strong><\/p>\n<p>Andrei Bargan are 17 ani. B\u0103iatul este supus proba\u021biunei dup\u0103 ce a s\u0103v\u00e2r\u0219it un furt. El spune c\u0103 regret\u0103 cele int\u00e2mplate \u0219i c\u0103 va face tot posibilul s\u0103 nu mai calce pe acelea\u0219i greble.<\/p>\n<p>Totodat\u0103, b\u0103iatul a \u021binut s\u0103 men\u021bioneze c\u0103 informa\u021bia oferit\u0103 de c\u0103tre salvatori a fost util\u0103, cu at\u00e2t mai mult c\u0103 deja a \u00eenceput sezonul estival.<\/p>\n<p>Potrivit \u0219efului centrului de instruire Zona Nord, Bujor P\u0103pu\u0219oi, \u00een ultima perioad\u0103 se atest\u0103 o cre\u0219tere a num\u0103rul de \u00eenecuri  \u00een r\u00e2ndul copiilor.<\/p>\n<p>De la Biroul de Proba\u021biune din municipiul B\u0103l\u021bi au participat \u0219ase minori.<\/p>\n<p><iframe width=\"420\" height=\"315\" data-src=\"https:\/\/www.youtube.com\/embed\/9a25XDgMNw8\" frameborder=\"0\" allowfullscreen src=\"data:image\/svg+xml;base64,PHN2ZyB3aWR0aD0iMSIgaGVpZ2h0PSIxIiB4bWxucz0iaHR0cDovL3d3dy53My5vcmcvMjAwMC9zdmciPjwvc3ZnPg==\" class=\"lazyload\" data-load-mode=\"1\"><\/iframe><\/p>\n","protected":false},"excerpt":{"rendered":"<p>Minorii care se afl\u0103 sub supravegherea justi\u021biei au participat la un exerci\u021biu practic de instruire privind acordarea primului ajutor \u00een caz de \u00eenec. Potrivit reprezentan\u021bilor Biroului de Proba\u021biune B\u0103l\u021bi, activitatea are drept scop reintegrarea copiilor afla\u021bi \u00een conflict cu legea, \u00een societate. Andrei Bargan are 17 ani. B\u0103iatul este supus proba\u021biunei dup\u0103 ce a s\u0103v\u00e2r\u0219it [&hellip;]<\/p>\n","protected":false},"author":4,"featured_media":14015,"comment_status":"closed","ping_status":"closed","sticky":false,"template":"","format":"standard","meta":{"footnotes":""},"categories":[6353],"tags":[],"class_list":["post-14014","post","type-post","status-publish","format-standard","has-post-thumbnail","hentry","category-oras"],"yoast_head":"<!-- This site is optimized with the Yoast SEO plugin v27.4 - https:\/\/yoast.com\/product\/yoast-seo-wordpress\/ -->\n<title>EXERCI\u021aIU DE SALVARE PENTRU MINORII CERTA\u021aI CU LEGEA  - BTV<\/title>\n<meta name=\"robots\" content=\"index, follow, max-snippet:-1, max-image-preview:large, max-video-preview:-1\" \/>\n<link rel=\"canonical\" href=\"https:\/\/www.btv.md\/ro\/exercitiu-de-salvare-pentru-minorii-certati-cu-legea\/\" \/>\n<meta property=\"og:locale\" content=\"ro_RO\" \/>\n<meta property=\"og:type\" content=\"article\" \/>\n<meta property=\"og:title\" content=\"EXERCI\u021aIU DE SALVARE PENTRU MINORII CERTA\u021aI CU LEGEA  - BTV\" \/>\n<meta property=\"og:description\" content=\"Minorii care se afl\u0103 sub supravegherea justi\u021biei au participat la un exerci\u021biu practic de instruire privind acordarea primului ajutor \u00een caz de \u00eenec. Potrivit reprezentan\u021bilor Biroului de Proba\u021biune B\u0103l\u021bi, activitatea are drept scop reintegrarea copiilor afla\u021bi \u00een conflict cu legea, \u00een societate. Andrei Bargan are 17 ani. B\u0103iatul este supus proba\u021biunei dup\u0103 ce a s\u0103v\u00e2r\u0219it [&hellip;]\" \/>\n<meta property=\"og:url\" content=\"https:\/\/www.btv.md\/ro\/exercitiu-de-salvare-pentru-minorii-certati-cu-legea\/\" \/>\n<meta property=\"og:site_name\" content=\"BTV\" \/>\n<meta property=\"article:publisher\" content=\"https:\/\/www.facebook.com\/btvmoldova\/\" \/>\n<meta property=\"article:published_time\" content=\"2016-06-02T15:03:58+00:00\" \/>\n<meta property=\"og:image\" content=\"https:\/\/www.btv.md\/wp-content\/uploads\/2016\/06\/probatiuni.png\" \/>\n\t<meta property=\"og:image:width\" content=\"1017\" \/>\n\t<meta property=\"og:image:height\" content=\"593\" \/>\n\t<meta property=\"og:image:type\" content=\"image\/png\" \/>\n<meta name=\"author\" content=\"admin\" \/>\n<meta name=\"twitter:label1\" content=\"Scris de\" \/>\n\t<meta name=\"twitter:data1\" content=\"admin\" \/>\n\t<meta name=\"twitter:label2\" content=\"Timp estimat pentru citire\" \/>\n\t<meta name=\"twitter:data2\" content=\"1 minut\" \/>\n<script type=\"application\/ld+json\" class=\"yoast-schema-graph\">{\"@context\":\"https:\\\/\\\/schema.org\",\"@graph\":[{\"@type\":\"Article\",\"@id\":\"https:\\\/\\\/www.btv.md\\\/ro\\\/exercitiu-de-salvare-pentru-minorii-certati-cu-legea\\\/#article\",\"isPartOf\":{\"@id\":\"https:\\\/\\\/www.btv.md\\\/ro\\\/exercitiu-de-salvare-pentru-minorii-certati-cu-legea\\\/\"},\"author\":{\"name\":\"admin\",\"@id\":\"https:\\\/\\\/www.btv.md\\\/#\\\/schema\\\/person\\\/8fadce81561b3ce2c34c46dadc4ccbf2\"},\"headline\":\"EXERCI\u021aIU DE SALVARE PENTRU MINORII CERTA\u021aI CU LEGEA\",\"datePublished\":\"2016-06-02T15:03:58+00:00\",\"mainEntityOfPage\":{\"@id\":\"https:\\\/\\\/www.btv.md\\\/ro\\\/exercitiu-de-salvare-pentru-minorii-certati-cu-legea\\\/\"},\"wordCount\":172,\"image\":{\"@id\":\"https:\\\/\\\/www.btv.md\\\/ro\\\/exercitiu-de-salvare-pentru-minorii-certati-cu-legea\\\/#primaryimage\"},\"thumbnailUrl\":\"https:\\\/\\\/www.btv.md\\\/wp-content\\\/uploads\\\/2016\\\/06\\\/probatiuni.png\",\"articleSection\":[\"Ora\u0219\"],\"inLanguage\":\"ro-RO\"},{\"@type\":\"WebPage\",\"@id\":\"https:\\\/\\\/www.btv.md\\\/ro\\\/exercitiu-de-salvare-pentru-minorii-certati-cu-legea\\\/\",\"url\":\"https:\\\/\\\/www.btv.md\\\/ro\\\/exercitiu-de-salvare-pentru-minorii-certati-cu-legea\\\/\",\"name\":\"EXERCI\u021aIU DE SALVARE PENTRU MINORII CERTA\u021aI CU LEGEA - BTV\",\"isPartOf\":{\"@id\":\"https:\\\/\\\/www.btv.md\\\/#website\"},\"primaryImageOfPage\":{\"@id\":\"https:\\\/\\\/www.btv.md\\\/ro\\\/exercitiu-de-salvare-pentru-minorii-certati-cu-legea\\\/#primaryimage\"},\"image\":{\"@id\":\"https:\\\/\\\/www.btv.md\\\/ro\\\/exercitiu-de-salvare-pentru-minorii-certati-cu-legea\\\/#primaryimage\"},\"thumbnailUrl\":\"https:\\\/\\\/www.btv.md\\\/wp-content\\\/uploads\\\/2016\\\/06\\\/probatiuni.png\",\"datePublished\":\"2016-06-02T15:03:58+00:00\",\"author\":{\"@id\":\"https:\\\/\\\/www.btv.md\\\/#\\\/schema\\\/person\\\/8fadce81561b3ce2c34c46dadc4ccbf2\"},\"inLanguage\":\"ro-RO\",\"potentialAction\":[{\"@type\":\"ReadAction\",\"target\":[\"https:\\\/\\\/www.btv.md\\\/ro\\\/exercitiu-de-salvare-pentru-minorii-certati-cu-legea\\\/\"]}]},{\"@type\":\"ImageObject\",\"inLanguage\":\"ro-RO\",\"@id\":\"https:\\\/\\\/www.btv.md\\\/ro\\\/exercitiu-de-salvare-pentru-minorii-certati-cu-legea\\\/#primaryimage\",\"url\":\"https:\\\/\\\/www.btv.md\\\/wp-content\\\/uploads\\\/2016\\\/06\\\/probatiuni.png\",\"contentUrl\":\"https:\\\/\\\/www.btv.md\\\/wp-content\\\/uploads\\\/2016\\\/06\\\/probatiuni.png\",\"width\":1017,\"height\":593},{\"@type\":\"WebSite\",\"@id\":\"https:\\\/\\\/www.btv.md\\\/#website\",\"url\":\"https:\\\/\\\/www.btv.md\\\/\",\"name\":\"BTV\",\"description\":\"\u0411\u0435\u043b\u044c\u0446\u043a\u043e\u0435 \u0442\u0435\u043b\u0435\u0432\u0438\u0434\u0435\u043d\u0438\u0435\",\"potentialAction\":[{\"@type\":\"SearchAction\",\"target\":{\"@type\":\"EntryPoint\",\"urlTemplate\":\"https:\\\/\\\/www.btv.md\\\/?s={search_term_string}\"},\"query-input\":{\"@type\":\"PropertyValueSpecification\",\"valueRequired\":true,\"valueName\":\"search_term_string\"}}],\"inLanguage\":\"ro-RO\"},{\"@type\":\"Person\",\"@id\":\"https:\\\/\\\/www.btv.md\\\/#\\\/schema\\\/person\\\/8fadce81561b3ce2c34c46dadc4ccbf2\",\"name\":\"admin\"}]}<\/script>\n<!-- \/ Yoast SEO plugin. -->","yoast_head_json":{"title":"EXERCI\u021aIU DE SALVARE PENTRU MINORII CERTA\u021aI CU LEGEA  - BTV","robots":{"index":"index","follow":"follow","max-snippet":"max-snippet:-1","max-image-preview":"max-image-preview:large","max-video-preview":"max-video-preview:-1"},"canonical":"https:\/\/www.btv.md\/ro\/exercitiu-de-salvare-pentru-minorii-certati-cu-legea\/","og_locale":"ro_RO","og_type":"article","og_title":"EXERCI\u021aIU DE SALVARE PENTRU MINORII CERTA\u021aI CU LEGEA  - BTV","og_description":"Minorii care se afl\u0103 sub supravegherea justi\u021biei au participat la un exerci\u021biu practic de instruire privind acordarea primului ajutor \u00een caz de \u00eenec. Potrivit reprezentan\u021bilor Biroului de Proba\u021biune B\u0103l\u021bi, activitatea are drept scop reintegrarea copiilor afla\u021bi \u00een conflict cu legea, \u00een societate. Andrei Bargan are 17 ani. B\u0103iatul este supus proba\u021biunei dup\u0103 ce a s\u0103v\u00e2r\u0219it [&hellip;]","og_url":"https:\/\/www.btv.md\/ro\/exercitiu-de-salvare-pentru-minorii-certati-cu-legea\/","og_site_name":"BTV","article_publisher":"https:\/\/www.facebook.com\/btvmoldova\/","article_published_time":"2016-06-02T15:03:58+00:00","og_image":[{"width":1017,"height":593,"url":"https:\/\/www.btv.md\/wp-content\/uploads\/2016\/06\/probatiuni.png","type":"image\/png"}],"author":"admin","twitter_misc":{"Scris de":"admin","Timp estimat pentru citire":"1 minut"},"schema":{"@context":"https:\/\/schema.org","@graph":[{"@type":"Article","@id":"https:\/\/www.btv.md\/ro\/exercitiu-de-salvare-pentru-minorii-certati-cu-legea\/#article","isPartOf":{"@id":"https:\/\/www.btv.md\/ro\/exercitiu-de-salvare-pentru-minorii-certati-cu-legea\/"},"author":{"name":"admin","@id":"https:\/\/www.btv.md\/#\/schema\/person\/8fadce81561b3ce2c34c46dadc4ccbf2"},"headline":"EXERCI\u021aIU DE SALVARE PENTRU MINORII CERTA\u021aI CU LEGEA","datePublished":"2016-06-02T15:03:58+00:00","mainEntityOfPage":{"@id":"https:\/\/www.btv.md\/ro\/exercitiu-de-salvare-pentru-minorii-certati-cu-legea\/"},"wordCount":172,"image":{"@id":"https:\/\/www.btv.md\/ro\/exercitiu-de-salvare-pentru-minorii-certati-cu-legea\/#primaryimage"},"thumbnailUrl":"https:\/\/www.btv.md\/wp-content\/uploads\/2016\/06\/probatiuni.png","articleSection":["Ora\u0219"],"inLanguage":"ro-RO"},{"@type":"WebPage","@id":"https:\/\/www.btv.md\/ro\/exercitiu-de-salvare-pentru-minorii-certati-cu-legea\/","url":"https:\/\/www.btv.md\/ro\/exercitiu-de-salvare-pentru-minorii-certati-cu-legea\/","name":"EXERCI\u021aIU DE SALVARE PENTRU MINORII CERTA\u021aI CU LEGEA - BTV","isPartOf":{"@id":"https:\/\/www.btv.md\/#website"},"primaryImageOfPage":{"@id":"https:\/\/www.btv.md\/ro\/exercitiu-de-salvare-pentru-minorii-certati-cu-legea\/#primaryimage"},"image":{"@id":"https:\/\/www.btv.md\/ro\/exercitiu-de-salvare-pentru-minorii-certati-cu-legea\/#primaryimage"},"thumbnailUrl":"https:\/\/www.btv.md\/wp-content\/uploads\/2016\/06\/probatiuni.png","datePublished":"2016-06-02T15:03:58+00:00","author":{"@id":"https:\/\/www.btv.md\/#\/schema\/person\/8fadce81561b3ce2c34c46dadc4ccbf2"},"inLanguage":"ro-RO","potentialAction":[{"@type":"ReadAction","target":["https:\/\/www.btv.md\/ro\/exercitiu-de-salvare-pentru-minorii-certati-cu-legea\/"]}]},{"@type":"ImageObject","inLanguage":"ro-RO","@id":"https:\/\/www.btv.md\/ro\/exercitiu-de-salvare-pentru-minorii-certati-cu-legea\/#primaryimage","url":"https:\/\/www.btv.md\/wp-content\/uploads\/2016\/06\/probatiuni.png","contentUrl":"https:\/\/www.btv.md\/wp-content\/uploads\/2016\/06\/probatiuni.png","width":1017,"height":593},{"@type":"WebSite","@id":"https:\/\/www.btv.md\/#website","url":"https:\/\/www.btv.md\/","name":"BTV","description":"\u0411\u0435\u043b\u044c\u0446\u043a\u043e\u0435 \u0442\u0435\u043b\u0435\u0432\u0438\u0434\u0435\u043d\u0438\u0435","potentialAction":[{"@type":"SearchAction","target":{"@type":"EntryPoint","urlTemplate":"https:\/\/www.btv.md\/?s={search_term_string}"},"query-input":{"@type":"PropertyValueSpecification","valueRequired":true,"valueName":"search_term_string"}}],"inLanguage":"ro-RO"},{"@type":"Person","@id":"https:\/\/www.btv.md\/#\/schema\/person\/8fadce81561b3ce2c34c46dadc4ccbf2","name":"admin"}]}},"_links":{"self":[{"href":"https:\/\/www.btv.md\/ro\/wp-json\/wp\/v2\/posts\/14014","targetHints":{"allow":["GET"]}}],"collection":[{"href":"https:\/\/www.btv.md\/ro\/wp-json\/wp\/v2\/posts"}],"about":[{"href":"https:\/\/www.btv.md\/ro\/wp-json\/wp\/v2\/types\/post"}],"author":[{"embeddable":true,"href":"https:\/\/www.btv.md\/ro\/wp-json\/wp\/v2\/users\/4"}],"replies":[{"embeddable":true,"href":"https:\/\/www.btv.md\/ro\/wp-json\/wp\/v2\/comments?post=14014"}],"version-history":[{"count":0,"href":"https:\/\/www.btv.md\/ro\/wp-json\/wp\/v2\/posts\/14014\/revisions"}],"wp:featuredmedia":[{"embeddable":true,"href":"https:\/\/www.btv.md\/ro\/wp-json\/wp\/v2\/media\/14015"}],"wp:attachment":[{"href":"https:\/\/www.btv.md\/ro\/wp-json\/wp\/v2\/media?parent=14014"}],"wp:term":[{"taxonomy":"category","embeddable":true,"href":"https:\/\/www.btv.md\/ro\/wp-json\/wp\/v2\/categories?post=14014"},{"taxonomy":"post_tag","embeddable":true,"href":"https:\/\/www.btv.md\/ro\/wp-json\/wp\/v2\/tags?post=14014"}],"curies":[{"name":"wp","href":"https:\/\/api.w.org\/{rel}","templated":true}]}}