{"id":14019,"date":"2016-06-02T18:22:06","date_gmt":"2016-06-02T15:22:06","guid":{"rendered":"http:\/\/btv.md\/?p=14019"},"modified":"2016-06-02T18:22:07","modified_gmt":"2016-06-02T15:22:07","slug":"scaldatul-in-canalul-de-canotaj-din-balti-strict-interzis","status":"publish","type":"post","link":"https:\/\/www.btv.md\/ro\/scaldatul-in-canalul-de-canotaj-din-balti-strict-interzis\/","title":{"rendered":"SC\u0102LDATUL \u00ceN CANALUL DE CANOTAJ DIN B\u0102L\u021aI, STRICT INTERZIS!"},"content":{"rendered":"<p><strong>Veste rea pentru b\u0103l\u021benii care obi\u0219nuiesc s\u0103 se scalde \u00een canalul de canotaj. Apa nu corespunde nici unei norme biologice sau sanitare. Cel pu\u021bin asta sus\u021bin speciali\u0219tii de la Centrul de S\u0103n\u0103tate Public\u0103, care men\u021bioneaz\u0103 c\u0103 zona nu \u00eendepline\u0219te nici o condi\u021bie pentru a fi considerat\u0103 de agrement. De fapt, lacul nici nu a fost preconizat pentru \u00eemb\u0103iere, afirm\u0103 \u0219eful sec\u021biei s\u0103n\u0103tatea mediului din cadrul Centrului de S\u0103n\u0103tate Public\u0103 B\u0103l\u021bi, Ion Pirogan.<\/strong><\/p>\n<p>\u201e<em>Lacul respectiv a fost construit cu alt scop, pentru antrenamentele sportivilor. Acesta nu poate servi ca lac de agrement pentru c\u0103 nu are mal. Malurile sunt betonate, iar reac\u021biile care se petrec mai des, se petrec \u00eenspre mal.<\/em>\u201d<\/p>\n<p>Problema \u00eens\u0103 nu const\u0103 doar \u00een calitatea proast\u0103 a apei. <\/p>\n<p>\u201e<em>O alt\u0103 problem\u0103 este c\u0103 nimeni nu se uit\u0103 dup\u0103 el. Nu avem nici o condi\u021bie acolo. Lumea vine, se odihne\u0219te, se \u00eemb\u0103ie\u0219te, dar nu avem nici o condi\u021bie. Ap\u0103 nu avem, canalizare nu avem, nimeni nu este de serviciu, cum ar fi un personal medical.<\/em>\u201d<\/p>\n<p>Canalul de canotaj din B\u0103l\u021bi are o suprafa\u021b\u0103 de 120 de mii de m2 \u0219i un volumul ap\u0103 de peste 200 de mii de m3.<\/p>\n<p>NATALIA  TOCARCIUC<br \/>\nIURIE  BOLD<\/p>\n<p><iframe width=\"420\" height=\"315\" data-src=\"https:\/\/www.youtube.com\/embed\/zR_jKUD551k\" frameborder=\"0\" allowfullscreen src=\"data:image\/svg+xml;base64,PHN2ZyB3aWR0aD0iMSIgaGVpZ2h0PSIxIiB4bWxucz0iaHR0cDovL3d3dy53My5vcmcvMjAwMC9zdmciPjwvc3ZnPg==\" class=\"lazyload\" data-load-mode=\"1\"><\/iframe><\/p>\n","protected":false},"excerpt":{"rendered":"<p>Veste rea pentru b\u0103l\u021benii care obi\u0219nuiesc s\u0103 se scalde \u00een canalul de canotaj. Apa nu corespunde nici unei norme biologice sau sanitare. Cel pu\u021bin asta sus\u021bin speciali\u0219tii de la Centrul de S\u0103n\u0103tate Public\u0103, care men\u021bioneaz\u0103 c\u0103 zona nu \u00eendepline\u0219te nici o condi\u021bie pentru a fi considerat\u0103 de agrement. De fapt, lacul nici nu a fost [&hellip;]<\/p>\n","protected":false},"author":4,"featured_media":14020,"comment_status":"closed","ping_status":"closed","sticky":false,"template":"","format":"standard","meta":{"footnotes":""},"categories":[6353],"tags":[],"class_list":["post-14019","post","type-post","status-publish","format-standard","has-post-thumbnail","hentry","category-oras"],"yoast_head":"<!-- This site is optimized with the Yoast SEO plugin v27.4 - https:\/\/yoast.com\/product\/yoast-seo-wordpress\/ -->\n<title>SC\u0102LDATUL \u00ceN CANALUL DE CANOTAJ DIN B\u0102L\u021aI, STRICT INTERZIS! - BTV<\/title>\n<meta name=\"robots\" content=\"index, follow, max-snippet:-1, max-image-preview:large, max-video-preview:-1\" \/>\n<link rel=\"canonical\" href=\"https:\/\/www.btv.md\/ro\/scaldatul-in-canalul-de-canotaj-din-balti-strict-interzis\/\" \/>\n<meta property=\"og:locale\" content=\"ro_RO\" \/>\n<meta property=\"og:type\" content=\"article\" \/>\n<meta property=\"og:title\" content=\"SC\u0102LDATUL \u00ceN CANALUL DE CANOTAJ DIN B\u0102L\u021aI, STRICT INTERZIS! - BTV\" \/>\n<meta property=\"og:description\" content=\"Veste rea pentru b\u0103l\u021benii care obi\u0219nuiesc s\u0103 se scalde \u00een canalul de canotaj. Apa nu corespunde nici unei norme biologice sau sanitare. Cel pu\u021bin asta sus\u021bin speciali\u0219tii de la Centrul de S\u0103n\u0103tate Public\u0103, care men\u021bioneaz\u0103 c\u0103 zona nu \u00eendepline\u0219te nici o condi\u021bie pentru a fi considerat\u0103 de agrement. De fapt, lacul nici nu a fost [&hellip;]\" \/>\n<meta property=\"og:url\" content=\"https:\/\/www.btv.md\/ro\/scaldatul-in-canalul-de-canotaj-din-balti-strict-interzis\/\" \/>\n<meta property=\"og:site_name\" content=\"BTV\" \/>\n<meta property=\"article:publisher\" content=\"https:\/\/www.facebook.com\/btvmoldova\/\" \/>\n<meta property=\"article:published_time\" content=\"2016-06-02T15:22:06+00:00\" \/>\n<meta property=\"article:modified_time\" content=\"2016-06-02T15:22:07+00:00\" \/>\n<meta property=\"og:image\" content=\"https:\/\/www.btv.md\/wp-content\/uploads\/2016\/06\/canal.png\" \/>\n\t<meta property=\"og:image:width\" content=\"1013\" \/>\n\t<meta property=\"og:image:height\" content=\"529\" \/>\n\t<meta property=\"og:image:type\" content=\"image\/png\" \/>\n<meta name=\"author\" content=\"admin\" \/>\n<meta name=\"twitter:label1\" content=\"Scris de\" \/>\n\t<meta name=\"twitter:data1\" content=\"admin\" \/>\n\t<meta name=\"twitter:label2\" content=\"Timp estimat pentru citire\" \/>\n\t<meta name=\"twitter:data2\" content=\"1 minut\" \/>\n<script type=\"application\/ld+json\" class=\"yoast-schema-graph\">{\"@context\":\"https:\\\/\\\/schema.org\",\"@graph\":[{\"@type\":\"Article\",\"@id\":\"https:\\\/\\\/www.btv.md\\\/ro\\\/scaldatul-in-canalul-de-canotaj-din-balti-strict-interzis\\\/#article\",\"isPartOf\":{\"@id\":\"https:\\\/\\\/www.btv.md\\\/ro\\\/scaldatul-in-canalul-de-canotaj-din-balti-strict-interzis\\\/\"},\"author\":{\"name\":\"admin\",\"@id\":\"https:\\\/\\\/www.btv.md\\\/#\\\/schema\\\/person\\\/8fadce81561b3ce2c34c46dadc4ccbf2\"},\"headline\":\"SC\u0102LDATUL \u00ceN CANALUL DE CANOTAJ DIN B\u0102L\u021aI, STRICT INTERZIS!\",\"datePublished\":\"2016-06-02T15:22:06+00:00\",\"dateModified\":\"2016-06-02T15:22:07+00:00\",\"mainEntityOfPage\":{\"@id\":\"https:\\\/\\\/www.btv.md\\\/ro\\\/scaldatul-in-canalul-de-canotaj-din-balti-strict-interzis\\\/\"},\"wordCount\":232,\"image\":{\"@id\":\"https:\\\/\\\/www.btv.md\\\/ro\\\/scaldatul-in-canalul-de-canotaj-din-balti-strict-interzis\\\/#primaryimage\"},\"thumbnailUrl\":\"https:\\\/\\\/www.btv.md\\\/wp-content\\\/uploads\\\/2016\\\/06\\\/canal.png\",\"articleSection\":[\"Ora\u0219\"],\"inLanguage\":\"ro-RO\"},{\"@type\":\"WebPage\",\"@id\":\"https:\\\/\\\/www.btv.md\\\/ro\\\/scaldatul-in-canalul-de-canotaj-din-balti-strict-interzis\\\/\",\"url\":\"https:\\\/\\\/www.btv.md\\\/ro\\\/scaldatul-in-canalul-de-canotaj-din-balti-strict-interzis\\\/\",\"name\":\"SC\u0102LDATUL \u00ceN CANALUL DE CANOTAJ DIN B\u0102L\u021aI, STRICT INTERZIS! - BTV\",\"isPartOf\":{\"@id\":\"https:\\\/\\\/www.btv.md\\\/#website\"},\"primaryImageOfPage\":{\"@id\":\"https:\\\/\\\/www.btv.md\\\/ro\\\/scaldatul-in-canalul-de-canotaj-din-balti-strict-interzis\\\/#primaryimage\"},\"image\":{\"@id\":\"https:\\\/\\\/www.btv.md\\\/ro\\\/scaldatul-in-canalul-de-canotaj-din-balti-strict-interzis\\\/#primaryimage\"},\"thumbnailUrl\":\"https:\\\/\\\/www.btv.md\\\/wp-content\\\/uploads\\\/2016\\\/06\\\/canal.png\",\"datePublished\":\"2016-06-02T15:22:06+00:00\",\"dateModified\":\"2016-06-02T15:22:07+00:00\",\"author\":{\"@id\":\"https:\\\/\\\/www.btv.md\\\/#\\\/schema\\\/person\\\/8fadce81561b3ce2c34c46dadc4ccbf2\"},\"inLanguage\":\"ro-RO\",\"potentialAction\":[{\"@type\":\"ReadAction\",\"target\":[\"https:\\\/\\\/www.btv.md\\\/ro\\\/scaldatul-in-canalul-de-canotaj-din-balti-strict-interzis\\\/\"]}]},{\"@type\":\"ImageObject\",\"inLanguage\":\"ro-RO\",\"@id\":\"https:\\\/\\\/www.btv.md\\\/ro\\\/scaldatul-in-canalul-de-canotaj-din-balti-strict-interzis\\\/#primaryimage\",\"url\":\"https:\\\/\\\/www.btv.md\\\/wp-content\\\/uploads\\\/2016\\\/06\\\/canal.png\",\"contentUrl\":\"https:\\\/\\\/www.btv.md\\\/wp-content\\\/uploads\\\/2016\\\/06\\\/canal.png\",\"width\":1013,\"height\":529},{\"@type\":\"WebSite\",\"@id\":\"https:\\\/\\\/www.btv.md\\\/#website\",\"url\":\"https:\\\/\\\/www.btv.md\\\/\",\"name\":\"BTV\",\"description\":\"\u0411\u0435\u043b\u044c\u0446\u043a\u043e\u0435 \u0442\u0435\u043b\u0435\u0432\u0438\u0434\u0435\u043d\u0438\u0435\",\"potentialAction\":[{\"@type\":\"SearchAction\",\"target\":{\"@type\":\"EntryPoint\",\"urlTemplate\":\"https:\\\/\\\/www.btv.md\\\/?s={search_term_string}\"},\"query-input\":{\"@type\":\"PropertyValueSpecification\",\"valueRequired\":true,\"valueName\":\"search_term_string\"}}],\"inLanguage\":\"ro-RO\"},{\"@type\":\"Person\",\"@id\":\"https:\\\/\\\/www.btv.md\\\/#\\\/schema\\\/person\\\/8fadce81561b3ce2c34c46dadc4ccbf2\",\"name\":\"admin\"}]}<\/script>\n<!-- \/ Yoast SEO plugin. -->","yoast_head_json":{"title":"SC\u0102LDATUL \u00ceN CANALUL DE CANOTAJ DIN B\u0102L\u021aI, STRICT INTERZIS! - BTV","robots":{"index":"index","follow":"follow","max-snippet":"max-snippet:-1","max-image-preview":"max-image-preview:large","max-video-preview":"max-video-preview:-1"},"canonical":"https:\/\/www.btv.md\/ro\/scaldatul-in-canalul-de-canotaj-din-balti-strict-interzis\/","og_locale":"ro_RO","og_type":"article","og_title":"SC\u0102LDATUL \u00ceN CANALUL DE CANOTAJ DIN B\u0102L\u021aI, STRICT INTERZIS! - BTV","og_description":"Veste rea pentru b\u0103l\u021benii care obi\u0219nuiesc s\u0103 se scalde \u00een canalul de canotaj. Apa nu corespunde nici unei norme biologice sau sanitare. Cel pu\u021bin asta sus\u021bin speciali\u0219tii de la Centrul de S\u0103n\u0103tate Public\u0103, care men\u021bioneaz\u0103 c\u0103 zona nu \u00eendepline\u0219te nici o condi\u021bie pentru a fi considerat\u0103 de agrement. De fapt, lacul nici nu a fost [&hellip;]","og_url":"https:\/\/www.btv.md\/ro\/scaldatul-in-canalul-de-canotaj-din-balti-strict-interzis\/","og_site_name":"BTV","article_publisher":"https:\/\/www.facebook.com\/btvmoldova\/","article_published_time":"2016-06-02T15:22:06+00:00","article_modified_time":"2016-06-02T15:22:07+00:00","og_image":[{"width":1013,"height":529,"url":"https:\/\/www.btv.md\/wp-content\/uploads\/2016\/06\/canal.png","type":"image\/png"}],"author":"admin","twitter_misc":{"Scris de":"admin","Timp estimat pentru citire":"1 minut"},"schema":{"@context":"https:\/\/schema.org","@graph":[{"@type":"Article","@id":"https:\/\/www.btv.md\/ro\/scaldatul-in-canalul-de-canotaj-din-balti-strict-interzis\/#article","isPartOf":{"@id":"https:\/\/www.btv.md\/ro\/scaldatul-in-canalul-de-canotaj-din-balti-strict-interzis\/"},"author":{"name":"admin","@id":"https:\/\/www.btv.md\/#\/schema\/person\/8fadce81561b3ce2c34c46dadc4ccbf2"},"headline":"SC\u0102LDATUL \u00ceN CANALUL DE CANOTAJ DIN B\u0102L\u021aI, STRICT INTERZIS!","datePublished":"2016-06-02T15:22:06+00:00","dateModified":"2016-06-02T15:22:07+00:00","mainEntityOfPage":{"@id":"https:\/\/www.btv.md\/ro\/scaldatul-in-canalul-de-canotaj-din-balti-strict-interzis\/"},"wordCount":232,"image":{"@id":"https:\/\/www.btv.md\/ro\/scaldatul-in-canalul-de-canotaj-din-balti-strict-interzis\/#primaryimage"},"thumbnailUrl":"https:\/\/www.btv.md\/wp-content\/uploads\/2016\/06\/canal.png","articleSection":["Ora\u0219"],"inLanguage":"ro-RO"},{"@type":"WebPage","@id":"https:\/\/www.btv.md\/ro\/scaldatul-in-canalul-de-canotaj-din-balti-strict-interzis\/","url":"https:\/\/www.btv.md\/ro\/scaldatul-in-canalul-de-canotaj-din-balti-strict-interzis\/","name":"SC\u0102LDATUL \u00ceN CANALUL DE CANOTAJ DIN B\u0102L\u021aI, STRICT INTERZIS! - BTV","isPartOf":{"@id":"https:\/\/www.btv.md\/#website"},"primaryImageOfPage":{"@id":"https:\/\/www.btv.md\/ro\/scaldatul-in-canalul-de-canotaj-din-balti-strict-interzis\/#primaryimage"},"image":{"@id":"https:\/\/www.btv.md\/ro\/scaldatul-in-canalul-de-canotaj-din-balti-strict-interzis\/#primaryimage"},"thumbnailUrl":"https:\/\/www.btv.md\/wp-content\/uploads\/2016\/06\/canal.png","datePublished":"2016-06-02T15:22:06+00:00","dateModified":"2016-06-02T15:22:07+00:00","author":{"@id":"https:\/\/www.btv.md\/#\/schema\/person\/8fadce81561b3ce2c34c46dadc4ccbf2"},"inLanguage":"ro-RO","potentialAction":[{"@type":"ReadAction","target":["https:\/\/www.btv.md\/ro\/scaldatul-in-canalul-de-canotaj-din-balti-strict-interzis\/"]}]},{"@type":"ImageObject","inLanguage":"ro-RO","@id":"https:\/\/www.btv.md\/ro\/scaldatul-in-canalul-de-canotaj-din-balti-strict-interzis\/#primaryimage","url":"https:\/\/www.btv.md\/wp-content\/uploads\/2016\/06\/canal.png","contentUrl":"https:\/\/www.btv.md\/wp-content\/uploads\/2016\/06\/canal.png","width":1013,"height":529},{"@type":"WebSite","@id":"https:\/\/www.btv.md\/#website","url":"https:\/\/www.btv.md\/","name":"BTV","description":"\u0411\u0435\u043b\u044c\u0446\u043a\u043e\u0435 \u0442\u0435\u043b\u0435\u0432\u0438\u0434\u0435\u043d\u0438\u0435","potentialAction":[{"@type":"SearchAction","target":{"@type":"EntryPoint","urlTemplate":"https:\/\/www.btv.md\/?s={search_term_string}"},"query-input":{"@type":"PropertyValueSpecification","valueRequired":true,"valueName":"search_term_string"}}],"inLanguage":"ro-RO"},{"@type":"Person","@id":"https:\/\/www.btv.md\/#\/schema\/person\/8fadce81561b3ce2c34c46dadc4ccbf2","name":"admin"}]}},"_links":{"self":[{"href":"https:\/\/www.btv.md\/ro\/wp-json\/wp\/v2\/posts\/14019","targetHints":{"allow":["GET"]}}],"collection":[{"href":"https:\/\/www.btv.md\/ro\/wp-json\/wp\/v2\/posts"}],"about":[{"href":"https:\/\/www.btv.md\/ro\/wp-json\/wp\/v2\/types\/post"}],"author":[{"embeddable":true,"href":"https:\/\/www.btv.md\/ro\/wp-json\/wp\/v2\/users\/4"}],"replies":[{"embeddable":true,"href":"https:\/\/www.btv.md\/ro\/wp-json\/wp\/v2\/comments?post=14019"}],"version-history":[{"count":0,"href":"https:\/\/www.btv.md\/ro\/wp-json\/wp\/v2\/posts\/14019\/revisions"}],"wp:featuredmedia":[{"embeddable":true,"href":"https:\/\/www.btv.md\/ro\/wp-json\/wp\/v2\/media\/14020"}],"wp:attachment":[{"href":"https:\/\/www.btv.md\/ro\/wp-json\/wp\/v2\/media?parent=14019"}],"wp:term":[{"taxonomy":"category","embeddable":true,"href":"https:\/\/www.btv.md\/ro\/wp-json\/wp\/v2\/categories?post=14019"},{"taxonomy":"post_tag","embeddable":true,"href":"https:\/\/www.btv.md\/ro\/wp-json\/wp\/v2\/tags?post=14019"}],"curies":[{"name":"wp","href":"https:\/\/api.w.org\/{rel}","templated":true}]}}