{"id":14027,"date":"2016-06-02T19:21:55","date_gmt":"2016-06-02T16:21:55","guid":{"rendered":"http:\/\/btv.md\/?p=14027"},"modified":"2016-06-02T19:21:55","modified_gmt":"2016-06-02T16:21:55","slug":"copii-din-balti-au-devenit-adulti-pentru-o-zi","status":"publish","type":"post","link":"https:\/\/www.btv.md\/ro\/copii-din-balti-au-devenit-adulti-pentru-o-zi\/","title":{"rendered":"COPII  DIN B\u0102L\u021aI AU  DEVENIT ADUL\u021aI  PENTRU  O  ZI"},"content":{"rendered":"<p><strong>Au jucat rolul unor func\u021bionari publici, au votat \u0219i s-au r\u0103sf\u0103\u021bat a\u0219a cum nu o pot face \u00een via\u021ba real\u0103. Copiii din municipiul B\u0103l\u021bi au devenit pentru o zi adul\u021bi. Toate aceste ac\u021biuni au fost posibile datorit\u0103  unui nou proiect social\u201e Or\u0103\u0219elul copiilor\u201d.<\/strong><\/p>\n<p>Pentru a le aduce bucuria pe fa\u021b\u0103 micu\u021bilor \u00een or\u0103\u0219elul copiilor nu a lipsit nici cinematograful, sala de sport \u0219i circul.<\/p>\n<p>\u00cen timp ce unii luau ore la chitar\u0103 al\u021bii au dat buzna la saloanele de frumuse\u021be.<\/p>\n<p>Unii micu\u021bi au hot\u0103r\u00e2t s\u0103-\u0219i m\u0103soare puterile la c\u0103\u021b\u0103ratul pe fr\u00e2nghie.<\/p>\n<p>Proiectul a fost implementat de Asocia\u021bia pentru S\u0103n\u0103tate, Educa\u021bie \u0219i Familie din municipiul B\u0103l\u021bi.<\/p>\n<p><iframe width=\"420\" height=\"315\" data-src=\"https:\/\/www.youtube.com\/embed\/K56uyS-969U\" frameborder=\"0\" allowfullscreen src=\"data:image\/svg+xml;base64,PHN2ZyB3aWR0aD0iMSIgaGVpZ2h0PSIxIiB4bWxucz0iaHR0cDovL3d3dy53My5vcmcvMjAwMC9zdmciPjwvc3ZnPg==\" class=\"lazyload\" data-load-mode=\"1\"><\/iframe><\/p>\n","protected":false},"excerpt":{"rendered":"<p>Au jucat rolul unor func\u021bionari publici, au votat \u0219i s-au r\u0103sf\u0103\u021bat a\u0219a cum nu o pot face \u00een via\u021ba real\u0103. Copiii din municipiul B\u0103l\u021bi au devenit pentru o zi adul\u021bi. Toate aceste ac\u021biuni au fost posibile datorit\u0103 unui nou proiect social\u201e Or\u0103\u0219elul copiilor\u201d. Pentru a le aduce bucuria pe fa\u021b\u0103 micu\u021bilor \u00een or\u0103\u0219elul copiilor nu [&hellip;]<\/p>\n","protected":false},"author":4,"featured_media":14029,"comment_status":"closed","ping_status":"closed","sticky":false,"template":"","format":"standard","meta":{"footnotes":""},"categories":[6353],"tags":[],"class_list":["post-14027","post","type-post","status-publish","format-standard","has-post-thumbnail","hentry","category-oras"],"yoast_head":"<!-- This site is optimized with the Yoast SEO plugin v27.4 - https:\/\/yoast.com\/product\/yoast-seo-wordpress\/ -->\n<title>COPII DIN B\u0102L\u021aI AU DEVENIT ADUL\u021aI PENTRU O ZI - BTV<\/title>\n<meta name=\"robots\" content=\"index, follow, max-snippet:-1, max-image-preview:large, max-video-preview:-1\" \/>\n<link rel=\"canonical\" href=\"https:\/\/www.btv.md\/ro\/copii-din-balti-au-devenit-adulti-pentru-o-zi\/\" \/>\n<meta property=\"og:locale\" content=\"ro_RO\" \/>\n<meta property=\"og:type\" content=\"article\" \/>\n<meta property=\"og:title\" content=\"COPII DIN B\u0102L\u021aI AU DEVENIT ADUL\u021aI PENTRU O ZI - BTV\" \/>\n<meta property=\"og:description\" content=\"Au jucat rolul unor func\u021bionari publici, au votat \u0219i s-au r\u0103sf\u0103\u021bat a\u0219a cum nu o pot face \u00een via\u021ba real\u0103. Copiii din municipiul B\u0103l\u021bi au devenit pentru o zi adul\u021bi. Toate aceste ac\u021biuni au fost posibile datorit\u0103 unui nou proiect social\u201e Or\u0103\u0219elul copiilor\u201d. Pentru a le aduce bucuria pe fa\u021b\u0103 micu\u021bilor \u00een or\u0103\u0219elul copiilor nu [&hellip;]\" \/>\n<meta property=\"og:url\" content=\"https:\/\/www.btv.md\/ro\/copii-din-balti-au-devenit-adulti-pentru-o-zi\/\" \/>\n<meta property=\"og:site_name\" content=\"BTV\" \/>\n<meta property=\"article:publisher\" content=\"https:\/\/www.facebook.com\/btvmoldova\/\" \/>\n<meta property=\"article:published_time\" content=\"2016-06-02T16:21:55+00:00\" \/>\n<meta property=\"og:image\" content=\"https:\/\/www.btv.md\/wp-content\/uploads\/2016\/06\/orasel-copiilor.png\" \/>\n\t<meta property=\"og:image:width\" content=\"929\" \/>\n\t<meta property=\"og:image:height\" content=\"524\" \/>\n\t<meta property=\"og:image:type\" content=\"image\/png\" \/>\n<meta name=\"author\" content=\"admin\" \/>\n<meta name=\"twitter:label1\" content=\"Scris de\" \/>\n\t<meta name=\"twitter:data1\" content=\"admin\" \/>\n\t<meta name=\"twitter:label2\" content=\"Timp estimat pentru citire\" \/>\n\t<meta name=\"twitter:data2\" content=\"1 minut\" \/>\n<script type=\"application\/ld+json\" class=\"yoast-schema-graph\">{\"@context\":\"https:\\\/\\\/schema.org\",\"@graph\":[{\"@type\":\"Article\",\"@id\":\"https:\\\/\\\/www.btv.md\\\/ro\\\/copii-din-balti-au-devenit-adulti-pentru-o-zi\\\/#article\",\"isPartOf\":{\"@id\":\"https:\\\/\\\/www.btv.md\\\/ro\\\/copii-din-balti-au-devenit-adulti-pentru-o-zi\\\/\"},\"author\":{\"name\":\"admin\",\"@id\":\"https:\\\/\\\/www.btv.md\\\/#\\\/schema\\\/person\\\/8fadce81561b3ce2c34c46dadc4ccbf2\"},\"headline\":\"COPII DIN B\u0102L\u021aI AU DEVENIT ADUL\u021aI PENTRU O ZI\",\"datePublished\":\"2016-06-02T16:21:55+00:00\",\"mainEntityOfPage\":{\"@id\":\"https:\\\/\\\/www.btv.md\\\/ro\\\/copii-din-balti-au-devenit-adulti-pentru-o-zi\\\/\"},\"wordCount\":145,\"image\":{\"@id\":\"https:\\\/\\\/www.btv.md\\\/ro\\\/copii-din-balti-au-devenit-adulti-pentru-o-zi\\\/#primaryimage\"},\"thumbnailUrl\":\"https:\\\/\\\/www.btv.md\\\/wp-content\\\/uploads\\\/2016\\\/06\\\/orasel-copiilor.png\",\"articleSection\":[\"Ora\u0219\"],\"inLanguage\":\"ro-RO\"},{\"@type\":\"WebPage\",\"@id\":\"https:\\\/\\\/www.btv.md\\\/ro\\\/copii-din-balti-au-devenit-adulti-pentru-o-zi\\\/\",\"url\":\"https:\\\/\\\/www.btv.md\\\/ro\\\/copii-din-balti-au-devenit-adulti-pentru-o-zi\\\/\",\"name\":\"COPII DIN B\u0102L\u021aI AU DEVENIT ADUL\u021aI PENTRU O ZI - BTV\",\"isPartOf\":{\"@id\":\"https:\\\/\\\/www.btv.md\\\/#website\"},\"primaryImageOfPage\":{\"@id\":\"https:\\\/\\\/www.btv.md\\\/ro\\\/copii-din-balti-au-devenit-adulti-pentru-o-zi\\\/#primaryimage\"},\"image\":{\"@id\":\"https:\\\/\\\/www.btv.md\\\/ro\\\/copii-din-balti-au-devenit-adulti-pentru-o-zi\\\/#primaryimage\"},\"thumbnailUrl\":\"https:\\\/\\\/www.btv.md\\\/wp-content\\\/uploads\\\/2016\\\/06\\\/orasel-copiilor.png\",\"datePublished\":\"2016-06-02T16:21:55+00:00\",\"author\":{\"@id\":\"https:\\\/\\\/www.btv.md\\\/#\\\/schema\\\/person\\\/8fadce81561b3ce2c34c46dadc4ccbf2\"},\"inLanguage\":\"ro-RO\",\"potentialAction\":[{\"@type\":\"ReadAction\",\"target\":[\"https:\\\/\\\/www.btv.md\\\/ro\\\/copii-din-balti-au-devenit-adulti-pentru-o-zi\\\/\"]}]},{\"@type\":\"ImageObject\",\"inLanguage\":\"ro-RO\",\"@id\":\"https:\\\/\\\/www.btv.md\\\/ro\\\/copii-din-balti-au-devenit-adulti-pentru-o-zi\\\/#primaryimage\",\"url\":\"https:\\\/\\\/www.btv.md\\\/wp-content\\\/uploads\\\/2016\\\/06\\\/orasel-copiilor.png\",\"contentUrl\":\"https:\\\/\\\/www.btv.md\\\/wp-content\\\/uploads\\\/2016\\\/06\\\/orasel-copiilor.png\",\"width\":929,\"height\":524},{\"@type\":\"WebSite\",\"@id\":\"https:\\\/\\\/www.btv.md\\\/#website\",\"url\":\"https:\\\/\\\/www.btv.md\\\/\",\"name\":\"BTV\",\"description\":\"\u0411\u0435\u043b\u044c\u0446\u043a\u043e\u0435 \u0442\u0435\u043b\u0435\u0432\u0438\u0434\u0435\u043d\u0438\u0435\",\"potentialAction\":[{\"@type\":\"SearchAction\",\"target\":{\"@type\":\"EntryPoint\",\"urlTemplate\":\"https:\\\/\\\/www.btv.md\\\/?s={search_term_string}\"},\"query-input\":{\"@type\":\"PropertyValueSpecification\",\"valueRequired\":true,\"valueName\":\"search_term_string\"}}],\"inLanguage\":\"ro-RO\"},{\"@type\":\"Person\",\"@id\":\"https:\\\/\\\/www.btv.md\\\/#\\\/schema\\\/person\\\/8fadce81561b3ce2c34c46dadc4ccbf2\",\"name\":\"admin\"}]}<\/script>\n<!-- \/ Yoast SEO plugin. -->","yoast_head_json":{"title":"COPII DIN B\u0102L\u021aI AU DEVENIT ADUL\u021aI PENTRU O ZI - BTV","robots":{"index":"index","follow":"follow","max-snippet":"max-snippet:-1","max-image-preview":"max-image-preview:large","max-video-preview":"max-video-preview:-1"},"canonical":"https:\/\/www.btv.md\/ro\/copii-din-balti-au-devenit-adulti-pentru-o-zi\/","og_locale":"ro_RO","og_type":"article","og_title":"COPII DIN B\u0102L\u021aI AU DEVENIT ADUL\u021aI PENTRU O ZI - BTV","og_description":"Au jucat rolul unor func\u021bionari publici, au votat \u0219i s-au r\u0103sf\u0103\u021bat a\u0219a cum nu o pot face \u00een via\u021ba real\u0103. Copiii din municipiul B\u0103l\u021bi au devenit pentru o zi adul\u021bi. Toate aceste ac\u021biuni au fost posibile datorit\u0103 unui nou proiect social\u201e Or\u0103\u0219elul copiilor\u201d. Pentru a le aduce bucuria pe fa\u021b\u0103 micu\u021bilor \u00een or\u0103\u0219elul copiilor nu [&hellip;]","og_url":"https:\/\/www.btv.md\/ro\/copii-din-balti-au-devenit-adulti-pentru-o-zi\/","og_site_name":"BTV","article_publisher":"https:\/\/www.facebook.com\/btvmoldova\/","article_published_time":"2016-06-02T16:21:55+00:00","og_image":[{"width":929,"height":524,"url":"https:\/\/www.btv.md\/wp-content\/uploads\/2016\/06\/orasel-copiilor.png","type":"image\/png"}],"author":"admin","twitter_misc":{"Scris de":"admin","Timp estimat pentru citire":"1 minut"},"schema":{"@context":"https:\/\/schema.org","@graph":[{"@type":"Article","@id":"https:\/\/www.btv.md\/ro\/copii-din-balti-au-devenit-adulti-pentru-o-zi\/#article","isPartOf":{"@id":"https:\/\/www.btv.md\/ro\/copii-din-balti-au-devenit-adulti-pentru-o-zi\/"},"author":{"name":"admin","@id":"https:\/\/www.btv.md\/#\/schema\/person\/8fadce81561b3ce2c34c46dadc4ccbf2"},"headline":"COPII DIN B\u0102L\u021aI AU DEVENIT ADUL\u021aI PENTRU O ZI","datePublished":"2016-06-02T16:21:55+00:00","mainEntityOfPage":{"@id":"https:\/\/www.btv.md\/ro\/copii-din-balti-au-devenit-adulti-pentru-o-zi\/"},"wordCount":145,"image":{"@id":"https:\/\/www.btv.md\/ro\/copii-din-balti-au-devenit-adulti-pentru-o-zi\/#primaryimage"},"thumbnailUrl":"https:\/\/www.btv.md\/wp-content\/uploads\/2016\/06\/orasel-copiilor.png","articleSection":["Ora\u0219"],"inLanguage":"ro-RO"},{"@type":"WebPage","@id":"https:\/\/www.btv.md\/ro\/copii-din-balti-au-devenit-adulti-pentru-o-zi\/","url":"https:\/\/www.btv.md\/ro\/copii-din-balti-au-devenit-adulti-pentru-o-zi\/","name":"COPII DIN B\u0102L\u021aI AU DEVENIT ADUL\u021aI PENTRU O ZI - BTV","isPartOf":{"@id":"https:\/\/www.btv.md\/#website"},"primaryImageOfPage":{"@id":"https:\/\/www.btv.md\/ro\/copii-din-balti-au-devenit-adulti-pentru-o-zi\/#primaryimage"},"image":{"@id":"https:\/\/www.btv.md\/ro\/copii-din-balti-au-devenit-adulti-pentru-o-zi\/#primaryimage"},"thumbnailUrl":"https:\/\/www.btv.md\/wp-content\/uploads\/2016\/06\/orasel-copiilor.png","datePublished":"2016-06-02T16:21:55+00:00","author":{"@id":"https:\/\/www.btv.md\/#\/schema\/person\/8fadce81561b3ce2c34c46dadc4ccbf2"},"inLanguage":"ro-RO","potentialAction":[{"@type":"ReadAction","target":["https:\/\/www.btv.md\/ro\/copii-din-balti-au-devenit-adulti-pentru-o-zi\/"]}]},{"@type":"ImageObject","inLanguage":"ro-RO","@id":"https:\/\/www.btv.md\/ro\/copii-din-balti-au-devenit-adulti-pentru-o-zi\/#primaryimage","url":"https:\/\/www.btv.md\/wp-content\/uploads\/2016\/06\/orasel-copiilor.png","contentUrl":"https:\/\/www.btv.md\/wp-content\/uploads\/2016\/06\/orasel-copiilor.png","width":929,"height":524},{"@type":"WebSite","@id":"https:\/\/www.btv.md\/#website","url":"https:\/\/www.btv.md\/","name":"BTV","description":"\u0411\u0435\u043b\u044c\u0446\u043a\u043e\u0435 \u0442\u0435\u043b\u0435\u0432\u0438\u0434\u0435\u043d\u0438\u0435","potentialAction":[{"@type":"SearchAction","target":{"@type":"EntryPoint","urlTemplate":"https:\/\/www.btv.md\/?s={search_term_string}"},"query-input":{"@type":"PropertyValueSpecification","valueRequired":true,"valueName":"search_term_string"}}],"inLanguage":"ro-RO"},{"@type":"Person","@id":"https:\/\/www.btv.md\/#\/schema\/person\/8fadce81561b3ce2c34c46dadc4ccbf2","name":"admin"}]}},"_links":{"self":[{"href":"https:\/\/www.btv.md\/ro\/wp-json\/wp\/v2\/posts\/14027","targetHints":{"allow":["GET"]}}],"collection":[{"href":"https:\/\/www.btv.md\/ro\/wp-json\/wp\/v2\/posts"}],"about":[{"href":"https:\/\/www.btv.md\/ro\/wp-json\/wp\/v2\/types\/post"}],"author":[{"embeddable":true,"href":"https:\/\/www.btv.md\/ro\/wp-json\/wp\/v2\/users\/4"}],"replies":[{"embeddable":true,"href":"https:\/\/www.btv.md\/ro\/wp-json\/wp\/v2\/comments?post=14027"}],"version-history":[{"count":0,"href":"https:\/\/www.btv.md\/ro\/wp-json\/wp\/v2\/posts\/14027\/revisions"}],"wp:featuredmedia":[{"embeddable":true,"href":"https:\/\/www.btv.md\/ro\/wp-json\/wp\/v2\/media\/14029"}],"wp:attachment":[{"href":"https:\/\/www.btv.md\/ro\/wp-json\/wp\/v2\/media?parent=14027"}],"wp:term":[{"taxonomy":"category","embeddable":true,"href":"https:\/\/www.btv.md\/ro\/wp-json\/wp\/v2\/categories?post=14027"},{"taxonomy":"post_tag","embeddable":true,"href":"https:\/\/www.btv.md\/ro\/wp-json\/wp\/v2\/tags?post=14027"}],"curies":[{"name":"wp","href":"https:\/\/api.w.org\/{rel}","templated":true}]}}