{"id":14099,"date":"2016-06-03T15:38:25","date_gmt":"2016-06-03T12:38:25","guid":{"rendered":"http:\/\/btv.md\/?p=14099"},"modified":"2016-06-03T15:38:25","modified_gmt":"2016-06-03T12:38:25","slug":"ministerul-finantelor-impiedica-fermierii-sa-beneficieze-de-creditul-polonez","status":"publish","type":"post","link":"https:\/\/www.btv.md\/ro\/ministerul-finantelor-impiedica-fermierii-sa-beneficieze-de-creditul-polonez\/","title":{"rendered":"MINISTERUL FINAN\u021aELOR \u00ceMPIEDIC\u0102 FERMIERII S\u0102 BENEFICIEZE DE CREDITUL POLONEZ"},"content":{"rendered":"<p><strong>Fermierii din Republica Moldova nu vor mai beneficia de creditul polonez. Credit care a fost acordat de Var\u0219ovia  Chi\u0219in\u0103ului pentru dezvoltarea sectorului agroalimentar. Unii reprezentan\u021bii din cadrul asocia\u021biilor de fermieri au men\u021bionat c\u0103, \u00een prezent sunt doar \u0219ase beneficiar a banilor polonezi. Potrivit lor, \u00eemprumutul Poloniei este stopat din cauza unor ne\u00een\u021belegeri dintre ministerle Agriculturii, Finan\u021belor \u0219i Unitatea de implimentare.  <\/strong><\/p>\n<p>Polonia a oferit un credit de 100 de milioane de euro Republicii Moldova pentru dezvoltarea sectorului agroalimentar, \u00een urma unui acord semnat, \u00eentre cele dou\u0103 guverne \u00een prim\u0103vara anului 2014.<\/p>\n<p>Pentru a beneficia de aceste credite antreprenorii moldoveni trebuie s\u0103 \u00eencheie contracte cu omologi din Polonia. Cel pu\u0163in 60 la sut\u0103 din \u00eemprumut este  cheltuit pentru echipamente agricole poloneze.<\/p>\n<p><iframe width=\"420\" height=\"315\" data-src=\"https:\/\/www.youtube.com\/embed\/HBcbFtkz6ok\" frameborder=\"0\" allowfullscreen src=\"data:image\/svg+xml;base64,PHN2ZyB3aWR0aD0iMSIgaGVpZ2h0PSIxIiB4bWxucz0iaHR0cDovL3d3dy53My5vcmcvMjAwMC9zdmciPjwvc3ZnPg==\" class=\"lazyload\" data-load-mode=\"1\"><\/iframe><\/p>\n","protected":false},"excerpt":{"rendered":"<p>Fermierii din Republica Moldova nu vor mai beneficia de creditul polonez. Credit care a fost acordat de Var\u0219ovia Chi\u0219in\u0103ului pentru dezvoltarea sectorului agroalimentar. Unii reprezentan\u021bii din cadrul asocia\u021biilor de fermieri au men\u021bionat c\u0103, \u00een prezent sunt doar \u0219ase beneficiar a banilor polonezi. Potrivit lor, \u00eemprumutul Poloniei este stopat din cauza unor ne\u00een\u021belegeri dintre ministerle Agriculturii, [&hellip;]<\/p>\n","protected":false},"author":4,"featured_media":14101,"comment_status":"closed","ping_status":"closed","sticky":false,"template":"","format":"standard","meta":{"footnotes":""},"categories":[12],"tags":[],"class_list":["post-14099","post","type-post","status-publish","format-standard","has-post-thumbnail","hentry","category-balti"],"yoast_head":"<!-- This site is optimized with the Yoast SEO plugin v27.4 - https:\/\/yoast.com\/product\/yoast-seo-wordpress\/ -->\n<title>MINISTERUL FINAN\u021aELOR \u00ceMPIEDIC\u0102 FERMIERII S\u0102 BENEFICIEZE DE CREDITUL POLONEZ - BTV<\/title>\n<meta name=\"robots\" content=\"index, follow, max-snippet:-1, max-image-preview:large, max-video-preview:-1\" \/>\n<link rel=\"canonical\" href=\"https:\/\/www.btv.md\/ro\/ministerul-finantelor-impiedica-fermierii-sa-beneficieze-de-creditul-polonez\/\" \/>\n<meta property=\"og:locale\" content=\"ro_RO\" \/>\n<meta property=\"og:type\" content=\"article\" \/>\n<meta property=\"og:title\" content=\"MINISTERUL FINAN\u021aELOR \u00ceMPIEDIC\u0102 FERMIERII S\u0102 BENEFICIEZE DE CREDITUL POLONEZ - BTV\" \/>\n<meta property=\"og:description\" content=\"Fermierii din Republica Moldova nu vor mai beneficia de creditul polonez. Credit care a fost acordat de Var\u0219ovia Chi\u0219in\u0103ului pentru dezvoltarea sectorului agroalimentar. Unii reprezentan\u021bii din cadrul asocia\u021biilor de fermieri au men\u021bionat c\u0103, \u00een prezent sunt doar \u0219ase beneficiar a banilor polonezi. Potrivit lor, \u00eemprumutul Poloniei este stopat din cauza unor ne\u00een\u021belegeri dintre ministerle Agriculturii, [&hellip;]\" \/>\n<meta property=\"og:url\" content=\"https:\/\/www.btv.md\/ro\/ministerul-finantelor-impiedica-fermierii-sa-beneficieze-de-creditul-polonez\/\" \/>\n<meta property=\"og:site_name\" content=\"BTV\" \/>\n<meta property=\"article:publisher\" content=\"https:\/\/www.facebook.com\/btvmoldova\/\" \/>\n<meta property=\"article:published_time\" content=\"2016-06-03T12:38:25+00:00\" \/>\n<meta property=\"og:image\" content=\"https:\/\/www.btv.md\/wp-content\/uploads\/2016\/06\/skachannye-fajly-1.jpg\" \/>\n\t<meta property=\"og:image:width\" content=\"284\" \/>\n\t<meta property=\"og:image:height\" content=\"177\" \/>\n\t<meta property=\"og:image:type\" content=\"image\/jpeg\" \/>\n<meta name=\"author\" content=\"admin\" \/>\n<meta name=\"twitter:label1\" content=\"Scris de\" \/>\n\t<meta name=\"twitter:data1\" content=\"admin\" \/>\n\t<meta name=\"twitter:label2\" content=\"Timp estimat pentru citire\" \/>\n\t<meta name=\"twitter:data2\" content=\"1 minut\" \/>\n<script type=\"application\/ld+json\" class=\"yoast-schema-graph\">{\"@context\":\"https:\\\/\\\/schema.org\",\"@graph\":[{\"@type\":\"Article\",\"@id\":\"https:\\\/\\\/www.btv.md\\\/ro\\\/ministerul-finantelor-impiedica-fermierii-sa-beneficieze-de-creditul-polonez\\\/#article\",\"isPartOf\":{\"@id\":\"https:\\\/\\\/www.btv.md\\\/ro\\\/ministerul-finantelor-impiedica-fermierii-sa-beneficieze-de-creditul-polonez\\\/\"},\"author\":{\"name\":\"admin\",\"@id\":\"https:\\\/\\\/www.btv.md\\\/#\\\/schema\\\/person\\\/8fadce81561b3ce2c34c46dadc4ccbf2\"},\"headline\":\"MINISTERUL FINAN\u021aELOR \u00ceMPIEDIC\u0102 FERMIERII S\u0102 BENEFICIEZE DE CREDITUL POLONEZ\",\"datePublished\":\"2016-06-03T12:38:25+00:00\",\"mainEntityOfPage\":{\"@id\":\"https:\\\/\\\/www.btv.md\\\/ro\\\/ministerul-finantelor-impiedica-fermierii-sa-beneficieze-de-creditul-polonez\\\/\"},\"wordCount\":137,\"image\":{\"@id\":\"https:\\\/\\\/www.btv.md\\\/ro\\\/ministerul-finantelor-impiedica-fermierii-sa-beneficieze-de-creditul-polonez\\\/#primaryimage\"},\"thumbnailUrl\":\"https:\\\/\\\/www.btv.md\\\/wp-content\\\/uploads\\\/2016\\\/06\\\/skachannye-fajly-1.jpg\",\"articleSection\":[\"\u0413\u043e\u0440\u043e\u0434\"],\"inLanguage\":\"ro-RO\"},{\"@type\":\"WebPage\",\"@id\":\"https:\\\/\\\/www.btv.md\\\/ro\\\/ministerul-finantelor-impiedica-fermierii-sa-beneficieze-de-creditul-polonez\\\/\",\"url\":\"https:\\\/\\\/www.btv.md\\\/ro\\\/ministerul-finantelor-impiedica-fermierii-sa-beneficieze-de-creditul-polonez\\\/\",\"name\":\"MINISTERUL FINAN\u021aELOR \u00ceMPIEDIC\u0102 FERMIERII S\u0102 BENEFICIEZE DE CREDITUL POLONEZ - BTV\",\"isPartOf\":{\"@id\":\"https:\\\/\\\/www.btv.md\\\/#website\"},\"primaryImageOfPage\":{\"@id\":\"https:\\\/\\\/www.btv.md\\\/ro\\\/ministerul-finantelor-impiedica-fermierii-sa-beneficieze-de-creditul-polonez\\\/#primaryimage\"},\"image\":{\"@id\":\"https:\\\/\\\/www.btv.md\\\/ro\\\/ministerul-finantelor-impiedica-fermierii-sa-beneficieze-de-creditul-polonez\\\/#primaryimage\"},\"thumbnailUrl\":\"https:\\\/\\\/www.btv.md\\\/wp-content\\\/uploads\\\/2016\\\/06\\\/skachannye-fajly-1.jpg\",\"datePublished\":\"2016-06-03T12:38:25+00:00\",\"author\":{\"@id\":\"https:\\\/\\\/www.btv.md\\\/#\\\/schema\\\/person\\\/8fadce81561b3ce2c34c46dadc4ccbf2\"},\"inLanguage\":\"ro-RO\",\"potentialAction\":[{\"@type\":\"ReadAction\",\"target\":[\"https:\\\/\\\/www.btv.md\\\/ro\\\/ministerul-finantelor-impiedica-fermierii-sa-beneficieze-de-creditul-polonez\\\/\"]}]},{\"@type\":\"ImageObject\",\"inLanguage\":\"ro-RO\",\"@id\":\"https:\\\/\\\/www.btv.md\\\/ro\\\/ministerul-finantelor-impiedica-fermierii-sa-beneficieze-de-creditul-polonez\\\/#primaryimage\",\"url\":\"https:\\\/\\\/www.btv.md\\\/wp-content\\\/uploads\\\/2016\\\/06\\\/skachannye-fajly-1.jpg\",\"contentUrl\":\"https:\\\/\\\/www.btv.md\\\/wp-content\\\/uploads\\\/2016\\\/06\\\/skachannye-fajly-1.jpg\",\"width\":284,\"height\":177},{\"@type\":\"WebSite\",\"@id\":\"https:\\\/\\\/www.btv.md\\\/#website\",\"url\":\"https:\\\/\\\/www.btv.md\\\/\",\"name\":\"BTV\",\"description\":\"\u0411\u0435\u043b\u044c\u0446\u043a\u043e\u0435 \u0442\u0435\u043b\u0435\u0432\u0438\u0434\u0435\u043d\u0438\u0435\",\"potentialAction\":[{\"@type\":\"SearchAction\",\"target\":{\"@type\":\"EntryPoint\",\"urlTemplate\":\"https:\\\/\\\/www.btv.md\\\/?s={search_term_string}\"},\"query-input\":{\"@type\":\"PropertyValueSpecification\",\"valueRequired\":true,\"valueName\":\"search_term_string\"}}],\"inLanguage\":\"ro-RO\"},{\"@type\":\"Person\",\"@id\":\"https:\\\/\\\/www.btv.md\\\/#\\\/schema\\\/person\\\/8fadce81561b3ce2c34c46dadc4ccbf2\",\"name\":\"admin\"}]}<\/script>\n<!-- \/ Yoast SEO plugin. -->","yoast_head_json":{"title":"MINISTERUL FINAN\u021aELOR \u00ceMPIEDIC\u0102 FERMIERII S\u0102 BENEFICIEZE DE CREDITUL POLONEZ - BTV","robots":{"index":"index","follow":"follow","max-snippet":"max-snippet:-1","max-image-preview":"max-image-preview:large","max-video-preview":"max-video-preview:-1"},"canonical":"https:\/\/www.btv.md\/ro\/ministerul-finantelor-impiedica-fermierii-sa-beneficieze-de-creditul-polonez\/","og_locale":"ro_RO","og_type":"article","og_title":"MINISTERUL FINAN\u021aELOR \u00ceMPIEDIC\u0102 FERMIERII S\u0102 BENEFICIEZE DE CREDITUL POLONEZ - BTV","og_description":"Fermierii din Republica Moldova nu vor mai beneficia de creditul polonez. Credit care a fost acordat de Var\u0219ovia Chi\u0219in\u0103ului pentru dezvoltarea sectorului agroalimentar. Unii reprezentan\u021bii din cadrul asocia\u021biilor de fermieri au men\u021bionat c\u0103, \u00een prezent sunt doar \u0219ase beneficiar a banilor polonezi. Potrivit lor, \u00eemprumutul Poloniei este stopat din cauza unor ne\u00een\u021belegeri dintre ministerle Agriculturii, [&hellip;]","og_url":"https:\/\/www.btv.md\/ro\/ministerul-finantelor-impiedica-fermierii-sa-beneficieze-de-creditul-polonez\/","og_site_name":"BTV","article_publisher":"https:\/\/www.facebook.com\/btvmoldova\/","article_published_time":"2016-06-03T12:38:25+00:00","og_image":[{"width":284,"height":177,"url":"https:\/\/www.btv.md\/wp-content\/uploads\/2016\/06\/skachannye-fajly-1.jpg","type":"image\/jpeg"}],"author":"admin","twitter_misc":{"Scris de":"admin","Timp estimat pentru citire":"1 minut"},"schema":{"@context":"https:\/\/schema.org","@graph":[{"@type":"Article","@id":"https:\/\/www.btv.md\/ro\/ministerul-finantelor-impiedica-fermierii-sa-beneficieze-de-creditul-polonez\/#article","isPartOf":{"@id":"https:\/\/www.btv.md\/ro\/ministerul-finantelor-impiedica-fermierii-sa-beneficieze-de-creditul-polonez\/"},"author":{"name":"admin","@id":"https:\/\/www.btv.md\/#\/schema\/person\/8fadce81561b3ce2c34c46dadc4ccbf2"},"headline":"MINISTERUL FINAN\u021aELOR \u00ceMPIEDIC\u0102 FERMIERII S\u0102 BENEFICIEZE DE CREDITUL POLONEZ","datePublished":"2016-06-03T12:38:25+00:00","mainEntityOfPage":{"@id":"https:\/\/www.btv.md\/ro\/ministerul-finantelor-impiedica-fermierii-sa-beneficieze-de-creditul-polonez\/"},"wordCount":137,"image":{"@id":"https:\/\/www.btv.md\/ro\/ministerul-finantelor-impiedica-fermierii-sa-beneficieze-de-creditul-polonez\/#primaryimage"},"thumbnailUrl":"https:\/\/www.btv.md\/wp-content\/uploads\/2016\/06\/skachannye-fajly-1.jpg","articleSection":["\u0413\u043e\u0440\u043e\u0434"],"inLanguage":"ro-RO"},{"@type":"WebPage","@id":"https:\/\/www.btv.md\/ro\/ministerul-finantelor-impiedica-fermierii-sa-beneficieze-de-creditul-polonez\/","url":"https:\/\/www.btv.md\/ro\/ministerul-finantelor-impiedica-fermierii-sa-beneficieze-de-creditul-polonez\/","name":"MINISTERUL FINAN\u021aELOR \u00ceMPIEDIC\u0102 FERMIERII S\u0102 BENEFICIEZE DE CREDITUL POLONEZ - BTV","isPartOf":{"@id":"https:\/\/www.btv.md\/#website"},"primaryImageOfPage":{"@id":"https:\/\/www.btv.md\/ro\/ministerul-finantelor-impiedica-fermierii-sa-beneficieze-de-creditul-polonez\/#primaryimage"},"image":{"@id":"https:\/\/www.btv.md\/ro\/ministerul-finantelor-impiedica-fermierii-sa-beneficieze-de-creditul-polonez\/#primaryimage"},"thumbnailUrl":"https:\/\/www.btv.md\/wp-content\/uploads\/2016\/06\/skachannye-fajly-1.jpg","datePublished":"2016-06-03T12:38:25+00:00","author":{"@id":"https:\/\/www.btv.md\/#\/schema\/person\/8fadce81561b3ce2c34c46dadc4ccbf2"},"inLanguage":"ro-RO","potentialAction":[{"@type":"ReadAction","target":["https:\/\/www.btv.md\/ro\/ministerul-finantelor-impiedica-fermierii-sa-beneficieze-de-creditul-polonez\/"]}]},{"@type":"ImageObject","inLanguage":"ro-RO","@id":"https:\/\/www.btv.md\/ro\/ministerul-finantelor-impiedica-fermierii-sa-beneficieze-de-creditul-polonez\/#primaryimage","url":"https:\/\/www.btv.md\/wp-content\/uploads\/2016\/06\/skachannye-fajly-1.jpg","contentUrl":"https:\/\/www.btv.md\/wp-content\/uploads\/2016\/06\/skachannye-fajly-1.jpg","width":284,"height":177},{"@type":"WebSite","@id":"https:\/\/www.btv.md\/#website","url":"https:\/\/www.btv.md\/","name":"BTV","description":"\u0411\u0435\u043b\u044c\u0446\u043a\u043e\u0435 \u0442\u0435\u043b\u0435\u0432\u0438\u0434\u0435\u043d\u0438\u0435","potentialAction":[{"@type":"SearchAction","target":{"@type":"EntryPoint","urlTemplate":"https:\/\/www.btv.md\/?s={search_term_string}"},"query-input":{"@type":"PropertyValueSpecification","valueRequired":true,"valueName":"search_term_string"}}],"inLanguage":"ro-RO"},{"@type":"Person","@id":"https:\/\/www.btv.md\/#\/schema\/person\/8fadce81561b3ce2c34c46dadc4ccbf2","name":"admin"}]}},"_links":{"self":[{"href":"https:\/\/www.btv.md\/ro\/wp-json\/wp\/v2\/posts\/14099","targetHints":{"allow":["GET"]}}],"collection":[{"href":"https:\/\/www.btv.md\/ro\/wp-json\/wp\/v2\/posts"}],"about":[{"href":"https:\/\/www.btv.md\/ro\/wp-json\/wp\/v2\/types\/post"}],"author":[{"embeddable":true,"href":"https:\/\/www.btv.md\/ro\/wp-json\/wp\/v2\/users\/4"}],"replies":[{"embeddable":true,"href":"https:\/\/www.btv.md\/ro\/wp-json\/wp\/v2\/comments?post=14099"}],"version-history":[{"count":0,"href":"https:\/\/www.btv.md\/ro\/wp-json\/wp\/v2\/posts\/14099\/revisions"}],"wp:featuredmedia":[{"embeddable":true,"href":"https:\/\/www.btv.md\/ro\/wp-json\/wp\/v2\/media\/14101"}],"wp:attachment":[{"href":"https:\/\/www.btv.md\/ro\/wp-json\/wp\/v2\/media?parent=14099"}],"wp:term":[{"taxonomy":"category","embeddable":true,"href":"https:\/\/www.btv.md\/ro\/wp-json\/wp\/v2\/categories?post=14099"},{"taxonomy":"post_tag","embeddable":true,"href":"https:\/\/www.btv.md\/ro\/wp-json\/wp\/v2\/tags?post=14099"}],"curies":[{"name":"wp","href":"https:\/\/api.w.org\/{rel}","templated":true}]}}